{"id":10145,"date":"2021-08-22T10:46:29","date_gmt":"2021-08-22T08:46:29","guid":{"rendered":"http:\/\/localhost:8000\/imgw-pib-chlodna-i-deszczowa-koncowka-sierpnia\/"},"modified":"2025-08-25T12:47:35","modified_gmt":"2025-08-25T10:47:35","slug":"imgw-pib-chlodna-i-deszczowa-koncowka-sierpnia","status":"publish","type":"post","link":"https:\/\/imgw.pl\/en\/imgw-pib-chlodna-i-deszczowa-koncowka-sierpnia\/","title":{"rendered":"IMGW-PIB: Ch\u0142odna i deszczowa ko\u0144c\u00f3wka sierpnia"},"content":{"rendered":"<h2>Niedziela b\u0119dzie ostatnim pogodnym i ciep\u0142ym dniem z temperatur\u0105 powietrza osi\u0105gaj\u0105c\u0105 27\u00b0C na po\u0142udniowym zachodzie kraju.<\/h2>\r\n\r\n<p>Po po\u0142udniu przewiduje si\u0119, od zachodu, wzrost zachmurzenia do du\u017cego, a\u017c do wyst\u0105pienia przelotnych opad\u00f3w deszczu i burz. W burzach mo\u017ce spa\u015b\u0107 do 20 mm opadu, a porywy po\u0142udniowo-wschodniego wiatru osi\u0105ga\u0107 mog\u0105 80 km\/h.<\/p>\r\n\r\n<p>Na pocz\u0105tku tygodnia (poniedzia\u0142ek i wtorek) na po\u0142udniu i w centrum kraju zachmurzenie b\u0119dzie ca\u0142kowite i du\u017ce z opadami deszczu oraz z lokalnymi burzami. Opady chwilami mog\u0105 by\u0107 intensywne. Z kolei na p\u00f3\u0142nocy kraju b\u0119dzie s\u0142onecznie i tam bez opad\u00f3w. W ca\u0142ym kraju ch\u0142odniej, temperatura maksymalna wyniesie od 17\u00b0C do 22\u00b0C. Przej\u015bciowo wzro\u015bnie tak\u017ce pr\u0119dko\u015b\u0107 i porywisto\u015b\u0107 p\u00f3\u0142nocno-wschodniego wiatru.<\/p>\r\n\r\n<p>W kolejnych dniach tygodnia b\u0119dzie zmienne zachmurzenie z przelotnymi opadami deszczu, a w sobot\u0119 ponownie z burzami na po\u0142udniowym zachodzie. Temperatura powietrza wyniesie od 15\u00b0C do 20\u00b0C. Ni\u017csze temperatury powietrza s\u0105 prognozowane tak\u017ce na godziny nocne; w nocy z wtorku na \u015brod\u0119 temperatura na przewa\u017caj\u0105cym obszarze kraju spadnie poni\u017cej 10\u00b0C, a na Suwalszczy\u017anie chwilami b\u0119dzie oko\u0142o 5\u00b0C.<\/p>\n\n\n<figure class=\"wp-block-gallery wp-block-gallery-1 is-layout-flex wp-block-gallery-is-layout-flex\">\n<div class=\"wp-block-image\">\n<img decoding=\"async\" src=\"https:\/\/imgw.pl\/wp-content\/uploads\/2021\/08\/janusz-maniak-unsplash_900_0.jpg\" alt=\"\" style=\"max-width: 100%; height: auto;\" \/>\n<\/div>\n<\/figure>","protected":false},"excerpt":{"rendered":"<p>Niedziela b\u0119dzie ostatnim pogodnym i ciep\u0142ym dniem z temperatur\u0105 powietrza osi\u0105gaj\u0105c\u0105 27\u00b0C na po\u0142udniowym zachodzie kraju. Po po\u0142udniu przewiduje si\u0119, od zachodu, wzrost zachmurzenia do du\u017cego, a\u017c do wyst\u0105pienia przelotnych opad\u00f3w deszczu i burz. W burzach mo\u017ce spa\u015b\u0107 do 20 mm opadu, a porywy po\u0142udniowo-wschodniego wiatru osi\u0105ga\u0107 mog\u0105 80 km\/h. Na pocz\u0105tku tygodnia (poniedzia\u0142ek i [&hellip;]<\/p>\n","protected":false},"author":1,"featured_media":10148,"comment_status":"closed","ping_status":"","sticky":false,"template":"","format":"standard","meta":{"footnotes":""},"categories":[5],"tags":[],"class_list":["post-10145","post","type-post","status-publish","format-standard","has-post-thumbnail","hentry","category-aktualnosci"],"_links":{"self":[{"href":"https:\/\/imgw.pl\/en\/wp-json\/wp\/v2\/posts\/10145","targetHints":{"allow":["GET"]}}],"collection":[{"href":"https:\/\/imgw.pl\/en\/wp-json\/wp\/v2\/posts"}],"about":[{"href":"https:\/\/imgw.pl\/en\/wp-json\/wp\/v2\/types\/post"}],"author":[{"embeddable":true,"href":"https:\/\/imgw.pl\/en\/wp-json\/wp\/v2\/users\/1"}],"replies":[{"embeddable":true,"href":"https:\/\/imgw.pl\/en\/wp-json\/wp\/v2\/comments?post=10145"}],"version-history":[{"count":1,"href":"https:\/\/imgw.pl\/en\/wp-json\/wp\/v2\/posts\/10145\/revisions"}],"predecessor-version":[{"id":10149,"href":"https:\/\/imgw.pl\/en\/wp-json\/wp\/v2\/posts\/10145\/revisions\/10149"}],"wp:featuredmedia":[{"embeddable":true,"href":"https:\/\/imgw.pl\/en\/wp-json\/wp\/v2\/media\/10148"}],"wp:attachment":[{"href":"https:\/\/imgw.pl\/en\/wp-json\/wp\/v2\/media?parent=10145"}],"wp:term":[{"taxonomy":"category","embeddable":true,"href":"https:\/\/imgw.pl\/en\/wp-json\/wp\/v2\/categories?post=10145"},{"taxonomy":"post_tag","embeddable":true,"href":"https:\/\/imgw.pl\/en\/wp-json\/wp\/v2\/tags?post=10145"}],"curies":[{"name":"wp","href":"https:\/\/api.w.org\/{rel}","templated":true}]}}