{"id":10388,"date":"2021-09-23T08:14:18","date_gmt":"2021-09-23T06:14:18","guid":{"rendered":"http:\/\/localhost:8000\/imgw-pib-uwaga-silny-sztorm-na-baltyku-rozpoczyna-sie-czas-sztormow\/"},"modified":"2025-08-25T12:49:18","modified_gmt":"2025-08-25T10:49:18","slug":"imgw-pib-uwaga-silny-sztorm-na-baltyku-rozpoczyna-sie-czas-sztormow","status":"publish","type":"post","link":"https:\/\/imgw.pl\/en\/imgw-pib-uwaga-silny-sztorm-na-baltyku-rozpoczyna-sie-czas-sztormow\/","title":{"rendered":"IMGW-PIB: Uwaga silny sztorm na Ba\u0142tyku. Rozpoczyna si\u0119 czas sztorm\u00f3w."},"content":{"rendered":"<h2 class=\"wp-block-heading\">Jesie\u0144 i zima to czas wzburzonego Morza Ba\u0142tyckiego. Pierwsze silne zjawisko prognozowane jest od dzisiaj do pi\u0105tku (23-24.09.2021).<\/h2>\n<p>Spodziewamy si\u0119 maksymalnego wiatru do 10 stopni w skali Beauforta, od oko\u0142o 90 do oko\u0142o 100 km\/h. &nbsp;Przy takim sztormie wi\u0119kszo\u015b\u0107 jednostek p\u0142ywaj\u0105cych powinna zosta\u0107 w portach. W czwartek wiatr b\u0119dzie wia\u0142 z po\u0142udniowego zachodu odpychaj\u0105c wod\u0119 od naszych brzeg\u00f3w (offshore). W nocy wiatr skr\u0119ci na&nbsp;znacznie gro\u017aniejszy dla naszego wybrze\u017ca kierunek p\u00f3\u0142nocno-zachodni, co spowoduje wzrost poziomu morza i wi\u0119ksz\u0105 fal\u0119, kt\u00f3ra na pe\u0142nym morzu mo\u017ce osi\u0105gn\u0105\u0107 wysoko\u015b\u0107 nawet 6 metr\u00f3w (onshore).<\/p>\r\n\r\n<p>Sztormowy sezon jesienno-zimowy ma du\u017ce znaczenie dla ekosystemu Morza Ba\u0142tyckiego. Cz\u0119ste sztormy powoduj\u0105 g\u0142\u0119bsze wlewy s\u0142onej wody z Morza P\u00f3\u0142nocnego, a dzi\u0119ki sztormom nast\u0119puje przemieszanie i dotlenienie wody.<\/p>\r\n\r\n<p>Zapraszamy do serwisu po\u015bwi\u0119conego Morzu Ba\u0142tyckiemu: <a href=\"https:\/\/baltyk.imgw.pl\/\">https:\/\/baltyk.imgw.pl\/<\/a><br \/>\r\nFalowanie SWAM: <a href=\"https:\/\/baltyk.imgw.pl\/\/index.php?page=18&amp;subpage=100\u00a0\">https:\/\/baltyk.imgw.pl\/\/index.php?page=18&amp;subpage=100&nbsp;<\/a><br \/>\r\n&nbsp;<\/p>\n\n\n<figure class=\"wp-block-gallery wp-block-gallery-1 is-layout-flex wp-block-gallery-is-layout-flex\">\n<div class=\"wp-block-image\">\n<img decoding=\"async\" src=\"https:\/\/imgw.pl\/wp-content\/uploads\/2021\/09\/fer-nando-umc5sfwci78-unsplash_0-scaled.jpg\" alt=\"\" style=\"max-width: 100%; height: auto;\" \/>\n<\/div>\n<div class=\"wp-block-image\">\n<img decoding=\"async\" src=\"https:\/\/imgw.pl\/wp-content\/uploads\/2021\/09\/imgw-baltyk.png\" alt=\"\" style=\"max-width: 100%; height: auto;\" \/>\n<\/div>\n<\/figure>","protected":false},"excerpt":{"rendered":"<p>Jesie\u0144 i zima to czas wzburzonego Morza Ba\u0142tyckiego. Pierwsze silne zjawisko prognozowane jest od dzisiaj do pi\u0105tku (23-24.09.2021). Spodziewamy si\u0119 maksymalnego wiatru do 10 stopni w skali Beauforta, od oko\u0142o 90 do oko\u0142o 100 km\/h. &nbsp;Przy takim sztormie wi\u0119kszo\u015b\u0107 jednostek p\u0142ywaj\u0105cych powinna zosta\u0107 w portach. W czwartek wiatr b\u0119dzie wia\u0142 z po\u0142udniowego zachodu odpychaj\u0105c wod\u0119 [&hellip;]<\/p>\n","protected":false},"author":1,"featured_media":10391,"comment_status":"closed","ping_status":"","sticky":false,"template":"","format":"standard","meta":{"footnotes":""},"categories":[5],"tags":[],"class_list":["post-10388","post","type-post","status-publish","format-standard","has-post-thumbnail","hentry","category-aktualnosci"],"_links":{"self":[{"href":"https:\/\/imgw.pl\/en\/wp-json\/wp\/v2\/posts\/10388","targetHints":{"allow":["GET"]}}],"collection":[{"href":"https:\/\/imgw.pl\/en\/wp-json\/wp\/v2\/posts"}],"about":[{"href":"https:\/\/imgw.pl\/en\/wp-json\/wp\/v2\/types\/post"}],"author":[{"embeddable":true,"href":"https:\/\/imgw.pl\/en\/wp-json\/wp\/v2\/users\/1"}],"replies":[{"embeddable":true,"href":"https:\/\/imgw.pl\/en\/wp-json\/wp\/v2\/comments?post=10388"}],"version-history":[{"count":1,"href":"https:\/\/imgw.pl\/en\/wp-json\/wp\/v2\/posts\/10388\/revisions"}],"predecessor-version":[{"id":10392,"href":"https:\/\/imgw.pl\/en\/wp-json\/wp\/v2\/posts\/10388\/revisions\/10392"}],"wp:featuredmedia":[{"embeddable":true,"href":"https:\/\/imgw.pl\/en\/wp-json\/wp\/v2\/media\/10391"}],"wp:attachment":[{"href":"https:\/\/imgw.pl\/en\/wp-json\/wp\/v2\/media?parent=10388"}],"wp:term":[{"taxonomy":"category","embeddable":true,"href":"https:\/\/imgw.pl\/en\/wp-json\/wp\/v2\/categories?post=10388"},{"taxonomy":"post_tag","embeddable":true,"href":"https:\/\/imgw.pl\/en\/wp-json\/wp\/v2\/tags?post=10388"}],"curies":[{"name":"wp","href":"https:\/\/api.w.org\/{rel}","templated":true}]}}