{"id":10551,"date":"2021-10-20T09:48:17","date_gmt":"2021-10-20T07:48:17","guid":{"rendered":"http:\/\/localhost:8000\/uwaga-najblizsze-dni-z-silnym-wiatrem-i-opadami-deszczu-nad-morzem-sztorm\/"},"modified":"2025-08-25T12:50:20","modified_gmt":"2025-08-25T10:50:20","slug":"uwaga-najblizsze-dni-z-silnym-wiatrem-i-opadami-deszczu-nad-morzem-sztorm","status":"publish","type":"post","link":"https:\/\/imgw.pl\/en\/uwaga-najblizsze-dni-z-silnym-wiatrem-i-opadami-deszczu-nad-morzem-sztorm\/","title":{"rendered":"Uwaga! Najbli\u017csze dni z silnym wiatrem i opadami deszczu. Nad morzem sztorm"},"content":{"rendered":"<h2>Du\u017ce r\u00f3\u017cnice temperatury powietrza pomi\u0119dzy p\u00f3\u0142nocn\u0105 i po\u0142udniow\u0105 cz\u0119\u015bci\u0105 naszej p\u00f3\u0142kuli sprzyjaj\u0105 tworzeniu si\u0119 g\u0142\u0119bokich o\u015brodk\u00f3w niskiego ci\u015bnienia. To za ich spraw\u0105 b\u0119dziemy mieli w Polsce pochmurn\u0105 i deszczow\u0105 aur\u0119 z silnym wiatrem. W \u015brod\u0119 i czwartek nad morzem mog\u0105 pojawi\u0107 si\u0119 r\u00f3wnie\u017c burze. R\u00f3wnocze\u015bnie z po\u0142udniowego zachodu b\u0119dzie nap\u0142ywa\u0142o ciep\u0142e powietrze, dzi\u0119ki czemu temperatury w ci\u0105gu dnia mog\u0105 si\u0119ga\u0107 15-20\u00b0C.<\/h2>\r\n\r\n<p><strong>W \u015brod\u0119<\/strong> temperatura maksymalna od 16\u00b0C do 21\u00b0C. Wiatr umiarkowany i silny, w porywach do 60 km\/h. Nad morzem pr\u0119dko\u015b\u0107 wiatru do 45 km\/h, w porywach do 70 km\/h. Na Pog\u00f3rzu Karpackim powieje jeszcze mocniej, do 80 km\/h, a w g\u00f3rach nawet do 100 km\/h. <strong>Na Ba\u0142tyku sztorm<\/strong>, w strefie brzegowej do 8 w skali B, na otwartym morzu do 9 w skali B. Wiatr b\u0119dzie wia\u0142 z po\u0142udniowego zachodu.<\/p>\r\n\r\n<p><strong>W czwartek <\/strong>temperatura maksymalna od 15\u00b0C do 17\u00b0C. Wiatr chwilami b\u0119dzie bardzo silny, lokalnie do 40 km\/h, nad morzem do 60 km\/h. Porywy wiatru do 90 km\/h w g\u0142\u0119bi kraju, do 100 km\/h nad morzem, a w g\u00f3rach nawet do 130 km\/h! W nocy z czwartku na pi\u0105tek Polska b\u0119dzie nadal w zasi\u0119gu g\u0142\u0119bokiego ni\u017cu. Nad morzem i w rejonach podg\u00f3rskich wiatr b\u0119dzie wia\u0142 z pr\u0119dko\u015bci\u0105 oko\u0142o 45 km\/h w porywach do 95 km\/h. Na pozosta\u0142ym obszarze porywy wiatru wynios\u0105 do 80 km\/h, nad morzem do 95 km\/h, w g\u00f3rach do 110 km\/h. <strong>Na Morzu Ba\u0142tyckim sztorm przybierze na sile<\/strong>, wiatr zachodni, z porywami do 10-11 w skali B.<\/p>\r\n\r\n<p><strong>Od pi\u0105tku<\/strong> zmiana kierunku wiatru na p\u00f3\u0142nocno-zachodni, kt\u00f3ry pocz\u0105tkowo b\u0119dzie do\u015b\u0107 silny, ale w ci\u0105gu dnia os\u0142abnie. Zmiana cyrkulacji i nap\u0142yw ch\u0142odnego powietrza z p\u00f3\u0142nocnego zachodu sprawi, \u017ce zacznie si\u0119 wypogadza\u0107. W weekend temperatura maksymalna w dzie\u0144 od 7\u00b0C do 11\u00b0C.<\/p>\n\n\n<figure class=\"wp-block-gallery wp-block-gallery-1 is-layout-flex wp-block-gallery-is-layout-flex\">\n<div class=\"wp-block-image\">\n<img decoding=\"async\" src=\"https:\/\/imgw.pl\/wp-content\/uploads\/2021\/10\/imgw_komunikat_1020-uwaga-najblizsze-dni-z-silnym-wiatrem-i-opadami-deszczu.-nad-morzem-sztorm-zal.-4.png\" alt=\"\" style=\"max-width: 100%; height: auto;\" \/>\n<\/div>\n<div class=\"wp-block-image\">\n<img decoding=\"async\" src=\"https:\/\/imgw.pl\/wp-content\/uploads\/2021\/10\/imgw_komunikat_1020-uwaga-najblizsze-dni-z-silnym-wiatrem-i-opadami-deszczu.-nad-morzem-sztorm-zal.-3.png\" alt=\"\" style=\"max-width: 100%; height: auto;\" \/>\n<\/div>\n<div class=\"wp-block-image\">\n<img decoding=\"async\" src=\"https:\/\/imgw.pl\/wp-content\/uploads\/2021\/10\/imgw_komunikat_1020-uwaga-najblizsze-dni-z-silnym-wiatrem-i-opadami-deszczu.-nad-morzem-sztorm-zal.-2.png\" alt=\"\" style=\"max-width: 100%; height: auto;\" \/>\n<\/div>\n<div class=\"wp-block-image\">\n<img decoding=\"async\" src=\"https:\/\/imgw.pl\/wp-content\/uploads\/2021\/10\/imgw_komunikat_1020-uwaga-najblizsze-dni-z-silnym-wiatrem-i-opadami-deszczu.-nad-morzem-sztorm-zal.-1.png\" alt=\"\" style=\"max-width: 100%; height: auto;\" \/>\n<\/div>\n<\/figure>","protected":false},"excerpt":{"rendered":"<p>Du\u017ce r\u00f3\u017cnice temperatury powietrza pomi\u0119dzy p\u00f3\u0142nocn\u0105 i po\u0142udniow\u0105 cz\u0119\u015bci\u0105 naszej p\u00f3\u0142kuli sprzyjaj\u0105 tworzeniu si\u0119 g\u0142\u0119bokich o\u015brodk\u00f3w niskiego ci\u015bnienia. To za ich spraw\u0105 b\u0119dziemy mieli w Polsce pochmurn\u0105 i deszczow\u0105 aur\u0119 z silnym wiatrem. W \u015brod\u0119 i czwartek nad morzem mog\u0105 pojawi\u0107 si\u0119 r\u00f3wnie\u017c burze. R\u00f3wnocze\u015bnie z po\u0142udniowego zachodu b\u0119dzie nap\u0142ywa\u0142o ciep\u0142e powietrze, dzi\u0119ki czemu temperatury [&hellip;]<\/p>\n","protected":false},"author":1,"featured_media":10557,"comment_status":"closed","ping_status":"","sticky":false,"template":"","format":"standard","meta":{"footnotes":""},"categories":[5],"tags":[],"class_list":["post-10551","post","type-post","status-publish","format-standard","has-post-thumbnail","hentry","category-aktualnosci"],"_links":{"self":[{"href":"https:\/\/imgw.pl\/en\/wp-json\/wp\/v2\/posts\/10551","targetHints":{"allow":["GET"]}}],"collection":[{"href":"https:\/\/imgw.pl\/en\/wp-json\/wp\/v2\/posts"}],"about":[{"href":"https:\/\/imgw.pl\/en\/wp-json\/wp\/v2\/types\/post"}],"author":[{"embeddable":true,"href":"https:\/\/imgw.pl\/en\/wp-json\/wp\/v2\/users\/1"}],"replies":[{"embeddable":true,"href":"https:\/\/imgw.pl\/en\/wp-json\/wp\/v2\/comments?post=10551"}],"version-history":[{"count":1,"href":"https:\/\/imgw.pl\/en\/wp-json\/wp\/v2\/posts\/10551\/revisions"}],"predecessor-version":[{"id":10558,"href":"https:\/\/imgw.pl\/en\/wp-json\/wp\/v2\/posts\/10551\/revisions\/10558"}],"wp:featuredmedia":[{"embeddable":true,"href":"https:\/\/imgw.pl\/en\/wp-json\/wp\/v2\/media\/10557"}],"wp:attachment":[{"href":"https:\/\/imgw.pl\/en\/wp-json\/wp\/v2\/media?parent=10551"}],"wp:term":[{"taxonomy":"category","embeddable":true,"href":"https:\/\/imgw.pl\/en\/wp-json\/wp\/v2\/categories?post=10551"},{"taxonomy":"post_tag","embeddable":true,"href":"https:\/\/imgw.pl\/en\/wp-json\/wp\/v2\/tags?post=10551"}],"curies":[{"name":"wp","href":"https:\/\/api.w.org\/{rel}","templated":true}]}}