{"id":10602,"date":"2021-10-21T08:15:45","date_gmt":"2021-10-21T06:15:45","guid":{"rendered":"http:\/\/localhost:8000\/imgw-pib-zroznicowana-pogoda-sztorm-na-baltyku-i-snieg-w-gorach-aktualizacja\/"},"modified":"2025-08-25T12:50:34","modified_gmt":"2025-08-25T10:50:34","slug":"imgw-pib-zroznicowana-pogoda-sztorm-na-baltyku-i-snieg-w-gorach-aktualizacja","status":"publish","type":"post","link":"https:\/\/imgw.pl\/en\/imgw-pib-zroznicowana-pogoda-sztorm-na-baltyku-i-snieg-w-gorach-aktualizacja\/","title":{"rendered":"IMGW-PIB: Zr\u00f3\u017cnicowana pogoda, sztorm na Ba\u0142tyku i \u015bnieg w g\u00f3rach \u2013 aktualizacja"},"content":{"rendered":"<h2>Sprawdzaj\u0105 si\u0119 wcze\u015bniejsze prognozy, zak\u0142adaj\u0105ce stopniowe powi\u0119kszanie si\u0119 r\u00f3\u017cnicy ci\u015bnienia nad Polsk\u0105 oraz nap\u0142yw ch\u0142odnej masy powietrza. W ci\u0105gu najbli\u017cszej doby najbardziej niebezpiecznym tego efektem, a zarazem odczuwalnym w ca\u0142ym kraju, b\u0119dzie silny, po\u0142udniowo-zachodni i zachodni wiatr.<\/h2>\r\n\r\n<p>Dzi\u015b Polska dostanie si\u0119 w zasi\u0119g rozleg\u0142ego i aktywnego uk\u0142adu niskiego ci\u015bnienia z o\u015brodkami nad Skandynawi\u0105. Z ni\u017cem tym zwi\u0105zane b\u0119d\u0105 fronty atmosferyczne oddzielaj\u0105ce bardzo ciep\u0142e powietrze zalegaj\u0105ce na po\u0142udniu Europu od bardzo ch\u0142odnego nap\u0142ywaj\u0105cego z p\u00f3\u0142nocnych kra\u0144c\u00f3w Europy i Morza Arktycznego. <strong>Tak du\u017cy kontrast termiczny spowoduje du\u017c\u0105 r\u00f3\u017cnic\u0119 ci\u015bnienia na obszarze od Skandynawii po Morze \u015ar\u00f3dziemne, co b\u0119dzie skutkowa\u0142o bardzo silnym i porywistym wiatrem<\/strong>. W czwartek opr\u00f3cz samego gradientu ci\u015bnienia, porywy wiatru b\u0119d\u0105 spowodowane przej\u015bciem ch\u0142odnego frontu atmosferycznego i rozwojem chmur konwekcyjnych. Ca\u0142y uk\u0142ad niskiego ci\u015bnienia, dodatkowo nap\u0119dzany pr\u0105dem strumieniowym w wy\u017cszych warstwach atmosfery, b\u0119dzie bardzo szybo przemieszcza\u0142 si\u0119 na wsch\u00f3d i p\u00f3\u0142nocny wsch\u00f3d w kierunku Rosji.<\/p>\r\n\r\n<p><strong>W ci\u0105gu dnia<\/strong> \u015brednia pr\u0119dko\u015b\u0107 wiatru osi\u0105ga\u0107 b\u0119dzie do 45 km\/h, za\u015b w pasie nadmorskim do 65 km\/h. Pr\u0119dko\u015b\u0107 wiatru w porywach si\u0119ga\u0107 b\u0119dzie od 70 km\/h na po\u0142udniowym wschodzie, oko\u0142o 90 km\/h na przewa\u017caj\u0105cym obszarze kraju do <strong>100 km\/h<\/strong> na p\u00f3\u0142nocnym zachodzie i oko\u0142o <strong>110 km\/h<\/strong> nad samym morzem; <strong>na Ba\u0142tyku sztorm z porywami do 10-11 w skali B<\/strong>. Najwi\u0119ksza pr\u0119dko\u015b\u0107 wiatru w porywie spodziewana jest jednak w szczytowych partiach Karpat \u2013 do <strong>120 km\/h<\/strong> i Sudet\u00f3w \u2013 do <strong>140 km\/h<\/strong>. Tutaj dodatkowo, za spraw\u0105 nap\u0142ywaj\u0105cej ch\u0142odnej masy powietrza, opady deszczu zaczn\u0105 przechodzi\u0107 w deszcz ze \u015bniegiem i<strong> \u015bnieg<\/strong>. Och\u0142odzenie b\u0119dzie mia\u0142o na razie niewielki wp\u0142yw na temperatur\u0119 maksymaln\u0105, kt\u00f3ra wyniesie od 15\u00b0C do 18\u00b0C. Co istotne, na p\u00f3\u0142nocy kraju wyst\u0105pi\u0105 <strong>burze<\/strong>, kt\u00f3rych nale\u017cy si\u0119 spodziewa\u0107 tak\u017ce kolejnej doby.<\/p>\r\n\r\n<p><strong>W nocy z czwartku na pi\u0105tek<\/strong> pozostaniemy w zasi\u0119gu g\u0142\u0119bokiego ni\u017cu znad Skandynawii, jednak <strong>pr\u0119dko\u015b\u0107 wiatru b\u0119dzie si\u0119 powoli zmniejsza\u0107<\/strong>. W przewa\u017caj\u0105cej cz\u0119\u015bci kraju \u015brednia pr\u0119dko\u015b\u0107 wiatru nie b\u0119dzie przekracza\u0107 35 km\/h, a porywy 70 km\/h. Silniejszy wiatr utrzyma si\u0119 w pasie nadmorskim, gdzie jego \u015brednia pr\u0119dko\u015b\u0107 osi\u0105ga\u0107 b\u0119dzie do 55 km\/h, a w porywach do <strong>100 km\/h<\/strong>. W szczytowych partiach Karpat i Sudet\u00f3w pr\u0119dko\u015b\u0107 wiatru nie powinna ju\u017c przekracza\u0107 <strong>110 km\/h<\/strong>. &nbsp;<\/p>\r\n\r\n<p><strong>Kolejna doba<\/strong> przyniesie dalsze <strong>och\u0142odzenie<\/strong>. Temperatura maksymalna w pi\u0105tek wyniesie od 8\u00b0C do 12\u00b0C. Nadal utrzymywa\u0107 si\u0119 b\u0119dzie umiarkowany i do\u015b\u0107 silny <strong>wiatr<\/strong>, osi\u0105gaj\u0105cy w porywach do 70 km\/h, a nad morzem do 90 km\/h, kt\u00f3ry <strong>os\u0142abnie<\/strong> wraz z dostaniem si\u0119 kraju pod wp\u0142yw wy\u017cu w ci\u0105gu najbli\u017cszego weekendu.<\/p>\r\n\r\n<p>W niedziel\u0119 nad Polsk\u0105 b\u0119dzie zalega\u0142 uk\u0142ad wysokiego ci\u015bnienia z jednorodnym, ch\u0142odnym powietrzem pochodzenia arktycznego.<\/p>\n\n\n<figure class=\"wp-block-gallery wp-block-gallery-1 is-layout-flex wp-block-gallery-is-layout-flex\">\n<div class=\"wp-block-image\">\n<img decoding=\"async\" src=\"https:\/\/imgw.pl\/wp-content\/uploads\/2021\/10\/imgw_komunikat_1021-zroznicowana-pogoda-silny-wiatr-sztorm-na-baltyku-i-snieg-w-gorach-zal.-3.jpg\" alt=\"\" style=\"max-width: 100%; height: auto;\" \/>\n<\/div>\n<div class=\"wp-block-image\">\n<img decoding=\"async\" src=\"https:\/\/imgw.pl\/wp-content\/uploads\/2021\/10\/imgw_komunikat_1021-zroznicowana-pogoda-silny-wiatr-sztorm-na-baltyku-i-snieg-w-gorach-zal.-2.jpg\" alt=\"\" style=\"max-width: 100%; height: auto;\" \/>\n<\/div>\n<div class=\"wp-block-image\">\n<img decoding=\"async\" src=\"https:\/\/imgw.pl\/wp-content\/uploads\/2021\/10\/imgw_komunikat_1021-zroznicowana-pogoda-silny-wiatr-sztorm-na-baltyku-i-snieg-w-gorach-zal.-1_0.jpg\" alt=\"\" style=\"max-width: 100%; height: auto;\" \/>\n<\/div>\n<\/figure>","protected":false},"excerpt":{"rendered":"<p>Sprawdzaj\u0105 si\u0119 wcze\u015bniejsze prognozy, zak\u0142adaj\u0105ce stopniowe powi\u0119kszanie si\u0119 r\u00f3\u017cnicy ci\u015bnienia nad Polsk\u0105 oraz nap\u0142yw ch\u0142odnej masy powietrza. W ci\u0105gu najbli\u017cszej doby najbardziej niebezpiecznym tego efektem, a zarazem odczuwalnym w ca\u0142ym kraju, b\u0119dzie silny, po\u0142udniowo-zachodni i zachodni wiatr. Dzi\u015b Polska dostanie si\u0119 w zasi\u0119g rozleg\u0142ego i aktywnego uk\u0142adu niskiego ci\u015bnienia z o\u015brodkami nad Skandynawi\u0105. Z ni\u017cem [&hellip;]<\/p>\n","protected":false},"author":1,"featured_media":10607,"comment_status":"closed","ping_status":"","sticky":false,"template":"","format":"standard","meta":{"footnotes":""},"categories":[5],"tags":[],"class_list":["post-10602","post","type-post","status-publish","format-standard","has-post-thumbnail","hentry","category-aktualnosci"],"_links":{"self":[{"href":"https:\/\/imgw.pl\/en\/wp-json\/wp\/v2\/posts\/10602","targetHints":{"allow":["GET"]}}],"collection":[{"href":"https:\/\/imgw.pl\/en\/wp-json\/wp\/v2\/posts"}],"about":[{"href":"https:\/\/imgw.pl\/en\/wp-json\/wp\/v2\/types\/post"}],"author":[{"embeddable":true,"href":"https:\/\/imgw.pl\/en\/wp-json\/wp\/v2\/users\/1"}],"replies":[{"embeddable":true,"href":"https:\/\/imgw.pl\/en\/wp-json\/wp\/v2\/comments?post=10602"}],"version-history":[{"count":1,"href":"https:\/\/imgw.pl\/en\/wp-json\/wp\/v2\/posts\/10602\/revisions"}],"predecessor-version":[{"id":10608,"href":"https:\/\/imgw.pl\/en\/wp-json\/wp\/v2\/posts\/10602\/revisions\/10608"}],"wp:featuredmedia":[{"embeddable":true,"href":"https:\/\/imgw.pl\/en\/wp-json\/wp\/v2\/media\/10607"}],"wp:attachment":[{"href":"https:\/\/imgw.pl\/en\/wp-json\/wp\/v2\/media?parent=10602"}],"wp:term":[{"taxonomy":"category","embeddable":true,"href":"https:\/\/imgw.pl\/en\/wp-json\/wp\/v2\/categories?post=10602"},{"taxonomy":"post_tag","embeddable":true,"href":"https:\/\/imgw.pl\/en\/wp-json\/wp\/v2\/tags?post=10602"}],"curies":[{"name":"wp","href":"https:\/\/api.w.org\/{rel}","templated":true}]}}