{"id":10978,"date":"2021-12-22T12:57:02","date_gmt":"2021-12-22T11:57:02","guid":{"rendered":"http:\/\/localhost:8000\/imgw-pib-prognoza-pogody-na-swieta-bozego-narodzenia-24-26-12-2021-r\/"},"modified":"2025-08-25T12:53:52","modified_gmt":"2025-08-25T10:53:52","slug":"imgw-pib-prognoza-pogody-na-swieta-bozego-narodzenia-24-26-12-2021-r","status":"publish","type":"post","link":"https:\/\/imgw.pl\/en\/imgw-pib-prognoza-pogody-na-swieta-bozego-narodzenia-24-26-12-2021-r\/","title":{"rendered":"IMGW-PIB: Prognoza pogody na \u015awi\u0119ta Bo\u017cego Narodzenia 24-26.12.2021 r."},"content":{"rendered":"<h2>Okres \u015bwi\u0105teczny minie pod znakiem zmiennej pogody. W wigili\u0119 Bo\u017cego Narodzenia nad przewa\u017caj\u0105cym obszarem zaznaczy si\u0119 odwil\u017c, kt\u00f3ra nie dotrze jedynie do p\u00f3\u0142nocnej Polski. Tam spadnie \u015bnieg, okresami intensywny! Na Dolnym \u015al\u0105sku b\u0119dzie to kolejna ciep\u0142a wigilia, poniewa\u017c temperatura tego dnia wzro\u015bnie a\u017c do 9\u00b0C. Na niebie b\u0119dzie du\u017co chmur, wi\u0119c w\u0142a\u015bciwie nie b\u0119dzie szans, aby ujrze\u0107 pierwsz\u0105 gwiazd\u0119. W \u015awi\u0119ta Bo\u017cego Narodzenia spodziewamy si\u0119 post\u0119puj\u0105cego od p\u00f3\u0142nocy och\u0142odzenia i powrotu zimowej temperatury, ale opady wyst\u0119powa\u0107 b\u0119d\u0105 jedynie na kra\u0144cach po\u0142udniowych Polski.<\/h2>\r\n\r\n<p><strong>Najbardziej dynamicznej pogody spodziewamy si\u0119 w wigili\u0119 \u015awi\u0105t Bo\u017cego Narodzenia<\/strong>. Znajdziemy si\u0119 w zasi\u0119gu ni\u017cu z rejonu Morza Bia\u0142ego i przez nasz kraj przemieszcza\u0107 si\u0119 b\u0119d\u0105 fronty atmosferyczne, co spowoduje nap\u0142yw cieplejszego powietrza z zachodu. Ocieplenie b\u0119dzie szczeg\u00f3lnie odczuwalne na po\u0142udniu kraju. <strong>B\u0119dzie pochmurno z opadami \u015bniegu przechodz\u0105cego w deszcz ze \u015bniegiem, a na po\u0142udniu i zachodzie w deszcz<\/strong>. Na p\u00f3\u0142nocy i p\u00f3\u0142nocnym wschodzie b\u0119dzie pada\u0142 \u015bnieg, ale okresami intensywniej. Wyst\u0105pi du\u017ca r\u00f3\u017cnica nie tylko w zjawiskach pogodowych, ale i w temperaturze: na p\u00f3\u0142nocnym wschodzie i w Karpatach b\u0119dzie od -2\u00b0C do 0\u00b0C, a na pozosta\u0142ym obszarze od 1\u00b0C do 9\u00b0C, z czego im bli\u017cej po\u0142udniowego zachodu, tym cieplej. Wiatr b\u0119dzie umiarkowany i do\u015b\u0107 silny, na wybrze\u017cu i w g\u00f3rach silny, w porywach do 70 km\/h.<\/p>\r\n\r\n<p><strong>UWAGA: tego dnia warunki drogowe b\u0119d\u0105 bardzo niekorzystne<\/strong>: <strong>w ci\u0105gu dnia spodziewamy si\u0119 marzn\u0105cych opad\u00f3w deszczu<\/strong>, zw\u0142aszcza w pasie od woj. lubuskiego, przez centrum Polski, po Lubelszczyzn\u0119 i Podkarpacie. Ponadto, stopniowo post\u0119puj\u0105ce od p\u00f3\u0142nocy och\u0142odzenie (od godzin wieczornych, przez noc 24\/25 grudnia), spowoduje zamarzanie mokrych nawierzchni dr\u00f3g i chodnik\u00f3w, i szybkie powstawanie niebezpiecznego oblodzenia!<\/p>\r\n\r\n<p><strong>Sobotni poranek <\/strong>przywita nas jeszcze sporym zachmurzeniem, a na po\u0142udniu i gdzieniegdzie na kra\u0144cach p\u00f3\u0142nocnych kraju opadami \u015bniegu. Stopniowo od p\u00f3\u0142nocy kraju b\u0119dzie si\u0119 jednak rozpogadza\u0107 B\u0119dzie ch\u0142odniej: rano temperatura powietrza wyniesie od -9\u00b0C na p\u00f3\u0142nocy do 2\u00b0C na po\u0142udniowym wschodzie, po po\u0142udniu odpowiednio od -5\u00b0C do oko\u0142o 0\u00b0C. Wiatr os\u0142abnie, cho\u0107 nadal b\u0119dzie przewa\u017cnie umiarkowany, a na wschodzie okresami porywisty.<\/p>\r\n\r\n<p><strong>W niedziel\u0119 <\/strong>mimo, \u017ce b\u0119dzie ch\u0142odno, to s\u0142o\u0144ce \u015bmia\u0142o b\u0119dzie wygl\u0105da\u0107 zza chmur i b\u0119dzie to idealny czas na spacer. Wyj\u0105tek b\u0119d\u0105 stanowi\u0107 kra\u0144ce po\u0142udniowe, gdzie nadal b\u0119dzie dominowa\u0107 du\u017ce zachmurzenie. Niedzielny poranek b\u0119dzie mro\u017any zw\u0142aszcza na p\u00f3\u0142nocnym wschodzie i w rejonach podg\u00f3rskich Karpat, gdzie na termometrze mo\u017ce by\u0107 oko\u0142o -12\u00b0C. W dzie\u0144 temperatura wyniesie<br \/>\r\nod -6\u00b0C na p\u00f3\u0142nocy do -1\u00b0C na po\u0142udniu. Wiatr b\u0119dzie s\u0142aby i umiarkowany, z kierunk\u00f3w wschodnich.<\/p>\r\n\r\n<p><span style=\"background-color:#f1c40f;\">Kierowcy uwa\u017cajcie na drodze podczas powrot\u00f3w do domu, drogi b\u0119d\u0105 mokre i \u015bliskie. Aktualne warunki pogodowe dost\u0119pne s\u0105:<\/span> <a href=\"https:\/\/meteo.imgw.pl\/dyn\/#roadwarn=true\">https:\/\/meteo.imgw.pl\/dyn\/#roadwarn=true<\/a><\/p>\n\n\n<figure class=\"wp-block-gallery wp-block-gallery-1 is-layout-flex wp-block-gallery-is-layout-flex\">\n<div class=\"wp-block-image\">\n<img decoding=\"async\" src=\"http:\/\/localhost:8000\/wp-content\/uploads\/2021\/12\/imgw_1222-prognoza-pogody-na-swieta-bozego-narodzenia-24-26.12.2021-r.-zal.-1.png\" alt=\"\" style=\"max-width: 100%; height: auto;\" \/>\n<\/div>\n<div class=\"wp-block-image\">\n<img decoding=\"async\" src=\"http:\/\/localhost:8000\/wp-content\/uploads\/2021\/12\/imgw_1222-prognoza-pogody-na-swieta-bozego-narodzenia-24-26.12.2021-r.-zal.-2.png\" alt=\"\" style=\"max-width: 100%; height: auto;\" \/>\n<\/div>\n<div class=\"wp-block-image\">\n<img decoding=\"async\" src=\"http:\/\/localhost:8000\/wp-content\/uploads\/2021\/12\/imgw_1222-prognoza-pogody-na-swieta-bozego-narodzenia-24-26.12.2021-r.-zal.-3.png\" alt=\"\" style=\"max-width: 100%; height: auto;\" \/>\n<\/div>\n<div class=\"wp-block-image\">\n<img decoding=\"async\" src=\"http:\/\/localhost:8000\/wp-content\/uploads\/2021\/12\/imgw_1222-prognoza-pogody-na-swieta-bozego-narodzenia-24-26.12.2021-r.-zal.-4.png\" alt=\"\" style=\"max-width: 100%; height: auto;\" \/>\n<\/div>\n<div class=\"wp-block-image\">\n<img decoding=\"async\" src=\"http:\/\/localhost:8000\/wp-content\/uploads\/2021\/12\/imgw_1222-prognoza-pogody-na-swieta-bozego-narodzenia-24-26.12.2021-r.-zal.-5.png\" alt=\"\" style=\"max-width: 100%; height: auto;\" \/>\n<\/div>\n<div class=\"wp-block-image\">\n<img decoding=\"async\" src=\"http:\/\/localhost:8000\/wp-content\/uploads\/2021\/12\/imgw_1222-prognoza-pogody-na-swieta-bozego-narodzenia-24-26.12.2021-r.-zal.-6.png\" alt=\"\" style=\"max-width: 100%; height: auto;\" \/>\n<\/div>\n<div class=\"wp-block-image\">\n<img decoding=\"async\" src=\"http:\/\/localhost:8000\/wp-content\/uploads\/2021\/12\/imgw_1222-prognoza-pogody-na-swieta-bozego-narodzenia-24-26.12.2021-r.-zal.-7.jpg\" alt=\"\" style=\"max-width: 100%; height: auto;\" \/>\n<\/div>\n<div class=\"wp-block-image\">\n<img decoding=\"async\" src=\"http:\/\/localhost:8000\/wp-content\/uploads\/2021\/12\/imgw_1222-prognoza-pogody-na-swieta-bozego-narodzenia-24-26.12.2021-r.-zal.-8_0.jpg\" alt=\"\" style=\"max-width: 100%; height: auto;\" \/>\n<\/div>\n<\/figure>","protected":false},"excerpt":{"rendered":"<p>Okres \u015bwi\u0105teczny minie pod znakiem zmiennej pogody. W wigili\u0119 Bo\u017cego Narodzenia nad przewa\u017caj\u0105cym obszarem zaznaczy si\u0119 odwil\u017c, kt\u00f3ra nie dotrze jedynie do p\u00f3\u0142nocnej Polski. Tam spadnie \u015bnieg, okresami intensywny! Na Dolnym \u015al\u0105sku b\u0119dzie to kolejna ciep\u0142a wigilia, poniewa\u017c temperatura tego dnia wzro\u015bnie a\u017c do 9\u00b0C. Na niebie b\u0119dzie du\u017co chmur, wi\u0119c w\u0142a\u015bciwie nie b\u0119dzie szans, [&hellip;]<\/p>\n","protected":false},"author":1,"featured_media":10988,"comment_status":"closed","ping_status":"","sticky":false,"template":"","format":"standard","meta":{"footnotes":""},"categories":[5],"tags":[],"class_list":["post-10978","post","type-post","status-publish","format-standard","has-post-thumbnail","hentry","category-aktualnosci"],"_links":{"self":[{"href":"https:\/\/imgw.pl\/en\/wp-json\/wp\/v2\/posts\/10978","targetHints":{"allow":["GET"]}}],"collection":[{"href":"https:\/\/imgw.pl\/en\/wp-json\/wp\/v2\/posts"}],"about":[{"href":"https:\/\/imgw.pl\/en\/wp-json\/wp\/v2\/types\/post"}],"author":[{"embeddable":true,"href":"https:\/\/imgw.pl\/en\/wp-json\/wp\/v2\/users\/1"}],"replies":[{"embeddable":true,"href":"https:\/\/imgw.pl\/en\/wp-json\/wp\/v2\/comments?post=10978"}],"version-history":[{"count":1,"href":"https:\/\/imgw.pl\/en\/wp-json\/wp\/v2\/posts\/10978\/revisions"}],"predecessor-version":[{"id":10989,"href":"https:\/\/imgw.pl\/en\/wp-json\/wp\/v2\/posts\/10978\/revisions\/10989"}],"wp:featuredmedia":[{"embeddable":true,"href":"https:\/\/imgw.pl\/en\/wp-json\/wp\/v2\/media\/10988"}],"wp:attachment":[{"href":"https:\/\/imgw.pl\/en\/wp-json\/wp\/v2\/media?parent=10978"}],"wp:term":[{"taxonomy":"category","embeddable":true,"href":"https:\/\/imgw.pl\/en\/wp-json\/wp\/v2\/categories?post=10978"},{"taxonomy":"post_tag","embeddable":true,"href":"https:\/\/imgw.pl\/en\/wp-json\/wp\/v2\/tags?post=10978"}],"curies":[{"name":"wp","href":"https:\/\/api.w.org\/{rel}","templated":true}]}}