{"id":11591,"date":"2022-03-16T11:52:21","date_gmt":"2022-03-16T10:52:21","guid":{"rendered":"http:\/\/localhost:8000\/wysokie-cisnienie-pogorszy-warunki-biometeorologiczne\/"},"modified":"2025-08-25T12:58:57","modified_gmt":"2025-08-25T10:58:57","slug":"wysokie-cisnienie-pogorszy-warunki-biometeorologiczne","status":"publish","type":"post","link":"https:\/\/imgw.pl\/en\/wysokie-cisnienie-pogorszy-warunki-biometeorologiczne\/","title":{"rendered":"Wysokie ci\u015bnienie pogorszy warunki biometeorologiczne"},"content":{"rendered":"<h2>Pogod\u0119 w Polsce w kolejnych dniach b\u0119dzie kszta\u0142towa\u0142 Wy\u017c Oliver, ale ju\u017c od niemal 3 tygodni nad naszym krajem utrzymuj\u0105 si\u0119 wy\u017csze warto\u015bci ci\u015bnienia atmosferycznego. Co prawda w \u015brod\u0119 (16.03) nast\u0105pi chwilowa zmiana sytuacji synoptycznej \u2013 Polska znajdzie si\u0119 najpierw w zasi\u0119gu p\u0142ytkiej zatoki ni\u017cowej zwi\u0105zanej z g\u0142\u0119bokim ni\u017cem nad Grenlandi\u0105 (960 hPa), w strefie przemieszczaj\u0105cego si\u0119 frontu okluzji, a nast\u0119pnie w strefie lokalnego ni\u017cu z frontem ciep\u0142ym, przemieszczaj\u0105cego si\u0119 z zachodu na wsch\u00f3d wzd\u0142u\u017c po\u0142udniowych kra\u0144c\u00f3w kraju \u2013 ale ju\u017c w czwartek ponownie zaznaczy si\u0119 wzrost ci\u015bnienia atmosferycznego. Najwi\u0119ksze mi\u0119dzydobowe zmiany warto\u015bci \u2013 nawet 13 hPa \u2013 wyst\u0105pi\u0105 ze \u015brody na czwartek w centralnej i wschodniej Polsce.<\/h2>\r\n\r\n<p>W kolejnych dniach obserwowa\u0107 b\u0119dziemy dalszy, ale ju\u017c mniej wyra\u017any i wolniejszy, wzrost ci\u015bnienia atmosferycznego, wg modeli nawet do 1050 hPa w sobot\u0119 rano w p\u00f3\u0142nocnej cz\u0119\u015bci Polski.<br \/>\r\nS\u0105 to wielko\u015bci odniesione do poziomu morza, co oznacza, \u017ce np. mieszka\u0144cy Krakowa zobacz\u0105 na swoich barometrach maksymalnie oko\u0142o 1014 hPa.<\/p>\r\n\r\n<p>Dotychczasowo maksymalne ci\u015bnienie atmosferyczne w Polsce zanotowano w grudniu 1997 roku w Suwa\u0142kach \u2013 1054,4 hPa. Ten rekord nie zostanie pobity, ale w kolejnych dniach mo\u017ce zosta\u0107 pobity rekord najwy\u017cszego ci\u015bnienia w marcu od przynajmniej 1951 roku. Absolutny rekord \u015bwiata wynosi 1094 hPa \u2013 pad\u0142 w Mongolii w grudniu 2020 roku.<\/p>\r\n\r\n<p><strong>Co jest przyczyn\u0105 pojawienia si\u0119 tak wysokiego ci\u015bnienia w Polsce?<\/strong><\/p>\r\n\r\n<p>W ch\u0142odnej porze roku nad wych\u0142odzonymi kontynentami g\u0119ste, zimne powietrza osiada przy ziemi. W\u00f3wczas dochodzi do powstania uk\u0142ad\u00f3w wysokiego ci\u015bnienia. Tak jest i w tym przypadku.<\/p>\r\n\r\n<p><strong>W kt\u00f3rym regionie Polski ci\u015bnienie b\u0119dzie najwi\u0119ksze?<\/strong><\/p>\r\n\r\n<p>Najwy\u017csze warto\u015bci ci\u015bnienia atmosferycznego b\u0119d\u0105 w najbli\u017cszych dniach utrzymywa\u0107 si\u0119 w p\u00f3\u0142nocnej cz\u0119\u015bci kraju \u2013 szczeg\u00f3lnie nad p\u00f3\u0142nocno-wschodni\u0105 Polsk\u0105 i na wschodnich kra\u0144cach Podlasia, gdzie na pogod\u0119 silnie oddzia\u0142ywa\u0142 b\u0119dzie wy\u017c Oliwer znad zachodniej Rosji. Tam w pi\u0105tkowym poranek prognozujemy oko\u0142o 1044 hPa. W ci\u0105gu dnia centrum wy\u017cu przemie\u015bci si\u0119 w okolice Danii, a p\u00f3\u017aniej po\u0142udniowej Szwecji, przez co najwy\u017csze warto\u015bci ci\u015bnienia w Polsce notowane b\u0119d\u0105 w tym czasie na p\u00f3\u0142nocnym zachodzie. Z kolei w weekend wysokie ci\u015bnienie prognozujemy na p\u00f3\u0142nocy (1048-1050 hPa) i p\u00f3\u0142nocnym wschodzie. W przysz\u0142ym tygodniu wy\u017c nieco os\u0142abnie, najwy\u017csze ci\u015bnienie utrzyma si\u0119 na p\u00f3\u0142nocnym wschodzie Polski (ok. 1038 hPa). Podane warto\u015bci dotycz\u0105 ci\u015bnienia zredukowanego do poziomu morza.<\/p>\r\n\r\n<p><strong>Aktualne prognozy oraz ostrze\u017cenia meteorologiczne w serwisie IMGW-PIB<\/strong>: <a href=\"https:\/\/meteo.imgw.pl\/\">https:\/\/meteo.imgw.pl\/<\/a><\/p>\r\n\r\n<p><strong>Jak bardzo wysokie ci\u015bnienie wp\u0142ywa na zdrowie i samopoczucie cz\u0142owieka?<\/strong><\/p>\r\n\r\n<p>Okresowe zmiany ci\u015bnienia atmosferycznego mog\u0105 powodowa\u0107 szereg nieprzyjemnych efekt\u00f3w w organizmie cz\u0142owieka. W uchu \u015brodkowym dochodzi do okresowego spr\u0119\u017cania b\u0105d\u017a rozpr\u0119\u017cania powietrza, co skutkuje odczuciem ucisku, k\u0142ucia lub dzwonienia w uszach. U meteoropat\u00f3w takie impulsy mog\u0105 powodowa\u0107 dra\u017cliwo\u015b\u0107, a u os\u00f3b szczeg\u00f3lnie wra\u017cliwych prowadzi\u0107 do migren i innych b\u00f3li o pod\u0142o\u017cu neurologicznym.<\/p>\r\n\r\n<p>Niestety przyczyny powstawania migren nie s\u0105 do ko\u0144ca znane, wi\u0119c trudno oszacowa\u0107 czy i jak zmiany pogody wp\u0142yn\u0105 na samopoczucie poszczeg\u00f3lnych os\u00f3b. Pomocna przy ograniczaniu migreny jest m.in. tlenoterapia w komorach normobarycznych. Dobre natlenienie tkanek sprzyja procesom ich regeneracji, efektywna respiracja ma r\u00f3wnie\u017c korzystny wp\u0142yw na popraw\u0119 kr\u0105\u017cenia w organizmie (lepsze przenikanie tlenu do kom\u00f3rek cia\u0142a). W komorach takich ustawia si\u0119 warto\u015b\u0107 ci\u015bnienia na poziomie 1500 mb (hPa), zdecydowanie wy\u017csz\u0105, ni\u017c w warunkach rzeczywistych.<\/p>\r\n\r\n<p>Og\u00f3lnie warunki biometeorologiczne ulegn\u0105 w najbli\u017cszych dniach pogorszeniu. U meteoropat\u00f3w wyst\u0119powa\u0107 mog\u0105 zaburzenia koncentracji uwagi, czasu reakcji, dra\u017cliwo\u015b\u0107 oraz dolegliwo\u015bci b\u00f3lowe o pod\u0142o\u017cu neurologicznym \u2013 zwi\u0105zane z nap\u0142ywem ch\u0142odniejszej masy powietrza ze wschodu.<\/p>\r\n\r\n<p>Aktualne prognozy biometeorologiczne dost\u0119pne w serwisie: <a href=\"https:\/\/biometeo.imgw.pl\/\">https:\/\/biometeo.imgw.pl\/<\/a><\/p>\n\n\n<figure class=\"wp-block-gallery wp-block-gallery-1 is-layout-flex wp-block-gallery-is-layout-flex\">\n<div class=\"wp-block-image\">\n<img decoding=\"async\" src=\"http:\/\/localhost:8000\/wp-content\/uploads\/2022\/03\/imgw_0316-wyz-oliver_dobowa-zamiana_zal.-1.png\" alt=\"\" style=\"max-width: 100%; height: auto;\" \/>\n<\/div>\n<div class=\"wp-block-image\">\n<img decoding=\"async\" src=\"http:\/\/localhost:8000\/wp-content\/uploads\/2022\/03\/imgw_0316-wyz-oliver_max.-cisnienie-w-modelu-wrf-gfs_zal.-2.png\" alt=\"\" style=\"max-width: 100%; height: auto;\" \/>\n<\/div>\n<div class=\"wp-block-image\">\n<img decoding=\"async\" src=\"http:\/\/localhost:8000\/wp-content\/uploads\/2022\/03\/imgw_0316-wyz-oliver_prognoza-baryczna-mapa_zal.-3.gif\" alt=\"\" style=\"max-width: 100%; height: auto;\" \/>\n<\/div>\n<\/figure>","protected":false},"excerpt":{"rendered":"<p>Pogod\u0119 w Polsce w kolejnych dniach b\u0119dzie kszta\u0142towa\u0142 Wy\u017c Oliver, ale ju\u017c od niemal 3 tygodni nad naszym krajem utrzymuj\u0105 si\u0119 wy\u017csze warto\u015bci ci\u015bnienia atmosferycznego. Co prawda w \u015brod\u0119 (16.03) nast\u0105pi chwilowa zmiana sytuacji synoptycznej \u2013 Polska znajdzie si\u0119 najpierw w zasi\u0119gu p\u0142ytkiej zatoki ni\u017cowej zwi\u0105zanej z g\u0142\u0119bokim ni\u017cem nad Grenlandi\u0105 (960 hPa), w strefie [&hellip;]<\/p>\n","protected":false},"author":1,"featured_media":11596,"comment_status":"closed","ping_status":"","sticky":false,"template":"","format":"standard","meta":{"footnotes":""},"categories":[5],"tags":[],"class_list":["post-11591","post","type-post","status-publish","format-standard","has-post-thumbnail","hentry","category-aktualnosci"],"_links":{"self":[{"href":"https:\/\/imgw.pl\/en\/wp-json\/wp\/v2\/posts\/11591","targetHints":{"allow":["GET"]}}],"collection":[{"href":"https:\/\/imgw.pl\/en\/wp-json\/wp\/v2\/posts"}],"about":[{"href":"https:\/\/imgw.pl\/en\/wp-json\/wp\/v2\/types\/post"}],"author":[{"embeddable":true,"href":"https:\/\/imgw.pl\/en\/wp-json\/wp\/v2\/users\/1"}],"replies":[{"embeddable":true,"href":"https:\/\/imgw.pl\/en\/wp-json\/wp\/v2\/comments?post=11591"}],"version-history":[{"count":1,"href":"https:\/\/imgw.pl\/en\/wp-json\/wp\/v2\/posts\/11591\/revisions"}],"predecessor-version":[{"id":11597,"href":"https:\/\/imgw.pl\/en\/wp-json\/wp\/v2\/posts\/11591\/revisions\/11597"}],"wp:featuredmedia":[{"embeddable":true,"href":"https:\/\/imgw.pl\/en\/wp-json\/wp\/v2\/media\/11596"}],"wp:attachment":[{"href":"https:\/\/imgw.pl\/en\/wp-json\/wp\/v2\/media?parent=11591"}],"wp:term":[{"taxonomy":"category","embeddable":true,"href":"https:\/\/imgw.pl\/en\/wp-json\/wp\/v2\/categories?post=11591"},{"taxonomy":"post_tag","embeddable":true,"href":"https:\/\/imgw.pl\/en\/wp-json\/wp\/v2\/tags?post=11591"}],"curies":[{"name":"wp","href":"https:\/\/api.w.org\/{rel}","templated":true}]}}