{"id":1451,"date":"2024-10-17T12:34:11","date_gmt":"2024-10-17T10:34:11","guid":{"rendered":"http:\/\/localhost:8000\/?p=1451"},"modified":"2024-11-13T15:34:58","modified_gmt":"2024-11-13T14:34:58","slug":"imgw-pib-prognozowana-sytuacja-meteorologiczna-i-hydrologiczna","status":"publish","type":"post","link":"https:\/\/imgw.pl\/en\/imgw-pib-prognozowana-sytuacja-meteorologiczna-i-hydrologiczna\/","title":{"rendered":"IMGW-PIB: Prognozowana sytuacja meteorologiczna i\u00a0hydrologiczna."},"content":{"rendered":"<p>Termin opracowania: 21.09.2024 godz. 11:00<\/p>\n\n\n\n<p>Polska w&nbsp;dalszym ci\u0105gu znajduje si\u0119 w&nbsp;zasi\u0119gu rozleg\u0142ego wy\u017cu, kt\u00f3rego centra ulokowane s\u0105&nbsp;nad zachodni\u0105 Ukrain\u0105 i&nbsp;rejonem Islandii. Swoim zasi\u0119giem obejmuje on&nbsp;znaczn\u0105 cz\u0119\u015b\u0107 Europy P\u00f3\u0142nocnej i&nbsp;\u015arodkowej. Wy\u017c wyra\u017anie zaznacza si\u0119 r\u00f3wnie\u017c na&nbsp;mapach g\u00f3rnych (300 hPa) powoduj\u0105c zepchni\u0119cie strefy pr\u0105du strumieniowego nad p\u00f3\u0142nocno-wschodni\u0105 cz\u0119\u015b\u0107 kontynentu. Nad obszar Polski nap\u0142ywa ze&nbsp;wschodu do\u015b\u0107 suche powietrze polarne kontynentalne. Ni\u017ce oraz zwi\u0105zane z&nbsp;nimi fronty atmosferyczne s\u0105&nbsp;obecne jedynie na&nbsp;po\u0142udniowym zachodzie i&nbsp;p\u00f3\u0142nocnym wschodzie kontynentu. W&nbsp;kolejnych dniach pole baryczne nad Europ\u0105 b\u0119dzie ulega\u0142o stopniowej przebudowie, znacz\u0105co zmniejszaj\u0105c oddzia\u0142ywanie wy\u017cu na&nbsp;pogod\u0119 w&nbsp;znacznej cz\u0119\u015bci Europy.<br><br>&nbsp;<\/p>\n\n\n\n<figure class=\"wp-block-image\"><img decoding=\"async\" src=\"https:\/\/imgw.pl\/sites\/default\/files\/inline-images\/mapasynop_202409210000.png\" alt=\"Mapa synoptyczna z terminu 21.09.2024 00:00 UTC. \u0179r\u00f3d\u0142o: IMGW-PIB.\"\/><figcaption class=\"wp-element-caption\">Mapa synoptyczna z terminu 21.09.2024 00:00 UTC. \u0179r\u00f3d\u0142o: IMGW-PIB.<\/figcaption><\/figure>\n\n\n\n<figure class=\"wp-block-image\"><img decoding=\"async\" src=\"https:\/\/imgw.pl\/sites\/default\/files\/inline-images\/icon_300_gph_wind.jpg\" alt=\"Prognozowane przez model ICON-EU pr\u0119dko\u015b\u0107 i kierunek wiatru oraz geopotencja\u0142 na poziomie 300 hPa na sobot\u0119 (21.09), godz. 12:00 UTC.\"\/><figcaption class=\"wp-element-caption\">Prognozowane przez model ICON-EU pr\u0119dko\u015b\u0107 i kierunek wiatru oraz geopotencja\u0142 na poziomie 300 hPa na sobot\u0119 (21.09), godz. 12:00 UTC.<\/figcaption><\/figure>\n\n\n\n<p><br><strong>Zmierzone opady atmosferyczne<\/strong><br><br><strong>W ci\u0105gu ostatniej doby stacje pomiarowe odnotowywa\u0142y dobowe sumy opad\u00f3w do&nbsp;1,3 mm<\/strong>&nbsp;&#8211;&nbsp;taka warto\u015b\u0107 zosta\u0142a zmierzona na&nbsp;stacji Kunkowa (woj. ma\u0142opolskie). Warto\u015b\u0107 0,6 mm&nbsp;zosta\u0142a zmierzona na&nbsp;stacji Tylmanowa (woj. ma\u0142opolskie). Pozosta\u0142e stacje w&nbsp;Polsce nie notowa\u0142y opad\u00f3w przekraczaj\u0105cych 0,3 mm. Opady odnotowywano przede wszystkim na&nbsp;po\u0142udniu kraju oraz lokalnie na&nbsp;p\u00f3\u0142nocy<br>&nbsp;<\/p>\n\n\n\n<figure class=\"wp-block-image\"><img decoding=\"async\" src=\"https:\/\/imgw.pl\/sites\/default\/files\/inline-images\/opady_pl_5.png\" alt=\"Suma opad\u00f3w zmierzona na stacjach za okres 24 h (20.2024 06:00 UTC \u2013 21.09.2024 06:00 UTC).\"\/><figcaption class=\"wp-element-caption\">Suma opad\u00f3w zmierzona na stacjach za okres 24 h (20.2024 06:00 UTC \u2013 21.09.2024 06:00 UTC).<\/figcaption><\/figure>\n\n\n\n<p><br><br><strong>Prognoza synoptyczna<\/strong><br><br><strong>21.09.2024 13:30 &#8211;&nbsp;19:30 21.09.2024 (Sobota)<\/strong><br>Po&nbsp;po\u0142udniu i&nbsp;wieczorem bezchmurnie lub zachmurzenie ma\u0142e. Temperatura maksymalna od&nbsp;18\u00b0C, 20\u00b0C miejscami nad morzem i&nbsp;w rejonach podg\u00f3rskich, oko\u0142o 22\u00b0C w&nbsp;centrum do&nbsp;25\u00b0C na&nbsp;p\u00f3\u0142nocy kraju. Wiatr s\u0142aby i&nbsp;umiarkowany, z&nbsp;kierunk\u00f3w wschodnich. W&nbsp;Sudetach wiatr okresami porywisty.<br><br><strong>21.09.2024 19:30 &#8211;&nbsp;19:30 22.09.2024 (Sobota\/Niedziela)<\/strong><br>W&nbsp;nocy bezchmurnie lub zachmurzenie ma\u0142e, miejscami na&nbsp;p\u00f3\u0142nocy kraju umiarkowane i&nbsp;tam oraz lokalnie w&nbsp;rejonach podg\u00f3rskich Sudet\u00f3w silne zamglenia oraz mg\u0142y ograniczaj\u0105ce widzialno\u015b\u0107 do&nbsp;200 m.&nbsp;Temperatura minimalna od&nbsp;4\u00b0C lokalnie na&nbsp;wschodzie, oko\u0142o 6\u00b0C, 8\u00b0C w&nbsp;centrum i&nbsp;na&nbsp;zachodzie do&nbsp;14\u00b0C nad morzem. W&nbsp;rejonach podg\u00f3rskich miejscami oko\u0142o 3\u00b0C. Przy gruncie w&nbsp;kotlinach g\u00f3rskich spadki do&nbsp;-1\u00b0C. Wiatr s\u0142aby, z&nbsp;kierunk\u00f3w wschodnich. W&nbsp;Sudetach porywy do&nbsp;60 km\/h.<br><br>W&nbsp;dzie\u0144 zachmurzenie ma\u0142e, jedynie miejscami na&nbsp;po\u0142udniu kraju bezchmurnie. Pocz\u0105tkowo na&nbsp;p\u00f3\u0142nocy mg\u0142y ograniczaj\u0105ce widzialno\u015b\u0107 do&nbsp;200 m,&nbsp;lokalnie w&nbsp;kotlinach g\u00f3rskich przewa\u017cnie silne zamglenia, mo\u017cliwe mg\u0142y ograniczaj\u0105ce widzialno\u015b\u0107 do&nbsp;400 m.&nbsp;Temperatura maksymalna od&nbsp;18\u00b0C, 21\u00b0C miejscami nad morzem i&nbsp;w rejonach podg\u00f3rskich, oko\u0142o 22\u00b0C, 23\u00b0C w&nbsp;centrum do&nbsp;23, 25\u00b0C p\u00f3\u0142nocnym wschodzie kraju. Wiatr s\u0142aby, przej\u015bciowo na&nbsp;zachodzie umiarkowany, po\u0142udniowo-wschodni. W&nbsp;Sudetach porywy do&nbsp;55 km\/h.<br><br><strong>22.09.2024 19:30 &#8211;&nbsp;19:30 23.09.2024 (Niedziela\/Poniedzia\u0142ek)<\/strong><br>W&nbsp;nocy bezchmurnie lub zachmurzenie ma\u0142e, miejscami na&nbsp;p\u00f3\u0142nocy kraju umiarkowane i&nbsp;tam lokalnie silne zamglenia oraz lokalne mg\u0142y ograniczaj\u0105ce widzialno\u015b\u0107 do&nbsp;300 m.&nbsp;Temperatura minimalna od&nbsp;7\u00b0C do&nbsp;9\u00b0C na&nbsp;przewa\u017caj\u0105cej cz\u0119\u015bci kraju, najcieplej do&nbsp;13\u00b0C nad morzem. W&nbsp;rejonach podg\u00f3rskich od&nbsp;4\u00b0C do&nbsp;6\u00b0C. Wiatr s\u0142aby, miejscami nad morzem umiarkowany, po\u0142udniowo-wschodni.<br><br>W&nbsp;dzie\u0144 zachmurzenie ma\u0142e, w&nbsp;drugiej po\u0142owie dnia na&nbsp;zachodzie kraju wzrost zachmurzenie do&nbsp;umiarkowanego. Pocz\u0105tkowo lokalnie silne zamglenia. Temperatura maksymalna od&nbsp;19 \u00b0C&nbsp;do 23\u00b0C miejscami w&nbsp;rejonach podg\u00f3rskich oko\u0142o 18\u00b0C. Wiatr s\u0142aby, po\u0142udniowy i&nbsp;po\u0142udniowo-wschodni. W&nbsp;Sudetach porywy do&nbsp;60 km\/h.<\/p>\n\n\n\n<figure class=\"wp-block-image\"><img decoding=\"async\" src=\"https:\/\/imgw.pl\/sites\/default\/files\/inline-images\/synop_prog_s_4.png\" alt=\"Prognoza synoptyczna na kolejnych 6 dni.\"\/><figcaption class=\"wp-element-caption\">Prognoza synoptyczna na kolejnych 6 dni.<\/figcaption><\/figure>\n\n\n\n<p><br><br><strong>Prognozowany przebieg zdarze\u0144 wed\u0142ug modeli numerycznych<\/strong><br><br>Poni\u017cej przedstawiony zosta\u0142 przebieg zjawisk pogodowych w&nbsp;okresie 21.09.2024 12:00 UTC \u2013&nbsp;23.09.2024 12:00 UTC (48 h)&nbsp;z wykorzystaniem nast\u0119puj\u0105cych numerycznych modeli pogody: ECMWF 0.1\u00b0, Alaro 4&nbsp;km, COSMO 7&nbsp;km&nbsp;i UM&nbsp;4 km.<br><br><strong>W sobot\u0119 i&nbsp;niedziel\u0119 (21.09 12:00 UTC \u2013&nbsp;22.09 12:00 UTC)<\/strong>&nbsp;wyniki modeli ECMWF 0.1\u00b0 i&nbsp;Cosmo 7&nbsp;km&nbsp;nie wskazuj\u0105 na&nbsp;mo\u017cliwo\u015b\u0107 wyst\u0105pienia opadu na&nbsp;obszarze Polski. Z&nbsp;kolei modele UM&nbsp;i w&nbsp;mniejszym stopniu Alaro 4&nbsp;km&nbsp;prognozuj\u0105 wyst\u0105pienie opad\u00f3w m\u017cawki na&nbsp;p\u00f3\u0142nocnym wschodzie kraju. Prognozowane opady b\u0119d\u0105 zwi\u0105zane z&nbsp;obecno\u015bci\u0105 mgie\u0142 i&nbsp;niskiego zachmurzenia warstwowego, kt\u00f3re zgodnie z&nbsp;wyliczeniami modeli miejscami mog\u0105 wyst\u0105pi\u0107 w&nbsp;godzinach przedpo\u0142udniowych.<br><br><strong>W niedziel\u0119 i&nbsp;poniedzia\u0142ek (22.09 12:00 UTC \u2013&nbsp;23.09 12:00 UTC)<\/strong>&nbsp;wyniki modeli numerycznych nie prognozuj\u0105 wyst\u0119powania opad\u00f3w atmosferycznych na&nbsp;obszarze Polski. Modele sygnalizuj\u0105 jedynie mo\u017cliwo\u015b\u0107 rozwoju niewielkich stref z&nbsp;opadem \u015bladowym w&nbsp;postaci m\u017cawki w&nbsp;rejonie Tr\u00f3jmiasta oraz lokalnie na&nbsp;Wy\u017cynie Ma\u0142opolskiej.<br><br><strong>Przerwa w&nbsp;opadach deszczu potrwa do&nbsp;wtorku (24.09.2024).<\/strong>&nbsp;W&nbsp;tym dniu najnowsze wyniki modelu ECMWF 0.1\u00b0 wskazuj\u0105 na&nbsp;wyst\u0105pienie opad\u00f3w deszczu o&nbsp;s\u0142abym lub umiarkowanym nat\u0119\u017ceniu w&nbsp;zachodniej i&nbsp;w \u015brodkowej cz\u0119\u015bci kraju. Prognozowana suma opad\u00f3w za&nbsp;okres doby wyniesie do&nbsp;5-10 mm, lokalnie do&nbsp;15 mm. Modele o&nbsp;wy\u017cszej rozdzielczo\u015bci wskazuj\u0105 na&nbsp;mo\u017cliwo\u015b\u0107 wyst\u0105pienia opad\u00f3w konwekcyjnych (przelotnych). W&nbsp;woj. \u015bl\u0105skim, opolskim i&nbsp;dolno\u015bl\u0105skim w&nbsp;tym dniu prognozowana dobowa suma opadu wynosi od&nbsp;2 do&nbsp;10 mm&nbsp;deszczu. Ze&nbsp;wzgl\u0119du na&nbsp;do\u015b\u0107 odleg\u0142y termin prognozy mo\u017cliwe s\u0105&nbsp;jeszcze zmiany w&nbsp;rozk\u0142adzie przestrzennym i&nbsp;czasowym intensywno\u015bci opad\u00f3w.<br><br><strong>W najbli\u017cszych dw\u00f3ch dobach model ECMWF 0.1\u00b0 wskazuje na&nbsp;wyst\u0105pienie warto\u015bci temperatury maksymalnej przekraczaj\u0105cej 20\u00b0C w&nbsp;przewa\u017caj\u0105cej cz\u0119\u015bci Polski.&nbsp;<\/strong>Temperatura maksymalna na&nbsp;obszarach g\u00f3rskich ma&nbsp;wynie\u015b\u0107 co&nbsp;najmniej 12\u00b0C. W&nbsp;nocy prognozowana temperatura minimalna ma&nbsp;wynie\u015b\u0107 9-12\u00b0C w&nbsp;przewa\u017caj\u0105cej cz\u0119\u015bci kraju, a&nbsp;na&nbsp;obszarach g\u00f3rskich i&nbsp;podg\u00f3rskich spadnie do&nbsp;4-8\u00b0C (lokalnie mo\u017ce by\u0107 to&nbsp;mniej).<br><br><strong>Prezentowany scenariusz prognozowanych zjawisk zosta\u0142 opracowany w&nbsp;oparciu o&nbsp;wyliczenia modeli numerycznych, co&nbsp;oznacza, \u017ce&nbsp;rzeczywisty przebieg zdarze\u0144 mo\u017ce r\u00f3\u017cni\u0107 si\u0119 w&nbsp;pewnym stopniu od&nbsp;prognozowanego.<\/strong>&nbsp;Nale\u017cy mie\u0107 na&nbsp;uwadze ograniczenia modeli wynikaj\u0105ce z&nbsp;zastosowanych r\u00f3\u017cnych schemat\u00f3w parametryzacyjnych proces\u00f3w mikrofizycznych zachodz\u0105cych w&nbsp;chmurach, r\u00f3\u017cnych schemat\u00f3w numerycznych oraz siatek obliczeniowych.<br>&nbsp;<\/p>\n\n\n\n<figure class=\"wp-block-image\"><img decoding=\"async\" src=\"https:\/\/imgw.pl\/sites\/default\/files\/inline-images\/prognoza_sob_ndz_2.png\" alt=\"Prognozowana dobowa suma opad\u00f3w na sobot\u0119 i niedziel\u0119 (21.09.2024, 12 UTC - 22.09.2024, 12 UTC) wg wynik\u00f3w modeli ECMWF 0.1\u00b0, Alaro 4 km, COSMO 7 km, UM 4 km.\"\/><figcaption class=\"wp-element-caption\">Prognozowana dobowa suma opad\u00f3w na sobot\u0119 i niedziel\u0119 (21.09.2024, 12 UTC &#8211; 22.09.2024, 12 UTC) wg wynik\u00f3w modeli ECMWF 0.1\u00b0, Alaro 4 km, COSMO 7 km, UM 4 km.<\/figcaption><\/figure>\n\n\n\n<figure class=\"wp-block-image\"><img decoding=\"async\" src=\"https:\/\/imgw.pl\/sites\/default\/files\/inline-images\/prognoza_ndz_pn_0.png\" alt=\"Prognozowana dobowa suma opad\u00f3w na niedziel\u0119 i poniedzia\u0142ek (22.09.2024, 12 UTC - 23.09.2024, 12 UTC) wg wynik\u00f3w modeli ECMWF 0.1\u00b0, Alaro 4 km, COSMO 7 km, UM 4 km.\"\/><figcaption class=\"wp-element-caption\">Prognozowana dobowa suma opad\u00f3w na niedziel\u0119 i poniedzia\u0142ek (22.09.2024, 12 UTC &#8211; 23.09.2024, 12 UTC) wg wynik\u00f3w modeli ECMWF 0.1\u00b0, Alaro 4 km, COSMO 7 km, UM 4 km.<\/figcaption><\/figure>\n\n\n\n<figure class=\"wp-block-image\"><img decoding=\"async\" src=\"https:\/\/imgw.pl\/sites\/default\/files\/inline-images\/temp_4.png\" alt=\"Prognozowana temperatura maksymalna i minimalna na kolejne dwie doby. Model ECMWF 0.1\u00b0.\"\/><figcaption class=\"wp-element-caption\">Prognozowana temperatura maksymalna i minimalna na kolejne dwie doby. Model ECMWF 0.1\u00b0.<\/figcaption><\/figure>\n\n\n\n<p><br><strong>Aktualna sytuacja hydrologiczna<\/strong><br><br>We&nbsp;Wroc\u0142awiu (Trestno) utrzymuje si\u0119 tendencja spadkowa przy przekroczonym stanie alarmowym. Aktualnie poziom wody wynosi 612 cm. Fala powodziowa aktualnie kulminuje w&nbsp;Malczycach, zgodnie z&nbsp;wczorajsz\u0105 prognoz\u0105, ponad 2&nbsp;metry powy\u017cej stanu alarmowego, obecnie (H=795 cm), i&nbsp;w kolejnych godzinach b\u0119dzie utrzymywa\u0142 si\u0119 na&nbsp;podobnym poziomie. Opada\u0107 zacznie powoli od&nbsp;godzin nocnych. W&nbsp;Brzegu Dolnym, po&nbsp;przej\u015bciu kulminacji fali wezbraniowej, poziom wody zaczyna powoli opada\u0107 i&nbsp;wynosi aktualnie 936cm.<br><br><strong>Procentowy udzia\u0142 stacji hydrologicznych w&nbsp;poszczeg\u00f3lnych strefach stan\u00f3w charakterystycznych:<\/strong><br>-strefa wody niskiej 36%;<br>&#8211;&nbsp;strefa wody \u015bredniej 44%;<br>&#8211;&nbsp;strefa wody wysokiej 20%.<br><br><strong>Na godz. 09&nbsp;UTC stan alarmowy zosta\u0142 przekroczony na:<\/strong><br>&#8211;&nbsp;1 stacji wodowskazowej w&nbsp;dorzeczu Wis\u0142y, maksymalnie o&nbsp;3 cm&nbsp;na stacji PSZCZYNA na&nbsp;rzece Pszczynka;<br>&#8211;&nbsp;30&nbsp;stacjach wodowskazowych w&nbsp;dorzeczu Odry, maksymalnie o&nbsp;308 cm&nbsp;na stacji BRZEG DOLNY na&nbsp;rzece Odra;<br><br><strong>Stan ostrzegawczy zosta\u0142 przekroczony na:<\/strong><br>&#8211;&nbsp;21&nbsp;stacjach wodowskazowych w&nbsp;dorzeczu Odry.<\/p>\n\n\n\n<figure class=\"wp-block-image\"><img decoding=\"async\" src=\"https:\/\/imgw.pl\/sites\/default\/files\/inline-images\/stan-aktualny.png\" alt=\"Aktualna sytuacja hydrologiczna 21.09.2024 (09 UTC). \u0179r\u00f3d\u0142o: IMGW-PIB.\"\/><figcaption class=\"wp-element-caption\">Aktualna sytuacja hydrologiczna 21.09.2024 (09 UTC). \u0179r\u00f3d\u0142o: IMGW-PIB.<\/figcaption><\/figure>\n\n\n\n<p><br><strong>Prognozowana sytuacja hydrologiczna<\/strong><br><br><strong>Stany wody na&nbsp;g\u00f3rnej Odrze i&nbsp;na&nbsp;odcinku skanalizowanym Odry \u015brodkowej do&nbsp;Trestna w\u0142\u0105cznie b\u0119d\u0105 opada\u0142y<\/strong>&nbsp;w&nbsp;strefie wody wysokiej, na&nbsp;og\u00f3\u0142 powy\u017cej stan\u00f3w alarmowych, nast\u0119pnie ostrzegawczych.<br><br><strong>W ci\u0105gu najbli\u017cszej doby w&nbsp;Brzegu Dolnym oraz w&nbsp;Malczycach<\/strong>&nbsp;jeszcze przemieszcza\u0107 si\u0119 b\u0119dzie kulminacja fali wezbraniowej, od&nbsp;godzin popo\u0142udniowych w&nbsp;sobot\u0119 prognozuje si\u0119 s\u0142ab\u0105 tendencj\u0119 spadkow\u0105.&nbsp;<strong>W Malczycach kulminacja wezbrania b\u0119dzie si\u0119 utrzymywa\u0107 przez ca\u0142y dzie\u0144 21.09.br przy przekroczonym stanie alarmowym o&nbsp;oko\u0142o 2&nbsp;metry, H&nbsp;ok. 795cm.<\/strong>&nbsp;Absolutne maksimum z&nbsp;1997 roku w&nbsp;Malczycach wynosi 892 cm.<br><br><strong>Na Odrze \u015brodkowej swobodnie p\u0142yn\u0105cej od&nbsp;\u015acinawy do&nbsp;G\u0142ogowa w&nbsp;zwi\u0105zku z&nbsp;przemieszczaniem si\u0119 fali wezbraniowej stany wody b\u0119d\u0105 wzrasta\u0142y<\/strong>&nbsp;powy\u017cej stan\u00f3w alarmowych.&nbsp;<strong>Do \u015acinawy kulminacja dotrze dzi\u015b w&nbsp;godzinach popo\u0142udniowych przy przekroczonym stanie alarmowym o&nbsp;oko\u0142o 2,5 metra (H= 647-650 cm).<\/strong>&nbsp;Kulminacja b\u0119dzie wyd\u0142u\u017cona i&nbsp;potrwa r\u00f3wnie\u017c przez ca\u0142y dzie\u0144 22.09.br.&nbsp;<strong>W G\u0142ogowie spodziewamy si\u0119 kulminacji w&nbsp;niedziel\u0119 po&nbsp;po\u0142udniu przy przekroczonym stanie alarmowym oko\u0142o 2,5 metra (H= 695-705 cm). W&nbsp;\u015brod\u0119 kulminacja fali dotrze do&nbsp;Po\u0142\u0119cka. Kulminacja fali z&nbsp;Odry nie na\u0142o\u017cy si\u0119 i&nbsp;minie si\u0119 z&nbsp;kulminacjami fal powodziowych z&nbsp;rzeki B\u00f3br i&nbsp;Nysy \u0141u\u017cyckiej.<\/strong><br><br><strong>Na pozosta\u0142ym odcinku Odry \u015brodkowej swobodnie p\u0142yn\u0105cej przewidywane s\u0105&nbsp;dalsze wzrosty stan\u00f3w wody<\/strong>&nbsp;w&nbsp;strefie powy\u017cej stan\u00f3w alarmowych, poni\u017cej uj\u015bcia Nysy \u0141u\u017cyckiej powy\u017cej stan\u00f3w ostrzegawczych.<br><br><strong>Na dolnej Odrze przewidywane s\u0105&nbsp;stabilizacja i&nbsp;dalsze wzrosty stan\u00f3w wody.<\/strong>&nbsp;W&nbsp;S\u0142ubicach stabilizacja w&nbsp;strefie oko\u0142o alarmowej, poni\u017cej do&nbsp;stacji Gryfino wzrosty w&nbsp;strefie wysokiej i&nbsp;\u015bredniej. W&nbsp;uj\u015bciowym odcinku stabilizacja w&nbsp;strefie \u015bredniej.<br><br><strong>W zlewniach dop\u0142yw\u00f3w g\u00f3rnej i&nbsp;\u015brodkowej Odry przewidywana jest przewa\u017cnie tendencja spadkowa&nbsp;<\/strong>stan\u00f3w wody lub stabilizacja, odcinkami wahania wywo\u0142ane g\u0142\u00f3wnie prac\u0105 urz\u0105dze\u0144 wodnych. Stany wody b\u0119d\u0105 uk\u0142ada\u0142y si\u0119 na&nbsp;og\u00f3\u0142 w&nbsp;strefie wody wysokiej, odcinkami powy\u017cej stan\u00f3w umownych. Powolne wzrosty stan\u00f3w wody prognozowane s\u0105&nbsp;na Baryczy oraz na&nbsp;Orli.&nbsp;<strong>W uj\u015bciowym odcinku \u015al\u0119zy, Bystrzycy, Widawy, O\u0142awy, Kaczawy i&nbsp;Baryczy stany wody mog\u0105 wzrosn\u0105\u0107 wskutek cofki od&nbsp;Odry.<\/strong><br><br><strong>Ze wzgl\u0119du na&nbsp;sp\u0142aszczony kszta\u0142t fali powodziowej, a&nbsp;co&nbsp;za tym idzie, d\u0142ugi okres utrzymywania si\u0119 powodziowych stan\u00f3w wody, infrastruktura hydrotechniczna b\u0119dzie pracowa\u0142a z&nbsp;najwy\u017cszymi obci\u0105\u017ceniami przez relatywnie d\u0142ugi czas. Wobec powy\u017cszego zwi\u0119ksza si\u0119 ryzyko awarii wa\u0142\u00f3w przeciwpowodziowych innych element\u00f3w ochrony przeciwpowodziowej. Apelujemy o&nbsp;zachowanie ostro\u017cno\u015bci i&nbsp;reagowanie na&nbsp;wskazania s\u0142u\u017cb. Zach\u0119camy do&nbsp;\u015bledzenia aktualnej i&nbsp;prognozowanej sytuacji hydrologicznej w&nbsp;serwisie&nbsp;<a href=\"http:\/\/www.hydro.imgw.pl\/\">www.hydro.imgw.pl<\/a>.<\/strong><\/p>\n\n\n\n<figure class=\"wp-block-image\"><img decoding=\"async\" src=\"https:\/\/imgw.pl\/sites\/default\/files\/inline-images\/prognoza-21.09.20204-18utc.png\" alt=\"Prognozowana sytuacja hydrologiczna 21.09.2024 r. (18 UTC).\"\/><figcaption class=\"wp-element-caption\">Prognozowana sytuacja hydrologiczna 21.09.2024 r. (18 UTC).<\/figcaption><\/figure>\n\n\n\n<figure class=\"wp-block-image\"><img decoding=\"async\" src=\"https:\/\/imgw.pl\/sites\/default\/files\/inline-images\/prognoza-22.09.20204-06utc.png\" alt=\"Prognozowana sytuacja hydrologiczna 22.09.2024 r. (06 UTC).\"\/><figcaption class=\"wp-element-caption\">Prognozowana sytuacja hydrologiczna 22.09.2024 r. (06 UTC).<\/figcaption><\/figure>\n\n\n\n<figure class=\"wp-block-image\"><img decoding=\"async\" src=\"https:\/\/imgw.pl\/sites\/default\/files\/inline-images\/prognoza-22.09.20204-18utc.png\" alt=\"Prognozowana sytuacja hydrologiczna 22.09.2024 r. (18 UTC).\"\/><figcaption class=\"wp-element-caption\">Prognozowana sytuacja hydrologiczna 22.09.2024 r. (18 UTC).<\/figcaption><\/figure>\n\n\n\n<figure class=\"wp-block-image\"><img decoding=\"async\" src=\"https:\/\/imgw.pl\/sites\/default\/files\/inline-images\/prognoza-23.09.20204-06utc.png\" alt=\"Prognozowana sytuacja hydrologiczna 23.09.2024 r. (06 UTC).\"\/><figcaption class=\"wp-element-caption\">Prognozowana sytuacja hydrologiczna 23.09.2024 r. (06 UTC).<\/figcaption><\/figure>\n\n\n\n<figure class=\"wp-block-image\"><img decoding=\"async\" src=\"https:\/\/imgw.pl\/sites\/default\/files\/inline-images\/prognoza-24.09.20204-06utc.png\" alt=\"Prognozowana sytuacja hydrologiczna 24.09.2024 r. (06 UTC).\"\/><figcaption class=\"wp-element-caption\">Prognozowana sytuacja hydrologiczna 24.09.2024 r. (06 UTC).<\/figcaption><\/figure>\n\n\n\n<p><br><strong>Obowi\u0105zuj\u0105ce ostrze\u017cenia<\/strong><br><br><strong>Ostrze\u017cenia meteorologiczne<\/strong><\/p>\n\n\n\n<p><strong>Wydano ostrze\u017cenie 1.&nbsp;stopnia dotycz\u0105ce g\u0119stej mg\u0142y<\/strong>&nbsp;dla woj. pomorskiego, zachodniopomorskiego, warmi\u0144sko-mazurskiego i&nbsp;kujawsko-pomorskiego. Obowi\u0105zuje od&nbsp;21.09 godz. 23:00 do&nbsp;godz. 8:00 kolejnego dnia.<br>&nbsp;<\/p>\n\n\n\n<figure class=\"wp-block-image\"><img decoding=\"async\" src=\"https:\/\/imgw.pl\/sites\/default\/files\/inline-images\/ostrzezenia-meteo-1726914730179.png\" alt=\"Mapa wydanych ostrze\u017ce\u0144 meteorologicznych. \u0179r\u00f3d\u0142o: IMGW-PIB.\"\/><figcaption class=\"wp-element-caption\">Mapa wydanych ostrze\u017ce\u0144 meteorologicznych. \u0179r\u00f3d\u0142o: IMGW-PIB.<\/figcaption><\/figure>\n\n\n\n<p><br><br><strong>Ostrze\u017cenia hydrologiczne<\/strong><br><br><strong>Obowi\u0105zuj\u0105 ostrze\u017cenia hydrologiczne przed wezbraniami i&nbsp;3 stopnia dla wojew\u00f3dztw: lubuskiego, zachodniopomorskiego, dolno\u015bl\u0105skiego, opolskiego i&nbsp;wielkopolskiego. Nadal obowi\u0105zuj\u0105 te\u017c ostrze\u017cenia przed susz\u0105 hydrologiczn\u0105 g\u0142\u00f3wnie w&nbsp;dorzeczu Wis\u0142y oraz w&nbsp;zlewni Warty.<\/strong><br>&nbsp;<\/p>\n\n\n\n<figure class=\"wp-block-image\"><img decoding=\"async\" src=\"https:\/\/imgw.pl\/sites\/default\/files\/inline-images\/ostrzezenia-hydro.jpg\" alt=\"Mapa obowi\u0105zuj\u0105cych ostrze\u017ce\u0144 hydrologicznych. \u0179r\u00f3d\u0142o: IMGW-PIB\"\/><figcaption class=\"wp-element-caption\">Mapa obowi\u0105zuj\u0105cych ostrze\u017ce\u0144 hydrologicznych. \u0179r\u00f3d\u0142o: IMGW-PIB<\/figcaption><\/figure>\n\n\n\n<p><br><strong>Apelujemy o&nbsp;sprawdzanie aktualizowanych prognoz oraz ostrze\u017ce\u0144 meteorologicznych i&nbsp;hydrologicznych na&nbsp;portalach IMGW-PIB:&nbsp;<a href=\"https:\/\/meteo.imgw.pl\/\">https:\/\/meteo.imgw.pl\/<\/a>,&nbsp;<a href=\"https:\/\/modele.imgw.pl\/\">https:\/\/modele.imgw.pl\/<\/a>&nbsp;i&nbsp;<a href=\"https:\/\/hydro.imgw.pl\/\">https:\/\/hydro.imgw.pl\/<\/a><\/strong><\/p>\n\n\n\n<p><strong>Opracowanie:<\/strong><br>Krzysztof Salanyk (Centrum Meteorologicznej Os\u0142ony Kraju) &#8211;&nbsp;Synoptyk Kraju,<br>S\u0142awomir Guzek (Centrum Meteorologicznej Os\u0142ony Kraju) &#8211;&nbsp;Synoptyk Ostrze\u017ceniowy,<br>Pawe\u0142 Przygrodzki (Centrum Hydrologicznej Os\u0142ony Kraju),<br>Ma\u0142gorzata Gori (Centrum Hydrologicznej Os\u0142ony Kraju),<br>Magdalena Korcz (Centrum Hydrologicznej Os\u0142ony Kraju),<br>Natalia Pilguj (Centrum Modelowania Meteorologicznego), Piotr Szuster (Centrum Modelowania Meteorologicznego), Artur Surowiecki (Centrum Modelowania Meteorologicznego).<br><strong>Zatwierdzili:<\/strong><br>Mariusz Figurski (Centrum Modelowania Meteorologicznego), Grzegorz Duniec (Centrum Meteorologicznej Os\u0142ony Kraju), Pawe\u0142 Przygrodzki (Centrum Hydrologicznej Os\u0142ony Kraju).<\/p>\n\n\n\n<p><br>Dodatkowe informacje 24h\/dob\u0119:<br>IMGW-PIB Biuro Prasowe<br>Twitter:&nbsp;<a href=\"https:\/\/twitter.com\/IMGWmeteo\">https:\/\/twitter.com\/IMGWmeteo<\/a><br>E.&nbsp;<a href=\"mailto:biuroprasowe@imgw.pl\">biuroprasowe@imgw.pl<\/a>&nbsp;|&nbsp;T.&nbsp;(+48) 503 122 100<br><br><strong>SERWIS POGODOWY DLA POLSKI<\/strong>:&nbsp;<a href=\"https:\/\/meteo.imgw.pl\/\">https:\/\/meteo.imgw.pl\/<\/a><br><strong>APLIKACJA MOBILNA<\/strong>:&nbsp;<a href=\"http:\/\/aplikacjameteo.imgw.pl\/\">http:\/\/aplikacjameteo.imgw.pl\/<\/a><br><strong>SERWIS Z&nbsp;CA\u0141OROCZN\u0104 POGOD\u0104 DLA G\u00d3R<\/strong>:&nbsp;<a href=\"http:\/\/gory.imgw.pl\/\">http:\/\/gory.imgw.pl\/<\/a><br><strong>DARMOWY WIDGET POGODOWY<\/strong>:&nbsp;<a href=\"http:\/\/widgetmeteo.imgw.pl\/\">http:\/\/widgetmeteo.imgw.pl\/<\/a><br><br>IMGW-PIB. Instytut pe\u0142ni kluczow\u0105 rol\u0119 w&nbsp;os\u0142onie meteorologicznej kraju od&nbsp;1919 roku. Od&nbsp;Tatr po&nbsp;Ba\u0142tyk, od&nbsp;Karpat po&nbsp;Zalew Szczeci\u0144ski analizujemy, dostarczamy prognozy i&nbsp;wydajemy ostrze\u017cenie. Nasze systemy informacyjne i&nbsp;rozwi\u0105zania dzia\u0142aj\u0105 24\/7 przez ca\u0142y rok, wsparte wiedz\u0105 i&nbsp;do\u015bwiadczeniem analityk\u00f3w i&nbsp;specjalist\u00f3w meteorologii i&nbsp;hydrologii. Jeste\u015bmy Instytutem skupiaj\u0105cym wysokiej klasy specjalist\u00f3w i&nbsp;dysponujemy niezb\u0119dn\u0105 infrastruktur\u0105 do&nbsp;pracy nad nim. Pogoda i&nbsp;klimat to&nbsp;jeden z&nbsp;najwa\u017cniejszych temat\u00f3w we&nbsp;wsp\u00f3\u0142czesnym \u015bwiecie.<\/p>","protected":false},"excerpt":{"rendered":"<p>Termin opracowania: 21.09.2024 godz. 11:00 Polska w&nbsp;dalszym ci\u0105gu znajduje si\u0119 w&nbsp;zasi\u0119gu rozleg\u0142ego wy\u017cu, kt\u00f3rego centra ulokowane s\u0105&nbsp;nad zachodni\u0105 Ukrain\u0105 i&nbsp;rejonem Islandii. Swoim zasi\u0119giem obejmuje on&nbsp;znaczn\u0105 cz\u0119\u015b\u0107 Europy P\u00f3\u0142nocnej i&nbsp;\u015arodkowej. Wy\u017c wyra\u017anie zaznacza si\u0119 r\u00f3wnie\u017c na&nbsp;mapach g\u00f3rnych (300 hPa) powoduj\u0105c zepchni\u0119cie strefy pr\u0105du strumieniowego nad p\u00f3\u0142nocno-wschodni\u0105 cz\u0119\u015b\u0107 kontynentu. Nad obszar Polski nap\u0142ywa ze&nbsp;wschodu do\u015b\u0107 suche powietrze [&hellip;]<\/p>\n","protected":false},"author":1,"featured_media":1452,"comment_status":"closed","ping_status":"closed","sticky":false,"template":"","format":"standard","meta":{"footnotes":""},"categories":[5],"tags":[],"class_list":["post-1451","post","type-post","status-publish","format-standard","has-post-thumbnail","hentry","category-aktualnosci"],"_links":{"self":[{"href":"https:\/\/imgw.pl\/en\/wp-json\/wp\/v2\/posts\/1451","targetHints":{"allow":["GET"]}}],"collection":[{"href":"https:\/\/imgw.pl\/en\/wp-json\/wp\/v2\/posts"}],"about":[{"href":"https:\/\/imgw.pl\/en\/wp-json\/wp\/v2\/types\/post"}],"author":[{"embeddable":true,"href":"https:\/\/imgw.pl\/en\/wp-json\/wp\/v2\/users\/1"}],"replies":[{"embeddable":true,"href":"https:\/\/imgw.pl\/en\/wp-json\/wp\/v2\/comments?post=1451"}],"version-history":[{"count":2,"href":"https:\/\/imgw.pl\/en\/wp-json\/wp\/v2\/posts\/1451\/revisions"}],"predecessor-version":[{"id":1461,"href":"https:\/\/imgw.pl\/en\/wp-json\/wp\/v2\/posts\/1451\/revisions\/1461"}],"wp:featuredmedia":[{"embeddable":true,"href":"https:\/\/imgw.pl\/en\/wp-json\/wp\/v2\/media\/1452"}],"wp:attachment":[{"href":"https:\/\/imgw.pl\/en\/wp-json\/wp\/v2\/media?parent=1451"}],"wp:term":[{"taxonomy":"category","embeddable":true,"href":"https:\/\/imgw.pl\/en\/wp-json\/wp\/v2\/categories?post=1451"},{"taxonomy":"post_tag","embeddable":true,"href":"https:\/\/imgw.pl\/en\/wp-json\/wp\/v2\/tags?post=1451"}],"curies":[{"name":"wp","href":"https:\/\/api.w.org\/{rel}","templated":true}]}}