{"id":1867,"date":"2024-11-15T11:05:51","date_gmt":"2024-11-15T10:05:51","guid":{"rendered":"https:\/\/portal-imgw-pl.dev.imgw.ad\/?p=1867"},"modified":"2024-11-15T11:05:52","modified_gmt":"2024-11-15T10:05:52","slug":"vadamecum-imgw-wysokie-temperatury-upal","status":"publish","type":"post","link":"https:\/\/imgw.pl\/en\/vadamecum-imgw-wysokie-temperatury-upal\/","title":{"rendered":"Vadamecum IMGW. Wysokie temperatury. Upa\u0142"},"content":{"rendered":"<figure class=\"wp-block-image size-full\"><img loading=\"lazy\" decoding=\"async\" width=\"800\" height=\"447\" src=\"https:\/\/imgw.pl\/wp-content\/uploads\/2024\/11\/vademecum_upal_poziom.jpg\" alt=\"\" class=\"wp-image-1868\" srcset=\"https:\/\/imgw.pl\/wp-content\/uploads\/2024\/11\/vademecum_upal_poziom.jpg 800w, https:\/\/imgw.pl\/wp-content\/uploads\/2024\/11\/vademecum_upal_poziom-300x168.jpg 300w, https:\/\/imgw.pl\/wp-content\/uploads\/2024\/11\/vademecum_upal_poziom-768x429.jpg 768w, https:\/\/imgw.pl\/wp-content\/uploads\/2024\/11\/vademecum_upal_poziom-18x10.jpg 18w\" sizes=\"auto, (max-width: 800px) 100vw, 800px\" \/><\/figure>\n\n\n\n<p>Ekspozycja na&nbsp;upalne \u015brodowisko termiczne stanowi silne obci\u0105\u017cenie dla organizmu ka\u017cdego cz\u0142owieka. Zwi\u0119kszenie obci\u0105\u017cenia cieplnego i&nbsp;rosn\u0105ca temperatura wn\u0119trza cia\u0142a mog\u0105 prowadzi\u0107 do&nbsp;powa\u017cnych skutk\u00f3w zdrowotnych. Poziom ryzyka wyst\u0105pienia powa\u017cnych zagro\u017ce\u0144 dla zdrowia mo\u017ce by\u0107 istotnie modyfikowany przez szereg czynnik\u00f3w, kt\u00f3re okre\u015blaj\u0105 wra\u017cliwo\u015b\u0107 ciepln\u0105 poszczeg\u00f3lnych os\u00f3b.<\/p>\n\n\n\n<p>Eksperci z&nbsp;Instytutu Meteorologii i&nbsp;Gospodarki Wodnej przygotowali specjalny poradnik \u2013&nbsp;vademecum zachowa\u0144 \u2013&nbsp;w kt\u00f3rym znajdziecie porady, jak chroni\u0107 si\u0119 przed przegrzaniem i&nbsp;odwodnieniem oraz jak post\u0119powa\u0107 w&nbsp;czasie upa\u0142u.<\/p>","protected":false},"excerpt":{"rendered":"<p>Ekspozycja na&nbsp;upalne \u015brodowisko termiczne stanowi silne obci\u0105\u017cenie dla organizmu ka\u017cdego cz\u0142owieka. Zwi\u0119kszenie obci\u0105\u017cenia cieplnego i&nbsp;rosn\u0105ca temperatura wn\u0119trza cia\u0142a mog\u0105 prowadzi\u0107 do&nbsp;powa\u017cnych skutk\u00f3w zdrowotnych. Poziom ryzyka wyst\u0105pienia powa\u017cnych zagro\u017ce\u0144 dla zdrowia mo\u017ce by\u0107 istotnie modyfikowany przez szereg czynnik\u00f3w, kt\u00f3re okre\u015blaj\u0105 wra\u017cliwo\u015b\u0107 ciepln\u0105 poszczeg\u00f3lnych os\u00f3b. Eksperci z&nbsp;Instytutu Meteorologii i&nbsp;Gospodarki Wodnej przygotowali specjalny poradnik \u2013&nbsp;vademecum zachowa\u0144 \u2013&nbsp;w kt\u00f3rym [&hellip;]<\/p>\n","protected":false},"author":2,"featured_media":1868,"comment_status":"closed","ping_status":"closed","sticky":false,"template":"","format":"standard","meta":{"footnotes":""},"categories":[31],"tags":[],"class_list":["post-1867","post","type-post","status-publish","format-standard","has-post-thumbnail","hentry","category-wydawnictwa"],"_links":{"self":[{"href":"https:\/\/imgw.pl\/en\/wp-json\/wp\/v2\/posts\/1867","targetHints":{"allow":["GET"]}}],"collection":[{"href":"https:\/\/imgw.pl\/en\/wp-json\/wp\/v2\/posts"}],"about":[{"href":"https:\/\/imgw.pl\/en\/wp-json\/wp\/v2\/types\/post"}],"author":[{"embeddable":true,"href":"https:\/\/imgw.pl\/en\/wp-json\/wp\/v2\/users\/2"}],"replies":[{"embeddable":true,"href":"https:\/\/imgw.pl\/en\/wp-json\/wp\/v2\/comments?post=1867"}],"version-history":[{"count":1,"href":"https:\/\/imgw.pl\/en\/wp-json\/wp\/v2\/posts\/1867\/revisions"}],"predecessor-version":[{"id":1870,"href":"https:\/\/imgw.pl\/en\/wp-json\/wp\/v2\/posts\/1867\/revisions\/1870"}],"wp:featuredmedia":[{"embeddable":true,"href":"https:\/\/imgw.pl\/en\/wp-json\/wp\/v2\/media\/1868"}],"wp:attachment":[{"href":"https:\/\/imgw.pl\/en\/wp-json\/wp\/v2\/media?parent=1867"}],"wp:term":[{"taxonomy":"category","embeddable":true,"href":"https:\/\/imgw.pl\/en\/wp-json\/wp\/v2\/categories?post=1867"},{"taxonomy":"post_tag","embeddable":true,"href":"https:\/\/imgw.pl\/en\/wp-json\/wp\/v2\/tags?post=1867"}],"curies":[{"name":"wp","href":"https:\/\/api.w.org\/{rel}","templated":true}]}}