{"id":1871,"date":"2024-11-15T11:08:36","date_gmt":"2024-11-15T10:08:36","guid":{"rendered":"https:\/\/portal-imgw-pl.dev.imgw.ad\/?p=1871"},"modified":"2024-11-15T11:08:38","modified_gmt":"2024-11-15T10:08:38","slug":"vadamecum-imgw-dekalog-wakacyjny","status":"publish","type":"post","link":"https:\/\/imgw.pl\/en\/vadamecum-imgw-dekalog-wakacyjny\/","title":{"rendered":"Vadamecum IMGW. Dekalog wakacyjny"},"content":{"rendered":"<figure class=\"wp-block-image size-full\"><img loading=\"lazy\" decoding=\"async\" width=\"800\" height=\"491\" src=\"https:\/\/imgw.pl\/wp-content\/uploads\/2024\/11\/vademecum_wakacje_poziom.jpg\" alt=\"\" class=\"wp-image-1873\" srcset=\"https:\/\/imgw.pl\/wp-content\/uploads\/2024\/11\/vademecum_wakacje_poziom.jpg 800w, https:\/\/imgw.pl\/wp-content\/uploads\/2024\/11\/vademecum_wakacje_poziom-300x184.jpg 300w, https:\/\/imgw.pl\/wp-content\/uploads\/2024\/11\/vademecum_wakacje_poziom-768x471.jpg 768w, https:\/\/imgw.pl\/wp-content\/uploads\/2024\/11\/vademecum_wakacje_poziom-18x12.jpg 18w\" sizes=\"auto, (max-width: 800px) 100vw, 800px\" \/><\/figure>\n\n\n\n<p><strong>DEKALOG WAKACYJNY IMGW-PIB<\/strong><\/p>\n\n\n\n<p>Wakacje to&nbsp;czas relaksu, odpoczynku, dla innych ci\u0119\u017ckiej pracy i&nbsp;du\u017cego wysi\u0142ku, aby\u015bmy mogli odpoczywa\u0107. Wszyscy musimy zadba\u0107 o&nbsp;swoje bezpiecze\u0144stwo i&nbsp;szanuj\u0105c siebie nawzajem eliminowali ryzyko. IMGW-PIB przygotowa\u0142 Dekalog Wakacyjny, aby przypomnie\u0107 nam na&nbsp;co mamy zwr\u00f3ci\u0107 uwag\u0119 w&nbsp;pogodzie, aby ten letni czas by\u0142 udany. Zapraszamy do&nbsp;lektury i&nbsp;prosimy informujcie nas mailowo i&nbsp;przez kana\u0142y Social Media (wysy\u0142aj\u0105c do&nbsp;nas zdj\u0119cia i&nbsp;informacje) o&nbsp;sytuacjach niebezpiecznych w&nbsp;pogodzie &#8211;&nbsp;wsp\u00f3lnie zadbajmy o&nbsp;nasze bezpiecze\u0144stwo.<\/p>","protected":false},"excerpt":{"rendered":"<p>DEKALOG WAKACYJNY IMGW-PIB Wakacje to&nbsp;czas relaksu, odpoczynku, dla innych ci\u0119\u017ckiej pracy i&nbsp;du\u017cego wysi\u0142ku, aby\u015bmy mogli odpoczywa\u0107. Wszyscy musimy zadba\u0107 o&nbsp;swoje bezpiecze\u0144stwo i&nbsp;szanuj\u0105c siebie nawzajem eliminowali ryzyko. IMGW-PIB przygotowa\u0142 Dekalog Wakacyjny, aby przypomnie\u0107 nam na&nbsp;co mamy zwr\u00f3ci\u0107 uwag\u0119 w&nbsp;pogodzie, aby ten letni czas by\u0142 udany. Zapraszamy do&nbsp;lektury i&nbsp;prosimy informujcie nas mailowo i&nbsp;przez kana\u0142y Social Media (wysy\u0142aj\u0105c [&hellip;]<\/p>\n","protected":false},"author":2,"featured_media":1873,"comment_status":"closed","ping_status":"closed","sticky":false,"template":"","format":"standard","meta":{"footnotes":""},"categories":[31],"tags":[],"class_list":["post-1871","post","type-post","status-publish","format-standard","has-post-thumbnail","hentry","category-wydawnictwa"],"_links":{"self":[{"href":"https:\/\/imgw.pl\/en\/wp-json\/wp\/v2\/posts\/1871","targetHints":{"allow":["GET"]}}],"collection":[{"href":"https:\/\/imgw.pl\/en\/wp-json\/wp\/v2\/posts"}],"about":[{"href":"https:\/\/imgw.pl\/en\/wp-json\/wp\/v2\/types\/post"}],"author":[{"embeddable":true,"href":"https:\/\/imgw.pl\/en\/wp-json\/wp\/v2\/users\/2"}],"replies":[{"embeddable":true,"href":"https:\/\/imgw.pl\/en\/wp-json\/wp\/v2\/comments?post=1871"}],"version-history":[{"count":1,"href":"https:\/\/imgw.pl\/en\/wp-json\/wp\/v2\/posts\/1871\/revisions"}],"predecessor-version":[{"id":1874,"href":"https:\/\/imgw.pl\/en\/wp-json\/wp\/v2\/posts\/1871\/revisions\/1874"}],"wp:featuredmedia":[{"embeddable":true,"href":"https:\/\/imgw.pl\/en\/wp-json\/wp\/v2\/media\/1873"}],"wp:attachment":[{"href":"https:\/\/imgw.pl\/en\/wp-json\/wp\/v2\/media?parent=1871"}],"wp:term":[{"taxonomy":"category","embeddable":true,"href":"https:\/\/imgw.pl\/en\/wp-json\/wp\/v2\/categories?post=1871"},{"taxonomy":"post_tag","embeddable":true,"href":"https:\/\/imgw.pl\/en\/wp-json\/wp\/v2\/tags?post=1871"}],"curies":[{"name":"wp","href":"https:\/\/api.w.org\/{rel}","templated":true}]}}