{"id":1880,"date":"2024-11-15T11:12:34","date_gmt":"2024-11-15T10:12:34","guid":{"rendered":"https:\/\/portal-imgw-pl.dev.imgw.ad\/?p=1880"},"modified":"2024-11-15T11:12:36","modified_gmt":"2024-11-15T10:12:36","slug":"obserwator-wydanie-specjalne-susza-zmienia-wszystko","status":"publish","type":"post","link":"https:\/\/imgw.pl\/en\/obserwator-wydanie-specjalne-susza-zmienia-wszystko\/","title":{"rendered":"Obserwator. Wydanie specjalne &#8211;\u00a0Susza zmienia wszystko"},"content":{"rendered":"<figure class=\"wp-block-image size-full\"><img loading=\"lazy\" decoding=\"async\" width=\"800\" height=\"437\" src=\"https:\/\/imgw.pl\/wp-content\/uploads\/2024\/11\/obs_susza_2020_poziom.jpg\" alt=\"\" class=\"wp-image-1881\" srcset=\"https:\/\/imgw.pl\/wp-content\/uploads\/2024\/11\/obs_susza_2020_poziom.jpg 800w, https:\/\/imgw.pl\/wp-content\/uploads\/2024\/11\/obs_susza_2020_poziom-300x164.jpg 300w, https:\/\/imgw.pl\/wp-content\/uploads\/2024\/11\/obs_susza_2020_poziom-768x420.jpg 768w, https:\/\/imgw.pl\/wp-content\/uploads\/2024\/11\/obs_susza_2020_poziom-18x10.jpg 18w\" sizes=\"auto, (max-width: 800px) 100vw, 800px\" \/><\/figure>\n\n\n\n<p>Pocz\u0105tek 2020 roku zdominowa\u0142y doniesienia o\u00a0COVID-19, ale w\u00a0Polsce r\u00f3wnie wa\u017cnym problemem by\u0142a trwaj\u0105ca trzeci rok z\u00a0rz\u0119du susza. Nasi eksperci przygotowali seri\u0119 artyku\u0142\u00f3w o\u00a0tym czym susza w\u0142a\u015bciwie jest, jak si\u0119 j\u0105\u00a0rozpoznaje, monitoruje i\u00a0prognozuje. Ponadto co\u00a0susza ma\u00a0wsp\u00f3lnego z\u00a0blackoutem i\u00a0jak wa\u017cne dla zasob\u00f3w wody s\u0105\u00a0lasy i\u00a0mokrad\u0142a. W\u00a0finale: fakty i\u00a0mity o\u00a0suszy oraz hydrodekalog od\u00a0IMGW \u2013\u00a0zawsze aktualny.<\/p>","protected":false},"excerpt":{"rendered":"<p>Pocz\u0105tek 2020 roku zdominowa\u0142y doniesienia o\u00a0COVID-19, ale w\u00a0Polsce r\u00f3wnie wa\u017cnym problemem by\u0142a trwaj\u0105ca trzeci rok z\u00a0rz\u0119du susza. Nasi eksperci przygotowali seri\u0119 artyku\u0142\u00f3w o\u00a0tym czym susza w\u0142a\u015bciwie jest, jak si\u0119 j\u0105\u00a0rozpoznaje, monitoruje i\u00a0prognozuje. Ponadto co\u00a0susza ma\u00a0wsp\u00f3lnego z\u00a0blackoutem i\u00a0jak wa\u017cne dla zasob\u00f3w wody s\u0105\u00a0lasy i\u00a0mokrad\u0142a. W\u00a0finale: fakty i\u00a0mity o\u00a0suszy oraz hydrodekalog od\u00a0IMGW \u2013\u00a0zawsze aktualny.<\/p>","protected":false},"author":2,"featured_media":1881,"comment_status":"closed","ping_status":"closed","sticky":false,"template":"","format":"standard","meta":{"footnotes":""},"categories":[31],"tags":[],"class_list":["post-1880","post","type-post","status-publish","format-standard","has-post-thumbnail","hentry","category-wydawnictwa"],"_links":{"self":[{"href":"https:\/\/imgw.pl\/en\/wp-json\/wp\/v2\/posts\/1880","targetHints":{"allow":["GET"]}}],"collection":[{"href":"https:\/\/imgw.pl\/en\/wp-json\/wp\/v2\/posts"}],"about":[{"href":"https:\/\/imgw.pl\/en\/wp-json\/wp\/v2\/types\/post"}],"author":[{"embeddable":true,"href":"https:\/\/imgw.pl\/en\/wp-json\/wp\/v2\/users\/2"}],"replies":[{"embeddable":true,"href":"https:\/\/imgw.pl\/en\/wp-json\/wp\/v2\/comments?post=1880"}],"version-history":[{"count":1,"href":"https:\/\/imgw.pl\/en\/wp-json\/wp\/v2\/posts\/1880\/revisions"}],"predecessor-version":[{"id":1883,"href":"https:\/\/imgw.pl\/en\/wp-json\/wp\/v2\/posts\/1880\/revisions\/1883"}],"wp:featuredmedia":[{"embeddable":true,"href":"https:\/\/imgw.pl\/en\/wp-json\/wp\/v2\/media\/1881"}],"wp:attachment":[{"href":"https:\/\/imgw.pl\/en\/wp-json\/wp\/v2\/media?parent=1880"}],"wp:term":[{"taxonomy":"category","embeddable":true,"href":"https:\/\/imgw.pl\/en\/wp-json\/wp\/v2\/categories?post=1880"},{"taxonomy":"post_tag","embeddable":true,"href":"https:\/\/imgw.pl\/en\/wp-json\/wp\/v2\/tags?post=1880"}],"curies":[{"name":"wp","href":"https:\/\/api.w.org\/{rel}","templated":true}]}}