{"id":20000,"date":"2024-09-12T20:22:15","date_gmt":"2024-09-12T18:22:15","guid":{"rendered":"http:\/\/localhost:8000\/bardzo-niekorzystne-warunki-biometeorologiczne-w-polsce-poludniowej\/"},"modified":"2024-09-12T20:43:36","modified_gmt":"2024-09-12T18:43:36","slug":"bardzo-niekorzystne-warunki-biometeorologiczne-w-polsce-poludniowej","status":"publish","type":"post","link":"https:\/\/imgw.pl\/en\/bardzo-niekorzystne-warunki-biometeorologiczne-w-polsce-poludniowej\/","title":{"rendered":"Bardzo niekorzystne warunki biometeorologiczne w Polsce po\u0142udniowej"},"content":{"rendered":"<h2>W najbli\u017cszych dniach w Polsce dominowa\u0107 b\u0119d\u0105 niekorzystne warunki biometeorologiczne, kt\u00f3re od godzin popo\u0142udniowych w pi\u0105tek (13 wrze\u015bnia) zaczn\u0105 pogarsza\u0107 si\u0119 do bardzo niekorzystnych, zw\u0142aszcza na po\u0142udniu \u015al\u0105ska i Ma\u0142opolski.<\/h2>\n<p><img decoding=\"async\" alt=\"Prognoza biometeorologiczna na 13.09.2024 r.\" data-entity-type=\"file\" data-entity-uuid=\"e5c5c83e-64e5-42eb-93d7-d476f3ee6fbe\" src=\"http:\/\/localhost:8000\/wp-content\/uploads\/2024\/09\/imgw_0912-niekorzystne-warunki-biometeorologiczne-zal.-1.jpg\" width=\"900\" \/><\/p>\n<p>Prognoza biometeorologiczna na 13.09.2024 r.<\/p>\n<p>Utrzymuj\u0105ca si\u0119 pochmurna i wilgotna pogoda z intensywnymi opadami deszczu mo\u017ce by\u0107 przyczyn\u0105 pogorszonego nastroju i obni\u017conej sprawno\u015bci psychofizycznej. Ograniczony dop\u0142yw promieniowania s\u0142onecznego (miejscami zachmurzenie ca\u0142kowite) mo\u017ce skutkowa\u0107 uczuciem wzmo\u017conej senno\u015bci, g\u0142\u00f3wnie rano, ale r\u00f3wnie\u017c w ci\u0105gu dnia. D\u0142ugotrwa\u0142y niedob\u00f3r naturalnych bod\u017ac\u00f3w \u015bwietlnych mo\u017ce skutkowa\u0107 uczuciem narastaj\u0105cego przygn\u0119bienia i znu\u017cenia.<br \/>\n&nbsp;<br \/>\nSilnie bod\u017acowo na organizm cz\u0142owieka dzia\u0142a\u0107 b\u0119dzie niska, jak na t\u0119 por\u0119 roku, temperatura powietrza. W pi\u0105tek na Dolnym \u015al\u0105sku przez ca\u0142\u0105 dob\u0119 wynosi\u0107 ona b\u0119dzie oko\u0142o 10\u00b0C, jednak z uwagi na dzia\u0142anie umiarkowanego wiatru z kierunk\u00f3w p\u00f3\u0142nocnych temperatura odczuwalna b\u0119dzie jeszcze ni\u017csza (oko\u0142o 5\u00b0C), w czasie najsilniejszych poryw\u00f3w zbli\u017caj\u0105c si\u0119 do 0\u00b0C. Utrzymuj\u0105ce si\u0119 odczuwalnie bardzo zimne \u015brodowisko obci\u0105\u017ca\u0107 b\u0119dzie organizm cz\u0142owieka, s\u0142abo zaadaptowany do takich warunk\u00f3w (jeszcze kilka dni temu w Polsce zachodniej by\u0142o sucho, wyst\u0119powa\u0142 upa\u0142 i duchota). D\u0142u\u017csza ekspozycja organizmu na dzia\u0142anie ch\u0142odu, wilgoci i wiatru mo\u017ce prowadzi\u0107 do szybkiego wych\u0142odzenia organizmu i jego os\u0142abienia, a w konsekwencji do rozwoju objaw\u00f3w chorobowych (np. katar). Szczeg\u00f3lnie niekorzystne reakcje mog\u0105 wyst\u0105pi\u0107 u meteoropat\u00f3w (np. nasilone dolegliwo\u015bci b\u00f3lowe, w tym reumatyczne).<\/p>\n<p><img decoding=\"async\" alt=\"Prognozowana temperatura odczuwalna w dn. 13.09.2024 r. o godz. 8:00, 14:00 i 20:00\" data-entity-type=\"file\" data-entity-uuid=\"c7f2f225-2614-4cfb-b3f8-38a14cad04b2\" src=\"http:\/\/localhost:8000\/wp-content\/uploads\/2025\/08\/imgw_0912-niekorzystne-warunki-biometeorologiczne-zal.-2.jpg\" \/><\/p>\n<p><img decoding=\"async\" alt=\"Prognozowana temperatura odczuwalna w dn. 13.09.2024 r. o godz. 8:00, 14:00 i 20:00\" data-entity-type=\"file\" data-entity-uuid=\"74e16328-1715-4483-a245-136e82d8b661\" src=\"http:\/\/localhost:8000\/wp-content\/uploads\/2025\/08\/imgw_0912-niekorzystne-warunki-biometeorologiczne-zal.-3.jpg\" \/><\/p>\n<p><img decoding=\"async\" alt=\"Prognozowana temperatura odczuwalna w dn. 13.09.2024 r. o godz. 8:00, 14:00 i 20:00\" data-entity-type=\"file\" data-entity-uuid=\"a5c973a0-b1dd-4945-b658-570b0d8d4e87\" src=\"http:\/\/localhost:8000\/wp-content\/uploads\/2025\/08\/imgw_0912-niekorzystne-warunki-biometeorologiczne-zal.-4.jpg\" \/><\/p>\n<p>Prognozowana temperatura odczuwalna w dn. 13.09.2024 r. o godz. 8:00, 14:00 i 20:00<\/p>\n<p>&nbsp;<\/p>\n<p><img decoding=\"async\" alt=\"Prognozowana subiektywne odczucie termiczne w dn. 13.09.2024 r. o godz. 8:00, 14:00 i 20:00\" data-entity-type=\"file\" data-entity-uuid=\"cabc18f0-82c7-4ece-8494-80ea5d7c8929\" src=\"http:\/\/localhost:8000\/wp-content\/uploads\/2025\/08\/imgw_0912-niekorzystne-warunki-biometeorologiczne-zal.-5.jpg\" \/><\/p>\n<p><img decoding=\"async\" alt=\"Prognozowana subiektywne odczucie termiczne w dn. 13.09.2024 r. o godz. 8:00, 14:00 i 20:00\" data-entity-type=\"file\" data-entity-uuid=\"bcd5412a-d283-47fe-a22f-d8e919d26d6d\" src=\"http:\/\/localhost:8000\/wp-content\/uploads\/2025\/08\/imgw_0912-niekorzystne-warunki-biometeorologiczne-zal.-6.jpg\" \/><\/p>\n<p><img decoding=\"async\" alt=\"Prognozowana subiektywne odczucie termiczne w dn. 13.09.2024 r. o godz. 8:00, 14:00 i 20:00\" data-entity-type=\"file\" data-entity-uuid=\"d5cdc447-3509-4ee6-b707-ffc65be149e6\" src=\"http:\/\/localhost:8000\/wp-content\/uploads\/2025\/08\/imgw_0912-niekorzystne-warunki-biometeorologiczne-zal.-7.jpg\" \/><\/p>\n<p><img decoding=\"async\" alt=\"Prognozowana subiektywne odczucie termiczne w dn. 13.09.2024 r. o godz. 8:00, 14:00 i 20:00\" data-entity-type=\"file\" data-entity-uuid=\"d13e1d1b-7908-4b97-a7da-b43ef551b9b9\" src=\"http:\/\/localhost:8000\/wp-content\/uploads\/2025\/08\/imgw_0912-niekorzystne-warunki-biometeorologiczne-zal.-8.png\" \/><\/p>\n<p>Prognozowana subiektywne odczucie termiczne w dn. 13.09.2024 r. o godz. 8:00, 14:00 i 20:00<\/p>\n<p>&nbsp;<\/p>\n<p>W nocy wyst\u0119powa\u0107 b\u0119d\u0105 pogorszone warunki dla wypoczynku. Intensywne opady deszczu i porywisty wiatr mog\u0105 utrudnia\u0107 zasypianie i zak\u0142\u00f3ca\u0107 sen, skutkiem mo\u017ce by\u0107 uczucie niewyspania i zm\u0119czenia w ci\u0105gu dnia. Ze wzgl\u0119du na r\u00f3wnoczesne dzia\u0142anie bod\u017ac\u00f3w powoduj\u0105cych pobudzenie (porywy wiatru) i senno\u015b\u0107 (niedostatek \u015bwiat\u0142a s\u0142onecznego) prawdopodobne jest pojawienie si\u0119 uczucia rozdra\u017cnienia, reakcje organizmu mog\u0105 by\u0107 zr\u00f3\u017cnicowane osobniczo, zale\u017cne od indywidualnych cech organizmu (np. przebytych chor\u00f3b).<\/p>\n<p>\n<strong>Rekomendacje<\/strong><\/p>\n<p>Nale\u017cy by\u0107 przygotowanym na wyra\u017ane pogorszenie si\u0119 warunk\u00f3w dla pobytu na terenie otwartym, w tym wyst\u0105pienie intensywnych opad\u00f3w deszczu oraz kontrast\u00f3w termicznych spowodowanych dzia\u0142aniem porywistego wiatru i nap\u0142ywu mas powietrza o r\u00f3\u017cnych cechach termicznych. Prognozowana pogoda mo\u017ce stanowi\u0107 zagro\u017cenie dla zdrowia i \u017cycia cz\u0142owieka (podtopienia, pow\u00f3d\u017a), dlatego rekomenduje si\u0119 wyra\u017ane ograniczenie czasu przebywania w przestrzeni otwartej, a je\u015bli to mo\u017cliwe \u2013 pozostanie w domu. W przypadku konieczno\u015bci wyj\u015bcia na zewn\u0105trz nale\u017cy zastosowa\u0107 nieprzemakalne buty i odzie\u017c o zwi\u0119kszonej termoizolacyjno\u015bci (w tym kurtk\u0119), unika\u0107 zbli\u017cania si\u0119 do miejsc zalanych przez wod\u0119. Szczeg\u00f3ln\u0105 trosk\u0105 nale\u017cy otoczy\u0107 dzieci, aby nie zbli\u017ca\u0142y si\u0119 do wzbieraj\u0105cych rzek i potok\u00f3w, z uwagi na ryzyko porwania przez pr\u0105d i utoni\u0119cia. Warto odpowiednio si\u0119 zabezpieczy\u0107 i trzyma\u0107 w bezpiecznym miejscu lekarstwa, pieni\u0105dze, kosztowno\u015bci i dokumenty. Nale\u017cy upewni\u0107 si\u0119, \u017ce wszyscy cz\u0142onkowie rodziny, w tym dzieci, wiedz\u0105 co robi\u0107 w razie sytuacji kryzysowej, warto przeszkoli\u0107 cz\u0142onk\u00f3w rodziny m.in. od\u0142\u0105czania \u017ar\u00f3de\u0142 energii, gazu i wody.&nbsp; Nale\u017cy r\u00f3wnie\u017c pami\u0119ta\u0107 o w\u0142\u0105czonym i na\u0142adowanym telefonie.<br \/>\n&nbsp;<br \/>\nZ uwagi na dynamiczn\u0105 sytuacj\u0119 pogodow\u0105 nale\u017cy sprawdza\u0107 komunikaty i ostrze\u017cenia meteorologiczne, a tak\u017ce przestrzega\u0107 ewentualnych zalece\u0144 wydanych przez s\u0142u\u017cby kryzysowe w sytuacji zagro\u017cenia (np. Rz\u0105dowe Centrum Bezpiecze\u0144stwa). W warunkach dzia\u0142ania silnych bod\u017ac\u00f3w pogodowych rekomenduje si\u0119 ograniczenie czynno\u015bci silnie obci\u0105\u017caj\u0105cych organizm i zadbanie o wypoczynek, co dotyczy zw\u0142aszcza meteoropat\u00f3w, os\u00f3b starszych, os\u0142abionych i z chorobami kr\u0105\u017ceniowymi.<br \/>\n&nbsp;<br \/>\nZach\u0119camy do sprawdzania prognoz biometeorologicznych dla Polski, a tak\u017ce innych produkt\u00f3w w serwisie <a href=\"https:\/\/biometeo.imgw.pl\/\" title=\"https:\/\/biometeo.imgw.pl\/\">https:\/\/biometeo.imgw.pl\/<\/a><\/p>","protected":false},"excerpt":{"rendered":"<p>W najbli\u017cszych dniach w Polsce dominowa\u0107 b\u0119d\u0105 niekorzystne warunki biometeorologiczne, kt\u00f3re od godzin popo\u0142udniowych w pi\u0105tek (13 wrze\u015bnia) zaczn\u0105 pogarsza\u0107 si\u0119 do bardzo niekorzystnych, zw\u0142aszcza na po\u0142udniu \u015al\u0105ska i Ma\u0142opolski. Prognoza biometeorologiczna na 13.09.2024 r. Utrzymuj\u0105ca si\u0119 pochmurna i wilgotna pogoda z intensywnymi opadami deszczu mo\u017ce by\u0107 przyczyn\u0105 pogorszonego nastroju i obni\u017conej sprawno\u015bci psychofizycznej. Ograniczony [&hellip;]<\/p>\n","protected":false},"author":1,"featured_media":20002,"comment_status":"","ping_status":"","sticky":false,"template":"","format":"standard","meta":{"footnotes":""},"categories":[5],"tags":[],"class_list":["post-20000","post","type-post","status-publish","format-standard","has-post-thumbnail","hentry","category-aktualnosci"],"_links":{"self":[{"href":"https:\/\/imgw.pl\/en\/wp-json\/wp\/v2\/posts\/20000","targetHints":{"allow":["GET"]}}],"collection":[{"href":"https:\/\/imgw.pl\/en\/wp-json\/wp\/v2\/posts"}],"about":[{"href":"https:\/\/imgw.pl\/en\/wp-json\/wp\/v2\/types\/post"}],"author":[{"embeddable":true,"href":"https:\/\/imgw.pl\/en\/wp-json\/wp\/v2\/users\/1"}],"replies":[{"embeddable":true,"href":"https:\/\/imgw.pl\/en\/wp-json\/wp\/v2\/comments?post=20000"}],"version-history":[{"count":0,"href":"https:\/\/imgw.pl\/en\/wp-json\/wp\/v2\/posts\/20000\/revisions"}],"wp:featuredmedia":[{"embeddable":true,"href":"https:\/\/imgw.pl\/en\/wp-json\/wp\/v2\/media\/20002"}],"wp:attachment":[{"href":"https:\/\/imgw.pl\/en\/wp-json\/wp\/v2\/media?parent=20000"}],"wp:term":[{"taxonomy":"category","embeddable":true,"href":"https:\/\/imgw.pl\/en\/wp-json\/wp\/v2\/categories?post=20000"},{"taxonomy":"post_tag","embeddable":true,"href":"https:\/\/imgw.pl\/en\/wp-json\/wp\/v2\/tags?post=20000"}],"curies":[{"name":"wp","href":"https:\/\/api.w.org\/{rel}","templated":true}]}}