{"id":22398,"date":"2025-10-27T14:55:19","date_gmt":"2025-10-27T13:55:19","guid":{"rendered":"https:\/\/imgw.pl\/?p=22398"},"modified":"2025-10-27T14:55:20","modified_gmt":"2025-10-27T13:55:20","slug":"prognoza-pogody-na-tydzien-27-10-02-11-2025","status":"publish","type":"post","link":"https:\/\/imgw.pl\/en\/prognoza-pogody-na-tydzien-27-10-02-11-2025\/","title":{"rendered":"Prognoza pogody na tydzie\u0144 27.10. \u2013 02.11.2025"},"content":{"rendered":"<h2 class=\"wp-block-heading\">Pocz\u0105tek nowego tygodnia b\u0119dzie wietrzny, deszczowy i ch\u0142odny. Temperatura w ci\u0105gu dnia nie przekroczy 10\u00b0C, a odczucie ch\u0142odu spot\u0119guje silny i porywisty wiatr. Druga po\u0142owa tygodnia przysienie uspokojenie w pogodzie, b\u0119dzie mniej opad\u00f3w i wi\u0119cej s\u0142o\u0144ca, a termometry na po\u0142udniu kraju poka\u017c\u0105 miejscami 16-17\u00b0C. Os\u0142abnie r\u00f3wnie\u017c wiatr, tylko lokalnie na Pog\u00f3rzu Karpackim pozostanie porywisty.<\/h2>\n\n\n\n<figure class=\"wp-block-image size-full\"><img loading=\"lazy\" decoding=\"async\" width=\"751\" height=\"739\" src=\"https:\/\/imgw.pl\/wp-content\/uploads\/2025\/10\/Tygodniowa-prognoza-pogody-27.10-02.11.2025-rys.-1.png\" alt=\"\" class=\"wp-image-22399\" srcset=\"https:\/\/imgw.pl\/wp-content\/uploads\/2025\/10\/Tygodniowa-prognoza-pogody-27.10-02.11.2025-rys.-1.png 751w, https:\/\/imgw.pl\/wp-content\/uploads\/2025\/10\/Tygodniowa-prognoza-pogody-27.10-02.11.2025-rys.-1-300x295.png 300w, https:\/\/imgw.pl\/wp-content\/uploads\/2025\/10\/Tygodniowa-prognoza-pogody-27.10-02.11.2025-rys.-1-12x12.png 12w\" sizes=\"auto, (max-width: 751px) 100vw, 751px\" \/><\/figure>\n\n\n\n<p class=\"has-small-font-size\">Prognoza synoptyczna na okres 27.11-02.11.2025 r.<\/p>\n\n\n\n<p>W<strong> poniedzia\u0142ek<\/strong> zachmurzenie du\u017ce z wi\u0119kszymi przeja\u015bnieniami, a na po\u0142udniowym wschodzie mo\u017cliwe rozpogodzenia. Miejscami wyst\u0105pi\u0105 przelotne opady deszczu, na obszarach podg\u00f3rskich lokalnie tak\u017ce deszczu ze \u015bniegiem, a w g\u00f3rach \u015bniegu. Na Przedg\u00f3rzu Sudeckim suma opad\u00f3w lokalnie wyniesie oko\u0142o 10 mm. Wysoko g\u00f3rach przyrost pokrywy \u015bnie\u017cnej o 5-7 cm. Temperatura maksymalna od 6\u00b0C do 10\u00b0C, tylko na obszarach podg\u00f3rskich Karpat oko\u0142o 4\u00b0C. Wiatr b\u0119dzie umiarkowany i do\u015b\u0107 silny, w porywach do 55 km\/h, a na po\u0142udniu do 65 km\/h, na wybrze\u017cu okresami silny, do 40 km\/h, w porywach do 75 km\/h, przewa\u017cnie po\u0142udniowo-zachodni. Wysoko w Sudetach wiatr w porywach do 100 km\/h, w Karpatach do 85 km\/h, mo\u017ce powodowa\u0107 zawieje i zamiecie \u015bnie\u017cne.<\/p>\n\n\n\n<p><strong>Wtorek<\/strong> na og\u00f3\u0142 pochmurny z przelotnymi opadami deszczu, na obszarach podg\u00f3rskich tak\u017ce deszczu ze \u015bniegiem, a w g\u00f3rach deszczu ze \u015bniegiem i \u015bniegu. Na po\u0142udniowym zachodzie kraju suma opad\u00f3w mo\u017ce lokalnie wynie\u015b\u0107 oko\u0142o 10 mm. Wysoko g\u00f3rach przyrost pokrywy \u015bnie\u017cnej o oko\u0142o 5 cm. Temperatura maksymalna wyniesie od 6\u00b0C do 10\u00b0C. Wiatr b\u0119dzie umiarkowany i do\u015b\u0107 silny, na wschodzie porywisty, na pozosta\u0142ym obszarze kraju w porywach do 65 km\/h, zachodni i po\u0142udniowo-zachodni. Wysoko w Sudetach wiatr w porywach do 100 km\/h, w Karpatach do 90 km\/h, mo\u017ce powodowa\u0107 zawieje i zamiecie \u015bnie\u017cne.<\/p>\n\n\n\n<p>W <strong>\u015brod\u0119 <\/strong>zachmurzenie du\u017ce z wi\u0119kszymi przeja\u015bnieniami, a na po\u0142udniu tak\u017ce z rozpogodzeniami. Miejscami pojawi\u0105 si\u0119 opady deszczu. Temperatura maksymalna wyniesie od 9\u00b0C do 13\u00b0C. Wiatr b\u0119dzie przewa\u017cnie umiarkowany i porywisty, na wybrze\u017cu okresami tak\u017ce do\u015b\u0107 silny i w porywach do 60 km\/h, zachodni i po\u0142udniowo-zachodni.<\/p>\n\n\n\n<p><strong>Czwartek<\/strong> na po\u0142udniu i wschodzie kraju pogodny, na pozosta\u0142ym obszarze zachmurzenie umiarkowane oraz du\u017ce i na wybrze\u017cu mo\u017cliwe s\u0142abe opady deszczu. Temperatura maksymalna od&nbsp;11\u00b0C na p\u00f3\u0142nocy do 16\u00b0C na po\u0142udniu. Wiatr b\u0119dzie s\u0142aby i umiarkowany, na po\u0142udniu i nad morzem miejscami porywisty, w rejonach podg\u00f3rskich Karpat okresami do\u015b\u0107 silny i w porywach do&nbsp;60&nbsp;km\/h, z kierunk\u00f3w po\u0142udniowych.<\/p>\n\n\n\n<p>W <strong>pi\u0105tek<\/strong> zachmurzenie du\u017ce z wi\u0119kszymi przeja\u015bnieniami, a na p\u00f3\u0142nocnym wschodzie i w centrum wyst\u0105pi\u0105 r\u00f3wnie\u017c rozpogodzenia. Na po\u0142udniu mo\u017cliwe b\u0119d\u0105 miejscami opady deszczu. Temperatura maksymalna wyniesie od 12\u00b0C do 16\u00b0C. Wiatr s\u0142aby i umiarkowany, na po\u0142udniu i nad morzem chwilami porywisty, a w rejonach podg\u00f3rskich Karpat miejscami do\u015b\u0107 silny i w porywach do 60 km\/h, z kierunk\u00f3w po\u0142udniowych.<\/p>\n\n\n\n<p>W <strong>s<\/strong><strong>obot\u0119 <\/strong>przewaga chmur i miejscami wyst\u0105pi\u0105 opady deszczu. Temperatura maksymalna wyniesie od 11-12\u00b0C na p\u00f3\u0142nocy do 17\u00b0C na po\u0142udniu. Wiatr b\u0119dzie s\u0142aby, w rejonach podg\u00f3rskich Karpat umiarkowany i porywisty, lokalnie w porywach do 60 km\/h, z kierunk\u00f3w po\u0142udniowych.<\/p>\n\n\n\n<p><strong>Niedziela <\/strong>na og\u00f3\u0142 pochmurna, ale na po\u0142udniowym zachodzie kraju mo\u017cliwe wi\u0119ksze przeja\u015bnienia i&nbsp;rozpogodzenia. Okresami b\u0119d\u0105 wyst\u0119powa\u0107 opady deszczu, kt\u00f3re na wschodzie kraju mog\u0105 by\u0107 chwilami intensywne. Temperatura maksymalna wyniesie od 9\u00b0C do 13\u00b0C. Wiatr s\u0142aby i umiarkowany, z kierunk\u00f3w zachodnich.<\/p>\n\n\n\n<figure class=\"wp-block-image size-full\"><img loading=\"lazy\" decoding=\"async\" width=\"900\" height=\"675\" src=\"https:\/\/imgw.pl\/wp-content\/uploads\/2025\/10\/IMGW_1027-Prognoza-pogody-na-tydzien-27.10-02.11.2025-rys-2-Fot.-Agnieszka-Harasimowicz-Gdynia-Witomino-Trojmiejski-Park-Krajobrazowy.jpg\" alt=\"\" class=\"wp-image-22400\" srcset=\"https:\/\/imgw.pl\/wp-content\/uploads\/2025\/10\/IMGW_1027-Prognoza-pogody-na-tydzien-27.10-02.11.2025-rys-2-Fot.-Agnieszka-Harasimowicz-Gdynia-Witomino-Trojmiejski-Park-Krajobrazowy.jpg 900w, https:\/\/imgw.pl\/wp-content\/uploads\/2025\/10\/IMGW_1027-Prognoza-pogody-na-tydzien-27.10-02.11.2025-rys-2-Fot.-Agnieszka-Harasimowicz-Gdynia-Witomino-Trojmiejski-Park-Krajobrazowy-300x225.jpg 300w, https:\/\/imgw.pl\/wp-content\/uploads\/2025\/10\/IMGW_1027-Prognoza-pogody-na-tydzien-27.10-02.11.2025-rys-2-Fot.-Agnieszka-Harasimowicz-Gdynia-Witomino-Trojmiejski-Park-Krajobrazowy-768x576.jpg 768w, https:\/\/imgw.pl\/wp-content\/uploads\/2025\/10\/IMGW_1027-Prognoza-pogody-na-tydzien-27.10-02.11.2025-rys-2-Fot.-Agnieszka-Harasimowicz-Gdynia-Witomino-Trojmiejski-Park-Krajobrazowy-16x12.jpg 16w\" sizes=\"auto, (max-width: 900px) 100vw, 900px\" \/><\/figure>\n\n\n\n<p class=\"has-small-font-size\">Fot. Agnieszka Harasimowicz, Gdynia Witomino (Tr\u00f3jmiejski Park Krajobrazowy)<\/p>","protected":false},"excerpt":{"rendered":"<p>Pocz\u0105tek nowego tygodnia b\u0119dzie wietrzny, deszczowy i ch\u0142odny. Temperatura w ci\u0105gu dnia nie przekroczy 10\u00b0C, a odczucie ch\u0142odu spot\u0119guje silny i porywisty wiatr. Druga po\u0142owa tygodnia przysienie uspokojenie w pogodzie, b\u0119dzie mniej opad\u00f3w i wi\u0119cej s\u0142o\u0144ca, a termometry na po\u0142udniu kraju poka\u017c\u0105 miejscami 16-17\u00b0C. Os\u0142abnie r\u00f3wnie\u017c wiatr, tylko lokalnie na Pog\u00f3rzu Karpackim pozostanie porywisty. Prognoza [&hellip;]<\/p>\n","protected":false},"author":2,"featured_media":22400,"comment_status":"closed","ping_status":"closed","sticky":false,"template":"","format":"standard","meta":{"footnotes":""},"categories":[5],"tags":[35],"class_list":["post-22398","post","type-post","status-publish","format-standard","has-post-thumbnail","hentry","category-aktualnosci","tag-prognoza"],"_links":{"self":[{"href":"https:\/\/imgw.pl\/en\/wp-json\/wp\/v2\/posts\/22398","targetHints":{"allow":["GET"]}}],"collection":[{"href":"https:\/\/imgw.pl\/en\/wp-json\/wp\/v2\/posts"}],"about":[{"href":"https:\/\/imgw.pl\/en\/wp-json\/wp\/v2\/types\/post"}],"author":[{"embeddable":true,"href":"https:\/\/imgw.pl\/en\/wp-json\/wp\/v2\/users\/2"}],"replies":[{"embeddable":true,"href":"https:\/\/imgw.pl\/en\/wp-json\/wp\/v2\/comments?post=22398"}],"version-history":[{"count":1,"href":"https:\/\/imgw.pl\/en\/wp-json\/wp\/v2\/posts\/22398\/revisions"}],"predecessor-version":[{"id":22402,"href":"https:\/\/imgw.pl\/en\/wp-json\/wp\/v2\/posts\/22398\/revisions\/22402"}],"wp:featuredmedia":[{"embeddable":true,"href":"https:\/\/imgw.pl\/en\/wp-json\/wp\/v2\/media\/22400"}],"wp:attachment":[{"href":"https:\/\/imgw.pl\/en\/wp-json\/wp\/v2\/media?parent=22398"}],"wp:term":[{"taxonomy":"category","embeddable":true,"href":"https:\/\/imgw.pl\/en\/wp-json\/wp\/v2\/categories?post=22398"},{"taxonomy":"post_tag","embeddable":true,"href":"https:\/\/imgw.pl\/en\/wp-json\/wp\/v2\/tags?post=22398"}],"curies":[{"name":"wp","href":"https:\/\/api.w.org\/{rel}","templated":true}]}}