{"id":23574,"date":"2026-02-04T16:16:26","date_gmt":"2026-02-04T15:16:26","guid":{"rendered":"https:\/\/imgw.pl\/?p=23574"},"modified":"2026-02-04T16:38:59","modified_gmt":"2026-02-04T15:38:59","slug":"podsumowanie-sytuacji-meteorologicznej-i-hydrologicznej-wraz-z-prognoza-na-najblizsze-godziny-i-dni-11","status":"publish","type":"post","link":"https:\/\/imgw.pl\/en\/podsumowanie-sytuacji-meteorologicznej-i-hydrologicznej-wraz-z-prognoza-na-najblizsze-godziny-i-dni-11\/","title":{"rendered":"Podsumowanie sytuacji meteorologicznej i\u00a0hydrologicznej wraz z\u00a0prognoz\u0105 na najbli\u017csze godziny i dni"},"content":{"rendered":"<h2 class=\"wp-block-heading has-text-align-center\"><strong>Sytuacja meteorologiczna (04.02.2026, stan na godz. 14:00)<\/strong>\n<\/h2>\n\n\n\n<p><strong>Aktualnie obowi\u0105zuj\u0105ce ostrze\u017cenia:<\/strong>\n<\/p>\n\n\n\n<p><em>Szczeg\u00f3\u0142owe terminy wa\u017cno\u015bci ostrze\u017ce\u0144 dla poszczeg\u00f3lnych region\u00f3w dost\u0119pne s\u0105 na stronie: <\/em><a href=\"https:\/\/meteo.imgw.pl\/dyn\/index.html#osmet=true\"><em>https:\/\/meteo.imgw.pl\/dyn\/index.html#osmet=true<\/em><\/a><em> .<\/em>\n<\/p>\n\n\n\n<ul class=\"wp-block-list\">\n<li><strong>Opady marzn\u0105ce<\/strong>\n<ul class=\"wp-block-list\">\n<li>w woj. pomorskim, wielkopolskim, zachodniopomorskim, podlaskim, warmi\u0144sko-mazurskim, lubelskim, kujawsko-pomorskim, \u0142\u00f3dzkim, mazowieckim, dolno\u015bl\u0105skim, lubuskim, \u015bwi\u0119tokrzyskim: <strong>stopie\u0144 2.<\/strong><br>      <\/li>\n\n\n\n<li>w woj. \u015bl\u0105skim, podkarpackim, dolno\u015bl\u0105skim, ma\u0142opolskim, opolskim, \u015bwi\u0119tokrzyskim, lubelskim: stopie\u0144 1. <br>      <\/li>\n<\/ul>\n<\/li>\n<\/ul>\n\n\n\n<p>\n  Ostrze\u017cenia obowi\u0105zuj\u0105 od wczorajszego wieczora i przewiduje si\u0119, \u017ce b\u0119d\u0105 aktualizowane w kolejnych dniach a\u017c do momentu zupe\u0142nego ust\u0105pienia zjawiska znad obszaru Polski (najprawdopodobniej  sobot\u0119). W zadanym czasie nad Polsk\u0105 przewiduje si\u0119 wyst\u0119powanie okresami opad\u00f3w marzn\u0105cej m\u017cawki lub deszczu. W przypadku opad\u00f3w deszczu nat\u0119\u017cenie b\u0119dzie na og\u00f3\u0142 s\u0142abe, ale okresami (zw\u0142aszcza w nocy ze \u015brody na czwartek na zachodzie Polski) r\u00f3wnie\u017c umiarkowane. Stopie\u0144 drugi przede wszystkim wynika z ryzyka d\u0142ugotrwa\u0142o\u015bci opad\u00f3w (\u226512 godz.)\n<\/p>\n\n\n\n<p><strong><img loading=\"lazy\" decoding=\"async\" width=\"765\" height=\"723\" class=\"wp-image-23575\" src=\"https:\/\/imgw.pl\/wp-content\/uploads\/2026\/02\/obraz-zawierajacy-tekst-mapa-diagram-atlas-zaw.png\" alt=\"Obraz zawieraj\u0105cy tekst, mapa, diagram, atlasZawarto\u015b\u0107 wygenerowana przez AI mo\u017ce by\u0107 niepoprawna.\" srcset=\"https:\/\/imgw.pl\/wp-content\/uploads\/2026\/02\/obraz-zawierajacy-tekst-mapa-diagram-atlas-zaw.png 765w, https:\/\/imgw.pl\/wp-content\/uploads\/2026\/02\/obraz-zawierajacy-tekst-mapa-diagram-atlas-zaw-300x284.png 300w, https:\/\/imgw.pl\/wp-content\/uploads\/2026\/02\/obraz-zawierajacy-tekst-mapa-diagram-atlas-zaw-13x12.png 13w\" sizes=\"auto, (max-width: 765px) 100vw, 765px\" \/><\/strong><\/p>\n\n\n\n<p class=\"has-custom-color-2-color has-text-color has-link-color has-small-font-size wp-elements-82844c3f0f6422c0882585b128390cce\"><em>Rys. 1 Aktualne ostrze\u017cenia meteorologiczne nad Polsk\u0105. Na tabliczkach oznaczone s\u0105: rodzaj zjawiska(OM \u2013 opady marzn\u0105ce); po uko\u015bniku stopie\u0144 zagro\u017cenia, w \u015brodkowej linii czas pocz\u0105tku wa\u017cno\u015bci, na dole czas ko\u0144ca wa\u017cno\u015bci. <\/em><\/p>\n\n\n\n<p><strong>Aktualna sytuacja atmosferyczna.<\/strong><\/p>\n\n\n\n<p>\n  Minionej nocy na p\u00f3\u0142nocnym wschodzie utrzymywa\u0142 si\u0119 jeszcze zasi\u0119g mro\u017anej masy powietrza i pogodne niebo, w kt\u00f3rych dochodzi\u0142o do znacznych spadk\u00f3w temperatury. W\u015br\u00f3d stacji synoptycznych najch\u0142odniej by\u0142o w Suwa\u0142kach -17,5\u00b0C, przy gruncie temperatura spad\u0142a tam do -21\u00b0C. \n<\/p>\n\n\n\n<p>Z po\u0142udnia nap\u0142ywa ciep\u0142e powietrze polarne morskie. Prawie nad ca\u0142ym kraju pojawi\u0142o si\u0119 te\u017c zachmurzenie, kt\u00f3re ograniczy wp\u0142yw dziennego nagrzania s\u0142onecznego, ale te\u017c nocnych spadk\u00f3w temperatury. Najch\u0142odniej jest i pozostanie na p\u00f3\u0142nocnym wschodzie, przy czym w ci\u0105gu najbli\u017cszej doby, niezale\u017cnie od pory, temperatura b\u0119dzie monotonicznie ros\u0142a. Na znacznym obszarze kraju wzros\u0142a pr\u0119dko\u015b\u0107 wiatru, szczeg\u00f3lnie na p\u00f3\u0142nocy, w centrum i na wschodzie, sprawiaj\u0105c, \u017ce subiektywnie odczucie temperatury jest o oko\u0142o 5\u00b0C \u2013 8\u00b0C ni\u017csze od temperatury zmierzonej. <strong>Analiza warunk\u00f3w biometeorologicznych na dzie\u0144 bie\u017c\u0105cy i nast\u0119pny wraz ze specyficznymi rekomendacjami dla spo\u0142ecze\u0144stwa jest dost\u0119pna pod adresem <\/strong><a href=\"https:\/\/biometeo.imgw.pl\/?page=BIOMET\">https:\/\/biometeo.imgw.pl\/?page=BIOMET<\/a><strong>. <\/strong><\/p>\n\n\n\n<p>Obecnie lokalnie na po\u0142udniu i w centrum notowane s\u0105 opady marzn\u0105cej m\u017cawki lub s\u0142abego deszczu, powoduj\u0105ce go\u0142oled\u017a. S\u0105 to na razie opady na tyle s\u0142abe, \u017ce trudno je zidentyfikowa\u0107 narz\u0119dziami do teledetekcji \u2013 by\u0142y natomiast notowane na poszczeg\u00f3lnych stacjach z obsad\u0105 pe\u0142nion\u0105 przez wykwalifikowanych obserwator\u00f3w. W kolejnych godzinach wyst\u0119powanie opad\u00f3w marzn\u0105cych b\u0119dzie coraz liczniejsze i cz\u0119stsze. Strefa opad\u00f3w przemieszcza si\u0119 powoli na p\u00f3\u0142noc. Szczeg\u00f3lnie istotny rozw\u00f3j sytuacji rozpocznie si\u0119 w godzinach wieczornych \u2013 od Dolnego \u015al\u0105ska wieczorem, przez woj. lubuskie i wielkopolskie w ci\u0105gu nocy po zachodniopomorskie jutro w godzinach przedpo\u0142udniowych, poniewa\u017c opady w tym obszarze przej\u015bciowo b\u0119d\u0105 mia\u0142y umiarkowane nat\u0119\u017cenie i mog\u0105 spowodowa\u0107 bardziej rozleg\u0142e utrudnienia. <\/p>\n\n\n\n<figure class=\"wp-block-image size-full\"><img loading=\"lazy\" decoding=\"async\" width=\"920\" height=\"477\" src=\"https:\/\/imgw.pl\/wp-content\/uploads\/2026\/02\/rys2-1.jpg\" alt=\"\" class=\"wp-image-23587\" srcset=\"https:\/\/imgw.pl\/wp-content\/uploads\/2026\/02\/rys2-1.jpg 920w, https:\/\/imgw.pl\/wp-content\/uploads\/2026\/02\/rys2-1-300x156.jpg 300w, https:\/\/imgw.pl\/wp-content\/uploads\/2026\/02\/rys2-1-768x398.jpg 768w, https:\/\/imgw.pl\/wp-content\/uploads\/2026\/02\/rys2-1-18x9.jpg 18w\" sizes=\"auto, (max-width: 920px) 100vw, 920px\" \/><\/figure>\n\n\n\n<p class=\"has-custom-color-2-color has-text-color has-link-color has-small-font-size wp-elements-35854af9d59287d59937a1fe4899a97a\"><em>Rys.&nbsp; 2 Prawdopodobie\u0144stwo typu opadu w realizacji wi\u0105zki prognoz modelu ECMWF-ENS w podziale na typ opadu w nocy&nbsp; ze \u015brody na czwartek (z lewej) i w czwartek (z prawej).<\/em><\/p>\n\n\n\n<h3 class=\"wp-block-heading\"><strong>Mo\u017cliwe kolejne ostrze\u017cenia dzi\u015b i w najbli\u017cszych dniach<\/strong><\/h3>\n\n\n\n<p><em>Dla ka\u017cdego dnia zjawiska s\u0105 wymienione w rozbiciu na: zjawisko\/stopie\u0144: lista wojew\u00f3dztw. <\/em>\n<\/p>\n\n\n\n<p><strong>\u015aroda 2026-02-04<\/strong><\/p>\n\n\n\n<ul class=\"wp-block-list\">\n<li>Mo\u017cliwe aktualizacje ju\u017c wydanych ostrze\u017ce\u0144.<br>  <\/li>\n<\/ul>\n\n\n\n<p><strong>Czwartek 2026-02-05<\/strong><\/p>\n\n\n\n<ul class=\"wp-block-list\">\n<li><strong>Opady marzn\u0105ce\/2<\/strong>: wielkopolskie, lubuskie, podlaskie, lubelskie, \u0142\u00f3dzkie, \u015bwi\u0119tokrzyskie, dolno\u015bl\u0105skie, kujawsko-pomorskie, mazowieckie, pomorskie, zachodniopomorskie, warmi\u0144sko-mazurskie. Wy\u017cszy stopie\u0144 z uwagi na ryzyko opad\u00f3w d\u0142ugotrwa\u0142ych (powy\u017cej 12 godzin).<br>  <\/li>\n\n\n\n<li><strong>Opady marzn\u0105ce\/1:<\/strong>&nbsp;\u015bl\u0105skie, \u015bwi\u0119tokrzyskie, podkarpackie, ma\u0142opolskie.<br>  <\/li>\n<\/ul>\n\n\n\n<p><strong>Pi\u0105tek 2026-02-06<\/strong><\/p>\n\n\n\n<ul class=\"wp-block-list\">\n<li><strong>Opady marzn\u0105ce\/2<\/strong>: podlaskie, mazowieckie<br>  <\/li>\n\n\n\n<li><strong>Opady marzn\u0105ce\/1<\/strong>: wielkopolskie, \u015bwi\u0119tokrzyskie, \u015bl\u0105skie, ma\u0142opolskie, podkarpackie, kujawsko-pomorskie, lubelskie, \u0142\u00f3dzkie, zachodniopomorskie, pomorskie, warmi\u0144sko-mazurskie<br>  <\/li>\n<\/ul>\n\n\n\n<p><strong>Sobota 2026-02-07<\/strong> \n<\/p>\n\n\n\n<ul class=\"wp-block-list\">\n<li><strong>Oblodzenie\/1:<\/strong>&nbsp;\u015bl\u0105skie, \u015bwi\u0119tokrzyskie, podkarpackie, ma\u0142opolskie<br>  <\/li>\n\n\n\n<li><strong>Opady marzn\u0105ce\/1:<\/strong>&nbsp;wielkopolskie, podlaskie, dolno\u015bl\u0105skie, lubelskie, lubuskie, \u0142\u00f3dzkie, mazowieckie, pomorskie, kujawsko-pomorskie, zachodniopomorskie, warmi\u0144sko-mazurskie.<br>  <\/li>\n<\/ul>\n\n\n\n<p><strong>Niedziela 2026-02-08<\/strong>\n<\/p>\n\n\n\n<ul class=\"wp-block-list\">\n<li><strong>Silny mr\u00f3z\/1:<\/strong>&nbsp;podlaskie, mazowieckie, lubelskie, pomorskie, warmi\u0144sko-mazurskie, kujawsko-pomorskie.<br>  <\/li>\n<\/ul>\n\n\n\n<p><strong>Rekomendacje<\/strong>\n<\/p>\n\n\n\n<p>\n  W strefach zagro\u017conych opadami marzn\u0105cymi:\n<\/p>\n\n\n\n<ul class=\"wp-block-list\">\n<li>Zachowa\u0107 szczeg\u00f3ln\u0105 ostro\u017cno\u015b\u0107 podczas przemieszczania si\u0119; w miar\u0119 mo\u017cliwo\u015bci unika\u0107 podr\u00f3\u017cy w trakcie wyst\u0119powania marzn\u0105cych opad\u00f3w.<br>  <\/li>\n\n\n\n<li>Zabezpieczy\u0107 i posypa\u0107 drogi, chodniki oraz ci\u0105gi komunikacyjne w miejscach szczeg\u00f3lnie nara\u017conych na oblodzenie.<br>  <\/li>\n\n\n\n<li>Przygotowa\u0107 si\u0119 na mo\u017cliwe utrudnienia komunikacyjne, op\u00f3\u017anienia i ograniczenia pr\u0119dko\u015bci.<br>  <\/li>\n\n\n\n<li>Zabezpieczy\u0107 si\u0142y i \u015brodki dla oczyszczenia oblodzonych linii trakcyjnych (szczeg\u00f3lnie istotne w zachodnich wojew\u00f3dztwach w ci\u0105gu najbli\u017cszej nocy i jutro). <br>  <\/li>\n\n\n\n<li>Pami\u0119ta\u0107 o ryzyku kr\u00f3tkotrwa\u0142ych przerw w dostawach pr\u0105du \u2014 ryzyko jest ni\u017csze ni\u017c podczas opad\u00f3w umiarkowanych, ale nadal istnieje przy d\u0142u\u017cszej go\u0142oledzi.<br>  <\/li>\n\n\n\n<li>Zachowa\u0107 ostro\u017cno\u015b\u0107 tak\u017ce po ust\u0105pieniu opad\u00f3w \u2014 cienka, prze\u017aroczysta warstwa lodu mo\u017ce utrzymywa\u0107 si\u0119 do czasu wzrostu temperatury.<br>  <\/li>\n\n\n\n<li>\u015aledzi\u0107 bie\u017c\u0105ce ostrze\u017cenia i komunikaty na stronie: <a href=\"https:\/\/meteo.imgw.pl\/dyn\/index.html#osmet=true\">https:\/\/meteo.imgw.pl\/dyn\/index.html#osmet=true<\/a>. <br>  <\/li>\n\n\n\n<li>Monitorowa\u0107 sytuacj\u0119 w systemach automatycznej identyfikacji typu opadu na stronach:\n<ul class=\"wp-block-list\">\n<li>Produktu SPT \u2013 identyfikacja typu opadu <a href=\"https:\/\/modele.imgw.pl\/cmm\/?page_id=38447\">https:\/\/modele.imgw.pl\/cmm\/?page_id=38447<\/a><br>      <\/li>\n\n\n\n<li>Automatycznych alert\u00f3w z prognoz\u0105 ultrakr\u00f3tkoterminow\u0105 systemu MeteoWarn: <a href=\"https:\/\/modele.imgw.pl\/?page_id=21122\">https:\/\/modele.imgw.pl\/?page_id=21122<\/a>.<br>      <\/li>\n<\/ul>\n<\/li>\n<\/ul>\n\n\n\n<p>\n  Opady b\u0119d\u0105 na og\u00f3\u0142 s\u0142abe \u2013 dlatego podstawowym utrudnieniem b\u0119dzie \u015blisko\u015b\u0107 nawierzchni, kt\u00f3re nie zostan\u0105 odpowiednio zabezpieczone. Z uwagi na ryzyko nieco bardziej intensywnych opad\u00f3w go\u0142oledzi w wojew\u00f3dztwach zachodnich zachodzi zwi\u0119kszone ryzyko utrudnie\u0144 w \u015brodkach komunikacji uzale\u017cnionych od stanu trakcji energetycznej \u2013 poci\u0105g\u00f3w i tramwaj\u00f3w. Sytuacja ta mo\u017ce by\u0107 bardzo podobna do okresu sprzed 8 dni, szczeg\u00f3lnie nocy 25\/26.01 i przedpo\u0142udnia 26.01. \n<\/p>\n\n\n\n<figure class=\"wp-block-image\"><img loading=\"lazy\" decoding=\"async\" width=\"1680\" height=\"1680\" src=\"https:\/\/imgw.pl\/wp-content\/uploads\/2026\/02\/obraz-zawierajacy-tekst-zrzut-ekranu-wzor-zawar-1.png\" alt=\"Obraz zawieraj\u0105cy tekst, zrzut ekranu, wz\u00f3rZawarto\u015b\u0107 wygenerowana przez AI mo\u017ce by\u0107 niepoprawna.\" class=\"wp-image-23578\" srcset=\"https:\/\/imgw.pl\/wp-content\/uploads\/2026\/02\/obraz-zawierajacy-tekst-zrzut-ekranu-wzor-zawar-1.png 1680w, https:\/\/imgw.pl\/wp-content\/uploads\/2026\/02\/obraz-zawierajacy-tekst-zrzut-ekranu-wzor-zawar-1-300x300.png 300w, https:\/\/imgw.pl\/wp-content\/uploads\/2026\/02\/obraz-zawierajacy-tekst-zrzut-ekranu-wzor-zawar-1-1024x1024.png 1024w, https:\/\/imgw.pl\/wp-content\/uploads\/2026\/02\/obraz-zawierajacy-tekst-zrzut-ekranu-wzor-zawar-1-150x150.png 150w, https:\/\/imgw.pl\/wp-content\/uploads\/2026\/02\/obraz-zawierajacy-tekst-zrzut-ekranu-wzor-zawar-1-768x768.png 768w, https:\/\/imgw.pl\/wp-content\/uploads\/2026\/02\/obraz-zawierajacy-tekst-zrzut-ekranu-wzor-zawar-1-1536x1536.png 1536w, https:\/\/imgw.pl\/wp-content\/uploads\/2026\/02\/obraz-zawierajacy-tekst-zrzut-ekranu-wzor-zawar-1-12x12.png 12w\" sizes=\"auto, (max-width: 1680px) 100vw, 1680px\" \/><\/figure>\n\n\n\n<p class=\"has-custom-color-2-color has-text-color has-link-color has-small-font-size wp-elements-4203e0b3fe0476cb7b086c0d730aa409\"><em>Rys. 3 Synoptyczna prognoza pogody na kolejne dni. Kolorem czerwonym oznaczono opady marzn\u0105ce. <\/em><\/p>\n\n\n\n<p>\n  Obserwowane obecnie ocieplenie b\u0119dzie najprawdopodobniej przej\u015bciowe. Rozk\u0142ad uk\u0142ad\u00f3w barycznych w prognozach \u015brednio i&nbsp;d\u0142ugoterminowych nad Europ\u0105 wskazuje na ca\u0142y czas znaczny potencjalny wp\u0142yw wy\u017c\u00f3w znad rejon\u00f3w p\u00f3\u0142nocnej i p\u00f3\u0142nocno-wschodniej Europy oraz ryzyko ewentualnych nawrot\u00f3w ch\u0142odu. \n<\/p>\n\n\n\n<h2 class=\"wp-block-heading has-text-align-center\"><strong>Aktualna i prognozowana sytuacja hydrologiczna (04.02.2026 godz. 12:00)<\/strong>\n<\/h2>\n\n\n\n<p>\n  Na rzekach w Polsce stan wody uk\u0142ada si\u0119 przewa\u017cnie w strefie wody \u015bredniej (51% wszystkich stacji hydrologicznych) i&nbsp;niskiej (44%). Lokalnie rejestrowany jest stan wody wysokiej (5%). \n<\/p>\n\n\n\n<p>\n  W minionej dobie na wi\u0119kszo\u015bci rzek odnotowano spadki lub stabilizacj\u0119 stan\u00f3w wody, jednak miejscami pojawi\u0142y si\u0119 r\u00f3wnie\u017c wzrosty i wahania, wynikaj\u0105ce z pi\u0119trzenia spowodowanego zjawiskami lodowymi.\n<\/p>\n\n\n\n<p>\n  Wyra\u017an\u0105 tendencj\u0119 rosn\u0105c\u0105 odnotowano miejscami na Odrze i Wi\u015ble, a tak\u017ce na mniejszych dop\u0142ywach.\n  <br>\n  W nadchodz\u0105cym czasie g\u0142\u00f3wnym zagro\u017ceniem hydrologicznym pozostan\u0105 zjawiska lodowe, kt\u00f3re wci\u0105\u017c mog\u0105 prowadzi\u0107 do lokalnych wzrost\u00f3w i waha\u0144 stanu wody \u2013 r\u00f3wnie\u017c w strefie wody wysokiej. W dorzeczu g\u00f3rnej Wis\u0142y lokalnie zaznaczy si\u0119 sp\u0142yw wody roztopowej oraz ust\u0119powanie zjawisk lodowych.\n<\/p>\n\n\n\n<p>\n  W ostatnich 24 godzinach najwi\u0119ksze wzrosty stanu wody zarejestrowano na stacjach:\n<\/p>\n\n\n\n<ul class=\"wp-block-list\">\n<li>S\u0142ubice (Odra): +118\u202fcm (w strefie stan\u00f3w \u015brednich),<br>  <\/li>\n\n\n\n<li>Toru\u0144 (Wis\u0142a) +94 cm (w strefie stan\u00f3w \u015brednich),<br>  <\/li>\n\n\n\n<li>Sandomierz (Wis\u0142a): +79\u202fcm (w strefie stan\u00f3w \u015brednich).<br>  <\/li>\n<\/ul>\n\n\n\n<p><strong>Obecnie stan ostrzegawczy jest przekroczony na jednej stacji w dorzeczu Wis\u0142y &#8211; o 5 cm na stacji hydrologicznej Tuchola na Brdzie, co jest skutkiem rozwoju zjawisk lodowych i zwi\u0105zanego z nimi podwy\u017cszenia stanu wody.<\/strong><\/p>\n\n\n\n<figure class=\"wp-block-image size-full\"><img loading=\"lazy\" decoding=\"async\" width=\"953\" height=\"551\" src=\"https:\/\/imgw.pl\/wp-content\/uploads\/2026\/02\/h1-1.jpg\" alt=\"\" class=\"wp-image-23588\" srcset=\"https:\/\/imgw.pl\/wp-content\/uploads\/2026\/02\/h1-1.jpg 953w, https:\/\/imgw.pl\/wp-content\/uploads\/2026\/02\/h1-1-300x173.jpg 300w, https:\/\/imgw.pl\/wp-content\/uploads\/2026\/02\/h1-1-768x444.jpg 768w, https:\/\/imgw.pl\/wp-content\/uploads\/2026\/02\/h1-1-18x10.jpg 18w\" sizes=\"auto, (max-width: 953px) 100vw, 953px\" \/><\/figure>\n\n\n\n<p>Stan wody na godz. 12:00 dnia 04.02.2026 <br><\/p>\n\n\n\n<p><strong>Zjawiska lodowe<\/strong>\n<\/p>\n\n\n\n<p><strong>Wis\u0142a i jej dop\u0142ywy:<\/strong>\n<\/p>\n\n\n\n<ul class=\"wp-block-list\">\n<li>\u015ary\u017c i\/lub l\u00f3d brzegowy obserwowano lokalnie na Wi\u015ble, Przemszy, Sole, Rabie, Dunajcu, Bia\u0142ej Tarnowskiej, Wis\u0142oce, Sanie, Wis\u0142oku, Supra\u015bli i Orzycu. <br>  <\/li>\n\n\n\n<li>Pokryw\u0119 lodow\u0105 zanotowano lokalnie na Wi\u015ble, Sole, Pilicy, Narwi, Biebrzy, Omulwi, Bugu, Krznie, Wkrze i Drw\u0119cy.<br>  <\/li>\n\n\n\n<li>Kr\u0119 zanotowano lokalnie na Bia\u0142ej Tarnowskiej.<br>  <\/li>\n\n\n\n<li>Zator zaobserwowano lokalnie na Sanie i Wis\u0142oku.<br>  <\/li>\n<\/ul>\n\n\n\n<p><strong>Odra i jej dop\u0142ywy:<\/strong>\n<\/p>\n\n\n\n<ul class=\"wp-block-list\">\n<li>\u015ary\u017c i\/lub l\u00f3d brzegowy obserwowano lokalnie na Odrze, Ma\u0142ej Panwi, Strzegomce i Bobrze.<br>  <\/li>\n\n\n\n<li>Pokryw\u0119 lodow\u0105 zanotowano lokalnie w uj\u015bciowym odcinku Odry.<br>  <\/li>\n<\/ul>\n\n\n\n<p><strong>Pozosta\u0142e rzeki w kraju:<\/strong>\n<\/p>\n\n\n\n<ul class=\"wp-block-list\">\n<li>\u015ary\u017c i\/lub l\u00f3d brzegowy obserwowano lokalnie na Redze.<br>  <\/li>\n\n\n\n<li>Pokryw\u0119 lodow\u0105 zanotowano lokalnie na \u0141ynie i Go\u0142dapie. <br>  <\/li>\n<\/ul>\n\n\n\n<figure class=\"wp-block-image size-full\"><img loading=\"lazy\" decoding=\"async\" width=\"928\" height=\"559\" src=\"https:\/\/imgw.pl\/wp-content\/uploads\/2026\/02\/h2-1.jpg\" alt=\"\" class=\"wp-image-23589\" srcset=\"https:\/\/imgw.pl\/wp-content\/uploads\/2026\/02\/h2-1.jpg 928w, https:\/\/imgw.pl\/wp-content\/uploads\/2026\/02\/h2-1-300x181.jpg 300w, https:\/\/imgw.pl\/wp-content\/uploads\/2026\/02\/h2-1-768x463.jpg 768w, https:\/\/imgw.pl\/wp-content\/uploads\/2026\/02\/h2-1-18x12.jpg 18w\" sizes=\"auto, (max-width: 928px) 100vw, 928px\" \/><\/figure>\n\n\n\n<p>Zjawiska lodowe na godz. 12:00 dnia 04.02.2026<\/p>\n\n\n\n<p><strong>Obowi\u0105zuj\u0105 ostrze\u017cenia hydrologiczne:<\/strong>\n<\/p>\n\n\n\n<p>\n  &#8211; wezbranie z przekroczeniem stan\u00f3w ostrzegawczych \/ 2\u00b0 \/ Brda od \u017ar\u00f3d\u0142a do S\u0119p\u00f3lnej (woj. kujawsko-pomorskie).\n<\/p>\n\n\n\n<p>\n  &#8211; susza hydrologiczna \/ zlewnia Przemszy i przyrzecze Wis\u0142y (ma\u0142opolskie, \u015bl\u0105skie), zlewnia Kamiennej i przyrzecze Wis\u0142y (\u015bwi\u0119tokrzyskie), zlewnie Rudawy, Pr\u0105dnika i przyrzecze Wis\u0142y (ma\u0142opolskie).\n<\/p>\n\n\n\n<p>\n  W ci\u0105gu najbli\u017cszych dni istnieje du\u017ce prawdopodobie\u0144stwo wydania nowych ostrze\u017ce\u0144 hydrologicznych. \n<\/p>\n\n\n\n<figure class=\"wp-block-image size-full\"><img loading=\"lazy\" decoding=\"async\" width=\"902\" height=\"577\" src=\"https:\/\/imgw.pl\/wp-content\/uploads\/2026\/02\/h3-1.jpg\" alt=\"\" class=\"wp-image-23590\" srcset=\"https:\/\/imgw.pl\/wp-content\/uploads\/2026\/02\/h3-1.jpg 902w, https:\/\/imgw.pl\/wp-content\/uploads\/2026\/02\/h3-1-300x192.jpg 300w, https:\/\/imgw.pl\/wp-content\/uploads\/2026\/02\/h3-1-768x491.jpg 768w, https:\/\/imgw.pl\/wp-content\/uploads\/2026\/02\/h3-1-18x12.jpg 18w\" sizes=\"auto, (max-width: 902px) 100vw, 902px\" \/><\/figure>\n\n\n\n<p>\n  Mapa ostrze\u017ce\u0144 hydrologicznych na godz. 12:00 dnia 04.02.2026\n<\/p>\n\n\n\n<p><strong>Hydrological Forecast<\/strong>\n<\/p>\n\n\n\n<p><strong>\u015aroda-sobota (04-07.02.2026<\/strong>)\n<\/p>\n\n\n\n<p>\n  Na po\u0142udniu i zachodzie kraju zaznaczy si\u0119 odwil\u017c. Prognozowane jest ust\u0119powanie zjawisk lodowych oraz topnienie pokrywy \u015bnie\u017cnej, co prze\u0142o\u017cy si\u0119 na lokaln\u0105 tendencj\u0119 rosn\u0105c\u0105 stanu wody w aktualnych strefach oraz lokalnie do strefy wody wysokiej. Miejscami wzrosty mog\u0105 mie\u0107 gwa\u0142towny charakter, szczeg\u00f3lnie na karpackich dop\u0142ywach Wis\u0142y. Punktowo nie mo\u017cna wykluczy\u0107 utworzenia si\u0119 zator\u00f3w lodowych.\n<\/p>\n\n\n\n<p>\n  Na p\u00f3\u0142nocy i p\u00f3\u0142nocnym wschodzie kraju, gdzie wci\u0105\u017c notowane b\u0119d\u0105 niskie warto\u015bci temperatury powietrza, spodziewany jest dalszy rozw\u00f3j zjawisk lodowych i lokalne zaburzenia stanu wody.\n<\/p>\n\n\n\n<p><strong>W kolejnych dniach<\/strong>\n<\/p>\n\n\n\n<p>\n  Na rzekach utrzymywa\u0107 si\u0119 b\u0119d\u0105 g\u0142\u00f3wnie stany \u015brednie i niskie, lokalnie wysokie. Dominowa\u0107 b\u0119dzie przebieg wyr\u00f3wnany i opadanie stanu wody. W wyniku och\u0142odzenia (r\u00f3wnie\u017c silnego mrozu) nale\u017cy spodziewa\u0107 si\u0119 dalszego rozwoju zjawisk lodowych i punktowych wzrost\u00f3w i waha\u0144 stanu wody. Jedynie miejscami na po\u0142udniu Polski jeszcze okresowo pojawi si\u0119 dodatnia temperatura powietrza i tam narastanie zjawisk lodowych b\u0119dzie spowolnione.  \n<\/p>\n\n\n\n<p><strong>W horyzoncie prognoz d\u0142ugoterminowych<\/strong>:\n<\/p>\n\n\n\n<p>\n  Na podstawie analizy danych ze stacji synoptycznych pokrywa \u015bnie\u017cna utrzymuje si\u0119 w najwi\u0119kszej mierze w dorzeczu Wis\u0142y (p\u00f3\u0142nocno-wschodnia Polska), z czego najwy\u017csza jej mi\u0105\u017cszo\u015b\u0107 poza szczytami Tatr i Sudet\u00f3w dominuje w p\u00f3\u0142nocno-wschodniej, wschodniej cz\u0119\u015bci Polski i dochodzi do ok. 30 cm w zlewni \u0141yny.\n<\/p>\n\n\n\n<p>\n  Obecnie najwi\u0119ksza mi\u0105\u017cszo\u015b\u0107 pokrywy \u015bnie\u017cnej zosta\u0142a zmierzona na stacji Olsztyn w zlewni \u0141yny i wynosi\u0142a 29 cm.&nbsp;Najwy\u017csza zawarto\u015b\u0107 wody w \u015bniegu wyst\u0119puje w zlewniach rzek p\u00f3\u0142nocno-wschodniej cz\u0119\u015bci Polski, w szczeg\u00f3lno\u015bci zlewni Wkry i \u0141yny (ok. 60 mm).&nbsp;Z prognoz hydrologicznych modeli d\u0142ugoterminowych  w pierwszej po\u0142owie marca mo\u017ce doj\u015b\u0107 do zwi\u0119kszenia intensyfikacji topnienia pokrywy \u015bnie\u017cnej, co prze\u0142o\u017cy si\u0119 na wzrosty stan\u00f3w wody w ciekach z mo\u017cliwymi miejscami przekroczeniem stan\u00f3w umownych.\n<\/p>\n\n\n\n<p>\n  D\u0142ugoterminowa prognoza hydrologiczna opracowywana jest na podstawie d\u0142ugoterminowych prognoz z modelu numerycznego ECMWF.\n<\/p>\n\n\n\n<figure class=\"wp-block-image\"><img loading=\"lazy\" decoding=\"async\" width=\"919\" height=\"1151\" src=\"https:\/\/imgw.pl\/wp-content\/uploads\/2026\/02\/obraz-zawierajacy-tekst-zrzut-ekranu-zawartosc-w.png\" alt=\"Obraz zawieraj\u0105cy tekst, zrzut ekranuZawarto\u015b\u0107 wygenerowana przez AI mo\u017ce by\u0107 niepoprawna.\" class=\"wp-image-23586\" srcset=\"https:\/\/imgw.pl\/wp-content\/uploads\/2026\/02\/obraz-zawierajacy-tekst-zrzut-ekranu-zawartosc-w.png 919w, https:\/\/imgw.pl\/wp-content\/uploads\/2026\/02\/obraz-zawierajacy-tekst-zrzut-ekranu-zawartosc-w-240x300.png 240w, https:\/\/imgw.pl\/wp-content\/uploads\/2026\/02\/obraz-zawierajacy-tekst-zrzut-ekranu-zawartosc-w-818x1024.png 818w, https:\/\/imgw.pl\/wp-content\/uploads\/2026\/02\/obraz-zawierajacy-tekst-zrzut-ekranu-zawartosc-w-768x962.png 768w, https:\/\/imgw.pl\/wp-content\/uploads\/2026\/02\/obraz-zawierajacy-tekst-zrzut-ekranu-zawartosc-w-10x12.png 10w\" sizes=\"auto, (max-width: 919px) 100vw, 919px\" \/><\/figure>\n\n\n\n<p>\n  D\u0142ugoterminowa prognoza powietrza z modelu numerycznego ECMWF.\n<\/p>\n\n\n\n<p><strong>Aktualna sytuacja hydrologiczna, prognozy oraz ostrze\u017cenia dost\u0119pne zawsze w&nbsp;Serwisie hydrologicznym IMGW-PIB (<\/strong><a href=\"https:\/\/hydro.imgw.pl\/\"><strong>hydro.imgw.pl<\/strong><\/a><strong>).<\/strong>\n<\/p>\n\n\n\n<p><strong>Apelujemy o sprawdzanie aktualizowanych prognoz oraz ostrze\u017ce\u0144 meteorologicznych i hydrologicznych na portalach IMGW-PIB: <\/strong>\n  <br><a href=\"https:\/\/meteo.imgw.pl\/\"><strong>https:\/\/meteo.imgw.pl\/<\/strong><\/a><strong>  i <\/strong><a href=\"https:\/\/hydro.imgw.pl\/\"><strong>https:\/\/hydro.imgw.pl\/<\/strong><\/a>\n<\/p>\n\n\n\n<p><strong>IMGW-PIB ZESP\u00d3\u0141 KOMUNIKACJI<\/strong><br>E. <a href=\"mailto:biuroprasowe@imgw.pl\">biuroprasowe@imgw.pl<\/a> | T. +48 503 122 100<br><strong>Social Media:<\/strong> Facebook (Meteoimgw), X (imgwmeteo), Instagram (imgwmeteopolska), LinkedIn (IMGW), YouTube (IMGWMETEO), TikTok (imgwmeteo), Bluesky (<a href=\"mailto:@imgwmeteo.bsky.social\">@imgwmeteo. bsky.social<\/a>), Threads (imgwmeteopolska)<\/p>\n\n\n\n<p><strong>SERWIS POGODOWY DLA POLSKI:<\/strong> <a href=\"https:\/\/meteo.imgw.pl\/\">https:\/\/meteo.imgw.pl\/<\/a><br><strong>SERWIS HYDROLOGICZNY DLA POLSKI<\/strong>: <a href=\"https:\/\/hydro.imgw.pl\/\">https:\/\/hydro.imgw.pl\/<\/a><br><strong>SERWIS MODELI NUMERYCZNYCH POGODY W IMGW<\/strong>: <a href=\"https:\/\/modele.imgw.pl\/\">https:\/\/modele.imgw.pl\/<\/a><br><strong>APLIKACJA MOBILNA:<\/strong> <a href=\"http:\/\/aplikacjameteo.imgw.pl\/\">http:\/\/aplikacjameteo.imgw.pl\/<\/a><br><strong>SERWIS Z CA\u0141OROCZN\u0104 POGOD\u0104 DLA G\u00d3R:<\/strong> <a href=\"http:\/\/gory.imgw.pl\/\">http:\/\/gory.imgw.pl\/<\/a><br><strong>DARMOWY WIDGET POGODOWY:<\/strong> <a href=\"http:\/\/widgetmeteo.imgw.pl\/\">http:\/\/widgetmeteo.imgw.pl\/<\/a><\/p>\n\n\n\n<p>\n  IMGW-PIB. Instytut pe\u0142ni kluczow\u0105 rol\u0119 w os\u0142onie meteorologicznej kraju od 1919 roku. Od Tatr po Ba\u0142tyk, od Karpat po Zalew Szczeci\u0144ski analizujemy, dostarczamy prognozy i wydajemy ostrze\u017cenie. Nasze systemy informacyjne i rozwi\u0105zania dzia\u0142aj\u0105 24\/7 przez ca\u0142y rok, wsparte wiedz\u0105 i&nbsp;do\u015bwiadczeniem analityk\u00f3w i specjalist\u00f3w meteorologii i hydrologii. Jeste\u015bmy Instytutem skupiaj\u0105cym wysokiej klasy specjalist\u00f3w i&nbsp;dysponujemy niezb\u0119dn\u0105 infrastruktur\u0105 do pracy nad nim. Pogoda i klimat to jeden z najwa\u017cniejszych temat\u00f3w we wsp\u00f3\u0142czesnym \u015bwiecie.\n<\/p>\n\n\n\n<p><strong>Opracowanie<\/strong>:<br><strong>Centrum Meteorologicznej Os\u0142ony Kraju<\/strong><br><strong>Centrum Hydrologicznej Os\u0142ony Kraju<\/strong> <br><\/p>\n\n\n\n<p><strong>Komunikat nr 36 \u2013 opracowany i opublikowany 04 lutego 2026 roku.<\/strong>\n<\/p>","protected":false},"excerpt":{"rendered":"<p>Sytuacja meteorologiczna (04.02.2026, stan na godz. 14:00) Aktualnie obowi\u0105zuj\u0105ce ostrze\u017cenia: Szczeg\u00f3\u0142owe terminy wa\u017cno\u015bci ostrze\u017ce\u0144 dla poszczeg\u00f3lnych region\u00f3w dost\u0119pne s\u0105 na stronie: https:\/\/meteo.imgw.pl\/dyn\/index.html#osmet=true . Ostrze\u017cenia obowi\u0105zuj\u0105 od wczorajszego wieczora i przewiduje si\u0119, \u017ce b\u0119d\u0105 aktualizowane w kolejnych dniach a\u017c do momentu zupe\u0142nego ust\u0105pienia zjawiska znad obszaru Polski (najprawdopodobniej sobot\u0119). W zadanym czasie nad Polsk\u0105 przewiduje si\u0119 [&hellip;]<\/p>\n","protected":false},"author":2,"featured_media":23575,"comment_status":"closed","ping_status":"closed","sticky":false,"template":"","format":"standard","meta":{"footnotes":""},"categories":[5],"tags":[54,35],"class_list":["post-23574","post","type-post","status-publish","format-standard","has-post-thumbnail","hentry","category-aktualnosci","tag-ostrzezenia","tag-prognoza"],"_links":{"self":[{"href":"https:\/\/imgw.pl\/en\/wp-json\/wp\/v2\/posts\/23574","targetHints":{"allow":["GET"]}}],"collection":[{"href":"https:\/\/imgw.pl\/en\/wp-json\/wp\/v2\/posts"}],"about":[{"href":"https:\/\/imgw.pl\/en\/wp-json\/wp\/v2\/types\/post"}],"author":[{"embeddable":true,"href":"https:\/\/imgw.pl\/en\/wp-json\/wp\/v2\/users\/2"}],"replies":[{"embeddable":true,"href":"https:\/\/imgw.pl\/en\/wp-json\/wp\/v2\/comments?post=23574"}],"version-history":[{"count":3,"href":"https:\/\/imgw.pl\/en\/wp-json\/wp\/v2\/posts\/23574\/revisions"}],"predecessor-version":[{"id":23593,"href":"https:\/\/imgw.pl\/en\/wp-json\/wp\/v2\/posts\/23574\/revisions\/23593"}],"wp:featuredmedia":[{"embeddable":true,"href":"https:\/\/imgw.pl\/en\/wp-json\/wp\/v2\/media\/23575"}],"wp:attachment":[{"href":"https:\/\/imgw.pl\/en\/wp-json\/wp\/v2\/media?parent=23574"}],"wp:term":[{"taxonomy":"category","embeddable":true,"href":"https:\/\/imgw.pl\/en\/wp-json\/wp\/v2\/categories?post=23574"},{"taxonomy":"post_tag","embeddable":true,"href":"https:\/\/imgw.pl\/en\/wp-json\/wp\/v2\/tags?post=23574"}],"curies":[{"name":"wp","href":"https:\/\/api.w.org\/{rel}","templated":true}]}}