{"id":23632,"date":"2026-02-07T22:41:40","date_gmt":"2026-02-07T21:41:40","guid":{"rendered":"https:\/\/imgw.pl\/?p=23632"},"modified":"2026-02-12T08:48:11","modified_gmt":"2026-02-12T07:48:11","slug":"aktualna-i-prognozowana-sytuacja-meteorologiczna-3","status":"publish","type":"post","link":"https:\/\/imgw.pl\/en\/aktualna-i-prognozowana-sytuacja-meteorologiczna-3\/","title":{"rendered":"Aktualna i prognozowana sytuacja meteorologiczno-hydrologiczna"},"content":{"rendered":"<p class=\"has-small-font-size\">Stan na 07.02.2026, godz. 15:00 \u2013 opracowanie Centrum Meteorologicznej Os\u0142ony Kraju IMGW-PIB<\/p>\n\n\n\n<p><strong>1. Najwa\u017cniejsze zagro\u017cenie: OBLODZENIE I GO\u0141OLED\u0179<\/strong><\/p>\n\n\n\n<p>W najbli\u017cszych dniach utrzymaj\u0105 si\u0119 warunki sprzyjaj\u0105ce \u015blisko\u015bci nawierzchni w wyniku oblodzenia lub s\u0142abych, miejscowych opad\u00f3w marzn\u0105cych. Na p\u00f3\u0142nocnym wschodzie prognozowane jest wyra\u017ane och\u0142odzenie, zw\u0142aszcza w nocy z niedzieli na poniedzia\u0142ek oraz z wtorku na \u015brod\u0119.<\/p>\n\n\n\n<p><strong>2. Aktualne ostrze\u017cenia meteorologiczne w podziale na regiony ostrze\u017ce\u0144 (czas wa\u017cno\u015bci od \u2013 do)<\/strong><\/p>\n\n\n\n<p>1) Oblodzenie\/1 (08.02, 00:00\u201318:00): dolno\u015bl\u0105skie (liczne powiaty), ma\u0142opolskie (ca\u0142e), opolskie (ca\u0142e), podkarpackie (cz\u0119\u015b\u0107 po\u0142udniowa i centralna), \u015bl\u0105skie (ca\u0142e).<\/p>\n\n\n\n<p>2) Oblodzenie\/1 (07.02, 21:00\u201308.02, 11:00): dolno\u015bl\u0105skie (cz\u0119\u015b\u0107 p\u00f3\u0142nocna i centralna), lubuskie (SW), \u0142\u00f3dzkie (SW), podkarpackie (p\u00f3\u0142noc), \u015bwi\u0119tokrzyskie (ca\u0142e), wielkopolskie (po\u0142udnie i centrum).<\/p>\n\n\n\n<p>3) Opady marzn\u0105ce\/1 (07.02, 09:58\u201321:00): kujawsko-pomorskie (ca\u0142e), lubelskie (ca\u0142e), lubuskie (cz\u0119\u015b\u0107 centralna i p\u00f3\u0142nocna), \u0142\u00f3dzkie (p\u00f3\u0142noc i centrum), mazowieckie (ca\u0142e), podlaskie (zach\u00f3d i centrum), wielkopolskie (centrum i p\u00f3\u0142noc), zachodniopomorskie (po\u0142udnie).<\/p>\n\n\n\n<p><strong>3. Prognoza zagro\u017ce\u0144 08\u201311 lutego (doby dla poszczeg\u00f3lnych dni od 07:30 danego dnia do 07:30 dnia nast\u0119pnego)<\/strong><\/p>\n\n\n\n<p><strong>08.02 \u2013 niedziela<\/strong><\/p>\n\n\n\n<ol class=\"wp-block-list\">\n<li>oblodzenie\/1: dolno\u015bl\u0105skie, ma\u0142opolskie, opolskie, podkarpackie, \u015bl\u0105skie, \u015bwi\u0119tokrzyskie;<\/li>\n\n\n\n<li>silny mr\u00f3z\/1: podlaskie, warmi\u0144sko-mazurskie.<\/li>\n<\/ol>\n\n\n\n<p><strong>09.02 \u2013 poniedzia\u0142ek<\/strong><\/p>\n\n\n\n<ol class=\"wp-block-list\">\n<li>opady marzn\u0105ce\/1: dolno\u015bl\u0105skie, ma\u0142opolskie, opolskie, \u015bl\u0105skie, \u015bwi\u0119tokrzyskie;<\/li>\n\n\n\n<li>silny mr\u00f3z\/1: podlaskie, warmi\u0144sko-mazurskie.<\/li>\n<\/ol>\n\n\n\n<p><strong>10.02 \u2013 wtorek<\/strong><\/p>\n\n\n\n<ol class=\"wp-block-list\">\n<li>opady marzn\u0105ce\/1: \u0142\u00f3dzkie, ma\u0142opolskie, mazowieckie, opolskie, \u015bl\u0105skie, \u015bwi\u0119tokrzyskie.<\/li>\n<\/ol>\n\n\n\n<p><strong>11.02 \u2013 \u015broda<\/strong><\/p>\n\n\n\n<ol class=\"wp-block-list\">\n<li>oblodzenie\/1: kujawsko-pomorskie, pomorskie, zachodniopomorskie.<\/li>\n\n\n\n<li>opady marzn\u0105ce\/1 (prawdopodobie\u0144stwo niskie): miejscami na p\u00f3\u0142nocy, w centrum i na wschodzie kraju.<\/li>\n<\/ol>\n\n\n\n<p><strong>4. Wnioski operacyjne, rekomendacje.<\/strong><\/p>\n\n\n\n<p>\u2013 Zapewni\u0107 prewencyjne dzia\u0142ania przeciwoblodzeniowe na drogach i chodnikach, zw\u0142aszcza wieczorem i w nocy, kiedy temperatury spadn\u0105 poni\u017cej 0\u00b0C \u2014 r\u00f3wnie\u017c w okresach bez opad\u00f3w.<\/p>\n\n\n\n<p>\u2013 Monitorowa\u0107 lokalnie wyst\u0119powanie cienkiej, trudnej do wykrycia warstwy lodu (\u201eszklanka\u201d), szczeg\u00f3lnie na drogach lokalnych, wiaduktach, mostach, zatokach autobusowych i chodnikach.<\/p>\n\n\n\n<p>\u2013 Utrzyma\u0107 gotowo\u015b\u0107 s\u0142u\u017cb drogowych, poniewa\u017c \u015blisko\u015b\u0107 mo\u017ce pojawia\u0107 si\u0119 dynamicznie, punktowo i w kr\u00f3tkich przedzia\u0142ach czasu, zw\u0142aszcza po zachodzie s\u0142o\u0144ca oraz nad ranem.<\/p>\n\n\n\n<p><strong>Aktualna sytuacja meteorologiczna, prognozy oraz ostrze\u017cenia dost\u0119pne zawsze w serwisie meteorologicznym IMGW-PIB (meteo.imgw.pl).<\/strong><\/p>\n\n\n\n<p>Aktualne ostrze\u017cenia meteorologiczne. Opis skr\u00f3t\u00f3w: OM &#8211; opady marzn\u0105ce, OB. &#8211; oblodzenie. Po uko\u015bniku stopie\u0144 zagro\u017cenia, poni\u017cej czas obowi\u0105zywania od &#8211; do.<\/p>\n\n\n\n<figure class=\"wp-block-image size-large\"><img loading=\"lazy\" decoding=\"async\" width=\"1024\" height=\"490\" src=\"https:\/\/imgw.pl\/wp-content\/uploads\/2026\/02\/rys1-3-1024x490.jpg\" alt=\"\" class=\"wp-image-23633\" srcset=\"https:\/\/imgw.pl\/wp-content\/uploads\/2026\/02\/rys1-3-1024x490.jpg 1024w, https:\/\/imgw.pl\/wp-content\/uploads\/2026\/02\/rys1-3-300x144.jpg 300w, https:\/\/imgw.pl\/wp-content\/uploads\/2026\/02\/rys1-3-768x368.jpg 768w, https:\/\/imgw.pl\/wp-content\/uploads\/2026\/02\/rys1-3-18x9.jpg 18w, https:\/\/imgw.pl\/wp-content\/uploads\/2026\/02\/rys1-3.jpg 1071w\" sizes=\"auto, (max-width: 1024px) 100vw, 1024px\" \/><\/figure>\n\n\n\n<p class=\"has-text-align-center\"><strong>Aktualna i prognozowana sytuacja hydrologiczna (07.02.2026 godz. 12:00)<\/strong><\/p>\n\n\n\n<p>Na rzekach w Polsce stan wody uk\u0142ada si\u0119 przewa\u017cnie w strefie <strong>wody \u015bredniej<\/strong> (53% stacji hydrologicznych), <strong>niskiej<\/strong> (41%) i lokalnie stan wody <strong>wysokiej<\/strong> (6%) (Rys. 1). Obecnie brak przekrocze\u0144 <strong>stanu alarmowego<\/strong>, a <strong>stan ostrzegawczy<\/strong> jest przekroczony na 1 stacji w&nbsp;dorzeczu Wis\u0142y (o 2 cm na stacji hydrologicznej Tuchola na Brdzie) i osi\u0105gni\u0119ty na 1 stacji w&nbsp;dorzeczu Odry (stacja hydrologiczna Go\u015bcimiec na Noteci).<\/p>\n\n\n\n<p><strong>Obowi\u0105zuj\u0105 ostrze\u017cenia hydrologiczne<\/strong>:<\/p>\n\n\n\n<p><strong>&#8211; 2 st.<\/strong> (wezbranie z przekroczeniem stan\u00f3w ostrzegawczych) dla rzeki S\u0119k\u00f3wka (woj. ma\u0142opolskie, wa\u017cne do 08.02.2026 godziny 10:00);<\/p>\n\n\n\n<p><strong>&#8211; 2 st.<\/strong> (wezbranie z przekroczeniem stan\u00f3w ostrzegawczych) dla rzeki Note\u0107 (woj. lubuskie, wa\u017cne do 07.02.2026 godziny 20:00 \u2013 istnieje mo\u017cliwo\u015b\u0107 przed\u0142u\u017cenia je\u017celi b\u0119dzie dalszy wzrost stanu wody);<\/p>\n\n\n\n<p><strong>&#8211; 1 st.<\/strong> (gwa\u0142towne wzrosty stan\u00f3w wody) dla rzeki Wel (warmi\u0144sko-mazurskie, wa\u017cne do 08.02.2026 godz. 13:00);<\/p>\n\n\n\n<p><strong>&#8211; dot.&nbsp; suszy hydrologicznej<\/strong> dla rzek w woj. ma\u0142opolskim, \u015bl\u0105skim, \u015bwi\u0119tokrzyskim (Rys. 2).<\/p>\n\n\n\n<p><strong>W najbli\u017cszych dniach<\/strong> na rzekach w przewa\u017ca\u0107 b\u0119d\u0105 stabilizacja i lokalnie wzrosty stan\u00f3w wody g\u0142\u00f3wnie w strefie wody \u015bredniej i niskiej. G\u0142\u00f3wnym zagro\u017ceniem hydrologicznym pozostan\u0105 <strong>zjawiska lodowe<\/strong>, kt\u00f3re mog\u0105 prowadzi\u0107 do <strong>lokalnych wzrost\u00f3w i waha\u0144 stanu wody<\/strong> \u2013 r\u00f3wnie\u017c w strefie wody wysokiej. Dotyczy to w szczeg\u00f3lno\u015bci karpackich dop\u0142yw\u00f3w Wis\u0142y, dolnego odcinka Wis\u0142y oraz zlewni Narwi, Drw\u0119cy i Brdy, dolnego odcinka Odry oraz zlewni dolnej i&nbsp;\u015brodkowej Warty i Noteci. Punktowo nie mo\u017cna wykluczy\u0107 utworzenia si\u0119 <strong>zator\u00f3w lodowych<\/strong>.<\/p>\n\n\n\n<p>Na po\u0142udniu i zachodzie kraju odwil\u017c spowoduje miejscowe ust\u0119powanie zjawisk lodowych oraz stopniowe topnienie pokrywy \u015bnie\u017cnej. Prognozowane s\u0105 r\u00f3wnie\u017c nieznaczne opady deszczu,&nbsp;deszczu ze \u015bniegiem, a w nocy w g\u00f3rach \u015bniegu. Powy\u017csze czynniki prze\u0142o\u017c\u0105 si\u0119 na lokalne wzrost stanu wody w&nbsp;obecnych strefach, a miejscami tak\u017ce na osi\u0105ganie strefy wody wysokiej z mo\u017cliwo\u015bci\u0105 punktowego przekroczenia stan\u00f3w umownych.<\/p>\n\n\n\n<p>Zjawiska lodowe na rzekach wyst\u0119puj\u0105 niemal w ca\u0142ym dorzeczu Wis\u0142y, g\u0142\u00f3wnie w postaci pokrywy lodowej oraz lodu brzegowego. Poch\u00f3d kry notowany jest na Bia\u0142ej Tarnowskiej (dop\u0142yw Dunajca), natomiast zator lodowy odnotowano na Sanie. Na zachodzie Polski, w dorzeczu Odry, zjawiska lodowe wyst\u0119puj\u0105 w mniejszym stopniu ni\u017c w dorzeczu Wis\u0142y, co jest zwi\u0105zane z&nbsp;wy\u017cszymi temperaturami powietrza (Rys. 3). W uj\u015bciowym odcinku Noteci wyst\u0119puje zator lodowy. \u015ary\u017c i\/lub l\u00f3d brzegowy obserwowano lokalnie na Odrze&nbsp;i Nysie K\u0142odzkiej oraz w zlewni Warty, a pokryw\u0119 lodow\u0105 zanotowano na dolnej Odrze, Nysie K\u0142odzkiej&nbsp;oraz dolnej Warcie.<\/p>\n\n\n\n<p>Aktualnie najwi\u0119ksza <strong>grubo\u015b\u0107 pokrywy \u015bnie\u017cnej<\/strong>, poza szczytami Tatr i Sudet\u00f3w, notowana jest w p\u00f3\u0142nocno-wschodniej i wschodniej cz\u0119\u015bci Polski. Dochodzi do ok. 30 cm (Olsztyn 28cm -zlewnia \u0141yny). Podobnie rozk\u0142ada si\u0119 najwi\u0119ksza zawarto\u015b\u0107 wody w \u015bniegu si\u0119gaj\u0105ca 60 \u2013 70mm (zlewnie rzek p\u00f3\u0142nocno-wschodniej cz\u0119\u015bci Polski, w szczeg\u00f3lno\u015bci \u0141yny i Wkry). Stopniowo pokrywa \u015bnie\u017cna zanika na po\u0142udniu kraju w zwi\u0105zku z utrzymuj\u0105c\u0105 si\u0119 dodatni\u0105 temperatur\u0105.<\/p>\n\n\n\n<p><strong>W dalszym okresie prognostycznych<\/strong>, zgodnie z d\u0142ugoterminowymi prognozami hydrologicznymi (obliczanymi z uwzgl\u0119dnieniem wi\u0105zki prognoz modelu numerycznego ECMWF), pod koniec lutego i w pierwszej po\u0142owie marca mo\u017ce doj\u015b\u0107 do intensyfikacji <strong>roztop\u00f3w<\/strong>, co prze\u0142o\u017cy si\u0119 na <strong>wzrosty stan\u00f3w wody<\/strong> w ciekach w dorzeczu Wis\u0142y i rzek Przymorza (w&nbsp;szczeg\u00f3lno\u015bci rzeki p\u00f3\u0142nocno-wschodniej Polski) z mo\u017cliwymi miejscowymi przekroczeniami stan\u00f3w umownych. Znacz\u0105cy wp\u0142yw na przebieg wezbra\u0144 b\u0119d\u0105 mia\u0142y r\u00f3wnie\u017c <strong>zjawiska lodowe<\/strong> powoduj\u0105ce <strong>miejscowe pi\u0119trzenie stanu wody<\/strong>.<\/p>\n\n\n\n<p><strong>Aktualna sytuacja hydrologiczna, prognozy oraz ostrze\u017cenia dost\u0119pne zawsze w Serwisie hydrologicznym IMGW-PIB (<\/strong><a href=\"https:\/\/hydro.imgw.pl\"><strong>hydro.imgw.pl<\/strong><\/a><strong>).<\/strong><\/p>\n\n\n\n<p class=\"has-small-font-size\">Opracowanie: Centrum Hydrologicznej Os\u0142ony Kraju IMGW-PIB<\/p>\n\n\n\n<figure class=\"wp-block-image size-full\"><img loading=\"lazy\" decoding=\"async\" width=\"898\" height=\"498\" src=\"https:\/\/imgw.pl\/wp-content\/uploads\/2026\/02\/h1-3.jpg\" alt=\"\" class=\"wp-image-23634\" srcset=\"https:\/\/imgw.pl\/wp-content\/uploads\/2026\/02\/h1-3.jpg 898w, https:\/\/imgw.pl\/wp-content\/uploads\/2026\/02\/h1-3-300x166.jpg 300w, https:\/\/imgw.pl\/wp-content\/uploads\/2026\/02\/h1-3-768x426.jpg 768w, https:\/\/imgw.pl\/wp-content\/uploads\/2026\/02\/h1-3-18x10.jpg 18w\" sizes=\"auto, (max-width: 898px) 100vw, 898px\" \/><\/figure>\n\n\n\n<p>Rys. 1. <a href=\"https:\/\/hydro.imgw.pl\/#\/map?warn=hydro&amp;bl=hydro&amp;tstp=24&amp;zo=6.92408502587485&amp;lo=19.189&amp;la=52.0195\">Stan wody na rzekach w Polsce<\/a>, stan na godz. 12:00 dnia 07.02.2026 r.<\/p>\n\n\n\n<figure class=\"wp-block-image size-full\"><img loading=\"lazy\" decoding=\"async\" width=\"828\" height=\"512\" src=\"https:\/\/imgw.pl\/wp-content\/uploads\/2026\/02\/2.jpg\" alt=\"\" class=\"wp-image-23635\" srcset=\"https:\/\/imgw.pl\/wp-content\/uploads\/2026\/02\/2.jpg 828w, https:\/\/imgw.pl\/wp-content\/uploads\/2026\/02\/2-300x186.jpg 300w, https:\/\/imgw.pl\/wp-content\/uploads\/2026\/02\/2-768x475.jpg 768w, https:\/\/imgw.pl\/wp-content\/uploads\/2026\/02\/2-18x12.jpg 18w\" sizes=\"auto, (max-width: 828px) 100vw, 828px\" \/><\/figure>\n\n\n\n<p>Rys. 2. <a href=\"https:\/\/hydro.imgw.pl\/#\/map?warn=hydro&amp;bl=hydro&amp;tstp=24&amp;zo=6.92408502587485&amp;lo=19.189&amp;la=52.0195\">Ostrze\u017cenia hydrologiczne<\/a>, stan na godz. 12:00 dnia 07.02.2026 r.<\/p>\n\n\n\n<figure class=\"wp-block-image size-full\"><img loading=\"lazy\" decoding=\"async\" width=\"921\" height=\"579\" src=\"https:\/\/imgw.pl\/wp-content\/uploads\/2026\/02\/h3-2.jpg\" alt=\"\" class=\"wp-image-23636\" srcset=\"https:\/\/imgw.pl\/wp-content\/uploads\/2026\/02\/h3-2.jpg 921w, https:\/\/imgw.pl\/wp-content\/uploads\/2026\/02\/h3-2-300x189.jpg 300w, https:\/\/imgw.pl\/wp-content\/uploads\/2026\/02\/h3-2-768x483.jpg 768w, https:\/\/imgw.pl\/wp-content\/uploads\/2026\/02\/h3-2-18x12.jpg 18w\" sizes=\"auto, (max-width: 921px) 100vw, 921px\" \/><\/figure>\n\n\n\n<p>Rys. 3. <a href=\"https:\/\/hydro.imgw.pl\/#\/map?bl=hydro&amp;tstp=24&amp;zo=6.92408502587485&amp;lo=19.189&amp;la=52.0195&amp;ts=202602060900&amp;omt=2&amp;ice=true\">Zjawiska lodowe na rzekach w Polsce<\/a>, stan na godz. 12:00 dnia 07.02.2026 r.<\/p>","protected":false},"excerpt":{"rendered":"<p>Stan na 07.02.2026, godz. 15:00 \u2013 opracowanie Centrum Meteorologicznej Os\u0142ony Kraju IMGW-PIB 1. Najwa\u017cniejsze zagro\u017cenie: OBLODZENIE I GO\u0141OLED\u0179 W najbli\u017cszych dniach utrzymaj\u0105 si\u0119 warunki sprzyjaj\u0105ce \u015blisko\u015bci nawierzchni w wyniku oblodzenia lub s\u0142abych, miejscowych opad\u00f3w marzn\u0105cych. Na p\u00f3\u0142nocnym wschodzie prognozowane jest wyra\u017ane och\u0142odzenie, zw\u0142aszcza w nocy z niedzieli na poniedzia\u0142ek oraz z wtorku na \u015brod\u0119. 2. [&hellip;]<\/p>\n","protected":false},"author":2,"featured_media":23633,"comment_status":"closed","ping_status":"closed","sticky":false,"template":"","format":"standard","meta":{"footnotes":""},"categories":[5],"tags":[54,35],"class_list":["post-23632","post","type-post","status-publish","format-standard","has-post-thumbnail","hentry","category-aktualnosci","tag-ostrzezenia","tag-prognoza"],"_links":{"self":[{"href":"https:\/\/imgw.pl\/en\/wp-json\/wp\/v2\/posts\/23632","targetHints":{"allow":["GET"]}}],"collection":[{"href":"https:\/\/imgw.pl\/en\/wp-json\/wp\/v2\/posts"}],"about":[{"href":"https:\/\/imgw.pl\/en\/wp-json\/wp\/v2\/types\/post"}],"author":[{"embeddable":true,"href":"https:\/\/imgw.pl\/en\/wp-json\/wp\/v2\/users\/2"}],"replies":[{"embeddable":true,"href":"https:\/\/imgw.pl\/en\/wp-json\/wp\/v2\/comments?post=23632"}],"version-history":[{"count":3,"href":"https:\/\/imgw.pl\/en\/wp-json\/wp\/v2\/posts\/23632\/revisions"}],"predecessor-version":[{"id":23686,"href":"https:\/\/imgw.pl\/en\/wp-json\/wp\/v2\/posts\/23632\/revisions\/23686"}],"wp:featuredmedia":[{"embeddable":true,"href":"https:\/\/imgw.pl\/en\/wp-json\/wp\/v2\/media\/23633"}],"wp:attachment":[{"href":"https:\/\/imgw.pl\/en\/wp-json\/wp\/v2\/media?parent=23632"}],"wp:term":[{"taxonomy":"category","embeddable":true,"href":"https:\/\/imgw.pl\/en\/wp-json\/wp\/v2\/categories?post=23632"},{"taxonomy":"post_tag","embeddable":true,"href":"https:\/\/imgw.pl\/en\/wp-json\/wp\/v2\/tags?post=23632"}],"curies":[{"name":"wp","href":"https:\/\/api.w.org\/{rel}","templated":true}]}}