{"id":23654,"date":"2026-02-09T15:43:31","date_gmt":"2026-02-09T14:43:31","guid":{"rendered":"https:\/\/imgw.pl\/?p=23654"},"modified":"2026-02-09T15:43:33","modified_gmt":"2026-02-09T14:43:33","slug":"prognoza-pogody-na-tydzien-09-02-15-02-2026","status":"publish","type":"post","link":"https:\/\/imgw.pl\/en\/prognoza-pogody-na-tydzien-09-02-15-02-2026\/","title":{"rendered":"Prognoza pogody na tydzie\u0144 09.02. \u2013 15.02.2026"},"content":{"rendered":"<p><strong>Pocz\u0105tek tygodnia przyniesie wi\u0119cej s\u0142o\u0144ca, ale te\u017c, prawie w ca\u0142ym kraju, ca\u0142odobowy mr\u00f3z. W\u00a0nocy z poniedzia\u0142ku na wtorek na p\u00f3\u0142nocnym wschodzie temperatura spa\u015b\u0107 mo\u017ce nawet do oko\u0142o \u201318\u00b0C. Od wtorku z po\u0142udniowego zachodu post\u0119powa\u0107 b\u0119dzie ocieplenie, kt\u00f3re przyniesie opady \u015bniegu przechodz\u0105ce w deszcz ze \u015bniegiem i deszcz, przej\u015bciowo tak\u017ce marzn\u0105cy powoduj\u0105cy go\u0142oled\u017a. W czwartek na po\u0142udniu Polski na termometrach w najcieplejszym momencie dnia niewykluczone nawet oko\u0142o 10\u00b0C. Przysz\u0142y weekend mo\u017ce przynie\u015b\u0107 niewielkie och\u0142odzenie, szczeg\u00f3lnie nocami na p\u00f3\u0142nocnym wschodzie, oraz opady \u015bniegu w ca\u0142ym kraju i nieco silniejszy wiatr na zachodzie.<\/strong><\/p>\n\n\n\n<figure class=\"wp-block-image size-full\"><img loading=\"lazy\" decoding=\"async\" width=\"730\" height=\"724\" src=\"https:\/\/imgw.pl\/wp-content\/uploads\/2026\/02\/IMGW_0209-Prognoza-pogody-na-tydzien-09-15.2026-rys-1.png\" alt=\"\" class=\"wp-image-23655\" srcset=\"https:\/\/imgw.pl\/wp-content\/uploads\/2026\/02\/IMGW_0209-Prognoza-pogody-na-tydzien-09-15.2026-rys-1.png 730w, https:\/\/imgw.pl\/wp-content\/uploads\/2026\/02\/IMGW_0209-Prognoza-pogody-na-tydzien-09-15.2026-rys-1-300x298.png 300w, https:\/\/imgw.pl\/wp-content\/uploads\/2026\/02\/IMGW_0209-Prognoza-pogody-na-tydzien-09-15.2026-rys-1-150x150.png 150w, https:\/\/imgw.pl\/wp-content\/uploads\/2026\/02\/IMGW_0209-Prognoza-pogody-na-tydzien-09-15.2026-rys-1-12x12.png 12w\" sizes=\"auto, (max-width: 730px) 100vw, 730px\" \/><\/figure>\n\n\n\n<p>Rys. 1. Synoptyczna prognoza pogody na tydzie\u0144 09-15.02.2026<\/p>\n\n\n\n<p><strong>P<\/strong><strong>oniedzia\u0142ek <\/strong>b\u0119dzie na og\u00f3\u0142 pogodny na p\u00f3\u0142nocnym wschodzie, p\u00f3\u0142nocy oraz miejscami w centrum kraju, ale okresami mo\u017cliwy jest wzrost zachmurzenia i s\u0142abe opady \u015bniegu. Na pozosta\u0142ym obszarze zachmurzenie b\u0119dzie du\u017ce z wi\u0119kszymi przeja\u015bnieniami, na po\u0142udniowym wschodzie rozpogodzenia. Miejscami s\u0142abe opady \u015bniegu. Temperatura maksymalna od \u201310\u00b0C na p\u00f3\u0142nocnym wschodzie, oko\u0142o \u20135\u00b0C w centrum, do 1\u00b0C na zachodzie i po\u0142udniowym zachodzie oraz 2\u00b0C lokalnie na obszarach podg\u00f3rskich w Karpatach. Wiatr b\u0119dzie s\u0142aby i umiarkowany, na po\u0142udniu okresami porywisty, na og\u00f3\u0142 wschodni i po\u0142udniowo-wschodni.<\/p>\n\n\n\n<p><strong>Noc z<\/strong> <strong>poniedzia\u0142ku na wtorek<\/strong> z silnym mrozem na p\u00f3\u0142nocnym wschodzie i Pomorzu Gda\u0144skim, gdzie temperatura minimalna spa\u015b\u0107 mo\u017ce do \u201319\u00b0C i \u201316\u00b0C, w centrum oko\u0142o \u201312\u00b0C. Jednocze\u015bnie na&nbsp;po\u0142udniu nad ranem temperatura minimalna wyniesie oko\u0142o \u20132\u00b0C i tam miejscami \u015bnieg przechodzi\u0142 b\u0119dzie w deszcz ze \u015bniegiem, a tak\u017ce deszcz marzn\u0105cy powoduj\u0105cy go\u0142oled\u017a.<\/p>\n\n\n\n<p>We <strong>wtorek <\/strong>zachmurzenie du\u017ce z wi\u0119kszymi przeja\u015bnieniami, a miejscami te\u017c z rozpogodzeniami. Na\u00a0po\u0142udniu pada\u0107 b\u0119dzie deszcz i deszcz ze \u015bniegiem, a miejscami te\u017c deszcz marzn\u0105cy powoduj\u0105cy go\u0142oled\u017a. Na pozosta\u0142ym obszarze s\u0142abe opady \u015bniegu. Najch\u0142odniej na p\u00f3\u0142nocnym wschodzie, oko\u0142o \u20135\u00b0C, w centrum oko\u0142o 0\u00b0C, na po\u0142udniu oko\u0142o 5\u00b0C, a na obszarach podg\u00f3rskich w Karpatach 6\u00b0C. Wiatr b\u0119dzie s\u0142aby, jedynie na obszarach podg\u00f3rskich w Karpatach umiarkowany i porywisty, na\u00a0Podkarpaciu w porywach do oko\u0142o 60 km\/h, z kierunk\u00f3w po\u0142udniowych.<\/p>\n\n\n\n<p><strong>\u015aroda<\/strong> pogodna na po\u0142udniowym wschodzie, ale tutaj mo\u017cliwy jest silniejszy wiatr, kt\u00f3ry na obszarach podg\u00f3rskich w Karpach osi\u0105ga\u0107 mo\u017ce do 65 km\/h. Na pozosta\u0142ym obszarze zachmurzenie b\u0119dzie na og\u00f3\u0142 du\u017ce z wi\u0119kszymi przeja\u015bnieniami. Na zachodzie pada\u0142 b\u0119dzie deszcz, na p\u00f3\u0142nocy oraz w centrum r\u00f3wnie\u017c deszcz ze \u015bniegiem, na p\u00f3\u0142nocnym wschodzie \u015bnieg. Miejscami na p\u00f3\u0142nocy i w centrum mo\u017cliwe s\u0105 opady marzn\u0105ce powoduj\u0105ce go\u0142oled\u017a. Najch\u0142odniej na p\u00f3\u0142nocy, od 0\u00b0C do 1\u00b0C, najcieplej na po\u0142udniu i po\u0142udniowym wschodzie, do 6-7\u00b0C.<\/p>\n\n\n\n<p>W <strong>czwartek <\/strong>na po\u0142udniowym wschodzie zachmurzenie umiarkowane, tylko okresami du\u017ce. Na&nbsp;pozosta\u0142ym obszarze zachmurzenie du\u017ce z wi\u0119kszymi przeja\u015bnieniami. Na zachodzie, p\u00f3\u0142nocy i&nbsp;w&nbsp;centrum opady deszczu, na p\u00f3\u0142nocy r\u00f3wnie\u017c deszczu ze \u015bniegiem, a na p\u00f3\u0142nocnym wschodzie przej\u015bciowo mo\u017cliwe opady marzn\u0105ce powoduj\u0105ce go\u0142oled\u017a. W dzie\u0144 najch\u0142odniej na p\u00f3\u0142nocy, od&nbsp;2\u00b0C&nbsp;do 3\u00b0C, w centrum oko\u0142o 6\u00b0C, najcieplej na po\u0142udniu, od 10\u00b0C do 12\u00b0C. Wiatr b\u0119dzie s\u0142aby i&nbsp;umiarkowany, tylko na obszarach podg\u00f3rskich w Karpatach okresami do\u015b\u0107 silny, w porywach do&nbsp;60&nbsp;km\/h, wia\u0142 b\u0119dzie z po\u0142udnia i po\u0142udniowego wschodu.<\/p>\n\n\n\n<p>W <strong>pi\u0105tek<\/strong> w ca\u0142ym kraju przewa\u017ca\u0107 b\u0119dzie zachmurzenie du\u017ce z wi\u0119kszymi przeja\u015bnieniami oraz przelotne opady deszczu, tylko na p\u00f3\u0142nocnym zachodzie i p\u00f3\u0142nocy miejscami deszczu ze \u015bniegiem. Temperatura maksymalna wyniesie od 1-2\u00b0C na p\u00f3\u0142nocy, oko\u0142o 4\u00b0C w centrum kraju, do 6-7\u00b0C na po\u0142udniu Polski. Wiatr s\u0142aby i umiarkowany, na zachodzie porywisty, nad morzem okresami do\u015b\u0107 silny, w porywach do 65 km\/h, z kierunk\u00f3w zachodnich.<\/p>\n\n\n\n<p><strong>Sobota i niedziela<\/strong> przynie\u015b\u0107 mo\u017ce och\u0142odzenie oraz opady \u015bniegu, w sobot\u0119 na zachodzie tak\u017ce deszczu, a na p\u00f3\u0142nocy te\u017c deszczu ze \u015bniegiem. W sobot\u0119 na Pomorzu Zachodnim oraz obszarach podg\u00f3rskich w Sudetach opady \u015bniegu mog\u0105 by\u0107&nbsp; intensywne. Pogodnie mo\u017ce by\u0107 tylko na po\u0142udniowym wschodzie Polski, szczeg\u00f3lnie w sobot\u0119, na pozosta\u0142ym obszarze przewa\u017ca\u0107 b\u0119dzie zachmurzenie du\u017ce z wi\u0119kszymi przeja\u015bnieniami. Nocami wr\u00f3ci mr\u00f3z, najch\u0142odniej b\u0119dzie na p\u00f3\u0142nocnym wschodzie kraju \u2013 nawet oko\u0142o \u20138\u00b0C. Na pozosta\u0142ym obszarze temperatura minimalna wynosi\u0107 b\u0119dzie od \u20136\u00b0C w centrum i na wschodzie do \u20131\u00b0C na zachodzie. W dzie\u0144 te\u017c nieco ch\u0142odniej, szczeg\u00f3lnie w niedziel\u0119, kiedy to w najcieplejszym momencie dnia na termometrach od \u20131\u00b0C i 0\u00b0C na&nbsp;p\u00f3\u0142nocy do 2-3\u00b0C na po\u0142udniu. W sobot\u0119 wiatr b\u0119dzie s\u0142aby, po\u0142udniowy i po\u0142udniowo-wschodni, w niedziel\u0119 umiarkowany i porywisty, zachodni i p\u00f3\u0142nocno-zachodni.<\/p>\n\n\n\n<figure class=\"wp-block-image size-full\"><img loading=\"lazy\" decoding=\"async\" width=\"600\" height=\"800\" src=\"https:\/\/imgw.pl\/wp-content\/uploads\/2026\/02\/IMGW_0209-Prognoza-pogody-na-tydzien-09-15.2026-rys.2.jpg\" alt=\"\" class=\"wp-image-23656\" srcset=\"https:\/\/imgw.pl\/wp-content\/uploads\/2026\/02\/IMGW_0209-Prognoza-pogody-na-tydzien-09-15.2026-rys.2.jpg 600w, https:\/\/imgw.pl\/wp-content\/uploads\/2026\/02\/IMGW_0209-Prognoza-pogody-na-tydzien-09-15.2026-rys.2-225x300.jpg 225w, https:\/\/imgw.pl\/wp-content\/uploads\/2026\/02\/IMGW_0209-Prognoza-pogody-na-tydzien-09-15.2026-rys.2-9x12.jpg 9w\" sizes=\"auto, (max-width: 600px) 100vw, 600px\" \/><\/figure>\n\n\n\n<p>Rys. 2. Fot. Sandra Sowi\u0144ska-Pazio<\/p>","protected":false},"excerpt":{"rendered":"<p>Pocz\u0105tek tygodnia przyniesie wi\u0119cej s\u0142o\u0144ca, ale te\u017c, prawie w ca\u0142ym kraju, ca\u0142odobowy mr\u00f3z. W\u00a0nocy z poniedzia\u0142ku na wtorek na p\u00f3\u0142nocnym wschodzie temperatura spa\u015b\u0107 mo\u017ce nawet do oko\u0142o \u201318\u00b0C. Od wtorku z po\u0142udniowego zachodu post\u0119powa\u0107 b\u0119dzie ocieplenie, kt\u00f3re przyniesie opady \u015bniegu przechodz\u0105ce w deszcz ze \u015bniegiem i deszcz, przej\u015bciowo tak\u017ce marzn\u0105cy powoduj\u0105cy go\u0142oled\u017a. W czwartek na [&hellip;]<\/p>\n","protected":false},"author":2,"featured_media":23656,"comment_status":"closed","ping_status":"closed","sticky":false,"template":"","format":"standard","meta":{"footnotes":""},"categories":[5],"tags":[35],"class_list":["post-23654","post","type-post","status-publish","format-standard","has-post-thumbnail","hentry","category-aktualnosci","tag-prognoza"],"_links":{"self":[{"href":"https:\/\/imgw.pl\/en\/wp-json\/wp\/v2\/posts\/23654","targetHints":{"allow":["GET"]}}],"collection":[{"href":"https:\/\/imgw.pl\/en\/wp-json\/wp\/v2\/posts"}],"about":[{"href":"https:\/\/imgw.pl\/en\/wp-json\/wp\/v2\/types\/post"}],"author":[{"embeddable":true,"href":"https:\/\/imgw.pl\/en\/wp-json\/wp\/v2\/users\/2"}],"replies":[{"embeddable":true,"href":"https:\/\/imgw.pl\/en\/wp-json\/wp\/v2\/comments?post=23654"}],"version-history":[{"count":1,"href":"https:\/\/imgw.pl\/en\/wp-json\/wp\/v2\/posts\/23654\/revisions"}],"predecessor-version":[{"id":23658,"href":"https:\/\/imgw.pl\/en\/wp-json\/wp\/v2\/posts\/23654\/revisions\/23658"}],"wp:featuredmedia":[{"embeddable":true,"href":"https:\/\/imgw.pl\/en\/wp-json\/wp\/v2\/media\/23656"}],"wp:attachment":[{"href":"https:\/\/imgw.pl\/en\/wp-json\/wp\/v2\/media?parent=23654"}],"wp:term":[{"taxonomy":"category","embeddable":true,"href":"https:\/\/imgw.pl\/en\/wp-json\/wp\/v2\/categories?post=23654"},{"taxonomy":"post_tag","embeddable":true,"href":"https:\/\/imgw.pl\/en\/wp-json\/wp\/v2\/tags?post=23654"}],"curies":[{"name":"wp","href":"https:\/\/api.w.org\/{rel}","templated":true}]}}