{"id":23660,"date":"2026-02-09T19:23:34","date_gmt":"2026-02-09T18:23:34","guid":{"rendered":"https:\/\/imgw.pl\/?p=23660"},"modified":"2026-02-12T08:47:40","modified_gmt":"2026-02-12T07:47:40","slug":"aktualna-i-prognozowana-sytuacja-meteorologiczna-5","status":"publish","type":"post","link":"https:\/\/imgw.pl\/en\/aktualna-i-prognozowana-sytuacja-meteorologiczna-5\/","title":{"rendered":"Aktualna i prognozowana sytuacja meteorologiczno-hydrologiczna"},"content":{"rendered":"<p>Stan na 09.02.2026, godz. 15:00 \u2013 opracowanie Centrum Meteorologicznej Os\u0142ony Kraju IMGW-PIB<\/p>\n\n\n\n<p><strong>1. Najwa\u017cniejsze zagro\u017cenie: SILNY MR\u00d3Z, OBLODZENIE I GO\u0141OLED\u0179<\/strong><\/p>\n\n\n\n<p>W najbli\u017cszej nocy na p\u00f3\u0142nocnym wschodzie wyst\u0105pi silny mr\u00f3z, nocami spadki osi\u0105gn\u0105 nawet \u201315\u00b0C do \u201320\u00b0C. W najbli\u017cszych dniach na znacznym obszarze kraju, mo\u017cliwe b\u0119d\u0105 r\u00f3wnie\u017c s\u0142abe, okresowe opady marzn\u0105ce, lub wraz z nocnym spadkiem temperatury poni\u017cej 0\u00b0C \u2013 oblodzenie nawierzchni.<\/p>\n\n\n\n<p><strong>2. Aktualne ostrze\u017cenia meteorologiczne w podziale na regiony ostrze\u017ce\u0144 (w formacie: nazwa zjawiska\/stopie\u0144 zagro\u017cenia, czas wa\u017cno\u015bci od \u2013 do)<\/strong><\/p>\n\n\n\n<p>OPADY MARZN\u0104CE \/ 1<\/p>\n\n\n\n<ol class=\"wp-block-list\">\n<li>09.02, godz. 20:00 \u2013 10.02, godz. 09:00: dolno\u015bl\u0105skie \u2013 po\u0142udniowy i zachodni obszar; opolskie \u2013 po\u0142udnie i zach\u00f3d; \u015bl\u0105skie \u2013 po\u0142udniowa i zachodnia cz\u0119\u015b\u0107 wojew\u00f3dztwa.<\/li>\n\n\n\n<li>09.02, godz. 22:00 \u2013 10.02, godz. 10:00: dolno\u015bl\u0105skie \u2013 p\u00f3\u0142noc i centrum; \u0142\u00f3dzkie \u2013 po\u0142udniowy zach\u00f3d; ma\u0142opolskie \u2013 zach\u00f3d i centrum; opolskie \u2013 p\u00f3\u0142nocny wsch\u00f3d; \u015bl\u0105skie \u2013 wi\u0119kszo\u015b\u0107 regionu; \u015bwi\u0119tokrzyskie \u2013 zach\u00f3d i centrum; wielkopolskie \u2013 po\u0142udniowy i \u015brodkowy pas wojew\u00f3dztwa.<\/li>\n\n\n\n<li>10.02, godz. 08:00 \u2013 22:00: kujawsko\u2011pomorskie \u2013 po\u0142udnie i centrum; lubelskie \u2013 cz\u0119\u015b\u0107 p\u00f3\u0142nocno\u2011zachodnia; mazowieckie \u2013 po\u0142udniowy zach\u00f3d i centrum.<\/li>\n\n\n\n<li>10.02, godz. 03:00 \u2013 13:00: \u0142\u00f3dzkie \u2013 p\u00f3\u0142noc i centrum; mazowieckie \u2013 po\u0142udniowa cz\u0119\u015b\u0107; \u015bwi\u0119tokrzyskie \u2013 p\u00f3\u0142noc; wielkopolskie \u2013 wsch\u00f3d regionu.<\/li>\n<\/ol>\n\n\n\n<p>SILNY MR\u00d3Z \/ 1<\/p>\n\n\n\n<ol class=\"wp-block-list\">\n<li>08.02, godz. 20:00 \u2013 10.02, godz. 09:00: mazowieckie \u2013 p\u00f3\u0142nocny wsch\u00f3d; podlaskie \u2013 ca\u0142e wojew\u00f3dztwo; pomorskie \u2013 po\u0142udniowo\u2011wschodnia cz\u0119\u015b\u0107 regionu; warmi\u0144sko\u2011mazurskie \u2013 ca\u0142e wojew\u00f3dztwo.<\/li>\n\n\n\n<li>09.02, godz. 22:00 \u2013 10.02, godz. 09:00: lubelskie \u2013 p\u00f3\u0142nocny wsch\u00f3d; mazowieckie \u2013 wschodnia i p\u00f3\u0142nocno\u2011wschodnia cz\u0119\u015b\u0107 regionu.<\/li>\n<\/ol>\n\n\n\n<p><strong>3. Prognoza zagro\u017ce\u0144 08\u201311 lutego (doby dla poszczeg\u00f3lnych dni od 07:30 danego dnia do 07:30 dnia nast\u0119pnego)<\/strong><\/p>\n\n\n\n<p><strong>10.02 \u2013 wtorek<\/strong><\/p>\n\n\n\n<p>1) Opady marzn\u0105ce\/1: dolno\u015bl\u0105skie, kujawsko\u2011pomorskie, lubelskie, lubuskie, \u0142\u00f3dzkie, mazowieckie, opolskie, podlaskie, pomorskie, \u015bl\u0105skie, \u015bwi\u0119tokrzyskie, warmi\u0144sko\u2011mazurskie, wielkopolskie, zachodniopomorskie.<\/p>\n\n\n\n<p><strong>11.02 \u2013 \u015broda<\/strong><\/p>\n\n\n\n<p>1) Opady marzn\u0105ce\/1: kujawsko\u2011pomorskie, lubelskie, \u0142\u00f3dzkie, mazowieckie, podlaskie, pomorskie, warmi\u0144sko\u2011mazurskie, wielkopolskie, zachodniopomorskie.<\/p>\n\n\n\n<p>2) Silny wiatr \/ 1: podkarpackie.<\/p>\n\n\n\n<p><strong>12.02 \u2013 czwartek<\/strong><\/p>\n\n\n\n<p>1) Roztopy\/1: dolno\u015bl\u0105skie, kujawsko\u2011pomorskie, mazowieckie, podlaskie, pomorskie, warmi\u0144sko\u2011mazurskie.<\/p>\n\n\n\n<p>2) Opady marzn\u0105ce\/1: mazowieckie, podlaskie.<\/p>\n\n\n\n<p><strong>13.02 \u2013 pi\u0105tek<\/strong><\/p>\n\n\n\n<p>1) Roztopy\/1: dolno\u015bl\u0105skie, kujawsko\u2011pomorskie, mazowieckie, podlaskie, pomorskie, warmi\u0144sko\u2011mazurskie.<\/p>\n\n\n\n<p>Mapa zasi\u0119gu prognozowanych zjawisk dost\u0119pna na stronie: <a href=\"https:\/\/meteo.imgw.pl\/dyn\/index.html#pronieb=true.\">https:\/\/meteo.imgw.pl\/dyn\/index.html#pronieb=true.<\/a><\/p>\n\n\n\n<p>Aktualne ostrze\u017cenia meteorologiczne. Opis skr\u00f3t\u00f3w: MR \u2013 silny mr\u00f3z, OB. &#8211; oblodzenie. Po uko\u015bniku stopie\u0144 zagro\u017cenia, poni\u017cej czas obowi\u0105zywania od &#8211; do.<\/p>\n\n\n\n<figure class=\"wp-block-image size-large\"><img loading=\"lazy\" decoding=\"async\" width=\"1024\" height=\"500\" src=\"https:\/\/imgw.pl\/wp-content\/uploads\/2026\/02\/o1-1-1024x500.jpg\" alt=\"\" class=\"wp-image-23661\" srcset=\"https:\/\/imgw.pl\/wp-content\/uploads\/2026\/02\/o1-1-1024x500.jpg 1024w, https:\/\/imgw.pl\/wp-content\/uploads\/2026\/02\/o1-1-300x147.jpg 300w, https:\/\/imgw.pl\/wp-content\/uploads\/2026\/02\/o1-1-768x375.jpg 768w, https:\/\/imgw.pl\/wp-content\/uploads\/2026\/02\/o1-1-18x9.jpg 18w, https:\/\/imgw.pl\/wp-content\/uploads\/2026\/02\/o1-1.jpg 1034w\" sizes=\"auto, (max-width: 1024px) 100vw, 1024px\" \/><\/figure>\n\n\n\n<p class=\"has-text-align-center\"><strong>Aktualna i prognozowana sytuacja hydrologiczna (09.02.2026 godz. 15:00)<\/strong><\/p>\n\n\n\n<p>Na rzekach w Polsce przewa\u017ca strefa <strong>stan\u00f3w \u015brednich<\/strong> (59% stacji hydrologicznych), <strong>niskich<\/strong> (36&nbsp; %) i lokalnie strefa stan\u00f3w <strong>wysokich<\/strong> (5%) (Rys. 1). Aktualnie <strong>stan ostrzegawczy<\/strong> jest przekroczony na 1 stacji w&nbsp;dorzeczu Odry (o 7 cm w Go\u015bcimcu na Noteci). Brak przekrocze\u0144 stan\u00f3w alarmowych.<\/p>\n\n\n\n<p><strong>Obowi\u0105zuj\u0105 ostrze\u017cenia hydrologiczne<\/strong>:<\/p>\n\n\n\n<p><strong>&#8211; 1 st.<\/strong> (gwa\u0142towne wzrosty stan\u00f3w wody) dla rzeki Czarna Ha\u0144cza (podlaskie, wa\u017cne do 10.02.2026 godz. 10:00).<\/p>\n\n\n\n<p><strong>&#8211; dot.&nbsp; suszy hydrologicznej<\/strong> dla zlewni w woj. ma\u0142opolskim, \u015bl\u0105skim, \u015bwi\u0119tokrzyskim (Rys. 2).<\/p>\n\n\n\n<p><strong>W najbli\u017cszych dniach<\/strong> na rzekach dominowa\u0107 b\u0119d\u0105 spadki i stabilizacja stanu wody w strefie wody \u015bredniej i niskiej, miejscami wysokiej. Od po\u0142owy tygodnia prognozowana jest <strong>odwil\u017c<\/strong> a wraz z ni\u0105 na rzekach wyst\u0105pi\u0105 <strong>wzrosty i wahania stanu wody <\/strong>zwi\u0105zane ze sp\u0142ywem w\u00f3d roztopowo &#8211; opadowych. Nadal przewa\u017ca\u0107 b\u0119dzie strefa stan\u00f3w \u015brednich i niskich, jednak stopniowo b\u0119dzie przyrasta\u0142 udzia\u0142 stacji wchodz\u0105cych w&nbsp; stref\u0119 stan\u00f3w wysokich.<\/p>\n\n\n\n<p><strong>G\u0142\u00f3wnym zagro\u017ceniem hydrologicznym pozostan\u0105 zjawiska lodowe.<\/strong> Pi\u0119trz\u0105 stany wody&nbsp; r\u00f3wnie\u017c w najbli\u017cszych dniach mog\u0105 powodowa\u0107 miejscowe i&nbsp;okresowe wzrosty oraz wahania w strefy wody \u015bredniej i&nbsp;wysokiej, punktowo z&nbsp;mo\u017cliwo\u015bci\u0105 przekroczenia stan\u00f3w umownych. Dotyczy to w&nbsp;szczeg\u00f3lno\u015bci karpackich dop\u0142yw\u00f3w Wis\u0142y, dolnego odcinka Wis\u0142y oraz zlewni Narwi, Drw\u0119cy i&nbsp;Brdy, dolnego odcinka Odry oraz zlewni dolnej i&nbsp;\u015brodkowej Warty i Noteci. Nie mo\u017cna wykluczy\u0107 utworzenia si\u0119 <strong>zator\u00f3w lodowych<\/strong>. Pocz\u0105tkowo, szczeg\u00f3lnie w dorzeczu Wis\u0142y mo\u017cliwy jest rozw\u00f3j zjawisk lodowych zwi\u0105zany z&nbsp;nap\u0142ywem zimnej masy powietrza.<\/p>\n\n\n\n<p>Zjawiska lodowe na rzekach wyst\u0119puj\u0105 na wi\u0119kszo\u015bci obszaru dorzecza Wis\u0142y, g\u0142\u00f3wnie w postaci pokrywy lodowej oraz lodu brzegowego i \u015bry\u017cu, zator lodowy odnotowano na Sanie. Na zachodzie Polski, w dorzeczu Odry, zjawiska lodowe wyst\u0119puj\u0105 w mniejszym stopniu ni\u017c w dorzeczu Wis\u0142y, co jest zwi\u0105zane z&nbsp;wy\u017cszymi warto\u015bciami temperatury powietrza (Rys. 3).<\/p>\n\n\n\n<p>Obecnie najwi\u0119ksza <strong>grubo\u015b\u0107 pokrywy \u015bnie\u017cnej<\/strong>, poza szczytami Tatr i Sudet\u00f3w, notowana jest w p\u00f3\u0142nocno-wschodniej i wschodniej cz\u0119\u015bci Polski. Jej grubo\u015b\u0107 lokalnie przekracza nawet 30 cm (Olsztyn 33 cm \u2013 zlewnia \u0141yny). Podobnie rozk\u0142ada si\u0119 najwi\u0119ksza zawarto\u015b\u0107 wody w \u015bniegu si\u0119gaj\u0105ca 60-75 mm (zlewnie rzek p\u00f3\u0142nocno-wschodniej cz\u0119\u015bci Polski, w szczeg\u00f3lno\u015bci \u0141yny i&nbsp;Wkry). W minionej dobie wyst\u0105pi\u0142y nieznaczne opady \u015bniegu maksymalnie do 6cm\/24h w&nbsp;Cz\u0119stochowie.<\/p>\n\n\n\n<p><strong>W dalszym okresie prognostycznym<\/strong>, zgodnie z d\u0142ugoterminowymi prognozami hydrologicznymi (obliczanymi z uwzgl\u0119dnieniem wi\u0105zki prognoz modelu numerycznego ECMWF) od pocz\u0105tku marca mo\u017ce doj\u015b\u0107 do intensyfikacji <strong>roztop\u00f3w<\/strong>, co prze\u0142o\u017cy si\u0119 na <strong>wzrosty stanu wody<\/strong> w ciekach w dorzeczu Wis\u0142y (w&nbsp;szczeg\u00f3lno\u015bci w zlewni Narwi i Bugu) i rzek Przymorza z&nbsp;mo\u017cliwymi przekroczeniami stan\u00f3w umownych. Znacz\u0105cy wp\u0142yw na przebieg wezbra\u0144 b\u0119d\u0105 mia\u0142y r\u00f3wnie\u017c <strong>zjawiska lodowe<\/strong> powoduj\u0105ce <strong>lokalne zaburzenia przep\u0142ywu i pi\u0119trzenie stanu wody<\/strong>.<\/p>\n\n\n\n<p><strong>Aktualna sytuacja hydrologiczna, prognozy oraz ostrze\u017cenia dost\u0119pne zawsze w Serwisie hydrologicznym IMGW-PIB (<\/strong><a href=\"https:\/\/imgw-my.sharepoint.com\/personal\/centrumhydro_imgw_pl\/Documents\/Pliki%20z%20czat\u00f3w%20w%20aplikacji%20Microsoft%20Teams\/hydro.imgw.pl\"><strong>hydro.imgw.pl<\/strong><\/a><strong>).<\/strong><\/p>\n\n\n\n<p>Opracowanie: Centrum Hydrologicznej Os\u0142ony Kraju IMGW-PIB<\/p>\n\n\n\n<figure class=\"wp-block-image size-full\"><img loading=\"lazy\" decoding=\"async\" width=\"917\" height=\"561\" src=\"https:\/\/imgw.pl\/wp-content\/uploads\/2026\/02\/h1-5.jpg\" alt=\"\" class=\"wp-image-23662\" srcset=\"https:\/\/imgw.pl\/wp-content\/uploads\/2026\/02\/h1-5.jpg 917w, https:\/\/imgw.pl\/wp-content\/uploads\/2026\/02\/h1-5-300x184.jpg 300w, https:\/\/imgw.pl\/wp-content\/uploads\/2026\/02\/h1-5-768x470.jpg 768w, https:\/\/imgw.pl\/wp-content\/uploads\/2026\/02\/h1-5-18x12.jpg 18w\" sizes=\"auto, (max-width: 917px) 100vw, 917px\" \/><\/figure>\n\n\n\n<p>Rys. 1. <a href=\"https:\/\/hydro.imgw.pl\/#\/map?warn=hydro&amp;bl=hydro&amp;tstp=24&amp;zo=6.92408502587485&amp;lo=19.189&amp;la=52.0195\">Stan wody na rzekach w Polsce<\/a>, stan na godz. 15:00 dnia 09.02.2026 r.<\/p>\n\n\n\n<figure class=\"wp-block-image size-full\"><img loading=\"lazy\" decoding=\"async\" width=\"875\" height=\"560\" src=\"https:\/\/imgw.pl\/wp-content\/uploads\/2026\/02\/h2-4.jpg\" alt=\"\" class=\"wp-image-23663\" srcset=\"https:\/\/imgw.pl\/wp-content\/uploads\/2026\/02\/h2-4.jpg 875w, https:\/\/imgw.pl\/wp-content\/uploads\/2026\/02\/h2-4-300x192.jpg 300w, https:\/\/imgw.pl\/wp-content\/uploads\/2026\/02\/h2-4-768x492.jpg 768w, https:\/\/imgw.pl\/wp-content\/uploads\/2026\/02\/h2-4-18x12.jpg 18w\" sizes=\"auto, (max-width: 875px) 100vw, 875px\" \/><\/figure>\n\n\n\n<p>Rys. 2. <a href=\"https:\/\/hydro.imgw.pl\/#\/map?warn=hydro&amp;bl=hydro&amp;tstp=24&amp;zo=6.92408502587485&amp;lo=19.189&amp;la=52.0195\">Ostrze\u017cenia hydrologiczne<\/a>, stan na godz. 15:00 dnia 09.02.2026 r.<\/p>\n\n\n\n<figure class=\"wp-block-image size-full\"><img loading=\"lazy\" decoding=\"async\" width=\"893\" height=\"514\" src=\"https:\/\/imgw.pl\/wp-content\/uploads\/2026\/02\/h3-4.jpg\" alt=\"\" class=\"wp-image-23664\" srcset=\"https:\/\/imgw.pl\/wp-content\/uploads\/2026\/02\/h3-4.jpg 893w, https:\/\/imgw.pl\/wp-content\/uploads\/2026\/02\/h3-4-300x173.jpg 300w, https:\/\/imgw.pl\/wp-content\/uploads\/2026\/02\/h3-4-768x442.jpg 768w, https:\/\/imgw.pl\/wp-content\/uploads\/2026\/02\/h3-4-18x10.jpg 18w\" sizes=\"auto, (max-width: 893px) 100vw, 893px\" \/><\/figure>\n\n\n\n<p>Rys. 3. <a href=\"https:\/\/hydro.imgw.pl\/#\/map?bl=hydro&amp;tstp=24&amp;zo=6.92408502587485&amp;lo=19.189&amp;la=52.0195&amp;ts=202602060900&amp;omt=2&amp;ice=true\">Zjawiska lodowe na rzekach w Polsce<\/a>, stan na godz. 15:00 dnia 09.02.2026 r.<\/p>","protected":false},"excerpt":{"rendered":"<p>Stan na 09.02.2026, godz. 15:00 \u2013 opracowanie Centrum Meteorologicznej Os\u0142ony Kraju IMGW-PIB 1. Najwa\u017cniejsze zagro\u017cenie: SILNY MR\u00d3Z, OBLODZENIE I GO\u0141OLED\u0179 W najbli\u017cszej nocy na p\u00f3\u0142nocnym wschodzie wyst\u0105pi silny mr\u00f3z, nocami spadki osi\u0105gn\u0105 nawet \u201315\u00b0C do \u201320\u00b0C. W najbli\u017cszych dniach na znacznym obszarze kraju, mo\u017cliwe b\u0119d\u0105 r\u00f3wnie\u017c s\u0142abe, okresowe opady marzn\u0105ce, lub wraz z nocnym spadkiem [&hellip;]<\/p>\n","protected":false},"author":2,"featured_media":23662,"comment_status":"closed","ping_status":"closed","sticky":false,"template":"","format":"standard","meta":{"footnotes":""},"categories":[5],"tags":[54,35],"class_list":["post-23660","post","type-post","status-publish","format-standard","has-post-thumbnail","hentry","category-aktualnosci","tag-ostrzezenia","tag-prognoza"],"_links":{"self":[{"href":"https:\/\/imgw.pl\/en\/wp-json\/wp\/v2\/posts\/23660","targetHints":{"allow":["GET"]}}],"collection":[{"href":"https:\/\/imgw.pl\/en\/wp-json\/wp\/v2\/posts"}],"about":[{"href":"https:\/\/imgw.pl\/en\/wp-json\/wp\/v2\/types\/post"}],"author":[{"embeddable":true,"href":"https:\/\/imgw.pl\/en\/wp-json\/wp\/v2\/users\/2"}],"replies":[{"embeddable":true,"href":"https:\/\/imgw.pl\/en\/wp-json\/wp\/v2\/comments?post=23660"}],"version-history":[{"count":2,"href":"https:\/\/imgw.pl\/en\/wp-json\/wp\/v2\/posts\/23660\/revisions"}],"predecessor-version":[{"id":23684,"href":"https:\/\/imgw.pl\/en\/wp-json\/wp\/v2\/posts\/23660\/revisions\/23684"}],"wp:featuredmedia":[{"embeddable":true,"href":"https:\/\/imgw.pl\/en\/wp-json\/wp\/v2\/media\/23662"}],"wp:attachment":[{"href":"https:\/\/imgw.pl\/en\/wp-json\/wp\/v2\/media?parent=23660"}],"wp:term":[{"taxonomy":"category","embeddable":true,"href":"https:\/\/imgw.pl\/en\/wp-json\/wp\/v2\/categories?post=23660"},{"taxonomy":"post_tag","embeddable":true,"href":"https:\/\/imgw.pl\/en\/wp-json\/wp\/v2\/tags?post=23660"}],"curies":[{"name":"wp","href":"https:\/\/api.w.org\/{rel}","templated":true}]}}