{"id":23676,"date":"2026-02-11T17:12:10","date_gmt":"2026-02-11T16:12:10","guid":{"rendered":"https:\/\/imgw.pl\/?p=23676"},"modified":"2026-02-12T08:47:24","modified_gmt":"2026-02-12T07:47:24","slug":"aktualna-i-prognozowana-sytuacja-meteorologiczna-6","status":"publish","type":"post","link":"https:\/\/imgw.pl\/en\/aktualna-i-prognozowana-sytuacja-meteorologiczna-6\/","title":{"rendered":"Aktualna i prognozowana sytuacja meteorologiczno-hydrologiczna"},"content":{"rendered":"<p>Stan na 11.02.2026, godz. 15:00 \u2013 opracowanie Centrum Meteorologicznej Os\u0142ony Kraju IMGW-PIB<\/p>\n\n\n\n<p><strong>1. Najwa\u017cniejsze zagro\u017cenie: OBLODZENIE I GO\u0141OLED\u0179<\/strong><\/p>\n\n\n\n<p>W najbli\u017cszych dniach na znacznym obszarze kraju, mo\u017cliwe b\u0119d\u0105 okresowe opady marzn\u0105ce, lub wraz z nocnym spadkiem temperatury poni\u017cej 0\u00b0C \u2013 oblodzenie nawierzchni.<\/p>\n\n\n\n<p><strong>2. Aktualne ostrze\u017cenia meteorologiczne w podziale na regiony ostrze\u017ce\u0144 (w formacie: nazwa zjawiska\/stopie\u0144 zagro\u017cenia, czas wa\u017cno\u015bci od \u2013 do)<\/strong><\/p>\n\n\n\n<p><strong>OPADY MARZN\u0104CE \/ 1<\/strong><\/p>\n\n\n\n<ol class=\"wp-block-list\">\n<li>11.02, godz. 15:00 \u2013 12.02, godz. 13:00: warmi\u0144sko\u2011mazurskie (powiaty wschodnie).<\/li>\n\n\n\n<li>11.02, godz. &nbsp;22:00 \u2013 12.02, godz. 10:00: lubelskie (wi\u0119kszo\u015b\u0107 wojew\u00f3dztwa).<\/li>\n\n\n\n<li>11.02, godz. 18:00 \u2013 12.02, godz. 10:00: mazowieckie (p\u00f3\u0142noc i wsch\u00f3d wojew\u00f3dztwa), podlaskie (po\u0142udnie i centrum wojew\u00f3dztwa).e)<\/li>\n\n\n\n<li>11.02, godz. 18:00 \u2013 12.02, godz. 13:00: podlaskie (p\u00f3\u0142noc wojew\u00f3dztwa).<\/li>\n\n\n\n<li>11.02, godz. 12:05 \u2013 12.02, godz. 13:00: kujawsko\u2011pomorskie (ca\u0142e), warmi\u0144sko\u2011mazurskie (centrum i zach\u00f3d), pomorskie (ca\u0142e).<\/li>\n<\/ol>\n\n\n\n<p><strong>ROZTOPY \/1, \/2<\/strong><\/p>\n\n\n\n<ol class=\"wp-block-list\">\n<li>11.02, godz. 12:00 \u2013 13.02, godz. 19:00 (st. 1): lubelskie (ca\u0142e), \u0142\u00f3dzkie (p\u00f3\u0142nocny\u2011wsch\u00f3d), mazowieckie (centrum i po\u0142udnie wojew\u00f3dztwa), podkarpackie (pow. lubaczowski).<\/li>\n\n\n\n<li>11.02, godz. 20:00 \u2013 13.02, godz. 08:00 (st. 2): podkarpackie (pow. leski i bieszczadzki).<\/li>\n<\/ol>\n\n\n\n<p><strong>SILNY WIATR \/ 1<\/strong><\/p>\n\n\n\n<ol class=\"wp-block-list\">\n<li>11.02, 07:00 \u2013 21:00: &nbsp;podkarpackie \u2013 rejon Karpat i Przedg\u00f3rza.<\/li>\n<\/ol>\n\n\n\n<p><strong>3. Prognoza zagro\u017ce\u0144 08\u201311 lutego (doby dla poszczeg\u00f3lnych dni od 07:30 danego dnia do 07:30 dnia nast\u0119pnego)<\/strong><\/p>\n\n\n\n<p><strong>12.02 \u2014 czwartek<\/strong><\/p>\n\n\n\n<ol start=\"1\" class=\"wp-block-list\">\n<li><strong>Opady marzn\u0105ce \/ 1:<\/strong> kujawsko\u2011pomorskie, mazowieckie, podlaskie, pomorskie, warmi\u0144sko\u2011mazurskie.<\/li>\n\n\n\n<li><strong>Roztopy \/ 1:<\/strong> lubelskie, \u0142\u00f3dzkie, mazowieckie, podkarpackie.<\/li>\n\n\n\n<li><strong>Roztopy \/ 2:<\/strong> podkarpackie (rejon Bieszczad\u00f3w).<\/li>\n<\/ol>\n\n\n\n<p><strong>13.02 \u2014 pi\u0105tek<\/strong><\/p>\n\n\n\n<ol start=\"1\" class=\"wp-block-list\">\n<li><strong>Oblodzenie \/ 1:<\/strong> dolno\u015bl\u0105skie, kujawsko\u2011pomorskie, lubelskie, lubuskie, \u0142\u00f3dzkie, mazowieckie, opolskie, podlaskie, pomorskie, \u015bl\u0105skie, warmi\u0144sko\u2011mazurskie, wielkopolskie, zachodniopomorskie.<\/li>\n\n\n\n<li><strong>Roztopy \/ 1:<\/strong> lubelskie, \u0142\u00f3dzkie, mazowieckie, podkarpackie.<\/li>\n<\/ol>\n\n\n\n<p><strong>14.02 \u2014 sobota<\/strong><\/p>\n\n\n\n<ol start=\"1\" class=\"wp-block-list\">\n<li><strong>Intensywne opady \u015bniegu \/ 1:<\/strong> ma\u0142opolskie, \u015bl\u0105skie.<\/li>\n<\/ol>\n\n\n\n<p><strong>15.02 \u2014 niedziela<\/strong><\/p>\n\n\n\n<ol start=\"1\" class=\"wp-block-list\">\n<li><strong>Silny mr\u00f3z \/ 1:<\/strong> kujawsko\u2011pomorskie, lubelskie, ma\u0142opolskie, mazowieckie, podkarpackie, podlaskie, \u015bwi\u0119tokrzyskie, warmi\u0144sko\u2011mazurskie.<\/li>\n<\/ol>\n\n\n\n<p>Mapa zasi\u0119gu prognozowanych zjawisk dost\u0119pna na stronie:<br><a href=\"https:\/\/meteo.imgw.pl\/dyn\/index.html#pronieb=true.\">https:\/\/meteo.imgw.pl\/dyn\/index.html#pronieb=true.<\/a><\/p>\n\n\n\n<p>Aktualne ostrze\u017cenia meteorologiczne. Opis skr\u00f3t\u00f3w: OM \u2013 opady marzn\u0105ce, RO \u2013 roztopy, SW \u2013 silny wiatr. Po uko\u015bniku stopie\u0144 zagro\u017cenia, poni\u017cej czas obowi\u0105zywania od &#8211; do.<\/p>\n\n\n\n<figure class=\"wp-block-image size-full\"><img loading=\"lazy\" decoding=\"async\" width=\"605\" height=\"555\" src=\"https:\/\/imgw.pl\/wp-content\/uploads\/2026\/02\/o1-3.jpg\" alt=\"\" class=\"wp-image-23677\" srcset=\"https:\/\/imgw.pl\/wp-content\/uploads\/2026\/02\/o1-3.jpg 605w, https:\/\/imgw.pl\/wp-content\/uploads\/2026\/02\/o1-3-300x275.jpg 300w, https:\/\/imgw.pl\/wp-content\/uploads\/2026\/02\/o1-3-13x12.jpg 13w\" sizes=\"auto, (max-width: 605px) 100vw, 605px\" \/><\/figure>\n\n\n\n<p class=\"has-text-align-center\"><strong>Aktualna i prognozowana sytuacja hydrologiczna (11.02.2026 godz. <\/strong><strong>13:30)<\/strong><\/p>\n\n\n\n<p>Na rzekach w Polsce dominuje strefa <strong>stan\u00f3w \u015brednich<\/strong> (59% stacji hydrologicznych), <strong>niskich<\/strong> (36&nbsp; %) i miejscami strefa stan\u00f3w <strong>wysokich<\/strong> (5%) (Rys. 1). Obecnie stan ostrzegawczy jest osi\u0105gni\u0119ty&nbsp; na 1 stacji w&nbsp;dorzeczu Odry (w Go\u015bcimcu na Noteci). Brak przekrocze\u0144 stan\u00f3w alarmowych.<\/p>\n\n\n\n<p><strong>Obowi\u0105zuj\u0105 ostrze\u017cenia hydrologiczne<\/strong>:<\/p>\n\n\n\n<p><strong>&#8211; 1 stopnia przed gwa\u0142townymi wzrostami stan\u00f3w wody <\/strong>dla zlewni g\u00f3rnego Sanu, jego bieszczadzkich dop\u0142yw\u00f3w i zlewni Strwi\u0105\u017ca w woj. podkarpackim, wa\u017cne od 21:00, 11.02 do 21:00, 12.02.<\/p>\n\n\n\n<p><strong>&#8211; dot.&nbsp; suszy hydrologicznej<\/strong> dla zlewni w woj. ma\u0142opolskim, \u015bl\u0105skim, \u015bwi\u0119tokrzyskim (Rys. 2).<\/p>\n\n\n\n<p><strong>Dzi\u015b<\/strong> (11.02) wraz z nap\u0142ywem cieplejszych mas powietrza na rzekach prognozowane s\u0105 <strong>wzrosty i wahania stanu wody <\/strong>zwi\u0105zane ze sp\u0142ywem wody roztopowo-opadowej. Dodatkowo opady b\u0119d\u0105 przyspiesza\u0107 topnienie pokrywy \u015bnie\u017cnej. Od 20:00 11.02 do 8:00 13.02 w Bieszczadach spa\u015b\u0107 mo\u017ce do 25 mm opadu, w postaci \u015bniegu i deszczu ze \u015bniegiem co spowoduje wzrosty poziomu wody. Dla zlewni g\u00f3rnego Sanu, jego bieszczadzkich dop\u0142yw\u00f3w i zlewni Strwi\u0105\u017ca wydane zosta\u0142o ostrze\u017cenie hydrologiczne 1 stopnia &#8211; prognozowane s\u0105 wzrosty poziomu wody, miejscami gwa\u0142towne, do strefy wody wysokiej. Punktowo istnieje mo\u017cliwo\u015b\u0107 przekroczenia stanu ostrzegawczego.<\/p>\n\n\n\n<p>W najbli\u017cszych dniach na rzekach wzro\u015bnie udzia\u0142 stacji w strefie stan\u00f3w wysokich, ale na og\u00f3\u0142 przewa\u017ca\u0107 b\u0119dzie strefa stan\u00f3w \u015brednich i niskich. Odwil\u017c utrzyma si\u0119 do niedzieli (15.02), a nast\u0119pnie ponownie spodziewany jest rozw\u00f3j zjawisk lodowych wskutek spadku temperatury powietrza poni\u017cej 0\u00b0C.<\/p>\n\n\n\n<p><strong>G\u0142\u00f3wnym zagro\u017ceniem hydrologicznym w najbli\u017cszym czasie pozostan\u0105 zjawiska lodowe, <\/strong>kt\u00f3re mog\u0105 powodowa\u0107 miejscowe i&nbsp;okresowe wzrosty b\u0105d\u017a wahania stanu wody w strefie stan\u00f3w \u015brednich i&nbsp;wysokich, lokalnie z&nbsp;mo\u017cliwo\u015bci\u0105 przekroczenia stan\u00f3w umownych. Dotyczy to w&nbsp;szczeg\u00f3lno\u015bci \u015brodkowego i dolnego odcinka Wis\u0142y, zlewni Narwi, Drw\u0119cy i S\u0142upi oraz dolnego odcinka Odry, a tak\u017ce w mniejszym stopniu karpackich dop\u0142yw\u00f3w Wis\u0142y oraz zlewni dolnej i&nbsp;\u015brodkowej Warty i Noteci. Lokalnie mo\u017cliwe jest utworzenie si\u0119 <strong>zator\u00f3w lodowych.<\/strong><\/p>\n\n\n\n<p>Zjawiska lodowe na rzekach wyst\u0119puj\u0105 na wi\u0119kszo\u015bci obszaru dorzecza Wis\u0142y, g\u0142\u00f3wnie w postaci pokrywy lodowej oraz lodu brzegowego i lokalnie \u015bry\u017cu. Zator lodowy odnotowano na Sanie. W dorzeczu Odry zjawisk lodowych jest zdecydowanie mniej ni\u017c w dorzeczu Wis\u0142y, co jest zwi\u0105zane z&nbsp;wy\u017cszymi warto\u015bciami temperatury powietrza (Rys. 3). Szczeg\u00f3lnie na Odrze od uj\u015bcia Warty do uj\u015bcia notowana jest pokrywa lodowa i l\u00f3d brzegowy, punktowo tak\u017ce woda na lodzie i kra.<\/p>\n\n\n\n<p>Obecnie najwi\u0119ksza <strong>grubo\u015b\u0107 pokrywy \u015bnie\u017cnej<\/strong>, poza szczytami Tatr i Sudet\u00f3w, zalega na terenie p\u00f3\u0142nocno-wschodniej i wschodniej Polski. Jej grubo\u015b\u0107 lokalnie przekracza nawet 30 cm (Olsztyn 32 cm \u2013 zlewnia \u0141yny). Podobnie rozk\u0142ada si\u0119 najwi\u0119ksza zawarto\u015b\u0107 wody w \u015bniegu si\u0119gaj\u0105ca 60-70 mm (zlewnie rzek p\u00f3\u0142nocno-wschodniej cz\u0119\u015bci Polski, w szczeg\u00f3lno\u015bci \u0141yny i&nbsp;Wkry a tak\u017ce Bystrzycy). Minionej doby na p\u00f3\u0142nocy kraju odnotowano przyrost pokrywy \u015bnie\u017cnej o 1-2 cm. Na pozosta\u0142ym obszarze pokrywa \u015bnie\u017cna zmniejszy\u0142a si\u0119 lub nie zaobserwowano zmian.<\/p>\n\n\n\n<p><strong>W dalszym okresie prognostycznym<\/strong>, wed\u0142ug d\u0142ugoterminowych prognoz hydrologicznych (obliczanych z uwzgl\u0119dnieniem wi\u0105zki prognoz modelu numerycznego ECMWF) w pierwszej po\u0142owie marca mo\u017ce doj\u015b\u0107 do nasilenia si\u0119 <strong>roztop\u00f3w<\/strong>, co prze\u0142o\u017cy si\u0119 na <strong>tendencj\u0119 wzrostow\u0105 stanu wody<\/strong> w dorzeczu Wis\u0142y (w&nbsp;szczeg\u00f3lno\u015bci w zlewni Narwi i Bugu) i rzek Przymorza, z mo\u017cliwymi przekroczeniami stan\u00f3w umownych. Du\u017cy wp\u0142yw na przebieg wezbra\u0144 b\u0119d\u0105 mia\u0142y r\u00f3wnie\u017c ust\u0119puj\u0105ce <strong>zjawiska lodowe<\/strong> powoduj\u0105ce <strong>lokalne zaburzenia przep\u0142ywu i&nbsp;pi\u0119trzenie stanu wody<\/strong>.<\/p>\n\n\n\n<p><strong>Aktualna sytuacja hydrologiczna, prognozy oraz ostrze\u017cenia dost\u0119pne zawsze w Serwisie hydrologicznym IMGW-PIB (<\/strong><a href=\"https:\/\/imgw-my.sharepoint.com\/personal\/centrumhydro_imgw_pl\/Documents\/Pliki%20z%20czat\u00f3w%20w%20aplikacji%20Microsoft%20Teams\/hydro.imgw.pl\"><strong>hydro.imgw.pl<\/strong><\/a><strong>).<\/strong><\/p>\n\n\n\n<p>Opracowanie: Centrum Hydrologicznej Os\u0142ony Kraju IMGW-PIB<\/p>\n\n\n\n<figure class=\"wp-block-image size-full\"><img loading=\"lazy\" decoding=\"async\" width=\"913\" height=\"546\" src=\"https:\/\/imgw.pl\/wp-content\/uploads\/2026\/02\/h1-7.jpg\" alt=\"\" class=\"wp-image-23678\" srcset=\"https:\/\/imgw.pl\/wp-content\/uploads\/2026\/02\/h1-7.jpg 913w, https:\/\/imgw.pl\/wp-content\/uploads\/2026\/02\/h1-7-300x179.jpg 300w, https:\/\/imgw.pl\/wp-content\/uploads\/2026\/02\/h1-7-768x459.jpg 768w, https:\/\/imgw.pl\/wp-content\/uploads\/2026\/02\/h1-7-18x12.jpg 18w\" sizes=\"auto, (max-width: 913px) 100vw, 913px\" \/><\/figure>\n\n\n\n<p>Rys. 1. <a href=\"https:\/\/hydro.imgw.pl\/#\/map?warn=hydro&amp;bl=hydro&amp;tstp=24&amp;zo=6.92408502587485&amp;lo=19.189&amp;la=52.0195\">Stan wody na rzekach w Polsce<\/a>, stan na godz. 12:00 dnia 11.02.2026 r.<\/p>\n\n\n\n<figure class=\"wp-block-image size-full\"><img loading=\"lazy\" decoding=\"async\" width=\"873\" height=\"572\" src=\"https:\/\/imgw.pl\/wp-content\/uploads\/2026\/02\/h2-6.jpg\" alt=\"\" class=\"wp-image-23679\" srcset=\"https:\/\/imgw.pl\/wp-content\/uploads\/2026\/02\/h2-6.jpg 873w, https:\/\/imgw.pl\/wp-content\/uploads\/2026\/02\/h2-6-300x197.jpg 300w, https:\/\/imgw.pl\/wp-content\/uploads\/2026\/02\/h2-6-768x503.jpg 768w, https:\/\/imgw.pl\/wp-content\/uploads\/2026\/02\/h2-6-18x12.jpg 18w\" sizes=\"auto, (max-width: 873px) 100vw, 873px\" \/><\/figure>\n\n\n\n<p>Rys. 2. <a href=\"https:\/\/hydro.imgw.pl\/#\/map?warn=hydro&amp;bl=hydro&amp;tstp=24&amp;zo=6.92408502587485&amp;lo=19.189&amp;la=52.0195\">Ostrze\u017cenia hydrologiczne<\/a>, stan na godz. 13:30 dnia 11.02.2026 r.<\/p>\n\n\n\n<figure class=\"wp-block-image size-full\"><img loading=\"lazy\" decoding=\"async\" width=\"912\" height=\"574\" src=\"https:\/\/imgw.pl\/wp-content\/uploads\/2026\/02\/h3-6.jpg\" alt=\"\" class=\"wp-image-23680\" srcset=\"https:\/\/imgw.pl\/wp-content\/uploads\/2026\/02\/h3-6.jpg 912w, https:\/\/imgw.pl\/wp-content\/uploads\/2026\/02\/h3-6-300x189.jpg 300w, https:\/\/imgw.pl\/wp-content\/uploads\/2026\/02\/h3-6-768x483.jpg 768w, https:\/\/imgw.pl\/wp-content\/uploads\/2026\/02\/h3-6-18x12.jpg 18w\" sizes=\"auto, (max-width: 912px) 100vw, 912px\" \/><\/figure>\n\n\n\n<p>Rys. 3. <a href=\"https:\/\/hydro.imgw.pl\/#\/map?bl=hydro&amp;tstp=24&amp;zo=6.92408502587485&amp;lo=19.189&amp;la=52.0195&amp;ts=202602060900&amp;omt=2&amp;ice=true\">Zjawiska lodowe na rzekach w Polsce<\/a>, stan na godz. 12:00 dnia 11.02.2026 r.<\/p>","protected":false},"excerpt":{"rendered":"<p>Stan na 11.02.2026, godz. 15:00 \u2013 opracowanie Centrum Meteorologicznej Os\u0142ony Kraju IMGW-PIB 1. Najwa\u017cniejsze zagro\u017cenie: OBLODZENIE I GO\u0141OLED\u0179 W najbli\u017cszych dniach na znacznym obszarze kraju, mo\u017cliwe b\u0119d\u0105 okresowe opady marzn\u0105ce, lub wraz z nocnym spadkiem temperatury poni\u017cej 0\u00b0C \u2013 oblodzenie nawierzchni. 2. Aktualne ostrze\u017cenia meteorologiczne w podziale na regiony ostrze\u017ce\u0144 (w formacie: nazwa zjawiska\/stopie\u0144 zagro\u017cenia, [&hellip;]<\/p>\n","protected":false},"author":2,"featured_media":23677,"comment_status":"closed","ping_status":"closed","sticky":false,"template":"","format":"standard","meta":{"footnotes":""},"categories":[5],"tags":[54,35],"class_list":["post-23676","post","type-post","status-publish","format-standard","has-post-thumbnail","hentry","category-aktualnosci","tag-ostrzezenia","tag-prognoza"],"_links":{"self":[{"href":"https:\/\/imgw.pl\/en\/wp-json\/wp\/v2\/posts\/23676","targetHints":{"allow":["GET"]}}],"collection":[{"href":"https:\/\/imgw.pl\/en\/wp-json\/wp\/v2\/posts"}],"about":[{"href":"https:\/\/imgw.pl\/en\/wp-json\/wp\/v2\/types\/post"}],"author":[{"embeddable":true,"href":"https:\/\/imgw.pl\/en\/wp-json\/wp\/v2\/users\/2"}],"replies":[{"embeddable":true,"href":"https:\/\/imgw.pl\/en\/wp-json\/wp\/v2\/comments?post=23676"}],"version-history":[{"count":3,"href":"https:\/\/imgw.pl\/en\/wp-json\/wp\/v2\/posts\/23676\/revisions"}],"predecessor-version":[{"id":23683,"href":"https:\/\/imgw.pl\/en\/wp-json\/wp\/v2\/posts\/23676\/revisions\/23683"}],"wp:featuredmedia":[{"embeddable":true,"href":"https:\/\/imgw.pl\/en\/wp-json\/wp\/v2\/media\/23677"}],"wp:attachment":[{"href":"https:\/\/imgw.pl\/en\/wp-json\/wp\/v2\/media?parent=23676"}],"wp:term":[{"taxonomy":"category","embeddable":true,"href":"https:\/\/imgw.pl\/en\/wp-json\/wp\/v2\/categories?post=23676"},{"taxonomy":"post_tag","embeddable":true,"href":"https:\/\/imgw.pl\/en\/wp-json\/wp\/v2\/tags?post=23676"}],"curies":[{"name":"wp","href":"https:\/\/api.w.org\/{rel}","templated":true}]}}