{"id":23699,"date":"2026-02-12T15:07:01","date_gmt":"2026-02-12T14:07:01","guid":{"rendered":"https:\/\/imgw.pl\/?p=23699"},"modified":"2026-02-12T15:22:27","modified_gmt":"2026-02-12T14:22:27","slug":"prognoza-pogody-na-tydzien-13-02-19-02-2026","status":"publish","type":"post","link":"https:\/\/imgw.pl\/en\/prognoza-pogody-na-tydzien-13-02-19-02-2026\/","title":{"rendered":"Prognoza pogody na tydzie\u0144 13.02. \u2013 19.02.2026"},"content":{"rendered":"<p><a id=\"post-23699-_Hlk197589860\"><\/a> Warszawa, 12.02.2026 r.<\/p>\n\n\n\n<p><strong>Komunikat Zespo\u0142u Komunikacji IMGW-PIB<\/strong><\/p>\n\n\n\n<p><strong>Po kr\u00f3tkotrwa\u0142ym ociepleniu, w ci\u0105gu najbli\u017cszych dni spodziewane jest ponowne och\u0142odzenie, kt\u00f3re b\u0119dzie stopniowo post\u0119powa\u0107 od p\u00f3\u0142nocnego wschodu kraju. Noce znowu b\u0119d\u0105 mro\u017ane, zw\u0142aszcza na p\u00f3\u0142nocnym wschodzie, gdzie lokalnie temperatura mo\u017ce spa\u015b\u0107 nawet poni\u017cej \u201320\u00b0C. W ci\u0105gu dnia przewa\u017cnie oko\u0142o \u20135\u00b0C, a na zachodzie nieco powy\u017cej 0\u00b0C. Opady deszczu ust\u0105pi\u0105 opadom \u015bniegu i deszczu ze \u015bniegiem. Najwi\u0119cej \u015bniegu spadnie w Bieszczadach w niedziel\u0119. Niemal w ca\u0142ym kraju b\u0119dzie \u015blisko! Od wtorku spodziewane jest ponowne ocieplenie, post\u0119puj\u0105ce od zachodu, do oko\u0142o 2-3\u00b0C. <\/strong><\/p>\n\n\n\n<figure class=\"wp-block-image\"><img loading=\"lazy\" decoding=\"async\" width=\"821\" height=\"1095\" src=\"https:\/\/imgw.pl\/wp-content\/uploads\/2026\/02\/obraz-zawierajacy-na-wolnym-powietrzu-niebo-natu.jpeg\" alt=\"Obraz zawieraj\u0105cy na wolnym powietrzu, niebo, natura, drzewoZawarto\u015b\u0107 wygenerowana przez AI mo\u017ce by\u0107 niepoprawna.\" class=\"wp-image-23700\" srcset=\"https:\/\/imgw.pl\/wp-content\/uploads\/2026\/02\/obraz-zawierajacy-na-wolnym-powietrzu-niebo-natu.jpeg 821w, https:\/\/imgw.pl\/wp-content\/uploads\/2026\/02\/obraz-zawierajacy-na-wolnym-powietrzu-niebo-natu-225x300.jpeg 225w, https:\/\/imgw.pl\/wp-content\/uploads\/2026\/02\/obraz-zawierajacy-na-wolnym-powietrzu-niebo-natu-768x1024.jpeg 768w, https:\/\/imgw.pl\/wp-content\/uploads\/2026\/02\/obraz-zawierajacy-na-wolnym-powietrzu-niebo-natu-9x12.jpeg 9w\" sizes=\"auto, (max-width: 821px) 100vw, 821px\" \/><\/figure>\n\n\n\n<p>Fot. Konrad Dyjas<\/p>\n\n\n\n<p><strong>W pi\u0105tek<\/strong> pochmurnie niemal w ca\u0142ym kraju. Rozpogodzenia mo\u017cliwe w Ma\u0142opolsce i na Podkarpaciu. Opady deszczu, na p\u00f3\u0142nocy tak\u017ce deszczu ze \u015bniegiem i \u015bniegu (lokalnie na wybrze\u017cu do 10 cm), okresami deszczu marzn\u0105cego i powoduj\u0105cego go\u0142oled\u017a. Na p\u00f3\u0142nocy r\u00f3wnie\u017c mg\u0142y, ograniczaj\u0105ce widzialno\u015b\u0107 do oko\u0142o 400-500 m. Temperatura minimalna od \u20131\u00b0C na p\u00f3\u0142nocy, oko\u0142o 2\u00b0C w centrum, do 5\u00b0C na kra\u0144cach po\u0142udniowo-zachodnich. Temperatura maksymalna od 0\u00b0C na Pomorzu, oko\u0142o 5\u00b0C w centrum, do 9\u00b0C na po\u0142udniu. Wiatr s\u0142aby i umiarkowany, na po\u0142udniu i na wybrze\u017cu okresami porywisty, przewa\u017cnie zachodni i po\u0142udniowo-zachodni, na wybrze\u017cu skr\u0119caj\u0105cy na p\u00f3\u0142nocny.<\/p>\n\n\n\n<p><strong>W sobot\u0119 <\/strong>pochmurnie. Opady \u015bniegu i deszczu ze \u015bniegiem, na po\u0142udniowym wschodzie tak\u017ce deszczu. Temperatura minimalna od \u20135\u00b0C na p\u00f3\u0142nocy, oko\u0142o 0\u00b0C w centrum, do 2\u00b0C na kra\u0144cach po\u0142udniowo-wschodnich. Temperatura maksymalna od \u20135\u00b0C na Suwalszczy\u017anie, oko\u0142o 0\u00b0C w centrum, do 3\u00b0C na kra\u0144cach po\u0142udniowo-wschodnich. W wielu miejscach na drogach i chodnikach \u015blisko! Wiatr b\u0119dzie s\u0142aby i umiarkowany, nad morzem porywisty, p\u00f3\u0142nocno-zachodni i p\u00f3\u0142nocny, na&nbsp;wschodzie tak\u017ce zachodni.<\/p>\n\n\n\n<p><strong>W niedziel\u0119<\/strong> zachmurzenie du\u017ce z post\u0119puj\u0105cymi od p\u00f3\u0142nocnego zachodu rozpogodzeniami. Na&nbsp;po\u0142udniowym wschodzie opady \u015bniegu, miejscami o nat\u0119\u017ceniu umiarkowanym i silnym. Temperatura minimalna od \u201314\u00b0C na p\u00f3\u0142nocnym wschodzie, oko\u0142o \u20138\u00b0C w centrum, do \u20132\u00b0C na kra\u0144cach zachodnich. Temperatura maksymalna od \u201310\u00b0C na p\u00f3\u0142nocnym wschodzie, oko\u0142o \u20134\u00b0C w&nbsp;centrum, do 0\u00b0C na zachodzie. Wiatr s\u0142aby i umiarkowany, miejscami porywisty, p\u00f3\u0142nocny, na&nbsp;p\u00f3\u0142nocnym zachodzie s\u0142aby, z kierunk\u00f3w wschodnich.<\/p>\n\n\n\n<p><strong>W poniedzia\u0142ek<\/strong> zachmurzenie umiarkowane i du\u017ce. Na kra\u0144cach zachodnich mo\u017cliwe s\u0142abe opady \u015bniegu. Temperatura minimalna od \u201322\u00b0C na p\u00f3\u0142nocnym wschodzie, oko\u0142o \u201315\u00b0C w centrum, do \u20136\u00b0C na po\u0142udniowym zachodzie. Temperatura maksymalna od \u20139\u00b0C na wschodzie, oko\u0142o \u20135\u00b0C w centrum, do 2\u00b0C na kra\u0144cach po\u0142udniowo-zachodnich. Wiatr s\u0142aby i umiarkowany, na zachodzie porywisty, wschodni i po\u0142udniowo-wschodni, w Sudetach po\u0142udniowy.<\/p>\n\n\n\n<p><strong>We wtorek<\/strong> zachmurzenie ma\u0142e i umiarkowane, stopniowo od zachodu wzrastaj\u0105ce do du\u017cego. Na&nbsp;zachodzie s\u0142abe opady deszczu ze \u015bniegiem i \u015bniegu. Temperatura minimalna od \u201319\u00b0C na p\u00f3\u0142nocnym wschodzie, oko\u0142o \u201310\u00b0C w centrum, do \u20131\u00b0C na kra\u0144cach po\u0142udniowo-zachodnich. Temperatura maksymalna od \u201310\u00b0C na p\u00f3\u0142nocnym wschodzie, oko\u0142o \u20134\u00b0C w centrum, do 3\u00b0C na po\u0142udniowym zachodzie. Wiatr s\u0142aby, na p\u00f3\u0142nocy umiarkowany, nad morzem r\u00f3wnie\u017c porywisty, przewa\u017cnie po\u0142udniowo-wschodni, na zachodzie skr\u0119caj\u0105cy na zachodni.<\/p>\n\n\n\n<p><strong>W \u015brod\u0119 <\/strong>pochmurnie, na zachodzie mo\u017cliwe rozpogodzenia. Opady \u015bniegu i deszczu ze \u015bniegiem, miejscami tak\u017ce opady deszczu marzn\u0105cego i go\u0142oled\u017a. Temperatura minimalna od \u201317\u00b0C na Suwalszczy\u017anie, oko\u0142o \u201310\u00b0C w centrum, do \u20132\u00b0C na Pomorzu Zachodnim. Temperatura maksymalna od \u20137\u00b0C na Suwalszczy\u017anie, oko\u0142o 0\u00b0C w centrum, do 4\u00b0C na zachodzie. Wiatr s\u0142aby, na p\u00f3\u0142nocy umiarkowany, z kierunk\u00f3w po\u0142udniowych.<\/p>\n\n\n\n<p><strong>W czwartek<\/strong> pochmurnie. Opady deszczu ze \u015bniegiem i \u015bniegu. Temperatura minimalna od \u201310\u00b0C na wschodzie, oko\u0142o \u20136\u00b0C w centrum, do \u20131\u00b0C na kra\u0144cach po\u0142udniowo-zachodnich. Temperatura maksymalna od 0\u00b0C do 3\u00b0C. Wiatr s\u0142aby, zmienny, z przewag\u0105 kierunk\u00f3w po\u0142udniowy, nad morzem z&nbsp;przewag\u0105 zachodnich.<\/p>\n\n\n\n<p><a id=\"post-23699-_Hlk105677416\"><\/a><strong>Szczeg\u00f3\u0142owa prognoza hydrologiczna<\/strong><\/p>\n\n\n\n<p><strong>Przed nami kolejny tydzie\u0144 z naprzemiennym wyst\u0119powaniem odwil\u017cy i silnego och\u0142odzenia. Do&nbsp;soboty (14.02) na rzekach dominowa\u0107 b\u0119d\u0105 wzrosty stan\u00f3w wody, zwi\u0105zane ze sp\u0142ywem w\u00f3d roztopowo-opadowych oraz ust\u0119powaniem zjawisk lodowych. Od niedzieli (15.02) do \u015brody (18.02) prognozowany jest powr\u00f3t mrozu, co ponownie sprzyja\u0107 b\u0119dzie tworzeniu si\u0119 i rozwojowi zjawisk lodowych w korytach rzek. Na Wybrze\u017cu sytuacja pozostanie stabilna \u2013 nie prognozuje si\u0119 sztormu.<\/strong><\/p>\n\n\n\n<p><strong>Dorzecze Wis\u0142y<\/strong><\/p>\n\n\n\n<p>Na g\u00f3rnej Wi\u015ble w pierwszej cz\u0119\u015bci okresu wyst\u0105pi tendencja wzrostowa oraz stabilizacja w&nbsp;aktualnych strefach stan\u00f3w wody. Wahania b\u0119d\u0105 uzale\u017cnione od wielko\u015bci dop\u0142ywu w\u00f3d roztopowych oraz ust\u0119powania zjawisk lodowych na dop\u0142ywach. Po 15.02. wzrosty zostan\u0105 zahamowane, a dominowa\u0107 b\u0119dzie stabilizacja i lokalne wahania zwi\u0105zane z ponownym rozwojem zjawisk lodowych. Stany wody utrzymywa\u0107 si\u0119 b\u0119d\u0105 g\u0142\u00f3wnie w strefie stan\u00f3w \u015brednich i niskich, okresami lokalnie w wysokich.<\/p>\n\n\n\n<p>Na \u015brodkowej Wi\u015ble prognozowana jest stopniowa tendencja wzrostowa, wynikaj\u0105ca ze sp\u0142ywu w\u00f3d z&nbsp;g\u00f3rnej cz\u0119\u015bci zlewni. Istotnym czynnikiem b\u0119dzie przemieszczanie si\u0119 kry. W przypadku powstania zatoru, szczeg\u00f3lnie w rejonie Zbiornika W\u0142oc\u0142awek, mo\u017cliwe s\u0105 gwa\u0142towne wzrosty i du\u017ce wahania stanu wody. Po och\u0142odzeniu przewidywana jest stabilizacja oraz ponowny rozw\u00f3j zjawisk lodowych.<\/p>\n\n\n\n<p>Na dolnej Wi\u015ble przebieg stan\u00f3w wody zale\u017cny b\u0119dzie od stopnia zlodzenia rzeki i dzia\u0142a\u0144 lodo\u0142amaczy. Mimo cz\u0119\u015bciowego udro\u017cnienia koryta poni\u017cej Tczewa, powy\u017cej tej stacji utrzymuje si\u0119 pokrywa lodowa, dlatego mo\u017cliwe s\u0105 wahania i okresowe wzrosty do strefy stan\u00f3w \u015brednich, a&nbsp;w&nbsp;przypadku spi\u0119trzenia kry \u2013 lokalnie do strefy stan\u00f3w wysokich. W drugiej cz\u0119\u015bci okresu prognozy spodziewana jest stabilizacja i ponowny rozw\u00f3j zjawisk lodowych.<\/p>\n\n\n\n<p>Na dop\u0142ywach g\u00f3rnej Wis\u0142y roztopy spowoduj\u0105 lokalne wzrosty stan\u00f3w wody, miejscami do strefy stan\u00f3w wysokich, punktowo powy\u017cej stan\u00f3w ostrzegawczych (m.in. w zlewni g\u00f3rnego Sanu i&nbsp;Brynicy). Przybory mog\u0105 mie\u0107 miejscami gwa\u0142towny charakter. Lokalnie istnieje mo\u017cliwo\u015b\u0107 tworzenia si\u0119 zator\u00f3w lodowych (m.in. S\u0119k\u00f3wka, Nida, Wis\u0142oka, San). Po 15.02. dominowa\u0107 b\u0119dzie przebieg wyr\u00f3wnany oraz wahania zwi\u0105zane z ponownym rozwojem zjawisk lodowych.<\/p>\n\n\n\n<p>W zlewni Narwi i Bugu ocieplenie b\u0119dzie kr\u00f3tkotrwa\u0142e i s\u0142abe. Mimo to, mo\u017cliwe s\u0105 lokalne wzrosty oraz wahania spowodowane pi\u0119trzeniem wody przez l\u00f3d, szczeg\u00f3lnie w rejonach most\u00f3w, jaz\u00f3w i na odcinkach meandruj\u0105cych. W kolejnych dniach stan wody b\u0119dzie uzale\u017cniony g\u0142\u00f3wnie od rozwoju zjawisk lodowych. Stany wody utrzymywa\u0107 si\u0119 b\u0119d\u0105 w strefie \u015bredniej i niskiej, lokalnie okresowo w&nbsp;wysokiej.<\/p>\n\n\n\n<p>W zlewniach pozosta\u0142ych dop\u0142yw\u00f3w \u015brodkowej i dolnej Wis\u0142y pocz\u0105tkowo prognozowane s\u0105 lokalne wezbrania roztopowe i wahania stan\u00f3w wody, g\u0142\u00f3wnie w strefie stan\u00f3w \u015brednich, miejscami wysokich (lokalnie mo\u017cliwe przekroczenia stan\u00f3w ostrzegawczych, m.in. w zlewni Drw\u0119cy). Po 15.02. wzrosty zostan\u0105 wyhamowane, a dominowa\u0107 b\u0119dzie stabilizacja oraz lokalne wahania zwi\u0105zane z&nbsp;ponownym tworzeniem si\u0119 zjawisk lodowych.<\/p>\n\n\n\n<p><strong>Dorzecze Odry<\/strong><\/p>\n\n\n\n<p>W dorzeczu g\u00f3rnej i \u015brodkowej Odry pokrywa \u015bnie\u017cna jest niewielka, a zjawiska lodowe s\u0142abo rozwini\u0119te. Na g\u00f3rnym odcinku Odry prognozowany jest pocz\u0105tkowo wzrost stanu wody zwi\u0105zany z&nbsp;roztopami, nast\u0119pnie stabilizacja lub tendencja spadkowa, okresowo zak\u0142\u00f3cana wahaniami. Na&nbsp;Odrze skanalizowanej stany wody b\u0119d\u0105 zale\u017cne g\u0142\u00f3wnie od pracy urz\u0105dze\u0144 hydrotechnicznych i&nbsp;utrzymywa\u0107 si\u0119 b\u0119d\u0105 w strefie stan\u00f3w \u015brednich i niskich.<\/p>\n\n\n\n<p>Na \u015brodkowej Odrze swobodnie p\u0142yn\u0105cej mo\u017cliwe s\u0105 wzrosty oraz wahania w strefie stan\u00f3w \u015brednich i niskich. Na granicznym odcinku Odry do uj\u015bcia sytuacja zale\u017cna b\u0119dzie od zjawisk lodowych i dzia\u0142a\u0144 lodo\u0142amaczy. W rejonie uj\u015bcia Warty, przy utrzymuj\u0105cym si\u0119 zlodzeniu, nie wyklucza si\u0119 wzrost\u00f3w wywo\u0142anych pi\u0119trzeniem przez l\u00f3d.<\/p>\n\n\n\n<p>W zlewniach dop\u0142yw\u00f3w g\u00f3rnej i \u015brodkowej Odry roztopy spowoduj\u0105 stopniowe wzrosty stan\u00f3w wody, szczeg\u00f3lnie na rzekach g\u00f3rskich i podg\u00f3rskich oraz w g\u00f3rnych cz\u0119\u015bciach lewostronnych dop\u0142yw\u00f3w Odry \u015brodkowej \u2013 g\u0142\u00f3wnie w strefie stan\u00f3w \u015brednich i niskich, lokalnie wysokich. W drugiej cz\u0119\u015bci prognozy mo\u017cliwe jest ponowne tworzenie si\u0119 zjawisk lodowych i lokalne pi\u0119trzenie wody. Najwi\u0119ksze zmiany stan\u00f3w wody mog\u0105 wyst\u0119powa\u0107 poni\u017cej zbiornik\u00f3w energetycznych (m.in. Bystrzyca, B\u00f3br, Kwisa).<\/p>\n\n\n\n<p>Na Warcie i miejscami na jej dop\u0142ywach utrzymuje si\u0119 zlodzenie, szczeg\u00f3lnie w dolnym biegu. Ocieplenie spowoduje cz\u0119\u015bciowe ust\u0119powanie lodu i lokalne wzrosty stan\u00f3w wody, miejscami do strefy stan\u00f3w wysokich. Na dolnym odcinku Warty i Noteci sytuacja b\u0119dzie zale\u017cna od sp\u0142ywu kry do&nbsp;Odry; nie wyklucza si\u0119 tworzenia zator\u00f3w. Po 15.02. ponownie dominowa\u0107 b\u0119d\u0105 procesy lodowe.<\/p>\n\n\n\n<p><strong>Wybrze\u017ce i rzeki Przymorza<\/strong><\/p>\n\n\n\n<p>Na Wybrze\u017cu, Zalewie Wi\u015blanym i \u017bu\u0142awach, przy utrzymuj\u0105cym si\u0119 zlodzeniu i braku silnego wiatru, prognozowane s\u0105 wahania stan\u00f3w wody w strefie stan\u00f3w niskich i \u015brednich. Zagro\u017cenie sztormowe nie wyst\u0105pi.<\/p>\n\n\n\n<p>Na rzekach Przymorza oraz rzekach uchodz\u0105cych do Zatoki Gda\u0144skiej i Zalewu Wi\u015blanego mo\u017cliwe s\u0105 niewielkie wezbrania roztopowe i wahania stan\u00f3w wody. Lokalnie wzrosty mog\u0105 mie\u0107 gwa\u0142towny charakter w wyniku pi\u0119trzenia przez l\u00f3d. W drugiej cz\u0119\u015bci okresu ponownie istotny wp\u0142yw b\u0119d\u0105 mia\u0142y zjawiska lodowe.<\/p>\n\n\n\n<p><strong>SUSZA HYDROLOGICZNA<\/strong><\/p>\n\n\n\n<p>Na 22 stacjach notowane s\u0105 przep\u0142ywy poni\u017cej progu SNQ (na jednej poni\u017cej NNQ). Obowi\u0105zuj\u0105 ostrze\u017cenia przed susz\u0105 hydrologiczn\u0105 dla zlewni Przemszy, Rudawy, Pr\u0105dnika oraz Kamiennej. W nadchodz\u0105cym tygodniu nie przewiduje si\u0119 wydawania nowych ostrze\u017ce\u0144. W pierwszej cz\u0119\u015bci okresu liczba stacji z przep\u0142ywem poni\u017cej SNQ b\u0119dzie si\u0119 zmniejsza\u0107 w zwi\u0105zku ze wzrostem odp\u0142ywu podczas roztop\u00f3w, nast\u0119pnie ustabilizuje si\u0119 na zbli\u017conym poziomie.<\/p>\n\n\n\n<figure class=\"wp-block-image\"><img loading=\"lazy\" decoding=\"async\" width=\"1093\" height=\"822\" src=\"https:\/\/imgw.pl\/wp-content\/uploads\/2026\/02\/obraz-zawierajacy-tekst-mapa-diagram-atlas-zaw-2.png\" alt=\"Obraz zawieraj\u0105cy tekst, mapa, diagram, atlasZawarto\u015b\u0107 wygenerowana przez AI mo\u017ce by\u0107 niepoprawna.\" class=\"wp-image-23701\" srcset=\"https:\/\/imgw.pl\/wp-content\/uploads\/2026\/02\/obraz-zawierajacy-tekst-mapa-diagram-atlas-zaw-2.png 1093w, https:\/\/imgw.pl\/wp-content\/uploads\/2026\/02\/obraz-zawierajacy-tekst-mapa-diagram-atlas-zaw-2-300x226.png 300w, https:\/\/imgw.pl\/wp-content\/uploads\/2026\/02\/obraz-zawierajacy-tekst-mapa-diagram-atlas-zaw-2-1024x770.png 1024w, https:\/\/imgw.pl\/wp-content\/uploads\/2026\/02\/obraz-zawierajacy-tekst-mapa-diagram-atlas-zaw-2-768x578.png 768w, https:\/\/imgw.pl\/wp-content\/uploads\/2026\/02\/obraz-zawierajacy-tekst-mapa-diagram-atlas-zaw-2-16x12.png 16w\" sizes=\"auto, (max-width: 1093px) 100vw, 1093px\" \/><\/figure>\n\n\n\n<p>Suma skumulowanego opadu od pocz\u0105tku lutego 2026 r.<\/p>\n\n\n\n<figure class=\"wp-block-image\"><img loading=\"lazy\" decoding=\"async\" width=\"2560\" height=\"1101\" src=\"https:\/\/imgw.pl\/wp-content\/uploads\/2026\/02\/obraz-zawierajacy-tekst-zrzut-ekranu-linia-rown-1-scaled.png\" alt=\"Obraz zawieraj\u0105cy tekst, zrzut ekranu, linia, R\u00f3wnolegleZawarto\u015b\u0107 wygenerowana przez AI mo\u017ce by\u0107 niepoprawna.\" class=\"wp-image-23702\" srcset=\"https:\/\/imgw.pl\/wp-content\/uploads\/2026\/02\/obraz-zawierajacy-tekst-zrzut-ekranu-linia-rown-1-scaled.png 2560w, https:\/\/imgw.pl\/wp-content\/uploads\/2026\/02\/obraz-zawierajacy-tekst-zrzut-ekranu-linia-rown-1-300x129.png 300w, https:\/\/imgw.pl\/wp-content\/uploads\/2026\/02\/obraz-zawierajacy-tekst-zrzut-ekranu-linia-rown-1-1024x441.png 1024w, https:\/\/imgw.pl\/wp-content\/uploads\/2026\/02\/obraz-zawierajacy-tekst-zrzut-ekranu-linia-rown-1-768x330.png 768w, https:\/\/imgw.pl\/wp-content\/uploads\/2026\/02\/obraz-zawierajacy-tekst-zrzut-ekranu-linia-rown-1-1536x661.png 1536w, https:\/\/imgw.pl\/wp-content\/uploads\/2026\/02\/obraz-zawierajacy-tekst-zrzut-ekranu-linia-rown-1-2048x881.png 2048w, https:\/\/imgw.pl\/wp-content\/uploads\/2026\/02\/obraz-zawierajacy-tekst-zrzut-ekranu-linia-rown-1-18x8.png 18w\" sizes=\"auto, (max-width: 2560px) 100vw, 2560px\" \/><\/figure>\n\n\n\n<p>Liczby stacji z przep\u0142ywem poni\u017cej \u015bredniego niskiego przep\u0142ywu (SNQ), czyli umownej granicy suszy hydrologicznej w 2026 r.<\/p>\n\n\n\n<figure class=\"wp-block-image\"><img loading=\"lazy\" decoding=\"async\" width=\"1391\" height=\"679\" src=\"https:\/\/imgw.pl\/wp-content\/uploads\/2026\/02\/obraz-zawierajacy-tekst-zrzut-ekranu-czcionka-n-1.png\" alt=\"Obraz zawieraj\u0105cy tekst, zrzut ekranu, Czcionka, numerZawarto\u015b\u0107 wygenerowana przez AI mo\u017ce by\u0107 niepoprawna.\" class=\"wp-image-23703\" srcset=\"https:\/\/imgw.pl\/wp-content\/uploads\/2026\/02\/obraz-zawierajacy-tekst-zrzut-ekranu-czcionka-n-1.png 1391w, https:\/\/imgw.pl\/wp-content\/uploads\/2026\/02\/obraz-zawierajacy-tekst-zrzut-ekranu-czcionka-n-1-300x146.png 300w, https:\/\/imgw.pl\/wp-content\/uploads\/2026\/02\/obraz-zawierajacy-tekst-zrzut-ekranu-czcionka-n-1-1024x500.png 1024w, https:\/\/imgw.pl\/wp-content\/uploads\/2026\/02\/obraz-zawierajacy-tekst-zrzut-ekranu-czcionka-n-1-768x375.png 768w, https:\/\/imgw.pl\/wp-content\/uploads\/2026\/02\/obraz-zawierajacy-tekst-zrzut-ekranu-czcionka-n-1-18x9.png 18w\" sizes=\"auto, (max-width: 1391px) 100vw, 1391px\" \/><\/figure>\n\n\n\n<p>Procentowy udzia\u0142 stacji hydrologicznych w poszczeg\u00f3lnych strefach stan\u00f3w charakterystycznych oraz liczba stacji z&nbsp;przep\u0142ywem poni\u017cej \u015bredniego niskiego przep\u0142ywu (SNQ), czyli umownej przyj\u0119tej granicy suszy hydrologicznej.<\/p>\n\n\n\n<figure class=\"wp-block-image\"><img loading=\"lazy\" decoding=\"async\" width=\"992\" height=\"868\" src=\"https:\/\/imgw.pl\/wp-content\/uploads\/2026\/02\/obraz-zawierajacy-mapa-tekst-atlas-zawartosc-wy-6.png\" alt=\"Obraz zawieraj\u0105cy mapa, tekst, atlasZawarto\u015b\u0107 wygenerowana przez AI mo\u017ce by\u0107 niepoprawna.\" class=\"wp-image-23704\" srcset=\"https:\/\/imgw.pl\/wp-content\/uploads\/2026\/02\/obraz-zawierajacy-mapa-tekst-atlas-zawartosc-wy-6.png 992w, https:\/\/imgw.pl\/wp-content\/uploads\/2026\/02\/obraz-zawierajacy-mapa-tekst-atlas-zawartosc-wy-6-300x263.png 300w, https:\/\/imgw.pl\/wp-content\/uploads\/2026\/02\/obraz-zawierajacy-mapa-tekst-atlas-zawartosc-wy-6-768x672.png 768w, https:\/\/imgw.pl\/wp-content\/uploads\/2026\/02\/obraz-zawierajacy-mapa-tekst-atlas-zawartosc-wy-6-14x12.png 14w\" sizes=\"auto, (max-width: 992px) 100vw, 992px\" \/><\/figure>\n\n\n\n<p>Ostrze\u017cenia hydrologiczne na dzie\u0144 12.02.2026 r.<\/p>\n\n\n\n<figure class=\"wp-block-image\"><img loading=\"lazy\" decoding=\"async\" width=\"995\" height=\"870\" src=\"https:\/\/imgw.pl\/wp-content\/uploads\/2026\/02\/obraz-zawierajacy-mapa-tekst-atlas-zawartosc-wy-7.png\" alt=\"Obraz zawieraj\u0105cy mapa, tekst, atlasZawarto\u015b\u0107 wygenerowana przez AI mo\u017ce by\u0107 niepoprawna.\" class=\"wp-image-23705\" srcset=\"https:\/\/imgw.pl\/wp-content\/uploads\/2026\/02\/obraz-zawierajacy-mapa-tekst-atlas-zawartosc-wy-7.png 995w, https:\/\/imgw.pl\/wp-content\/uploads\/2026\/02\/obraz-zawierajacy-mapa-tekst-atlas-zawartosc-wy-7-300x262.png 300w, https:\/\/imgw.pl\/wp-content\/uploads\/2026\/02\/obraz-zawierajacy-mapa-tekst-atlas-zawartosc-wy-7-768x672.png 768w, https:\/\/imgw.pl\/wp-content\/uploads\/2026\/02\/obraz-zawierajacy-mapa-tekst-atlas-zawartosc-wy-7-14x12.png 14w\" sizes=\"auto, (max-width: 995px) 100vw, 995px\" \/><\/figure>\n\n\n\n<p>Ostrze\u017cenia meteorologiczne na dzie\u0144 12.02.2026 r.<\/p>\n\n\n\n<figure class=\"wp-block-image size-full\"><img loading=\"lazy\" decoding=\"async\" width=\"793\" height=\"409\" src=\"https:\/\/imgw.pl\/wp-content\/uploads\/2026\/02\/IMGW_0212-Prognoza-meteo-i-szczegolowa-prognoza-hydro-na-kolejne-7-dni-rys.7.png\" alt=\"\" class=\"wp-image-23709\" srcset=\"https:\/\/imgw.pl\/wp-content\/uploads\/2026\/02\/IMGW_0212-Prognoza-meteo-i-szczegolowa-prognoza-hydro-na-kolejne-7-dni-rys.7.png 793w, https:\/\/imgw.pl\/wp-content\/uploads\/2026\/02\/IMGW_0212-Prognoza-meteo-i-szczegolowa-prognoza-hydro-na-kolejne-7-dni-rys.7-300x155.png 300w, https:\/\/imgw.pl\/wp-content\/uploads\/2026\/02\/IMGW_0212-Prognoza-meteo-i-szczegolowa-prognoza-hydro-na-kolejne-7-dni-rys.7-768x396.png 768w, https:\/\/imgw.pl\/wp-content\/uploads\/2026\/02\/IMGW_0212-Prognoza-meteo-i-szczegolowa-prognoza-hydro-na-kolejne-7-dni-rys.7-18x9.png 18w\" sizes=\"auto, (max-width: 793px) 100vw, 793px\" \/><\/figure>\n\n\n\n<p>Liczba stacji hydrologicznych, na kt\u00f3rych notowano przekroczenie stanu alarmowego i\/lub ostrzegawczego o&nbsp;godzinie 07:00 w ostatnim tygodniu. Wi\u0119cej szczeg\u00f3\u0142\u00f3w w Serwisie hydrologicznym IMGW-PIB (hydro.imgw.pl).<\/p>\n\n\n\n<figure class=\"wp-block-image\"><img loading=\"lazy\" decoding=\"async\" width=\"617\" height=\"574\" src=\"https:\/\/imgw.pl\/wp-content\/uploads\/2026\/02\/obraz-zawierajacy-tekst-mapa-atlas-zawartosc-wy-3.png\" alt=\"Obraz zawieraj\u0105cy tekst, mapa, atlasZawarto\u015b\u0107 wygenerowana przez AI mo\u017ce by\u0107 niepoprawna.\" class=\"wp-image-23706\" srcset=\"https:\/\/imgw.pl\/wp-content\/uploads\/2026\/02\/obraz-zawierajacy-tekst-mapa-atlas-zawartosc-wy-3.png 617w, https:\/\/imgw.pl\/wp-content\/uploads\/2026\/02\/obraz-zawierajacy-tekst-mapa-atlas-zawartosc-wy-3-300x279.png 300w, https:\/\/imgw.pl\/wp-content\/uploads\/2026\/02\/obraz-zawierajacy-tekst-mapa-atlas-zawartosc-wy-3-13x12.png 13w\" sizes=\"auto, (max-width: 617px) 100vw, 617px\" \/><\/figure>\n\n\n\n<p>Stan wody na rzekach w Polsce, 12.02.2026 r., godz. 07:00.<\/p>\n\n\n\n<p>Zapraszamy do kontaktu z Zespo\u0142em Komunikacji IMGW-PIB od poniedzia\u0142ku do pi\u0105tku w godzinach 7:00\u201317:00.<\/p>\n\n\n\n<p>Twitter:&nbsp;<a href=\"https:\/\/twitter.com\/IMGWmeteo\" target=\"_blank\" rel=\"noopener\">https:\/\/twitter.com\/IMGWmeteo<\/a><\/p>\n\n\n\n<p>E.&nbsp;<a href=\"mailto:biuroprasowe@imgw.pl\" target=\"_blank\" rel=\"noopener\">biuroprasowe@imgw.pl<\/a>&nbsp;| T. (+48) 503 122\u202f100<\/p>\n\n\n\n<p><strong>SERWIS POGODOWY DLA POLSKI:<\/strong> <a href=\"https:\/\/meteo.imgw.pl\/\">https:\/\/meteo.imgw.pl\/<\/a><\/p>\n\n\n\n<p><strong>APLIKACJA MOBILNA:<\/strong> <a href=\"http:\/\/aplikacjameteo.imgw.pl\/\">http:\/\/aplikacjameteo.imgw.pl\/<\/a><\/p>\n\n\n\n<p><strong>SERWIS Z CA\u0141OROCZN\u0104 POGOD\u0104 DLA G\u00d3R:<\/strong> <a href=\"http:\/\/gory.imgw.pl\/\">http:\/\/gory.imgw.pl\/<\/a><\/p>\n\n\n\n<p><strong>DARMOWY WIDGET POGODOWY:<\/strong> <a href=\"http:\/\/widgetmeteo.imgw.pl\/\">http:\/\/widgetmeteo.imgw.pl\/<\/a><\/p>\n\n\n\n<p>IMGW-PIB. Instytut pe\u0142ni kluczow\u0105 rol\u0119 w os\u0142onie meteorologicznej kraju od 1919 roku. Od Karpat po&nbsp;Ba\u0142tyk analizujemy, dostarczamy prognozy i wydajemy ostrze\u017cenie. Nasze systemy informacyjne i&nbsp;rozwi\u0105zania dzia\u0142aj\u0105 24\/7 przez ca\u0142y rok, wsparte wiedz\u0105 i do\u015bwiadczeniem analityk\u00f3w i specjalist\u00f3w meteorologii i hydrologii. Jeste\u015bmy Instytutem skupiaj\u0105cym wysokiej klasy specjalist\u00f3w i\u202fdysponujemy niezb\u0119dn\u0105 infrastruktur\u0105 do pracy nad nim. Pogoda i klimat to jeden z najwa\u017cniejszych temat\u00f3w we wsp\u00f3\u0142czesnym \u015bwiecie.<\/p>","protected":false},"excerpt":{"rendered":"<p>Warszawa, 12.02.2026 r. Komunikat Zespo\u0142u Komunikacji IMGW-PIB Po kr\u00f3tkotrwa\u0142ym ociepleniu, w ci\u0105gu najbli\u017cszych dni spodziewane jest ponowne och\u0142odzenie, kt\u00f3re b\u0119dzie stopniowo post\u0119powa\u0107 od p\u00f3\u0142nocnego wschodu kraju. Noce znowu b\u0119d\u0105 mro\u017ane, zw\u0142aszcza na p\u00f3\u0142nocnym wschodzie, gdzie lokalnie temperatura mo\u017ce spa\u015b\u0107 nawet poni\u017cej \u201320\u00b0C. W ci\u0105gu dnia przewa\u017cnie oko\u0142o \u20135\u00b0C, a na zachodzie nieco powy\u017cej 0\u00b0C. Opady [&hellip;]<\/p>\n","protected":false},"author":2,"featured_media":23700,"comment_status":"closed","ping_status":"closed","sticky":false,"template":"","format":"standard","meta":{"footnotes":""},"categories":[5],"tags":[35],"class_list":["post-23699","post","type-post","status-publish","format-standard","has-post-thumbnail","hentry","category-aktualnosci","tag-prognoza"],"_links":{"self":[{"href":"https:\/\/imgw.pl\/en\/wp-json\/wp\/v2\/posts\/23699","targetHints":{"allow":["GET"]}}],"collection":[{"href":"https:\/\/imgw.pl\/en\/wp-json\/wp\/v2\/posts"}],"about":[{"href":"https:\/\/imgw.pl\/en\/wp-json\/wp\/v2\/types\/post"}],"author":[{"embeddable":true,"href":"https:\/\/imgw.pl\/en\/wp-json\/wp\/v2\/users\/2"}],"replies":[{"embeddable":true,"href":"https:\/\/imgw.pl\/en\/wp-json\/wp\/v2\/comments?post=23699"}],"version-history":[{"count":2,"href":"https:\/\/imgw.pl\/en\/wp-json\/wp\/v2\/posts\/23699\/revisions"}],"predecessor-version":[{"id":23710,"href":"https:\/\/imgw.pl\/en\/wp-json\/wp\/v2\/posts\/23699\/revisions\/23710"}],"wp:featuredmedia":[{"embeddable":true,"href":"https:\/\/imgw.pl\/en\/wp-json\/wp\/v2\/media\/23700"}],"wp:attachment":[{"href":"https:\/\/imgw.pl\/en\/wp-json\/wp\/v2\/media?parent=23699"}],"wp:term":[{"taxonomy":"category","embeddable":true,"href":"https:\/\/imgw.pl\/en\/wp-json\/wp\/v2\/categories?post=23699"},{"taxonomy":"post_tag","embeddable":true,"href":"https:\/\/imgw.pl\/en\/wp-json\/wp\/v2\/tags?post=23699"}],"curies":[{"name":"wp","href":"https:\/\/api.w.org\/{rel}","templated":true}]}}