{"id":23711,"date":"2026-02-12T18:27:44","date_gmt":"2026-02-12T17:27:44","guid":{"rendered":"https:\/\/imgw.pl\/?p=23711"},"modified":"2026-02-12T18:27:47","modified_gmt":"2026-02-12T17:27:47","slug":"aktualna-i-prognozowana-sytuacja-meteorologiczno-hydrologiczna-2","status":"publish","type":"post","link":"https:\/\/imgw.pl\/en\/aktualna-i-prognozowana-sytuacja-meteorologiczno-hydrologiczna-2\/","title":{"rendered":"Aktualna i prognozowana sytuacja meteorologiczno-hydrologiczna"},"content":{"rendered":"<p><strong>Aktualna i prognozowana sytuacja meteorologiczna<\/strong><\/p>\n\n\n\n<p>Stan na 12.02.2026, godz. 14:00 \u2013 opracowanie Centrum Meteorologicznej Os\u0142ony Kraju IMGW-PIB<\/p>\n\n\n\n<p><strong>1. Najwa\u017cniejsze zagro\u017cenie: OBLODZENIE I GO\u0141OLED\u0179<\/strong><\/p>\n\n\n\n<p>W nadchodz\u0105cej dobie na p\u00f3\u0142nocy i p\u00f3\u0142nocnym wschodzie prognozowane s\u0105 opady marzn\u0105ce prowadz\u0105ce do go\u0142oledzi. W cz\u0119\u015bci wschodniej i centralnej kraju wyst\u0119powa\u0107 b\u0119d\u0105 roztopy, a noc\u0105 oblodzenie nawierzchni. Lokalnie mo\u017cliwy silny wiatr w rejonach podg\u00f3rskich. W weekend na wschodzie powr\u00f3t silnego mrozu.<\/p>\n\n\n\n<p><strong>2. Aktualne ostrze\u017cenia meteorologiczne w podziale na regiony ostrze\u017ce\u0144 (w formacie: nazwa zjawiska\/stopie\u0144 zagro\u017cenia, czas wa\u017cno\u015bci od \u2013 do)<\/strong><\/p>\n\n\n\n<p><strong>OPADY MARZN\u0104CE \/ 1<\/strong><\/p>\n\n\n\n<ol class=\"wp-block-list\">\n<li>12.02, 18:00 \u2013 13.02, 13:00: podlaskie \u2013 p\u00f3\u0142nocny wsch\u00f3d; pomorskie \u2013 ca\u0142e; warmi\u0144sko\u2011mazurskie \u2013 p\u00f3\u0142noc i centrum; zachodniopomorskie \u2013 wi\u0119kszo\u015b\u0107 regionu.<\/li>\n<\/ol>\n\n\n\n<p><strong>ROZTOPY \/1, \/2<\/strong><\/p>\n\n\n\n<ol class=\"wp-block-list\">\n<li>11.02, godz. 20:00 \u2013 13.02, godz. 19:00 (st. 2): podkarpackie (pow. leski i bieszczadzki).<\/li>\n\n\n\n<li>11.02, godz. 12:00 \u2013 13.02, godz. 19:00 (st. 1): lubelskie \u2013 ca\u0142e; \u0142\u00f3dzkie \u2013 p\u00f3\u0142nocny wsch\u00f3d; mazowieckie \u2013 centrum i po\u0142udnie; podkarpackie \u2013 powiat lubaczowski.<\/li>\n<\/ol>\n\n\n\n<p><strong>SILNY WIATR \/ 1<\/strong><\/p>\n\n\n\n<ol class=\"wp-block-list\">\n<li>11.02, 07:00 \u2013 21:00: \u00a0podkarpackie \u2013 rejon Karpat i Przedg\u00f3rza.<\/li>\n<\/ol>\n\n\n\n<p><strong>3. Prognoza zagro\u017ce\u0144 13\u201316 lutego (doby dla poszczeg\u00f3lnych dni od 07:30 danego dnia do 07:30 dnia nast\u0119pnego)<\/strong><\/p>\n\n\n\n<p><strong>13.02 \u2014 pi\u0105tek<\/strong><\/p>\n\n\n\n<ol start=\"1\" class=\"wp-block-list\">\n<li><strong>Intensywne opady \u015bniegu\/1: <\/strong>pomorskie, zachodniopomorskie<\/li>\n\n\n\n<li><strong>Oblodzenie\/1: <\/strong>podlaskie, mazowieckie, \u0142\u00f3dzkie, wielkopolskie, lubuskie, dolno\u015bl\u0105skie, \u015bl\u0105skie, ma\u0142opolskie, \u015bwi\u0119tokrzyskie, podkarpackie, warmi\u0144sko-mazurskie, kujawsko-pomorskie, zachodniopomorskie<\/li>\n\n\n\n<li><strong>Opady marzn\u0105ce\/1: <\/strong>podlaskie, pomorskie, zachodniopomorskie, warmi\u0144sko-mazurskie<\/li>\n\n\n\n<li><strong>Roztopy\/1: <\/strong>lubelskie, mazowieckie, \u0142\u00f3dzkie, podkarpackie.<\/li>\n<\/ol>\n\n\n\n<p><strong>14.02 \u2014 sobota<\/strong><\/p>\n\n\n\n<ol class=\"wp-block-list\">\n<li><strong>Intensywne opady \u015bniegu\/1: <\/strong>\u015bl\u0105skie, ma\u0142opolskie, \u015bwi\u0119tokrzyskie, podkarpackie<\/li>\n\n\n\n<li><strong>Oblodzenie\/1: <\/strong>podlaskie, mazowieckie, \u0142\u00f3dzkie, lubelskie, podkarpackie, \u015bwi\u0119tokrzyskie, \u015bl\u0105skie, ma\u0142opolskie<\/li>\n\n\n\n<li><strong>Silny mr\u00f3z\/1: <\/strong>warmi\u0144sko-mazurskie<\/li>\n<\/ol>\n\n\n\n<p><strong>15.02 \u2014 niedziela<\/strong><\/p>\n\n\n\n<ol start=\"1\" class=\"wp-block-list\">\n<li><strong>Silny mr\u00f3z \/ 1:<\/strong> mazowieckie, lubelskie, pomorskie, warmi\u0144sko-mazurskie, kujawsko-pomorskie, \u015bwi\u0119tokrzyskie, ma\u0142opolskie, podkarpackie, \u015bl\u0105skie<\/li>\n<\/ol>\n\n\n\n<p><strong>16.02 \u2014 poniedzia\u0142ek<\/strong><\/p>\n\n\n\n<ol class=\"wp-block-list\">\n<li><strong>Silny mr\u00f3z\/1:\u00a0<\/strong>mazowieckie, lubelskie, warmi\u0144sko-mazurskie, \u015bwi\u0119tokrzyskie, podkarpackie, ma\u0142opolskie<\/li>\n<\/ol>\n\n\n\n<p>Mapa zasi\u0119gu prognozowanych zjawisk dost\u0119pna na stronie:<br><a href=\"https:\/\/meteo.imgw.pl\/dyn\/index.html#pronieb=true.\">https:\/\/meteo.imgw.pl\/dyn\/index.html#pronieb=true.<\/a><\/p>\n\n\n\n<p>Aktualne ostrze\u017cenia meteorologiczne. Opis skr\u00f3t\u00f3w: OM \u2013 opady marzn\u0105ce, RO \u2013 roztopy, SW \u2013 silny wiatr. Po uko\u015bniku stopie\u0144 zagro\u017cenia, poni\u017cej czas obowi\u0105zywania od &#8211; do.<\/p>\n\n\n\n<figure class=\"wp-block-image size-full\"><img loading=\"lazy\" decoding=\"async\" width=\"605\" height=\"577\" src=\"https:\/\/imgw.pl\/wp-content\/uploads\/2026\/02\/o1-4.jpg\" alt=\"\" class=\"wp-image-23712\" srcset=\"https:\/\/imgw.pl\/wp-content\/uploads\/2026\/02\/o1-4.jpg 605w, https:\/\/imgw.pl\/wp-content\/uploads\/2026\/02\/o1-4-300x286.jpg 300w, https:\/\/imgw.pl\/wp-content\/uploads\/2026\/02\/o1-4-13x12.jpg 13w\" sizes=\"auto, (max-width: 605px) 100vw, 605px\" \/><\/figure>\n\n\n\n<p><strong>Aktualna i prognozowana sytuacja hydrologiczna (12.02.2026 godz. 12:00)<\/strong><\/p>\n\n\n\n<p>Na rzekach w Polsce dominuje strefa <strong>stan\u00f3w \u015brednich<\/strong> (62% stacji hydrologicznych), <strong>niskich<\/strong> (33&nbsp; %) i miejscami strefa stan\u00f3w <strong>wysokich<\/strong> (5%) (Rys. 1). Obecnie stan ostrzegawczy jest osi\u0105gni\u0119ty&nbsp; na 1 stacji w&nbsp;dorzeczu Odry (w S\u0142ubicach na Odrze). Brak przekrocze\u0144 stan\u00f3w alarmowych.<\/p>\n\n\n\n<p><strong>Obowi\u0105zuj\u0105 ostrze\u017cenia hydrologiczne<\/strong>:<\/p>\n\n\n\n<p><strong>&#8211; 1 stopnia przed gwa\u0142townymi wzrostami stan\u00f3w wody <\/strong>dla zlewni g\u00f3rnego Sanu, jego bieszczadzkich dop\u0142yw\u00f3w i zlewni Strwi\u0105\u017ca w woj. podkarpackim, wa\u017cne od 21:00, 11.02 do 21:00,12.02.<br><strong>&#8211; 1 stopnia przed gwa\u0142townymi wzrostami stan\u00f3w wody <\/strong>Wis\u0142a od uj\u015bcia Kamiennej do Zb. W\u0142oc\u0142awek (dop\u0142ywy), Dolna Narew, Bug, wa\u017cne od 15:00\/12.02.2026 do 10:00\/14.02.2026.<\/p>\n\n\n\n<p><strong>&#8211; 1 stopnia przed gwa\u0142townymi wzrostami stan\u00f3w wody <\/strong>zlewnia Brynicy, od 09:56\/12.02.2026 do 12:00\/13.02.2026.<\/p>\n\n\n\n<p><strong>&#8211; 2 stopnia przed wezbraniem z przekroczeniem stan\u00f3w ostrzegawczych<\/strong> Odra od uj\u015bcia Bobru do S\u0142ubic od 09:58\/12.02.2026 do 11:00\/13.02.2026,<\/p>\n\n\n\n<p><strong>&#8211; dot.&nbsp; suszy hydrologicznej<\/strong> dla zlewni w woj. ma\u0142opolskim, \u015bl\u0105skim, \u015bwi\u0119tokrzyskim (Rys. 2).<\/p>\n\n\n\n<p><strong>Dzi\u015b<\/strong> (12.02) w ca\u0142ej Polsce trwa odwil\u017c, a prognozowana temperatura maksymalna w ci\u0105gu dnia b\u0119dzie uk\u0142ada\u0107 si\u0119 w okolicach 0\u00b0C.<\/p>\n\n\n\n<p>W najbli\u017cszych dniach na rzekach wzro\u015bnie udzia\u0142 stacji w strefie stan\u00f3w \u015brednich, a lokalnie tak\u017ce wysokich. Odwil\u017c utrzyma si\u0119 do niedzieli (15.02), a nast\u0119pnie w zwi\u0105zku z ni\u017cszymi warto\u015bciami temperatury powietrza oraz powrotem zimowej i mro\u017anej aury, prognozujemy zatrzymanie procesu tajania pokrywy \u015bnie\u017cnej.<\/p>\n\n\n\n<p><strong>G\u0142\u00f3wnym zagro\u017ceniem hydrologicznym w najbli\u017cszym czasie pozostan\u0105 zjawiska lodowe, <\/strong>kt\u00f3re miejscami zaczn\u0105 ust\u0119powa\u0107 pod wp\u0142ywem wy\u017cszej warto\u015bci temperatury powietrza, co b\u0119dzie stanowi\u0142o zagro\u017cenie zwi\u0105zane z <strong>pi\u0119trzeniem<\/strong> stan\u00f3w wody. Wzrosty stan\u00f3w wody mog\u0105 by\u0107 tak\u017ce lokalnie gwa\u0142towne, w zwi\u0105zku ze <strong>sp\u0142ywem wody roztopowej<\/strong> z pokrywy \u015bnie\u017cnej. Lokalnie mo\u017cliwe jest utworzenie si\u0119 <strong>zator\u00f3w lodowych.<\/strong><\/p>\n\n\n\n<p>Zjawiska lodowe na rzekach wyst\u0119puj\u0105 na wi\u0119kszo\u015bci obszaru dorzecza Wis\u0142y, g\u0142\u00f3wnie w postaci pokrywy lodowej oraz lodu brzegowego, a lokalnie tak\u017ce kry. <strong>Zator lodowy<\/strong> ca\u0142y czas jest obserwowany na Sanie. W dorzeczu Odry zjawisk lodowych jest zdecydowanie mniej ni\u017c w dorzeczu Wis\u0142y, co jest zwi\u0105zane z&nbsp;wy\u017cszymi warto\u015bciami temperatury powietrza (Rys. 3).<\/p>\n\n\n\n<p>Obecnie najwi\u0119ksza <strong>grubo\u015b\u0107 pokrywy \u015bnie\u017cnej<\/strong>, poza szczytami Tatr i Sudet\u00f3w, utrzymuje si\u0119 w p\u00f3\u0142nocno wschodniej cz\u0119\u015bci kraju (Olsztyn 30 cm, Gda\u0144sk 29 cm, M\u0142awa 28 cm). W trakcie minionej doby, najwi\u0119kszy przyrost pokrywy \u015bnie\u017cnej odnotowali\u015bmy na Pomorzu (hel +5 cm).<\/p>\n\n\n\n<p><strong>W dalszym okresie prognostycznym<\/strong>, wed\u0142ug d\u0142ugoterminowych prognoz hydrologicznych w pierwszej po\u0142owie marca mo\u017ce doj\u015b\u0107 do nasilenia si\u0119 <strong>roztop\u00f3w<\/strong>, co prze\u0142o\u017cy si\u0119 na <strong>tendencj\u0119 wzrostow\u0105 stanu wody<\/strong> w dorzeczu Wis\u0142y (w&nbsp;szczeg\u00f3lno\u015bci w zlewni Narwi i Bugu) i rzek Przymorza, z mo\u017cliwymi przekroczeniami stan\u00f3w umownych. Du\u017cy wp\u0142yw na przebieg wezbra\u0144 b\u0119d\u0105 mia\u0142y r\u00f3wnie\u017c ust\u0119puj\u0105ce <strong>zjawiska lodowe<\/strong> powoduj\u0105ce <strong>lokalne zaburzenia przep\u0142ywu i&nbsp;pi\u0119trzenie stanu wody<\/strong>.<\/p>\n\n\n\n<p><strong>Aktualna sytuacja hydrologiczna, prognozy oraz ostrze\u017cenia dost\u0119pne zawsze w Serwisie hydrologicznym IMGW-PIB (<\/strong><a href=\"https:\/\/imgw-my.sharepoint.com\/personal\/centrumhydro_imgw_pl\/Documents\/Pliki%20z%20czat\u00f3w%20w%20aplikacji%20Microsoft%20Teams\/hydro.imgw.pl\"><strong>hydro.imgw.pl<\/strong><\/a><strong>).<\/strong><\/p>\n\n\n\n<p>Opracowanie: Centrum Hydrologicznej Os\u0142ony Kraju IMGW-PIB<\/p>\n\n\n\n<figure class=\"wp-block-image size-full\"><img loading=\"lazy\" decoding=\"async\" width=\"902\" height=\"561\" src=\"https:\/\/imgw.pl\/wp-content\/uploads\/2026\/02\/1.jpg\" alt=\"\" class=\"wp-image-23713\" srcset=\"https:\/\/imgw.pl\/wp-content\/uploads\/2026\/02\/1.jpg 902w, https:\/\/imgw.pl\/wp-content\/uploads\/2026\/02\/1-300x187.jpg 300w, https:\/\/imgw.pl\/wp-content\/uploads\/2026\/02\/1-768x478.jpg 768w, https:\/\/imgw.pl\/wp-content\/uploads\/2026\/02\/1-18x12.jpg 18w\" sizes=\"auto, (max-width: 902px) 100vw, 902px\" \/><\/figure>\n\n\n\n<p>Rys. 1. <a href=\"https:\/\/hydro.imgw.pl\/#\/map?warn=hydro&amp;bl=hydro&amp;tstp=24&amp;zo=6.92408502587485&amp;lo=19.189&amp;la=52.0195\">Stan wody na rzekach w Polsce<\/a>, stan na godz. 12:00 dnia 12.02.2026 r.<\/p>\n\n\n\n<figure class=\"wp-block-image size-full\"><img loading=\"lazy\" decoding=\"async\" width=\"867\" height=\"544\" src=\"https:\/\/imgw.pl\/wp-content\/uploads\/2026\/02\/h2-7.jpg\" alt=\"\" class=\"wp-image-23714\" srcset=\"https:\/\/imgw.pl\/wp-content\/uploads\/2026\/02\/h2-7.jpg 867w, https:\/\/imgw.pl\/wp-content\/uploads\/2026\/02\/h2-7-300x188.jpg 300w, https:\/\/imgw.pl\/wp-content\/uploads\/2026\/02\/h2-7-768x482.jpg 768w, https:\/\/imgw.pl\/wp-content\/uploads\/2026\/02\/h2-7-18x12.jpg 18w\" sizes=\"auto, (max-width: 867px) 100vw, 867px\" \/><\/figure>\n\n\n\n<p>Rys. 2. <a href=\"https:\/\/hydro.imgw.pl\/#\/map?warn=hydro&amp;bl=hydro&amp;tstp=24&amp;zo=6.92408502587485&amp;lo=19.189&amp;la=52.0195\">Ostrze\u017cenia hydrologiczne<\/a>, stan na godz. 12:00 dnia 12.02.2026 r.<\/p>\n\n\n\n<figure class=\"wp-block-image size-full\"><img loading=\"lazy\" decoding=\"async\" width=\"876\" height=\"530\" src=\"https:\/\/imgw.pl\/wp-content\/uploads\/2026\/02\/3.jpg\" alt=\"\" class=\"wp-image-23715\" srcset=\"https:\/\/imgw.pl\/wp-content\/uploads\/2026\/02\/3.jpg 876w, https:\/\/imgw.pl\/wp-content\/uploads\/2026\/02\/3-300x182.jpg 300w, https:\/\/imgw.pl\/wp-content\/uploads\/2026\/02\/3-768x465.jpg 768w, https:\/\/imgw.pl\/wp-content\/uploads\/2026\/02\/3-18x12.jpg 18w\" sizes=\"auto, (max-width: 876px) 100vw, 876px\" \/><\/figure>\n\n\n\n<p>Rys. 3. <a href=\"https:\/\/hydro.imgw.pl\/#\/map?bl=hydro&amp;tstp=24&amp;zo=6.92408502587485&amp;lo=19.189&amp;la=52.0195&amp;ts=202602060900&amp;omt=2&amp;ice=true\">Zjawiska lodowe na rzekach w Polsce<\/a>, stan na godz. 12:00 dnia 12.02.2026 r.<\/p>","protected":false},"excerpt":{"rendered":"<p>Aktualna i prognozowana sytuacja meteorologiczna Stan na 12.02.2026, godz. 14:00 \u2013 opracowanie Centrum Meteorologicznej Os\u0142ony Kraju IMGW-PIB 1. Najwa\u017cniejsze zagro\u017cenie: OBLODZENIE I GO\u0141OLED\u0179 W nadchodz\u0105cej dobie na p\u00f3\u0142nocy i p\u00f3\u0142nocnym wschodzie prognozowane s\u0105 opady marzn\u0105ce prowadz\u0105ce do go\u0142oledzi. W cz\u0119\u015bci wschodniej i centralnej kraju wyst\u0119powa\u0107 b\u0119d\u0105 roztopy, a noc\u0105 oblodzenie nawierzchni. Lokalnie mo\u017cliwy silny wiatr [&hellip;]<\/p>\n","protected":false},"author":2,"featured_media":23712,"comment_status":"closed","ping_status":"closed","sticky":false,"template":"","format":"standard","meta":{"footnotes":""},"categories":[5],"tags":[54,35],"class_list":["post-23711","post","type-post","status-publish","format-standard","has-post-thumbnail","hentry","category-aktualnosci","tag-ostrzezenia","tag-prognoza"],"_links":{"self":[{"href":"https:\/\/imgw.pl\/en\/wp-json\/wp\/v2\/posts\/23711","targetHints":{"allow":["GET"]}}],"collection":[{"href":"https:\/\/imgw.pl\/en\/wp-json\/wp\/v2\/posts"}],"about":[{"href":"https:\/\/imgw.pl\/en\/wp-json\/wp\/v2\/types\/post"}],"author":[{"embeddable":true,"href":"https:\/\/imgw.pl\/en\/wp-json\/wp\/v2\/users\/2"}],"replies":[{"embeddable":true,"href":"https:\/\/imgw.pl\/en\/wp-json\/wp\/v2\/comments?post=23711"}],"version-history":[{"count":1,"href":"https:\/\/imgw.pl\/en\/wp-json\/wp\/v2\/posts\/23711\/revisions"}],"predecessor-version":[{"id":23716,"href":"https:\/\/imgw.pl\/en\/wp-json\/wp\/v2\/posts\/23711\/revisions\/23716"}],"wp:featuredmedia":[{"embeddable":true,"href":"https:\/\/imgw.pl\/en\/wp-json\/wp\/v2\/media\/23712"}],"wp:attachment":[{"href":"https:\/\/imgw.pl\/en\/wp-json\/wp\/v2\/media?parent=23711"}],"wp:term":[{"taxonomy":"category","embeddable":true,"href":"https:\/\/imgw.pl\/en\/wp-json\/wp\/v2\/categories?post=23711"},{"taxonomy":"post_tag","embeddable":true,"href":"https:\/\/imgw.pl\/en\/wp-json\/wp\/v2\/tags?post=23711"}],"curies":[{"name":"wp","href":"https:\/\/api.w.org\/{rel}","templated":true}]}}