{"id":23750,"date":"2026-02-14T17:10:36","date_gmt":"2026-02-14T16:10:36","guid":{"rendered":"https:\/\/imgw.pl\/?p=23750"},"modified":"2026-02-14T17:10:38","modified_gmt":"2026-02-14T16:10:38","slug":"aktualna-i-prognozowana-sytuacja-meteorologiczna-i-hydrologiczna","status":"publish","type":"post","link":"https:\/\/imgw.pl\/en\/aktualna-i-prognozowana-sytuacja-meteorologiczna-i-hydrologiczna\/","title":{"rendered":"Aktualna i prognozowana sytuacja meteorologiczna i hydrologiczna"},"content":{"rendered":"<p><strong>Sytuacja meteorologiczna<\/strong><\/p>\n\n\n\n<p>Stan na 14.02.2026, godz. 14:30 \u2013 opracowanie Centrum Meteorologicznej Os\u0142ony Kraju IMGW-PIB<\/p>\n\n\n\n<p><strong>1. Najwa\u017cniejsze zagro\u017cenie: INTENSYWNE OPADY \u015aNIEGU, SILNY MR\u00d3Z, OBLODZENIE<\/strong><\/p>\n\n\n\n<p>W po\u0142udniowej i cz\u0119\u015bciowo centralnej Polsce wyst\u0119puj\u0105 oraz b\u0119d\u0105 utrzymywa\u0107 si\u0119 umiarkowane i miejscami intensywne opady \u015bniegu, prowadz\u0105ce do istotnego przyrostu pokrywy \u015bnie\u017cnej (lokalnie 12\u201315 cm). W wielu regionach w nocy niska temperatura: na p\u00f3\u0142nocnym wschodzie nawet do -22\u00b0C. Lokalnie ryzyko powstawania oblodzenia mokrych nawierzchni.<\/p>\n\n\n\n<p><strong>2. Aktualne ostrze\u017cenia meteorologiczne w podziale na regiony ostrze\u017ce\u0144 (w formacie: nazwa zjawiska\/stopie\u0144 zagro\u017cenia, czas wa\u017cno\u015bci od \u2013 do)<\/strong><\/p>\n\n\n\n<p><strong>INTENSYWNE OPADY \u015aNIEGU \/ 1<\/strong><strong><\/strong><\/p>\n\n\n\n<ol class=\"wp-block-list\">\n<li><strong>14.02, 17:00 \u2013 15.02, 09:00:<\/strong> opolskie \u2013 pow. g\u0142ubczycki<\/li>\n\n\n\n<li><strong>14.02, 18:00 \u2013 15.02, 10:00:<\/strong> \u015bl\u0105skie \u2013 m.in. b\u0119dzi\u0144ski, Gliwice, Katowice, Sosnowiec, Zabrze, zawiercia\u0144ski (pe\u0142na lista w komunikacie)<\/li>\n\n\n\n<li><strong>14.02, 18:00 \u2013 15.02, 11:00:<\/strong> ma\u0142opolskie \u2013 pow. o\u015bwi\u0119cimski, suski, wadowicki; \u015bl\u0105skie \u2013 m.in. bielski, cieszy\u0144ski, \u017cywiecki (pe\u0142na lista)<\/li>\n\n\n\n<li><strong>14.02, 19:00 \u2013 15.02, 13:00:<\/strong> ma\u0142opolskie \u2013 m.in. krakowski, Tarn\u00f3w, nowotarski; \u015bwi\u0119tokrzyskie \u2013 m.in. buski, sandomierski<\/li>\n\n\n\n<li><strong>14.02, 21:00 \u2013 15.02, 15:00: <\/strong>podkarpackie \u2013 m.in. rzeszowski, mielecki, tarnobrzeski<\/li>\n\n\n\n<li><strong>14.02, 17:00 \u2013 15.02, 08:00:<\/strong> opolskie \u2013 m.in. nyski, prudnicki<\/li>\n<\/ol>\n\n\n\n<p><strong>OBLODZENIE \/ 1<\/strong><\/p>\n\n\n\n<ol class=\"wp-block-list\">\n<li><strong>14.02, 22:00 \u2013 15.02, 08:00:<\/strong> ma\u0142opolskie \u2013 m.in. nowos\u0105decki, nowotarski, tatrza\u0144ski<\/li>\n\n\n\n<li><strong>14.02, 14:00 \u2013 14.02, 21:00:<\/strong> dolno\u015bl\u0105skie \u2013 m.in. Wa\u0142brzych, Jelenia G\u00f3ra, karkonoski<\/li>\n<\/ol>\n\n\n\n<p><strong>SILNY MR\u00d3Z \/ 1<\/strong><\/p>\n\n\n\n<ol class=\"wp-block-list\">\n<li><strong>14.02, 20:00 \u2013 16.02, 09:00:<\/strong> podlaskie \u2013 m.in. suwalski, sejne\u0144ski; warmi\u0144sko\u2011mazurskie \u2013 m.in. elbl\u0105ski, gi\u017cycki, olszty\u0144ski<\/li>\n<\/ol>\n\n\n\n<p><strong>3. Prognoza zagro\u017ce\u0144 13\u201316 lutego (doby dla poszczeg\u00f3lnych dni od 07:30 danego dnia do 07:30 dnia nast\u0119pnego)<\/strong><\/p>\n\n\n\n<p><strong>15.02 \u2013 niedziela<\/strong><\/p>\n\n\n\n<ol class=\"wp-block-list\">\n<li><strong>Silny mr\u00f3z \/ 1: <\/strong>kujawsko\u2011pomorskie, ma\u0142opolskie, mazowieckie, podlaskie, pomorskie, \u015bl\u0105skie, warmi\u0144sko\u2011mazurskie<\/li>\n\n\n\n<li><strong>Intensywne opady \u015bniegu \/ 1: <\/strong>ma\u0142opolskie, podkarpackie, \u015bl\u0105skie, \u015bwi\u0119tokrzyskie<\/li>\n<\/ol>\n\n\n\n<p><strong>16.02 \u2013 poniedzia\u0142ek<\/strong><\/p>\n\n\n\n<ol class=\"wp-block-list\">\n<li><strong>Silny mr\u00f3z \/ 1: <\/strong>podlaskie, warmi\u0144sko\u2011mazurskie<\/li>\n<\/ol>\n\n\n\n<p><strong>17.02 \u2013 wtorek<\/strong><\/p>\n\n\n\n<ol class=\"wp-block-list\">\n<li><strong>Oblodzenie \/ 1: <\/strong>ma\u0142opolskie, podkarpackie, \u015bl\u0105skie, \u015bwi\u0119tokrzyskie<\/li>\n<\/ol>\n\n\n\n<p><strong>4. Rekomendacje<\/strong><\/p>\n\n\n\n<ol class=\"wp-block-list\">\n<li>Mo\u017cliwa akumulacja \u015bniegu powoduj\u0105ca lokalne utrudnienia w ruchu, szczeg\u00f3lnie w po\u0142udniowych regionach \u2013 zalecane utrzymanie gotowo\u015bci s\u0142u\u017cb drogowych.<\/li>\n\n\n\n<li>Na p\u00f3\u0142nocnym wschodzie kraju silny mr\u00f3z \u2013 podwy\u017cszone ryzyko awarii infrastruktury i\u00a0wych\u0142odzenia poszczeg\u00f3lnych os\u00f3b; wskazana intensyfikacja dzia\u0142a\u0144 os\u0142onowych.<\/li>\n\n\n\n<li>Oblodzenie i zawieje mog\u0105 okresowo ogranicza\u0107 mobilno\u015b\u0107 \u2013 zalecany monitoring sytuacji w regionach podg\u00f3rskich.<\/li>\n<\/ol>\n\n\n\n<p>Mapa zasi\u0119gu prognozowanych zjawisk dost\u0119pna na stronie:<br><a href=\"https:\/\/meteo.imgw.pl\/dyn\/index.html#pronieb=true.\">https:\/\/meteo.imgw.pl\/dyn\/index.html#pronieb=true.<\/a><\/p>\n\n\n\n<p>Aktualne ostrze\u017cenia meteorologiczne. Opis skr\u00f3t\u00f3w: OB \u2013 oblodzenie, IS \u2013 intensywne opady \u015bniegu, MR \u2013 silny mr\u00f3z. Po uko\u015bniku stopie\u0144 zagro\u017cenia, poni\u017cej czas obowi\u0105zywania od &#8211; do.<\/p>\n\n\n\n<figure class=\"wp-block-image size-full\"><img loading=\"lazy\" decoding=\"async\" width=\"885\" height=\"844\" src=\"https:\/\/imgw.pl\/wp-content\/uploads\/2026\/02\/o1-5.jpg\" alt=\"\" class=\"wp-image-23751\" srcset=\"https:\/\/imgw.pl\/wp-content\/uploads\/2026\/02\/o1-5.jpg 885w, https:\/\/imgw.pl\/wp-content\/uploads\/2026\/02\/o1-5-300x286.jpg 300w, https:\/\/imgw.pl\/wp-content\/uploads\/2026\/02\/o1-5-768x732.jpg 768w, https:\/\/imgw.pl\/wp-content\/uploads\/2026\/02\/o1-5-13x12.jpg 13w\" sizes=\"auto, (max-width: 885px) 100vw, 885px\" \/><\/figure>\n\n\n\n<p><strong>Sytuacja hydrologiczna<\/strong><\/p>\n\n\n\n<p>Stan: 14.02.2026 godz. 14:00<\/p>\n\n\n\n<p>Na rzekach w Polsce dominuje strefa <strong>stan\u00f3w \u015brednich<\/strong> (72% stacji hydrologicznych), <strong>niskich<\/strong> (20 %) i miejscami strefa stan\u00f3w <strong>wysokich<\/strong> (8%) (Rys. 1). Na jednej stacji hydrologicznej notowane jest <strong>przekroczenie stanu ostrzegawczego<\/strong> (stacja Szre\u0144sk na M\u0142awce). Brak przekrocze\u0144 stan\u00f3w&nbsp;alarmowych.<\/p>\n\n\n\n<p><strong>Obowi\u0105zuj\u0105 ostrze\u017cenia hydrologiczne<\/strong>:<\/p>\n\n\n\n<p><strong>&#8211; 2 stopnia przed wezbraniem z przekroczeniem stan\u00f3w ostrzegawczych<\/strong> Note\u0107 dolna: od 09:21\/13.02.2026 do 10:00\/15.02.2026;<\/p>\n\n\n\n<p><strong>&#8211; 2 stopnia przed wezbraniem z przekroczeniem stan\u00f3w ostrzegawczych<\/strong> Wel: od 17:04\/13.02.2026 do 12:00\/15.02.2026;<\/p>\n\n\n\n<p><strong>&#8211; dot.&nbsp; suszy hydrologicznej<\/strong> dla zlewni w woj. ma\u0142opolskim, \u015bl\u0105skim, \u015bwi\u0119tokrzyskim (Rys. 2).<\/p>\n\n\n\n<p>Od dzi\u015b (14.02) w Polsce zacznie si\u0119 ch\u0142odniejszy okres. Dodatnie temperatury tylko lokalnie na po\u0142udniu, wschodzie i zachodzie. Noc 14\/15.02 mro\u017ana w ca\u0142ym kraju. W kolejnych dniach (16\u201317.02) na zachodzie okresowo lekko powy\u017cej 0\u00b0C, ale w wi\u0119kszo\u015bci kraju temperatury ujemne. Noce mro\u017ane, na wschodzie kraju mo\u017cliwy silny mr\u00f3z.<\/p>\n\n\n\n<p>Jeszcze dzi\u015b na wielu rzekach utrzyma si\u0119 wyr\u00f3wnany lub lokalnie rosn\u0105cy stan wody. Wzrosty b\u0119d\u0105 zwi\u0105zane ze zjawiskami lodowymi, a na po\u0142udniu dodatkowo ze sp\u0142ywem w\u00f3d opadowo\u2011roztopowych. Stany wody utrzymaj\u0105 si\u0119 g\u0142\u00f3wnie w strefie stan\u00f3w \u015brednich, ale miejscami r\u00f3wnie\u017c niskich i wysokich, punktowo oko\u0142o lub powy\u017cej stan\u00f3w ostrzegawczych (m.in. M\u0142awka, Wel, Lega, Brynica, S\u0119k\u00f3wka). Lokalnie mo\u017cliwe s\u0105 gwa\u0142towne wzrosty poziomu wody spowodowane pi\u0119trzeniem przez l\u00f3d.<\/p>\n\n\n\n<p><strong>W kolejnych dniach<\/strong>, g<strong>\u0142\u00f3wnym zagro\u017ceniem hydrologicznym pozostan\u0105 zjawiska lodowe.<\/strong> Wraz z nadej\u015bciem och\u0142odzenia i powrotu silnych mroz\u00f3w, stany wody na rzekach b\u0119d\u0105 si\u0119 stabilizowa\u0107. Jednak miejscami i okresowo mo\u017cliwe s\u0105 dalsze wzrosty oraz wahania wynikaj\u0105ce z ponownego rozwoju zjawisk lodowych, mo\u017cliwe gromadzenie si\u0119 lodu w korytach rzek, g\u0142\u00f3wnie w postaci \u015bry\u017cu i lodu brzegowego (zw\u0142aszcza w dorzeczu Wis\u0142y). Zjawiska te mog\u0105 prowadzi\u0107 do pi\u0119trzenia wody. Lokalnie mo\u017cliwe jest tworzenie si\u0119 zator\u00f3w lodowych i \u015bry\u017cowo\u2011lodowych.<\/p>\n\n\n\n<p>Zjawiska lodowe na rzekach wyst\u0119puj\u0105 g\u0142\u00f3wnie w dorzeczu \u015brodkowej i dolnej Wis\u0142y, g\u0142\u00f3wnie w postaci pokrywy lodowej oraz lodu brzegowego, a lokalnie obserwowana jest woda na lodzie. W dorzeczu g\u00f3rnej Wis\u0142y, w zwi\u0105zku z ociepleniem w ostatnich dniach ilo\u015b\u0107 zjawisk zdecydowanie zmniejszy\u0142a si\u0119 i aktualnie ogranicza si\u0119 do lokalnego wyst\u0119powania lodu brzegowego i kry. W dorzeczu Odry, gdzie w ostatnim czasie notowane by\u0142y dodatnie warto\u015bci temperatury powietrza l\u00f3d w korytach praktycznie zanik\u0142 (Rys. 3).<\/p>\n\n\n\n<p>Aktualnie <strong>najgrubsza pokrywa \u015bnie\u017cna<\/strong>, poza szczytami Tatr i Sudet\u00f3w, utrzymuje si\u0119 w&nbsp;p\u00f3\u0142nocno wschodniej cz\u0119\u015bci kraju (Olsztyn, Gda\u0144sk 30 cm, Hel 26 cm, L\u0119bork 25 cm, M\u0142awa 24 cm). W ci\u0105gu ubieg\u0142ej doby, najwi\u0119kszy przyrost pokrywy \u015bnie\u017cnej wyst\u0105pi\u0142 na Pomorzu (Gda\u0144sk i Hel odpowiednio +6 i +5 cm).<\/p>\n\n\n\n<p><strong>W dalszym okresie prognostycznym<\/strong>, wed\u0142ug d\u0142ugoterminowych prognoz hydrologicznych pod koniec lutego oraz w pierwszej po\u0142owie marca mo\u017ce doj\u015b\u0107 do nasilenia si\u0119 <strong>roztop\u00f3w<\/strong>, co prze\u0142o\u017cy si\u0119 na <strong>wezbrania stanu wody<\/strong> w dorzeczu Wis\u0142y (w&nbsp;szczeg\u00f3lno\u015bci w zlewni Narwi i Bugu) i rzek Przymorza, z mo\u017cliwymi przekroczeniami stan\u00f3w ostrzegawczych i alarmowych. Znacz\u0105cy wp\u0142yw na przebieg wezbra\u0144 b\u0119d\u0105 mia\u0142y r\u00f3wnie\u017c ust\u0119puj\u0105ce <strong>zjawiska lodowe<\/strong> powoduj\u0105ce <strong>lokalne zaburzenia przep\u0142ywu i&nbsp;pi\u0119trzenie stanu wody<\/strong>.<\/p>\n\n\n\n<p><strong>Aktualna sytuacja hydrologiczna, prognozy oraz ostrze\u017cenia dost\u0119pne zawsze w Serwisie hydrologicznym IMGW-PIB (<\/strong><a href=\"https:\/\/imgw-my.sharepoint.com\/personal\/centrumhydro_imgw_pl\/Documents\/Pliki%20z%20czat\u00f3w%20w%20aplikacji%20Microsoft%20Teams\/hydro.imgw.pl\"><strong>hydro.imgw.pl<\/strong><\/a><strong>).<\/strong><\/p>\n\n\n\n<p>Opracowanie: Centrum Hydrologicznej Os\u0142ony Kraju IMGW-PIB<\/p>\n\n\n\n<figure class=\"wp-block-image size-full\"><img loading=\"lazy\" decoding=\"async\" width=\"896\" height=\"554\" src=\"https:\/\/imgw.pl\/wp-content\/uploads\/2026\/02\/h1-8.jpg\" alt=\"\" class=\"wp-image-23752\" srcset=\"https:\/\/imgw.pl\/wp-content\/uploads\/2026\/02\/h1-8.jpg 896w, https:\/\/imgw.pl\/wp-content\/uploads\/2026\/02\/h1-8-300x185.jpg 300w, https:\/\/imgw.pl\/wp-content\/uploads\/2026\/02\/h1-8-768x475.jpg 768w, https:\/\/imgw.pl\/wp-content\/uploads\/2026\/02\/h1-8-18x12.jpg 18w\" sizes=\"auto, (max-width: 896px) 100vw, 896px\" \/><\/figure>\n\n\n\n<p>Rys. 1. <a href=\"https:\/\/hydro.imgw.pl\/#\/map?warn=hydro&amp;bl=hydro&amp;tstp=24&amp;zo=6.92408502587485&amp;lo=19.189&amp;la=52.0195\">Stan wody na rzekach w Polsce<\/a>, stan na godz. 14:00 dnia 14.02.2026 r.<\/p>\n\n\n\n<figure class=\"wp-block-image size-full\"><img loading=\"lazy\" decoding=\"async\" width=\"801\" height=\"505\" src=\"https:\/\/imgw.pl\/wp-content\/uploads\/2026\/02\/h2-8.jpg\" alt=\"\" class=\"wp-image-23753\" srcset=\"https:\/\/imgw.pl\/wp-content\/uploads\/2026\/02\/h2-8.jpg 801w, https:\/\/imgw.pl\/wp-content\/uploads\/2026\/02\/h2-8-300x189.jpg 300w, https:\/\/imgw.pl\/wp-content\/uploads\/2026\/02\/h2-8-768x484.jpg 768w, https:\/\/imgw.pl\/wp-content\/uploads\/2026\/02\/h2-8-18x12.jpg 18w\" sizes=\"auto, (max-width: 801px) 100vw, 801px\" \/><\/figure>\n\n\n\n<p>Rys. 2. <a href=\"https:\/\/hydro.imgw.pl\/#\/map?warn=hydro&amp;bl=hydro&amp;tstp=24&amp;zo=6.92408502587485&amp;lo=19.189&amp;la=52.0195\">Ostrze\u017cenia hydrologiczne<\/a>, stan na godz. 14:00 dnia 14.02.2026 r.<\/p>\n\n\n\n<figure class=\"wp-block-image size-full\"><img loading=\"lazy\" decoding=\"async\" width=\"820\" height=\"501\" src=\"https:\/\/imgw.pl\/wp-content\/uploads\/2026\/02\/h3-7.jpg\" alt=\"\" class=\"wp-image-23754\" srcset=\"https:\/\/imgw.pl\/wp-content\/uploads\/2026\/02\/h3-7.jpg 820w, https:\/\/imgw.pl\/wp-content\/uploads\/2026\/02\/h3-7-300x183.jpg 300w, https:\/\/imgw.pl\/wp-content\/uploads\/2026\/02\/h3-7-768x469.jpg 768w, https:\/\/imgw.pl\/wp-content\/uploads\/2026\/02\/h3-7-18x12.jpg 18w\" sizes=\"auto, (max-width: 820px) 100vw, 820px\" \/><\/figure>\n\n\n\n<p>Rys. 3. <a href=\"https:\/\/hydro.imgw.pl\/#\/map?bl=hydro&amp;tstp=24&amp;zo=6.92408502587485&amp;lo=19.189&amp;la=52.0195&amp;ts=202602060900&amp;omt=2&amp;ice=true\">Zjawiska lodowe na rzekach w Polsce<\/a>, stan na godz. 14:00 dnia 14.02.2026 r.<\/p>","protected":false},"excerpt":{"rendered":"<p>Sytuacja meteorologiczna Stan na 14.02.2026, godz. 14:30 \u2013 opracowanie Centrum Meteorologicznej Os\u0142ony Kraju IMGW-PIB 1. Najwa\u017cniejsze zagro\u017cenie: INTENSYWNE OPADY \u015aNIEGU, SILNY MR\u00d3Z, OBLODZENIE W po\u0142udniowej i cz\u0119\u015bciowo centralnej Polsce wyst\u0119puj\u0105 oraz b\u0119d\u0105 utrzymywa\u0107 si\u0119 umiarkowane i miejscami intensywne opady \u015bniegu, prowadz\u0105ce do istotnego przyrostu pokrywy \u015bnie\u017cnej (lokalnie 12\u201315 cm). W wielu regionach w nocy niska [&hellip;]<\/p>\n","protected":false},"author":2,"featured_media":23751,"comment_status":"closed","ping_status":"closed","sticky":false,"template":"","format":"standard","meta":{"footnotes":""},"categories":[5],"tags":[54,35],"class_list":["post-23750","post","type-post","status-publish","format-standard","has-post-thumbnail","hentry","category-aktualnosci","tag-ostrzezenia","tag-prognoza"],"_links":{"self":[{"href":"https:\/\/imgw.pl\/en\/wp-json\/wp\/v2\/posts\/23750","targetHints":{"allow":["GET"]}}],"collection":[{"href":"https:\/\/imgw.pl\/en\/wp-json\/wp\/v2\/posts"}],"about":[{"href":"https:\/\/imgw.pl\/en\/wp-json\/wp\/v2\/types\/post"}],"author":[{"embeddable":true,"href":"https:\/\/imgw.pl\/en\/wp-json\/wp\/v2\/users\/2"}],"replies":[{"embeddable":true,"href":"https:\/\/imgw.pl\/en\/wp-json\/wp\/v2\/comments?post=23750"}],"version-history":[{"count":1,"href":"https:\/\/imgw.pl\/en\/wp-json\/wp\/v2\/posts\/23750\/revisions"}],"predecessor-version":[{"id":23755,"href":"https:\/\/imgw.pl\/en\/wp-json\/wp\/v2\/posts\/23750\/revisions\/23755"}],"wp:featuredmedia":[{"embeddable":true,"href":"https:\/\/imgw.pl\/en\/wp-json\/wp\/v2\/media\/23751"}],"wp:attachment":[{"href":"https:\/\/imgw.pl\/en\/wp-json\/wp\/v2\/media?parent=23750"}],"wp:term":[{"taxonomy":"category","embeddable":true,"href":"https:\/\/imgw.pl\/en\/wp-json\/wp\/v2\/categories?post=23750"},{"taxonomy":"post_tag","embeddable":true,"href":"https:\/\/imgw.pl\/en\/wp-json\/wp\/v2\/tags?post=23750"}],"curies":[{"name":"wp","href":"https:\/\/api.w.org\/{rel}","templated":true}]}}