{"id":23808,"date":"2026-02-16T14:09:37","date_gmt":"2026-02-16T13:09:37","guid":{"rendered":"https:\/\/imgw.pl\/?p=23808"},"modified":"2026-02-16T14:14:38","modified_gmt":"2026-02-16T13:14:38","slug":"prognoza-pogody-na-tydzien-16-02-22-02-2026","status":"publish","type":"post","link":"https:\/\/imgw.pl\/en\/prognoza-pogody-na-tydzien-16-02-22-02-2026\/","title":{"rendered":"Prognoza pogody na tydzie\u0144 16.02. \u2013 22.02.2026"},"content":{"rendered":"<h2 class=\"wp-block-heading\">Kolejny tydzie\u0144 przyniesie nam mn\u00f3stwo zimowych zjawisk, od mroz\u00f3w i opad\u00f3w \u015bniegu, poprzez zawieje i zamiecie \u015bnie\u017cne, po oblodzenie po odwil\u017cy i opady marzn\u0105ce powoduj\u0105ce go\u0142oled\u017a. Mr\u00f3z skuje ca\u0142\u0105 Polsk\u0119 w poniedzia\u0142ek, a najni\u017csze, przekraczaj\u0105ce \u201315\u00b0C, temperatury b\u0119d\u0105 wyst\u0119powa\u0107 nocami miejscowo a\u017c do czwartku. Przez ca\u0142y tydzie\u0144 mo\u017cemy si\u0119 spodziewa\u0107 pogody pochmurnej z opadami \u015bniegu i deszczu ze \u015bniegiem, a okresami tak\u017ce deszczu i deszczu marzn\u0105cego, powoduj\u0105cego go\u0142oled\u017a. Najbardziej pogodnie zapowiada si\u0119 poniedzia\u0142ek i pi\u0105tek. Wiatr nie b\u0119dzie zbyt dokuczliwy, jednak lokalnie niewykluczone s\u0105 zawieje i zamiecie \u015bnie\u017cne mog\u0105ce tworzy\u0107 zaspy.<\/h2>\n\n\n\n<figure class=\"wp-block-image size-full\"><img loading=\"lazy\" decoding=\"async\" width=\"618\" height=\"609\" src=\"https:\/\/imgw.pl\/wp-content\/uploads\/2026\/02\/IMGW_0216-Synoptyczna-pognoza-pogody-16.02-22.02.2026-rys.1.png\" alt=\"Rys. 1. Synoptyczna prognoza pogody na tydzie\u0144 16.02-22.02.2025\" class=\"wp-image-23809\" title=\"Rys. 1. Synoptyczna prognoza pogody na tydzie\u0144 16.02-22.02.2025\" srcset=\"https:\/\/imgw.pl\/wp-content\/uploads\/2026\/02\/IMGW_0216-Synoptyczna-pognoza-pogody-16.02-22.02.2026-rys.1.png 618w, https:\/\/imgw.pl\/wp-content\/uploads\/2026\/02\/IMGW_0216-Synoptyczna-pognoza-pogody-16.02-22.02.2026-rys.1-300x296.png 300w, https:\/\/imgw.pl\/wp-content\/uploads\/2026\/02\/IMGW_0216-Synoptyczna-pognoza-pogody-16.02-22.02.2026-rys.1-12x12.png 12w\" sizes=\"auto, (max-width: 618px) 100vw, 618px\" \/><\/figure>\n\n\n\n<p class=\"has-small-font-size\">Rys. 1. Synoptyczna prognoza pogody na tydzie\u0144 16.02-22.02.2025<\/p>\n\n\n\n<p><strong>Poniedzia\u0142ek<\/strong> na zachodzie b\u0119dzie pochmurny, w centrum i na po\u0142udniu wyst\u0105pi\u0105 wi\u0119ksze przeja\u015bnienia, a na p\u00f3\u0142nocnym wschodzie przewa\u017cnie b\u0119dzie bezchmurnie. W po\u0142udniowej po\u0142owie kraju opady \u015bniegu i tam miejscami przyrost pokrywy \u015bnie\u017cnej o 4-6 cm. Temperatura maksymalna od \u201311\u00b0C na p\u00f3\u0142nocnym wschodzie, oko\u0142o \u20134\u00b0C w centrum, do \u20132\u00b0C na zachodzie i \u20131\u00b0C na po\u0142udniu. Wiatr s\u0142aby i umiarkowany, miejscami porywisty, w rejonach podg\u00f3rskich Karpat w porywach do 55&nbsp;km\/h, w Sudetach do 70 km\/h. Miejscami wiatr b\u0119dzie powodowa\u0142 zawieje i zamiecie \u015bnie\u017cne. Noc&nbsp;mro\u017ana: od \u201317\u00b0C na p\u00f3\u0142nocnym wschodzie, oko\u0142o \u201310\u00b0C w centrum, do \u20132\u00b0C na po\u0142udniowym zachodzie. Na zachodzie dodatkowo mog\u0105 wyst\u0105pi\u0107 mg\u0142y ograniczaj\u0105ce widzialno\u015b\u0107 do 200 m.<\/p>\n\n\n\n<p>We <strong>wtorek<\/strong> zachmurzenie ca\u0142kowite z przeja\u015bnieniami, tylko w Karpatach do\u015b\u0107 pogodnie. Okresami opady \u015bniegu, a od po\u0142udniowego zachodu po centrum r\u00f3wnie\u017c opady deszczu ze \u015bniegiem i lokalnie deszczu, marzn\u0105ce i powoduj\u0105ce go\u0142oled\u017a. Rano na zachodzie mg\u0142a ograniczaj\u0105ca widzialno\u015b\u0107 do 200 &nbsp;m. Temperatura maksymalna od \u201310\u00b0C na p\u00f3\u0142nocnym wschodzie, oko\u0142o 0\u00b0C w centrum, do 2\u00b0C na po\u0142udniu i 3\u00b0C na po\u0142udniowym zachodzie kraju. Wiatr s\u0142aby i umiarkowany, na p\u00f3\u0142nocy porywisty, na zachodzie z kierunk\u00f3w po\u0142udniowych, a na wschodzie kraju wschodnich. W Sudetach porywy wiatru do 65 km\/h. Miejscami wiatr b\u0119dzie powodowa\u0142 zawieje i zamiecie \u015bnie\u017cne. Noc mro\u017ana na&nbsp;p\u00f3\u0142nocnym wschodzie, z temperatur\u0105 oko\u0142o \u201315\u00b0C, ale na zachodzie ju\u017c odwil\u017c.<\/p>\n\n\n\n<p><strong>\u015aroda<\/strong> r\u00f3wnie\u017c pochmurna. Opady \u015bniegu, a miejscami, zw\u0142aszcza na po\u0142udniu i w centrum kraju, tak\u017ce deszczu ze \u015bniegiem i deszczu. Temperatura maksymalna od \u20138\u00b0C na p\u00f3\u0142nocnym wschodzie, oko\u0142o 0\u00b0C w centrum, do 3\u00b0C na po\u0142udniowym wschodzie. Wiatr s\u0142aby, nad morzem umiarkowany, na&nbsp;po\u0142udniu i zachodzie z kierunk\u00f3w zachodnich, na wschodzie i w centrum z kierunk\u00f3w po\u0142udniowych, a na p\u00f3\u0142nocy z kierunk\u00f3w p\u00f3\u0142nocnych. Noc tym razem mro\u017ana w Karpatach i tam spadek temperatury do \u201315\u00b0C.<\/p>\n\n\n\n<p>W <strong>czwartek <\/strong>zachmurzenie du\u017ce i opady \u015bniegu. Temperatura maksymalna od \u20136\u00b0C na p\u00f3\u0142nocnym wschodzie i na Podhalu, \u20133\u00b0C w centrum, do 1\u00b0C na po\u0142udniowym zachodzie. Wiatr s\u0142aby i&nbsp;umiarkowany, na po\u0142udniu i miejscami na wschodzie porywisty, p\u00f3\u0142nocno-zachodni i zachodni. Miejscami wiatr b\u0119dzie powodowa\u0142 zawieje i zamiecie \u015bnie\u017cne. Noc ju\u017c nie tak mro\u017ana, ale wyr\u00f3wnana temperaturowo, od \u201313\u00b0C do \u20138\u00b0C, cieplej na p\u00f3\u0142nocy, od \u20136\u00b0C do \u20133\u00b0C.<\/p>\n\n\n\n<p><strong>Pi\u0105tek<\/strong> z zachmurzeniem umiarkowanym i du\u017cym. Na p\u00f3\u0142nocy kraju opady \u015bniegu. Temperatura maksymalna od \u20137\u00b0C na po\u0142udniu, \u20134\u00b0C w centrum, do 1\u00b0C na p\u00f3\u0142nocy i zachodzie. Wiatr s\u0142aby, okresami umiarkowany, nad morzem miejscami do\u015b\u0107 silny z kierunk\u00f3w zachodnich. Na po\u0142udniu i&nbsp;na&nbsp;p\u00f3\u0142nocy kraju wiatr b\u0119dzie porywisty.<\/p>\n\n\n\n<p><strong>Sobota <\/strong>z zachmurzeniem ca\u0142kowitym, na zachodzie z przeja\u015bnieniami. Na wschodzie miejscami opady \u015bniegu, na zachodzie tak\u017ce deszczu ze \u015bniegiem i deszczu, miejscami marzn\u0105ce i powoduj\u0105ce go\u0142oled\u017a. Temperatura maksymalna na wi\u0119kszo\u015bci obszaru kraju od 0\u00b0C do 4\u00b0C, ch\u0142odniej jedynie na p\u00f3\u0142nocnym wschodzie, oko\u0142o \u20132\u00b0C. Wiatr s\u0142aby i umiarkowany, nad morzem i w po\u0142udniowej po\u0142owie kraju porywisty, w rejonach podg\u00f3rskich Karpat w porywach do 65 km\/h, po\u0142udniowo-zachodni.<\/p>\n\n\n\n<p>W <strong>niedziel\u0119 <\/strong>pochmurno. Opady deszczu, na p\u00f3\u0142nocy i wschodzie oraz w rejonach podg\u00f3rskich deszczu ze \u015bniegiem i \u015bniegu. Miejscami na po\u0142udniu i wschodzie opady marzn\u0105ce i powoduj\u0105ce go\u0142oled\u017a. Temperatura maksymalna od 1\u00b0C do 5\u00b0C, ch\u0142odniej na wschodzie, oko\u0142o 0\u00b0C. Wiatr s\u0142aby i&nbsp;umiarkowany, na po\u0142udniu porywisty, z kierunk\u00f3w zachodnich.<\/p>\n\n\n\n<figure class=\"wp-block-image size-large\"><img loading=\"lazy\" decoding=\"async\" width=\"1024\" height=\"768\" src=\"https:\/\/imgw.pl\/wp-content\/uploads\/2026\/02\/IMGW_0216-Synoptyczna-pognoza-pogody-16.02-22.02.2026-rys.2-1024x768.jpg\" alt=\"Rys. 2. Synoptyczna prognoza pogody na tydzie\u0144 16.02-22.02.2025, fot. Sandra Sowi\u0144ska-Pazio\" class=\"wp-image-23810\" title=\"Rys. 2. Synoptyczna prognoza pogody na tydzie\u0144 16.02-22.02.2025, fot. Sandra Sowi\u0144ska-Pazio\" srcset=\"https:\/\/imgw.pl\/wp-content\/uploads\/2026\/02\/IMGW_0216-Synoptyczna-pognoza-pogody-16.02-22.02.2026-rys.2-1024x768.jpg 1024w, https:\/\/imgw.pl\/wp-content\/uploads\/2026\/02\/IMGW_0216-Synoptyczna-pognoza-pogody-16.02-22.02.2026-rys.2-300x225.jpg 300w, https:\/\/imgw.pl\/wp-content\/uploads\/2026\/02\/IMGW_0216-Synoptyczna-pognoza-pogody-16.02-22.02.2026-rys.2-768x576.jpg 768w, https:\/\/imgw.pl\/wp-content\/uploads\/2026\/02\/IMGW_0216-Synoptyczna-pognoza-pogody-16.02-22.02.2026-rys.2-16x12.jpg 16w, https:\/\/imgw.pl\/wp-content\/uploads\/2026\/02\/IMGW_0216-Synoptyczna-pognoza-pogody-16.02-22.02.2026-rys.2.jpg 1375w\" sizes=\"auto, (max-width: 1024px) 100vw, 1024px\" \/><\/figure>\n\n\n\n<p class=\"has-small-font-size\">Rys. 2. Synoptyczna prognoza pogody na tydzie\u0144 16.02-22.02.2025, fot. Sandra Sowi\u0144ska-Pazio<\/p>\n\n\n\n<p>Zapraszamy do kontaktu z Zespo\u0142em Komunikacji IMGW-PIB od poniedzia\u0142ku do pi\u0105tku w godzinach 7:00\u201317:00.<\/p>\n\n\n\n<p>IMGW-PIB Zesp\u00f3\u0142 Komunikacji<br>Twitter:\u00a0<a href=\"https:\/\/twitter.com\/IMGWmeteo\" target=\"_blank\" rel=\"noreferrer noopener\">https:\/\/twitter.com\/IMGWmeteo<\/a>\u00a0<br>E.\u00a0<a href=\"mailto:biuroprasowe@imgw.pl\" target=\"_blank\" rel=\"noreferrer noopener\">biuroprasowe@imgw.pl<\/a>\u00a0| T. (+48) 503 122\u202f100\u00a0<\/p>\n\n\n\n<p><strong>SERWIS POGODOWY DLA POLSKI:<\/strong> <a href=\"https:\/\/meteo.imgw.pl\/\">https:\/\/meteo.imgw.pl\/<\/a><br><strong>APLIKACJA MOBILNA:<\/strong> <a href=\"http:\/\/aplikacjameteo.imgw.pl\/\">http:\/\/aplikacjameteo.imgw.pl\/<\/a><br><strong>SERWIS Z CA\u0141OROCZN\u0104 POGOD\u0104 DLA G\u00d3R:<\/strong> <a href=\"http:\/\/gory.imgw.pl\/\">http:\/\/gory.imgw.pl\/<\/a><br><strong>DARMOWY WIDGET POGODOWY:<\/strong> <a href=\"http:\/\/widgetmeteo.imgw.pl\/\">http:\/\/widgetmeteo.imgw.pl\/<\/a><\/p>\n\n\n\n<p>IMGW-PIB. Instytut pe\u0142ni kluczow\u0105 rol\u0119 w os\u0142onie meteorologicznej kraju od 1919 roku. Od Tatr po Ba\u0142tyk, od Karpat po Zalew Szczeci\u0144ski analizujemy, dostarczamy prognozy i wydajemy ostrze\u017cenie. Nasze systemy informacyjne i rozwi\u0105zania dzia\u0142aj\u0105 24\/7 przez ca\u0142y rok, wsparte wiedz\u0105 i do\u015bwiadczeniem analityk\u00f3w i specjalist\u00f3w meteorologii i hydrologii. Jeste\u015bmy Instytutem skupiaj\u0105cym wysokiej klasy specjalist\u00f3w i\u202fdysponujemy niezb\u0119dn\u0105 infrastruktur\u0105 do pracy nad nim. Pogoda i klimat to jeden z najwa\u017cniejszych temat\u00f3w we wsp\u00f3\u0142czesnym \u015bwiecie.<\/p>","protected":false},"excerpt":{"rendered":"<p>Kolejny tydzie\u0144 przyniesie nam mn\u00f3stwo zimowych zjawisk, od mroz\u00f3w i opad\u00f3w \u015bniegu, poprzez zawieje i zamiecie \u015bnie\u017cne, po oblodzenie po odwil\u017cy i opady marzn\u0105ce powoduj\u0105ce go\u0142oled\u017a. Mr\u00f3z skuje ca\u0142\u0105 Polsk\u0119 w poniedzia\u0142ek, a najni\u017csze, przekraczaj\u0105ce \u201315\u00b0C, temperatury b\u0119d\u0105 wyst\u0119powa\u0107 nocami miejscowo a\u017c do czwartku. Przez ca\u0142y tydzie\u0144 mo\u017cemy si\u0119 spodziewa\u0107 pogody pochmurnej z opadami \u015bniegu [&hellip;]<\/p>\n","protected":false},"author":2,"featured_media":23810,"comment_status":"closed","ping_status":"closed","sticky":false,"template":"","format":"standard","meta":{"footnotes":""},"categories":[5],"tags":[35],"class_list":["post-23808","post","type-post","status-publish","format-standard","has-post-thumbnail","hentry","category-aktualnosci","tag-prognoza"],"_links":{"self":[{"href":"https:\/\/imgw.pl\/en\/wp-json\/wp\/v2\/posts\/23808","targetHints":{"allow":["GET"]}}],"collection":[{"href":"https:\/\/imgw.pl\/en\/wp-json\/wp\/v2\/posts"}],"about":[{"href":"https:\/\/imgw.pl\/en\/wp-json\/wp\/v2\/types\/post"}],"author":[{"embeddable":true,"href":"https:\/\/imgw.pl\/en\/wp-json\/wp\/v2\/users\/2"}],"replies":[{"embeddable":true,"href":"https:\/\/imgw.pl\/en\/wp-json\/wp\/v2\/comments?post=23808"}],"version-history":[{"count":1,"href":"https:\/\/imgw.pl\/en\/wp-json\/wp\/v2\/posts\/23808\/revisions"}],"predecessor-version":[{"id":23812,"href":"https:\/\/imgw.pl\/en\/wp-json\/wp\/v2\/posts\/23808\/revisions\/23812"}],"wp:featuredmedia":[{"embeddable":true,"href":"https:\/\/imgw.pl\/en\/wp-json\/wp\/v2\/media\/23810"}],"wp:attachment":[{"href":"https:\/\/imgw.pl\/en\/wp-json\/wp\/v2\/media?parent=23808"}],"wp:term":[{"taxonomy":"category","embeddable":true,"href":"https:\/\/imgw.pl\/en\/wp-json\/wp\/v2\/categories?post=23808"},{"taxonomy":"post_tag","embeddable":true,"href":"https:\/\/imgw.pl\/en\/wp-json\/wp\/v2\/tags?post=23808"}],"curies":[{"name":"wp","href":"https:\/\/api.w.org\/{rel}","templated":true}]}}