{"id":24226,"date":"2026-03-09T14:08:50","date_gmt":"2026-03-09T13:08:50","guid":{"rendered":"https:\/\/imgw.pl\/?p=24226"},"modified":"2026-03-09T14:08:51","modified_gmt":"2026-03-09T13:08:51","slug":"prognoza-pogody-na-tydzien-09-03-15-03-2026","status":"publish","type":"post","link":"https:\/\/imgw.pl\/en\/prognoza-pogody-na-tydzien-09-03-15-03-2026\/","title":{"rendered":"Prognoza pogody na tydzie\u0144 09.03. \u2013 15.03.2026"},"content":{"rendered":"<h2 class=\"wp-block-heading\">Pocz\u0105tek tygodnia b\u0119dzie s\u0142oneczny i ciep\u0142y, lecz w bezchmurne noce temperatura minimalna mo\u017ce spada\u0107 poni\u017cej 0\u00b0C, szczeg\u00f3lnie na wschodzie i w kotlinach g\u00f3rskich. Od \u015brody pojawi si\u0119 wi\u0119cej chmur, miejscami popada przelotny deszcz, lokalnie mo\u017cliwe s\u0105 te\u017c burze. Druga po\u0142owa tygodnia up\u0142ynie pod znakiem zmiennego zachmurzenia, przelotnych opad\u00f3w deszczu, chwilami mo\u017cliwe b\u0119d\u0105 silniejsze porywy wiatru. Nadal b\u0119dzie ciep\u0142o, a nocami przygruntowe przymrozki mo\u017cliwe s\u0105 jedynie na p\u00f3\u0142nocnym wschodzie oraz w kotlinach g\u00f3rskich.<\/h2>\n\n\n\n<figure class=\"wp-block-image size-full\"><img loading=\"lazy\" decoding=\"async\" width=\"763\" height=\"697\" src=\"https:\/\/imgw.pl\/wp-content\/uploads\/2026\/03\/IMGW_0309-Synoptyczna-pognoza-pogody-09.03-15.03.2026-rys.1.png\" alt=\"\" class=\"wp-image-24227\" srcset=\"https:\/\/imgw.pl\/wp-content\/uploads\/2026\/03\/IMGW_0309-Synoptyczna-pognoza-pogody-09.03-15.03.2026-rys.1.png 763w, https:\/\/imgw.pl\/wp-content\/uploads\/2026\/03\/IMGW_0309-Synoptyczna-pognoza-pogody-09.03-15.03.2026-rys.1-300x274.png 300w, https:\/\/imgw.pl\/wp-content\/uploads\/2026\/03\/IMGW_0309-Synoptyczna-pognoza-pogody-09.03-15.03.2026-rys.1-13x12.png 13w\" sizes=\"auto, (max-width: 763px) 100vw, 763px\" \/><\/figure>\n\n\n\n<p class=\"has-small-font-size\">Rys. 1. Synoptyczna prognoza pogody 09.03 &#8211; 15.03.2026<\/p>\n\n\n\n<p><strong>Poniedzia\u0142ek<\/strong> i <strong>wtorek <\/strong>jeszcze z du\u017c\u0105 ilo\u015bci\u0105 s\u0142o\u0144ca, jedynie na po\u0142udniowym zachodzie, a we wtorek tak\u017ce na po\u0142udniu, okresami zachmurzenie b\u0119dzie umiarkowane oraz du\u017ce i miejscami pada\u0107 mo\u017ce s\u0142aby przelotny deszcz. Nocami we wschodniej i p\u00f3\u0142nocnej po\u0142owie kraju oraz na obszarach podg\u00f3rskich temperatura minimalna jeszcze poni\u017cej 0\u00b0C, najch\u0142odniej w kotlinach karpackich, oko\u0142o \u20134\u00b0C. W ci\u0105gu dnia najcieplej na po\u0142udniu i zachodzie, w poniedzia\u0142ek do 17-18\u00b0C, a we wtorek do\u00a0oko\u0142o 16\u00b0C. Najch\u0142odniej na p\u00f3\u0142nocy, od 10\u00b0C do 12\u00b0C, oraz nad morzem, od 8\u00b0C do 10\u00b0C. Wiatr\u00a0wiej\u0105cy z kierunk\u00f3w po\u0142udniowych w poniedzia\u0142ek b\u0119dzie na og\u00f3\u0142 s\u0142aby, we wtorek umiarkowany, na obszarach podg\u00f3rskich w porywach osi\u0105ga\u0107 mo\u017ce do oko\u0142o 65 km\/h.<\/p>\n\n\n\n<p><strong>\u015aroda<\/strong> przyniesie zmian\u0119 aury \u2013 zachmurzenie b\u0119dzie umiarkowane i okresami du\u017ce, s\u0142onecznie jedynie jeszcze na p\u00f3\u0142nocnym wschodzie Polski. Miejscami, g\u0142\u00f3wnie na po\u0142udniu, zachodzie oraz Pomorzu, pada\u0142 b\u0119dzie przelotny deszcz, a na zachodzie lokalnie mo\u017cliwe s\u0105 te\u017c burze. W nocy &nbsp; wtorku na \u015brod\u0119 na p\u00f3\u0142nocy kraju miejscami temperatura powietrza przy gruncie spadnie do&nbsp;oko\u0142o \u20132 C. Temperatura maksymalna od 12\u00b0C na p\u00f3\u0142nocy do 16-17\u00b0C na zachodzie i po\u0142udniu; ch\u0142odniej tylko nad morzem, od 8\u00b0C do 11\u00b0C. Wiatr b\u0119dzie s\u0142aby i umiarkowany, jedynie na obszarach podg\u00f3rskich oraz w czasie burz chwilami porywisty, po\u0142udniowo-zachodni i zachodni.<\/p>\n\n\n\n<p><strong>Czwartek<\/strong> up\u0142ynie pod znakiem zmiennego zachmurzenia i miejscami przelotnych opad\u00f3w deszczu, na&nbsp;po\u0142udniu i po\u0142udniowym wschodzie lokalnie mo\u017cliwe b\u0119d\u0105 te\u017c burze. W nocy na p\u00f3\u0142nocnym wschodzie mo\u017cliwy spadek temperatury powietrza przy gruncie do oko\u0142o \u20132\u00b0C. W dzie\u0144 temperatura maksymalna od 12-13\u00b0C na p\u00f3\u0142nocy do 17\u00b0C na po\u0142udniu, ch\u0142odniej tylko nad morzem, od 8\u00b0C do 11\u00b0C. Wiatr s\u0142aby, tylko na obszarach podg\u00f3rskich oraz w czasie burz porywisty, po\u0142udniowy i&nbsp;po\u0142udniowo-zachodni.<\/p>\n\n\n\n<p>W <strong>pi\u0105tek <\/strong>najwi\u0119cej s\u0142o\u0144ca i bez opad\u00f3w na zachodzie kraju. Na pozosta\u0142ym obszarze zachmurzenie b\u0119dzie umiarkowane, chwilami du\u017ce. Miejscami we wschodniej po\u0142owie kraju pada\u0107 mo\u017ce przelotny deszcz. W najcieplejszym momencie dnia od 13\u00b0C do 16\u00b0C, tylko nad morzem od 8\u00b0C do 12\u00b0C. S\u0142aby i&nbsp;umiarkowany, a na p\u00f3\u0142nocy r\u00f3wnie\u017c chwilami porywisty, wiatr wia\u0142 b\u0119dzie z po\u0142udniowego zachodu i&nbsp;po\u0142udnia.&nbsp;<\/p>\n\n\n\n<p>W <strong>sobot\u0119<\/strong> i <strong>niedziel\u0119<\/strong> przewa\u017ca\u0107 b\u0119dzie zachmurzenie umiarkowane i du\u017ce, najwi\u0119cej s\u0142onecznych chwil na obszarach podg\u00f3rskich w Karpatach. Miejscami pada\u0142 b\u0119dzie przelotny deszcz. Temperatura maksymalna wyniesie od 13\u00b0C do 18\u00b0C, ch\u0142odniej b\u0119dzie tylko na p\u00f3\u0142nocnym zachodzie oraz nad morzem, od 8\u00b0C do 11\u00b0C. Wiatr b\u0119dzie na og\u00f3\u0142 umiarkowany, chwilami porywisty, po\u0142udniowo-wschodni i po\u0142udniowy. Najsilniejszych poryw\u00f3w, do oko\u0142o 55 km\/h, spodziewa\u0107 si\u0119 mo\u017cemy na&nbsp;obszarach podg\u00f3rskich w Sudetach.<\/p>\n\n\n\n<figure class=\"wp-block-image size-full\"><img loading=\"lazy\" decoding=\"async\" width=\"600\" height=\"800\" src=\"https:\/\/imgw.pl\/wp-content\/uploads\/2026\/03\/warszawa_ulica_tramwaj_miasto_fot_sandra_sowinska-pazio.jpg\" alt=\"\" class=\"wp-image-24228\" srcset=\"https:\/\/imgw.pl\/wp-content\/uploads\/2026\/03\/warszawa_ulica_tramwaj_miasto_fot_sandra_sowinska-pazio.jpg 600w, https:\/\/imgw.pl\/wp-content\/uploads\/2026\/03\/warszawa_ulica_tramwaj_miasto_fot_sandra_sowinska-pazio-225x300.jpg 225w, https:\/\/imgw.pl\/wp-content\/uploads\/2026\/03\/warszawa_ulica_tramwaj_miasto_fot_sandra_sowinska-pazio-9x12.jpg 9w\" sizes=\"auto, (max-width: 600px) 100vw, 600px\" \/><\/figure>\n\n\n\n<p class=\"has-small-font-size\">Rys.2. IMGW_0309 Synoptyczna prognoza pogody 09.03 &#8211; 15.03.2026, fot. Sandra Sowi\u0144ska-Pazio<\/p>\n\n\n\n<p><\/p>","protected":false},"excerpt":{"rendered":"<p>Pocz\u0105tek tygodnia b\u0119dzie s\u0142oneczny i ciep\u0142y, lecz w bezchmurne noce temperatura minimalna mo\u017ce spada\u0107 poni\u017cej 0\u00b0C, szczeg\u00f3lnie na wschodzie i w kotlinach g\u00f3rskich. Od \u015brody pojawi si\u0119 wi\u0119cej chmur, miejscami popada przelotny deszcz, lokalnie mo\u017cliwe s\u0105 te\u017c burze. Druga po\u0142owa tygodnia up\u0142ynie pod znakiem zmiennego zachmurzenia, przelotnych opad\u00f3w deszczu, chwilami mo\u017cliwe b\u0119d\u0105 silniejsze porywy wiatru. [&hellip;]<\/p>\n","protected":false},"author":2,"featured_media":24228,"comment_status":"closed","ping_status":"closed","sticky":false,"template":"","format":"standard","meta":{"footnotes":""},"categories":[5],"tags":[35],"class_list":["post-24226","post","type-post","status-publish","format-standard","has-post-thumbnail","hentry","category-aktualnosci","tag-prognoza"],"_links":{"self":[{"href":"https:\/\/imgw.pl\/en\/wp-json\/wp\/v2\/posts\/24226","targetHints":{"allow":["GET"]}}],"collection":[{"href":"https:\/\/imgw.pl\/en\/wp-json\/wp\/v2\/posts"}],"about":[{"href":"https:\/\/imgw.pl\/en\/wp-json\/wp\/v2\/types\/post"}],"author":[{"embeddable":true,"href":"https:\/\/imgw.pl\/en\/wp-json\/wp\/v2\/users\/2"}],"replies":[{"embeddable":true,"href":"https:\/\/imgw.pl\/en\/wp-json\/wp\/v2\/comments?post=24226"}],"version-history":[{"count":1,"href":"https:\/\/imgw.pl\/en\/wp-json\/wp\/v2\/posts\/24226\/revisions"}],"predecessor-version":[{"id":24230,"href":"https:\/\/imgw.pl\/en\/wp-json\/wp\/v2\/posts\/24226\/revisions\/24230"}],"wp:featuredmedia":[{"embeddable":true,"href":"https:\/\/imgw.pl\/en\/wp-json\/wp\/v2\/media\/24228"}],"wp:attachment":[{"href":"https:\/\/imgw.pl\/en\/wp-json\/wp\/v2\/media?parent=24226"}],"wp:term":[{"taxonomy":"category","embeddable":true,"href":"https:\/\/imgw.pl\/en\/wp-json\/wp\/v2\/categories?post=24226"},{"taxonomy":"post_tag","embeddable":true,"href":"https:\/\/imgw.pl\/en\/wp-json\/wp\/v2\/tags?post=24226"}],"curies":[{"name":"wp","href":"https:\/\/api.w.org\/{rel}","templated":true}]}}