{"id":24526,"date":"2026-03-27T08:38:20","date_gmt":"2026-03-27T07:38:20","guid":{"rendered":"https:\/\/imgw.pl\/?p=24526"},"modified":"2026-03-27T08:38:22","modified_gmt":"2026-03-27T07:38:22","slug":"prognoza-pogody-na-tydzien-27-03-02-04-2026","status":"publish","type":"post","link":"https:\/\/imgw.pl\/en\/prognoza-pogody-na-tydzien-27-03-02-04-2026\/","title":{"rendered":"Prognoza pogody na tydzie\u0144 27.03. \u2013 02.04.2026"},"content":{"rendered":"<p><strong>W najbli\u017cszy weekend<\/strong> czeka nas do\u015b\u0107 du\u017ce zr\u00f3\u017cnicowanie pogody. Nad po\u0142udniowo-wschodni\u0105 Polsk\u0105 utrzymywa\u0107 si\u0119 b\u0119dzie s\u0142abn\u0105ca strefa opad\u00f3w deszczu, a na obszarach podg\u00f3rskich i g\u00f3rskich Karpat tak\u017ce deszczu ze \u015bniegiem i \u015bniegu. Na pozosta\u0142ym obszarze b\u0119dzie bardziej pogodnie i na og\u00f3\u0142 bez opad\u00f3w, zw\u0142aszcza w pi\u0105tek i sobot\u0119, natomiast w niedziel\u0119 w wielu miejscach mo\u017cliwe przelotne opady deszczu. Rano wyst\u0105pi\u0105 przymrozki na p\u00f3\u0142nocy, zachodzie oraz cz\u0119\u015bciowo w centrum Polski, a na pozosta\u0142ym obszarze temperatura minimalna wyniesie na og\u00f3\u0142 od 1\u00b0C do 4\u00b0C, na kra\u0144cach po\u0142udniowo-wschodnich do oko\u0142o 5\u00b0C. Temperatura maksymalna nad morzem na og\u00f3\u0142 od 6\u00b0C do 9\u00b0C, a na pozosta\u0142ym obszarze kraju od 10\u00b0C do 15\u00b0C, z wyj\u0105tkiem pochmurnego po\u0142udniowego wschodu w pi\u0105tek oraz obszar\u00f3w podg\u00f3rskich, gdzie temperatura powietrza nie przekroczy 10\u00b0C. Wiatr b\u0119dzie s\u0142aby i umiarkowany, w pi\u0105tek miejscami porywisty, z przewag\u0105 kierunk\u00f3w p\u00f3\u0142nocnych.<\/p>\n\n\n\n<figure class=\"wp-block-image size-full is-resized\"><img loading=\"lazy\" decoding=\"async\" width=\"672\" height=\"896\" src=\"https:\/\/imgw.pl\/wp-content\/uploads\/2026\/03\/IMGW_0326-Prognoza-meteo-i-szczegolowa-prognoza-hydro-na-kolejne-7dni-rys.1-kwiat-pszczola-wiosna-fot-Przemyslaw-Makarewicz.jpg\" alt=\"\" class=\"wp-image-24527\" style=\"aspect-ratio:0.7500000162097621;width:315px;height:auto\" srcset=\"https:\/\/imgw.pl\/wp-content\/uploads\/2026\/03\/IMGW_0326-Prognoza-meteo-i-szczegolowa-prognoza-hydro-na-kolejne-7dni-rys.1-kwiat-pszczola-wiosna-fot-Przemyslaw-Makarewicz.jpg 672w, https:\/\/imgw.pl\/wp-content\/uploads\/2026\/03\/IMGW_0326-Prognoza-meteo-i-szczegolowa-prognoza-hydro-na-kolejne-7dni-rys.1-kwiat-pszczola-wiosna-fot-Przemyslaw-Makarewicz-225x300.jpg 225w, https:\/\/imgw.pl\/wp-content\/uploads\/2026\/03\/IMGW_0326-Prognoza-meteo-i-szczegolowa-prognoza-hydro-na-kolejne-7dni-rys.1-kwiat-pszczola-wiosna-fot-Przemyslaw-Makarewicz-9x12.jpg 9w\" sizes=\"auto, (max-width: 672px) 100vw, 672px\" \/><\/figure>\n\n\n\n<p>Fot. Przemys\u0142aw Makarewicz<\/p>\n\n\n\n<p><strong>W poniedzia\u0142ek<\/strong> przewa\u017ca\u0107 b\u0119dzie zachmurzenie umiarkowane i du\u017ce, miejscami wyst\u0105pi\u0105 opady deszczu, zw\u0142aszcza w zachodniej po\u0142owie Polski, a w obszarach podg\u00f3rskich Karpat tak\u017ce deszczu ze \u015bniegiem i \u015bniegu. Nad ranem mo\u017cliwe lokalne przymrozki, zw\u0142aszcza na obszarze Warmii, Mazur oraz Kujaw. Temperatura maksymalna wyniesie na og\u00f3\u0142 od oko\u0142o 8\u00b0C do 12\u00b0C, nieco ch\u0142odniej miejscami nad morzem i w rejonach podg\u00f3rskich. Wiatr s\u0142aby i umiarkowany, przewa\u017cnie z kierunk\u00f3w zachodnich, a na wschodzie z p\u00f3\u0142nocnych.<\/p>\n\n\n\n<p><strong>We wtorek<\/strong> pogod\u0119 w Polsce nadal kszta\u0142towa\u0107 b\u0119dzie do\u015b\u0107 wilgotna masa powietrza. Zachmurzenie umiarkowane, okresami du\u017ce, z przelotnymi opadami deszczu, kt\u00f3re mog\u0105 miejscami wyst\u0105pi\u0107 prawie w ca\u0142ym kraju. Na po\u0142udniu przewa\u017ca\u0107 b\u0119dzie zachmurzenie ca\u0142kowite. Nad ranem nie mo\u017cna wykluczy\u0107 lokalnych, niewielkich przymrozk\u00f3w. Temperatura maksymalna wyniesie przewa\u017cnie od 8\u00b0C do 13\u00b0C, ch\u0142odniej nad samym morzem i w obszarach podg\u00f3rskich, od 3\u00b0C do 7\u00b0C, i tam mo\u017cliwe opady deszczu ze \u015bniegiem, wysoko w g\u00f3rach \u015bniegu. Wiatr s\u0142aby i umiarkowany, z kierunk\u00f3w p\u00f3\u0142nocnych.<\/p>\n\n\n\n<p><strong>W \u015brod\u0119<\/strong> b\u0119dzie na og\u00f3\u0142 pogodnie i bez opad\u00f3w. Zachmurzenie ma\u0142e i umiarkowane, jedynie miejscami przej\u015bciowo wzrastaj\u0105ce do du\u017cego; tylko na po\u0142udniu utrzyma si\u0119 zachmurzenie du\u017ce i tam wyst\u0105pi\u0105 g\u0142\u00f3wnie przelotne opady deszczu, a w obszarach podg\u00f3rskich i g\u00f3rach tak\u017ce deszczu ze \u015bniegiem i \u015bniegu. Rano lokalne przymrozki, zw\u0142aszcza na zachodzie, p\u00f3\u0142nocy oraz w kotlinach g\u00f3rskich. Temperatura maksymalna wyniesie przewa\u017cnie od 11\u00b0C do 15\u00b0C, a w rejonach podg\u00f3rskich od oko\u0142o 8\u00b0C do 10\u00b0C. Wiatr s\u0142aby, miejscami umiarkowany, przewa\u017cnie z kierunk\u00f3w p\u00f3\u0142nocnych.<\/p>\n\n\n\n<p><strong>W czwartek<\/strong> zachmurzenie umiarkowane, okresami du\u017ce, ale na og\u00f3\u0142 bez opad\u00f3w; jedynie na p\u00f3\u0142nocy i&nbsp;p\u00f3\u0142nocnym zachodzie, gdzie zachmurzenie b\u0119dzie wi\u0119ksze, mo\u017cliwe opady deszczu. Rano lokalnie jeszcze ch\u0142odno, z mo\u017cliwo\u015bci\u0105 niewielkiego przymrozku na znacznym obszarze Polski. Temperatura maksymalna wyniesie przewa\u017cnie od 10\u00b0C do 14\u00b0C, ch\u0142odniej na Pomorzu i nad morzem, od 4\u00b0C do 9\u00b0C. Wiatr s\u0142aby i&nbsp;umiarkowany, na og\u00f3\u0142 z kierunk\u00f3w p\u00f3\u0142nocnych, miejscami zmienny.<\/p>\n\n\n\n<h2 class=\"wp-block-heading\"><strong>Szczeg\u00f3\u0142owa prognoza hydrologiczna<\/strong><\/h2>\n\n\n\n<p><strong>Koniec tygodnia (czwartek-pi\u0105tek) up\u0142ynie pod znakiem intensywnych opad\u00f3w \u015bniegu i deszczu na po\u0142udniu Polski, zwi\u0105zanych z ni\u017cem genue\u0144skim. Prognozowane sumy opadu za dob\u0119 mog\u0105 si\u0119gn\u0105\u0107 30-45 mm. Weekend przyniesie stabilizacj\u0119 sytuacji meteorologiczno-hydrologicznej.<\/strong><\/p>\n\n\n\n<p><strong>Dorzecze Wis\u0142y<\/strong><\/p>\n\n\n\n<p>W dorzeczu Wis\u0142y przewiduje si\u0119 przewa\u017cnie dalsz\u0105 stabilizacj\u0119 sytuacji hydrologicznej, za wyj\u0105tkiem g\u00f3rnej zlewni, gdzie sumy opadu mog\u0105 powodowa\u0107 wzrosty i lokalne przekroczenia stan\u00f3w umownych. Miejscowo, mo\u017cliwe s\u0105 niewielkie wahania zwi\u0105zane z prac\u0105 urz\u0105dze\u0144 hydrotechnicznych oraz prognozowanymi opadami.<\/p>\n\n\n\n<p>W ci\u0105gu najbli\u017cszego dni na g\u00f3rnej Wi\u015ble prognozowane s\u0105 wzrosty oraz lokalne wahania poziomu wody zwi\u0105zane ze sp\u0142ywem wody opadowej, przede wszystkim w strefie wody \u015bredniej. Na Wi\u015ble \u015brodkowej przewiduje si\u0119&nbsp;opadanie stanu wody w strefie wody \u015bredniej i niskiej. Na Dolnej Wi\u015ble prognozowane s\u0105&nbsp;przewa\u017cnie niewielkie wahania stan\u00f3w wody ze s\u0142ab\u0105 tendencj\u0105 spadkow\u0105 w strefie stan\u00f3w \u015brednich.<\/p>\n\n\n\n<p>Na rzekach w zlewni g\u00f3rnej Wis\u0142y pocz\u0105tkowo b\u0119d\u0105 mia\u0142y miejsce wzrosty i wahania za spraw\u0105 oddzia\u0142ywania ni\u017cu genue\u0144skiego i prognozowanych wysokich sum opadu (do 45 mm za 24 h w czwartek i pi\u0105tek; sumy opadu za 2 doby mog\u0105 si\u0119ga\u0107 70 mm). Prze\u0142o\u017cy si\u0119 to na wzrosty do strefy wody wysokiej i lokalne przekroczenia stan\u00f3w ostrzegawczych, szczeg\u00f3lnie w zlewniach rzek woj. \u015bl\u0105skiego, ma\u0142opolskiego i \u015bwi\u0119tokrzyskiego. W&nbsp;trakcie weekendu i na pocz\u0105tku przysz\u0142ego tygodnia, sytuacja hydrologiczna zacznie si\u0119 stabilizowa\u0107, a stany wody opada\u0107 w strefie wody \u015bredniej i niskiej, lokalnie wysokiej.<\/p>\n\n\n\n<p>W zlewniach Narwi i Bugu przewa\u017ca\u0107 b\u0119d\u0105 spadki stanu wody, lokalnie mo\u017cliwe s\u0105 niewielkie wahania w strefie wody \u015bredniej. Na dop\u0142ywach prognozowane s\u0105 g\u0142\u00f3wnie spadki poziomu wody.<\/p>\n\n\n\n<p>Na dop\u0142ywach Wis\u0142y \u015brodkowej i dolnej przewiduje si\u0119 stabilizacj\u0119 i opadanie stanu wody oraz lokalne wahania zwi\u0105zane z prac\u0105 urz\u0105dze\u0144 hydrotechnicznych w strefie wody \u015bredniej i niskiej.<\/p>\n\n\n\n<p><strong>Dorzecze Odry<\/strong><\/p>\n\n\n\n<p>W dorzeczu Odry przewiduje si\u0119 stabiln\u0105 sytuacj\u0119 hydrologiczn\u0105 z dominacj\u0105 powolnych spadk\u00f3w stanu wody. Na g\u00f3rnej Odrze pocz\u0105tkowo stany wody b\u0119d\u0105 ulega\u0142y wzrostom w wyniku sp\u0142ywu wody opadowej \u2013 w strefie wody \u015bredniej i wysokiej. Na odcinku skanalizowanym mog\u0105 wyst\u0119powa\u0107 lokalne wahania stan\u00f3w wody spowodowane prac\u0105 urz\u0105dze\u0144 wodnych, w strefie wody \u015bredniej i niskiej. Nast\u0119pnie prognozowane s\u0105 spadki w&nbsp;strefie wody \u015bredniej i niskiej. Na \u015brodkowej Odrze swobodnie p\u0142yn\u0105cej, przy dominuj\u0105cej tendencji wzrostowej, zaznacz\u0105 si\u0119 miejscami wahania w strefie wody \u015bredniej i niskiej. Na granicznym odcinku Odry prognozowane s\u0105 spadki, odcinkowo stabilizacja stan\u00f3w wody. Stany wody uk\u0142ada\u0107 si\u0119 b\u0119d\u0105 w strefie wody \u015bredniej, lokalnie niskiej.<\/p>\n\n\n\n<p>W zlewniach dop\u0142yw\u00f3w g\u00f3rnej i \u015brodkowej Odry prognozowane s\u0105 pocz\u0105tkowo wzrosty stan\u00f3w wody w strefie wody \u015bredniej, miejscami wysokiej. Szczeg\u00f3lnie du\u017ce wzrosty i wahania s\u0105 prognozowane w woj. \u015bl\u0105skim w&nbsp;okresie czwartek-pi\u0105tek, poniewa\u017c sumy dobowe opadu mog\u0105 lokalnie przekroczy\u0107 40 mm. W trakcie weekendu opady b\u0119d\u0105 traci\u0142y na intensywno\u015bci, a stany wody ulega\u0142y stopniowej stabilizacji i spadkom. Lokalnie mog\u0105 wyst\u0119powa\u0107 wahania wywo\u0142ane prac\u0105 urz\u0105dze\u0144 wodnych.<\/p>\n\n\n\n<p>Na Warcie do Zbiornika Jeziorsko prognozowana jest g\u0142\u00f3wnie stabilizacja stan\u00f3w wody oraz wzrosty spowodowane opadami w g\u00f3rnej cz\u0119\u015bci zlewni Warty. Poni\u017cej zbiornika do uj\u015bcia przewa\u017ca\u0107 b\u0119d\u0105 niewielkie spadki, lokalnie stabilizacja. Na dop\u0142ywach Warty dominowa\u0107 b\u0119dzie stabilizacja i niewielkie spadki, punktowo mo\u017cliwe s\u0105 wzrosty oraz wahania zwi\u0105zane z prac\u0105 urz\u0105dze\u0144 hydrotechnicznych. Stany wody na Warcie i jej dop\u0142ywach uk\u0142ada\u0107 si\u0119 b\u0119d\u0105 w strefie wody \u015bredniej i niskiej, lokalnie wysokiej.<\/p>\n\n\n\n<p>Na Noteci i jej dop\u0142ywach prognozowana jest g\u0142\u00f3wnie stabilizacja i niewielkie spadki stan\u00f3w wody, punktowo mo\u017cliwe s\u0105 wzrosty oraz wahania zwi\u0105zane z prac\u0105 urz\u0105dze\u0144 hydrotechnicznych. Stany wody b\u0119d\u0105 uk\u0142ada\u0107 si\u0119 w&nbsp;strefie wody \u015bredniej, lokalnie niskiej oraz punktowo wysokiej. W zlewni Iny prognozowane s\u0105 niewielkie spadki i stabilizacja stan\u00f3w wody, g\u0142\u00f3wnie w strefie wody \u015bredniej.<\/p>\n\n\n\n<p><strong>Wybrze\u017ce i rzeki Przymorza<\/strong><\/p>\n\n\n\n<p>W najbli\u017cszych dniach w uj\u015bciowym odcinku Odry i na Zalewie Szczeci\u0144skim, wzd\u0142u\u017c Wybrze\u017ca, w&nbsp;uj\u015bciu Wis\u0142y, na&nbsp;Zalewie Wi\u015blanym oraz na \u017bu\u0142awach prognozowane s\u0105 wahania poziom\u00f3w wody z&nbsp;niewielk\u0105 tendencj\u0105 spadkow\u0105, w strefie stan\u00f3w \u015brednich.<\/p>\n\n\n\n<p>Na rzekach Przymorza, rzekach uchodz\u0105cych do Zatoki Gda\u0144skiej i Zalewu Wi\u015blanego prognozowane s\u0105 wahania stan\u00f3w wody, miejscami z zaznaczon\u0105 tendencj\u0105 spadkow\u0105. Stany wody uk\u0142ada\u0107 si\u0119 b\u0119d\u0105 g\u0142\u00f3wnie w strefie stan\u00f3w \u015brednich i niskich, lokalnie w wysokich.<\/p>\n\n\n\n<p><strong>SUSZA HYDROLOGICZNA<\/strong><\/p>\n\n\n\n<p>Dzi\u015b na 13 stacjach (o 6 mniej w por\u00f3wnaniu do zesz\u0142ego tygodnia) przep\u0142yw wody uk\u0142ada si\u0119 poni\u017cej progu SNQ (nie zanotowano przep\u0142ywu poni\u017cej NNQ). W kolejnych dniach liczba stacji z przep\u0142ywem poni\u017cej SNQ nie ulegnie zmianie.<\/p>\n\n\n\n<figure class=\"wp-block-image size-full is-resized\"><img loading=\"lazy\" decoding=\"async\" width=\"917\" height=\"671\" src=\"https:\/\/imgw.pl\/wp-content\/uploads\/2026\/03\/IMGW_0326-Prognoza-meteo-i-szczegolowa-prognoza-hydro-na-kolejne-7dni-rys.2.jpg\" alt=\"\" class=\"wp-image-24530\" style=\"aspect-ratio:1.3666421676610434;width:589px;height:auto\" srcset=\"https:\/\/imgw.pl\/wp-content\/uploads\/2026\/03\/IMGW_0326-Prognoza-meteo-i-szczegolowa-prognoza-hydro-na-kolejne-7dni-rys.2.jpg 917w, https:\/\/imgw.pl\/wp-content\/uploads\/2026\/03\/IMGW_0326-Prognoza-meteo-i-szczegolowa-prognoza-hydro-na-kolejne-7dni-rys.2-300x220.jpg 300w, https:\/\/imgw.pl\/wp-content\/uploads\/2026\/03\/IMGW_0326-Prognoza-meteo-i-szczegolowa-prognoza-hydro-na-kolejne-7dni-rys.2-768x562.jpg 768w, https:\/\/imgw.pl\/wp-content\/uploads\/2026\/03\/IMGW_0326-Prognoza-meteo-i-szczegolowa-prognoza-hydro-na-kolejne-7dni-rys.2-16x12.jpg 16w\" sizes=\"auto, (max-width: 917px) 100vw, 917px\" \/><\/figure>\n\n\n\n<p>Suma skumulowanego opadu od pocz\u0105tku marca 2026<\/p>\n\n\n\n<figure class=\"wp-block-image size-full\"><img loading=\"lazy\" decoding=\"async\" width=\"945\" height=\"403\" src=\"https:\/\/imgw.pl\/wp-content\/uploads\/2026\/03\/IMGW_0326-Prognoza-meteo-i-szczegolowa-prognoza-hydro-na-kolejne-7dni-rys.3.png\" alt=\"\" class=\"wp-image-24531\" srcset=\"https:\/\/imgw.pl\/wp-content\/uploads\/2026\/03\/IMGW_0326-Prognoza-meteo-i-szczegolowa-prognoza-hydro-na-kolejne-7dni-rys.3.png 945w, https:\/\/imgw.pl\/wp-content\/uploads\/2026\/03\/IMGW_0326-Prognoza-meteo-i-szczegolowa-prognoza-hydro-na-kolejne-7dni-rys.3-300x128.png 300w, https:\/\/imgw.pl\/wp-content\/uploads\/2026\/03\/IMGW_0326-Prognoza-meteo-i-szczegolowa-prognoza-hydro-na-kolejne-7dni-rys.3-768x328.png 768w, https:\/\/imgw.pl\/wp-content\/uploads\/2026\/03\/IMGW_0326-Prognoza-meteo-i-szczegolowa-prognoza-hydro-na-kolejne-7dni-rys.3-18x8.png 18w\" sizes=\"auto, (max-width: 945px) 100vw, 945px\" \/><\/figure>\n\n\n\n<p>Liczby stacji z przep\u0142ywem poni\u017cej \u015bredniego niskiego przep\u0142ywu (SNQ), czyli umownej granicy suszy hydrologicznej w 2026 r.<\/p>\n\n\n\n<figure class=\"wp-block-image size-full\"><img loading=\"lazy\" decoding=\"async\" width=\"945\" height=\"482\" src=\"https:\/\/imgw.pl\/wp-content\/uploads\/2026\/03\/IMGW_0326-Prognoza-meteo-i-szczegolowa-prognoza-hydro-na-kolejne-7dni-rys.4.png\" alt=\"\" class=\"wp-image-24532\" srcset=\"https:\/\/imgw.pl\/wp-content\/uploads\/2026\/03\/IMGW_0326-Prognoza-meteo-i-szczegolowa-prognoza-hydro-na-kolejne-7dni-rys.4.png 945w, https:\/\/imgw.pl\/wp-content\/uploads\/2026\/03\/IMGW_0326-Prognoza-meteo-i-szczegolowa-prognoza-hydro-na-kolejne-7dni-rys.4-300x153.png 300w, https:\/\/imgw.pl\/wp-content\/uploads\/2026\/03\/IMGW_0326-Prognoza-meteo-i-szczegolowa-prognoza-hydro-na-kolejne-7dni-rys.4-768x392.png 768w, https:\/\/imgw.pl\/wp-content\/uploads\/2026\/03\/IMGW_0326-Prognoza-meteo-i-szczegolowa-prognoza-hydro-na-kolejne-7dni-rys.4-18x9.png 18w\" sizes=\"auto, (max-width: 945px) 100vw, 945px\" \/><\/figure>\n\n\n\n<p>Procentowy udzia\u0142 stacji hydrologicznych w poszczeg\u00f3lnych strefach stan\u00f3w charakterystycznych oraz liczba stacji z\u00a0przep\u0142ywem poni\u017cej \u015bredniego niskiego przep\u0142ywu (SNQ), czyli umownej przyj\u0119tej granicy suszy hydrologicznej.<\/p>\n\n\n\n<figure class=\"wp-block-image size-full\"><img loading=\"lazy\" decoding=\"async\" width=\"367\" height=\"317\" src=\"https:\/\/imgw.pl\/wp-content\/uploads\/2026\/03\/IMGW_0326-Prognoza-meteo-i-szczegolowa-prognoza-hydro-na-kolejne-7dni-rys.5.png\" alt=\"\" class=\"wp-image-24533\" srcset=\"https:\/\/imgw.pl\/wp-content\/uploads\/2026\/03\/IMGW_0326-Prognoza-meteo-i-szczegolowa-prognoza-hydro-na-kolejne-7dni-rys.5.png 367w, https:\/\/imgw.pl\/wp-content\/uploads\/2026\/03\/IMGW_0326-Prognoza-meteo-i-szczegolowa-prognoza-hydro-na-kolejne-7dni-rys.5-300x259.png 300w, https:\/\/imgw.pl\/wp-content\/uploads\/2026\/03\/IMGW_0326-Prognoza-meteo-i-szczegolowa-prognoza-hydro-na-kolejne-7dni-rys.5-14x12.png 14w\" sizes=\"auto, (max-width: 367px) 100vw, 367px\" \/><\/figure>\n\n\n\n<p>Ostrze\u017cenia hydrologiczne na dzie\u0144 26.03.2026 r.<\/p>\n\n\n\n<figure class=\"wp-block-image size-full\"><img loading=\"lazy\" decoding=\"async\" width=\"367\" height=\"289\" src=\"https:\/\/imgw.pl\/wp-content\/uploads\/2026\/03\/IMGW_0326-Prognoza-meteo-i-szczegolowa-prognoza-hydro-na-kolejne-7dni-rys.6.png\" alt=\"\" class=\"wp-image-24534\" srcset=\"https:\/\/imgw.pl\/wp-content\/uploads\/2026\/03\/IMGW_0326-Prognoza-meteo-i-szczegolowa-prognoza-hydro-na-kolejne-7dni-rys.6.png 367w, https:\/\/imgw.pl\/wp-content\/uploads\/2026\/03\/IMGW_0326-Prognoza-meteo-i-szczegolowa-prognoza-hydro-na-kolejne-7dni-rys.6-300x236.png 300w, https:\/\/imgw.pl\/wp-content\/uploads\/2026\/03\/IMGW_0326-Prognoza-meteo-i-szczegolowa-prognoza-hydro-na-kolejne-7dni-rys.6-15x12.png 15w\" sizes=\"auto, (max-width: 367px) 100vw, 367px\" \/><\/figure>\n\n\n\n<p>Ostrze\u017cenia meteorologiczne na dzie\u0144 26.03.2026 r.<\/p>\n\n\n\n<figure class=\"wp-block-image size-full\"><img loading=\"lazy\" decoding=\"async\" width=\"340\" height=\"316\" src=\"https:\/\/imgw.pl\/wp-content\/uploads\/2026\/03\/IMGW_0326-Prognoza-meteo-i-szczegolowa-prognoza-hydro-na-kolejne-7dni-rys.7.png\" alt=\"\" class=\"wp-image-24535\" srcset=\"https:\/\/imgw.pl\/wp-content\/uploads\/2026\/03\/IMGW_0326-Prognoza-meteo-i-szczegolowa-prognoza-hydro-na-kolejne-7dni-rys.7.png 340w, https:\/\/imgw.pl\/wp-content\/uploads\/2026\/03\/IMGW_0326-Prognoza-meteo-i-szczegolowa-prognoza-hydro-na-kolejne-7dni-rys.7-300x279.png 300w, https:\/\/imgw.pl\/wp-content\/uploads\/2026\/03\/IMGW_0326-Prognoza-meteo-i-szczegolowa-prognoza-hydro-na-kolejne-7dni-rys.7-13x12.png 13w\" sizes=\"auto, (max-width: 340px) 100vw, 340px\" \/><\/figure>\n\n\n\n<p>Stan wody na rzekach w Polsce, 26.03.2026 r., godz. 07:00.<\/p>","protected":false},"excerpt":{"rendered":"<p>W najbli\u017cszy weekend czeka nas do\u015b\u0107 du\u017ce zr\u00f3\u017cnicowanie pogody. Nad po\u0142udniowo-wschodni\u0105 Polsk\u0105 utrzymywa\u0107 si\u0119 b\u0119dzie s\u0142abn\u0105ca strefa opad\u00f3w deszczu, a na obszarach podg\u00f3rskich i g\u00f3rskich Karpat tak\u017ce deszczu ze \u015bniegiem i \u015bniegu. Na pozosta\u0142ym obszarze b\u0119dzie bardziej pogodnie i na og\u00f3\u0142 bez opad\u00f3w, zw\u0142aszcza w pi\u0105tek i sobot\u0119, natomiast w niedziel\u0119 w wielu miejscach mo\u017cliwe [&hellip;]<\/p>\n","protected":false},"author":2,"featured_media":24527,"comment_status":"closed","ping_status":"closed","sticky":false,"template":"","format":"standard","meta":{"footnotes":""},"categories":[5],"tags":[35],"class_list":["post-24526","post","type-post","status-publish","format-standard","has-post-thumbnail","hentry","category-aktualnosci","tag-prognoza"],"_links":{"self":[{"href":"https:\/\/imgw.pl\/en\/wp-json\/wp\/v2\/posts\/24526","targetHints":{"allow":["GET"]}}],"collection":[{"href":"https:\/\/imgw.pl\/en\/wp-json\/wp\/v2\/posts"}],"about":[{"href":"https:\/\/imgw.pl\/en\/wp-json\/wp\/v2\/types\/post"}],"author":[{"embeddable":true,"href":"https:\/\/imgw.pl\/en\/wp-json\/wp\/v2\/users\/2"}],"replies":[{"embeddable":true,"href":"https:\/\/imgw.pl\/en\/wp-json\/wp\/v2\/comments?post=24526"}],"version-history":[{"count":1,"href":"https:\/\/imgw.pl\/en\/wp-json\/wp\/v2\/posts\/24526\/revisions"}],"predecessor-version":[{"id":24536,"href":"https:\/\/imgw.pl\/en\/wp-json\/wp\/v2\/posts\/24526\/revisions\/24536"}],"wp:featuredmedia":[{"embeddable":true,"href":"https:\/\/imgw.pl\/en\/wp-json\/wp\/v2\/media\/24527"}],"wp:attachment":[{"href":"https:\/\/imgw.pl\/en\/wp-json\/wp\/v2\/media?parent=24526"}],"wp:term":[{"taxonomy":"category","embeddable":true,"href":"https:\/\/imgw.pl\/en\/wp-json\/wp\/v2\/categories?post=24526"},{"taxonomy":"post_tag","embeddable":true,"href":"https:\/\/imgw.pl\/en\/wp-json\/wp\/v2\/tags?post=24526"}],"curies":[{"name":"wp","href":"https:\/\/api.w.org\/{rel}","templated":true}]}}