{"id":24602,"date":"2026-03-30T15:07:38","date_gmt":"2026-03-30T13:07:38","guid":{"rendered":"https:\/\/imgw.pl\/?p=24602"},"modified":"2026-03-30T15:07:40","modified_gmt":"2026-03-30T13:07:40","slug":"aktualna-i-prognozowana-sytuacja-meteorologiczna-i-hydrologiczna-raport-nr-83","status":"publish","type":"post","link":"https:\/\/imgw.pl\/en\/aktualna-i-prognozowana-sytuacja-meteorologiczna-i-hydrologiczna-raport-nr-83\/","title":{"rendered":"Aktualna i prognozowana sytuacja meteorologiczna i hydrologiczna \u2013 raport nr 83"},"content":{"rendered":"<p><\/p>\n\n\n\n<p><strong>Sytuacja meteorologiczna <\/strong>\n<\/p>\n\n\n\n<p><a id=\"post-24602-_Hlk221189303\"><\/a>\n  Stan na 30.03.2026, godz. 14:45 \u2013 opracowanie Centrum Meteorologicznej Os\u0142ony Kraju IMGW-PIB\n<\/p>\n\n\n\n<p><strong>1. Najwa\u017cniejsze zagro\u017cenia: INTENSYWNE OPADY DESZCZU, INTENSYWNE OPADY \u015aNIEGU, PRZYMROZKI<\/strong>\n  <br>\n  W po\u0142udniowej i po\u0142udniowo\u2011wschodniej Polsce w najbli\u017cszych 48 godzinach utrzymywa\u0107 si\u0119 b\u0119d\u0105 opady deszczu ze \u015bniegiem i \u015bniegu, lokalnie o nat\u0119\u017ceniu umiarkowanym i przyrastaj\u0105c\u0105 pokryw\u0105 \u015bnie\u017cn\u0105 w obszarach podg\u00f3rskich i g\u00f3rskich. W wielu regionach spodziewane s\u0105 przymrozki do -3\u00b0C \/ -5\u00b0C przy gruncie. \n<\/p>\n\n\n\n<p>\n  <br>\n<\/p>\n\n\n\n<p><strong>2. Aktualne ostrze\u017cenia meteorologiczne w podziale na regiony ostrze\u017ce\u0144 (w formacie: nazwa zjawiska\/stopie\u0144 zagro\u017cenia, czas wa\u017cno\u015bci od \u2013 do)<\/strong>\n<\/p>\n\n\n\n<p><strong>INTENSYWNE OPADY \u015aNIEGU \/ 1<\/strong>\n  <br>\n  \u2022 <strong>31.03, 00:00\u201321:00:<\/strong> ma\u0142opolskie \u2013 powiaty: nowotarski, tatrza\u0144ski\n<\/p>\n\n\n\n<p><strong>OPADY \u015aNIEGU \/ 1<\/strong>\n  <br>\n  \u2022 <strong>31.03, 00:00\u201321:00:<\/strong>\n  <br>\n  \u2013 ma\u0142opolskie \u2013 powiaty: gorlicki, limanowski, my\u015blenicki, nowos\u0105decki, suski\n  <br>\n  \u2013 \u015bl\u0105skie \u2013 powiaty: bielski, cieszy\u0144ski, \u017cywiecki\n<\/p>\n\n\n\n<p><strong>PRZYMROZKI \/ 1<\/strong>\n  <br>\n  \u2022 <strong>30.03, 21:00 \u2013 31.03, 07:00:<\/strong>\n  <br><strong>pomorskie<\/strong> (ca\u0142e), <strong>dolno\u015bl\u0105skie<\/strong> (wiele powiat\u00f3w), <strong>kujawsko\u2011pomorskie<\/strong> (ca\u0142e), <strong>lubuskie<\/strong> (wi\u0119kszo\u015b\u0107 powiat\u00f3w), <strong>ma\u0142opolskie<\/strong> (pow. nowotarski), <strong>mazowieckie<\/strong> (p\u0142ocki, gostyni\u0144ski, m\u0142awski, sierpecki, \u017curomi\u0144ski), <strong>warmi\u0144sko\u2011mazurskie<\/strong> (wi\u0119kszo\u015b\u0107 powiat\u00f3w), <strong>wielkopolskie<\/strong> (wi\u0119kszo\u015b\u0107 powiat\u00f3w), <strong>zachodniopomorskie<\/strong> (wi\u0119kszo\u015b\u0107 powiat\u00f3w)\n<\/p>\n\n\n\n<p>\n  Bie\u017c\u0105ca mapa ostrze\u017ce\u0144 dost\u0119pna pod adresem: \n<\/p>\n\n\n\n<p><a href=\"https:\/\/meteo.imgw.pl\/dyn\/index.html#osmet=true.\">https:\/\/meteo.imgw.pl\/dyn\/index.html#osmet=true.<\/a><\/p>\n\n\n\n<p><strong>3. Prognoza zagro\u017ce\u0144 30 marca \u2013 03 kwietnia (doby dla poszczeg\u00f3lnych dni od 07:30 danego dnia do 07:30 dnia nast\u0119pnego)<\/strong>\n<\/p>\n\n\n\n<p><strong>31.03.2026 \u2013 wtorek \/ \u015broda<\/strong>\n  <br>\n  \u2022 <strong>Przymrozki \/ 1:<\/strong> dolno\u015bl\u0105skie, kujawsko\u2011pomorskie, lubuskie, \u0142\u00f3dzkie, ma\u0142opolskie, mazowieckie, opolskie, pomorskie, \u015bl\u0105skie, \u015bwi\u0119tokrzyskie, warmi\u0144sko\u2011mazurskie, wielkopolskie, zachodniopomorskie\n  <br>\n  \u2022 <strong>Intensywne opady \u015bniegu \/ 1:<\/strong> ma\u0142opolskie\n  <br>\n  \u2022 <strong>Opady \u015bniegu \/ 1:<\/strong> ma\u0142opolskie, \u015bl\u0105skie\n<\/p>\n\n\n\n<p><strong>01.04.2026 \u2013 \u015broda \/ czwartek<\/strong>\n  <br>\n  \u2022 <strong>Przymrozki \/ 1:<\/strong> dolno\u015bl\u0105skie, kujawsko\u2011pomorskie, lubuskie, \u0142\u00f3dzkie, ma\u0142opolskie, mazowieckie, opolskie, podlaskie, pomorskie, \u015bl\u0105skie, warmi\u0144sko\u2011mazurskie, wielkopolskie, zachodniopomorskie\n<\/p>\n\n\n\n<p><strong>02.04.2026 \u2013 czwartek \/ pi\u0105tek<\/strong>\n  <br>\n  \u2022 <strong>Przymrozki \/ 1:<\/strong> dolno\u015bl\u0105skie, kujawsko\u2011pomorskie, mazowieckie, opolskie, podlaskie, pomorskie, \u015bl\u0105skie, \u015bwi\u0119tokrzyskie, warmi\u0144sko\u2011mazurskie, wielkopolskie, zachodniopomorskie\n<\/p>\n\n\n\n<p><strong>03.04.2026 \u2013 pi\u0105tek \/ sobota<\/strong>\n  <br>\n  \u2022 <strong>Przymrozki \/ 1:<\/strong> ma\u0142opolskie, podkarpackie, pomorskie, zachodniopomorskie\n<\/p>\n\n\n\n<p>\n  Mapa zasi\u0119gu prognozowanych zjawisk dost\u0119pna na stronie: \n<\/p>\n\n\n\n<p><a href=\"https:\/\/meteo.imgw.pl\/dyn\/index.html#pronieb=true.\">https:\/\/meteo.imgw.pl\/dyn\/index.html#pronieb=true.<\/a><\/p>\n\n\n\n<p><strong>4. Aktualnie obowi\u0105zuj\u0105ce ostrze\u017cenia<\/strong>\n<\/p>\n\n\n\n<p><strong><img loading=\"lazy\" decoding=\"async\" width=\"690\" height=\"664\" class=\"wp-image-24603\" src=\"https:\/\/imgw.pl\/wp-content\/uploads\/2026\/03\/word-image-24602-1.png\" srcset=\"https:\/\/imgw.pl\/wp-content\/uploads\/2026\/03\/word-image-24602-1.png 690w, https:\/\/imgw.pl\/wp-content\/uploads\/2026\/03\/word-image-24602-1-300x289.png 300w, https:\/\/imgw.pl\/wp-content\/uploads\/2026\/03\/word-image-24602-1-12x12.png 12w\" sizes=\"auto, (max-width: 690px) 100vw, 690px\" \/><\/strong> <img loading=\"lazy\" decoding=\"async\" width=\"696\" height=\"663\" class=\"wp-image-24604\" src=\"https:\/\/imgw.pl\/wp-content\/uploads\/2026\/03\/word-image-24602-2.png\" srcset=\"https:\/\/imgw.pl\/wp-content\/uploads\/2026\/03\/word-image-24602-2.png 696w, https:\/\/imgw.pl\/wp-content\/uploads\/2026\/03\/word-image-24602-2-300x286.png 300w, https:\/\/imgw.pl\/wp-content\/uploads\/2026\/03\/word-image-24602-2-13x12.png 13w\" sizes=\"auto, (max-width: 696px) 100vw, 696px\" \/><strong><img loading=\"lazy\" decoding=\"async\" width=\"694\" height=\"672\" class=\"wp-image-24605\" src=\"https:\/\/imgw.pl\/wp-content\/uploads\/2026\/03\/word-image-24602-3.png\" srcset=\"https:\/\/imgw.pl\/wp-content\/uploads\/2026\/03\/word-image-24602-3.png 694w, https:\/\/imgw.pl\/wp-content\/uploads\/2026\/03\/word-image-24602-3-300x290.png 300w, https:\/\/imgw.pl\/wp-content\/uploads\/2026\/03\/word-image-24602-3-12x12.png 12w\" sizes=\"auto, (max-width: 694px) 100vw, 694px\" \/><\/strong> <\/p>\n\n\n\n<p>Poni\u017csze mapy prezentuj\u0105 zasi\u0119g obszarowy i czasowy obowi\u0105zuj\u0105cych ostrze\u017ce\u0144 o przymrozkach (PR), intensywnych opadach \u015bniegu (IS), opadach \u015bniegu (ID).<\/p>\n\n\n\n<p><strong>Sytuacja hydrologiczna <\/strong>\n<\/p>\n\n\n\n<p>\n  Stan:30.03.2026 godz. 14:00 \n<\/p>\n\n\n\n<p>\n  Na rzekach w Polsce przewa\u017ca strefa stan\u00f3w \u015brednich (61% stacji hydrologicznych) oraz niskich (35%), lokalnie wyst\u0119puj\u0105 stany wysokie (4%) (rys. 1). W minionej dobie na wi\u0119kszo\u015bci rzek obserwowano stabilizacj\u0119 stan\u00f3w wody oraz niewielkie spadki. Niewielkie wzrosty, zwi\u0105zane z przemieszczaniem si\u0119 w\u00f3d opadowych, zanotowano na mniejszych rzekach g\u00f3rskich w wojew\u00f3dztwach ma\u0142opolskim, w obr\u0119bie aktualnych stref stan\u00f3w wody. Wyra\u017any wzrost do strefy wody \u015bredniej wyst\u0105pi\u0142 na odcinku Wis\u0142y od Sandomierza do Zawichostu (o 34 cm), wskutek przemieszczania si\u0119 wezbrania opadowego. Podobnie na \u015brodkowej Odrze odnotowano wzrost o 37 cm, r\u00f3wnie\u017c w zwi\u0105zku z przemieszczaniem si\u0119 wezbrania. Wzrosty o ponad 50 cm zanotowano tak\u017ce w Kr\u0105plewicach na Wdzie oraz w Lubachowie na Bystrzycy, co by\u0142o zwi\u0105zane z dzia\u0142aniem elektrowni wodnych.\n<\/p>\n\n\n\n<p><strong>Na stacjach hydrologicznych w Polsce nie zanotowano przekroczenia stanu alarmowego.  Stan ostrzegawczy jest przekroczony na 1 stacji hydrologicznej w dorzeczu Wis\u0142y (rzeka S\u0119k\u00f3wka, stacja Gorlice). W zwi\u0105zku z przekroczeniem stanu ostrzegawczego oraz prognozowanymi dalszymi wahaniami poziomu wody obowi\u0105zuje ostrze\u017cenie hydrologiczne 2\u00b0 dla zlewni S\u0119k\u00f3wki do 1 kwietnia, do godziny 10:00.<\/strong>\n<\/p>\n\n\n\n<p><strong>Pokrywa \u015bnie\u017cna<\/strong> utrzymuje si\u0119 w obszarach g\u00f3rskich i podg\u00f3rskich \u2014 maksymalnie w Tatrach (Kasprowy Wierch 141 cm) oraz w Sudetach (\u015anie\u017cka 49 cm). W ci\u0105gu ostatniej doby na Podhalu zanotowano ubytek grubo\u015bci pokrywy \u015bnie\u017cnej (\u22123 cm w Zakopanem), natomiast w wysokich partiach g\u00f3r odnotowano jej przyrost o 11 cm na Kasprowym Wierchu.\n<\/p>\n\n\n\n<p><strong>Dzi\u015b <\/strong>na po\u0142udniu kraju prognozowane s\u0105 opady atmosferyczne, g\u0142\u00f3wnie pod postaci\u0105 \u015bniegu. Na obszarach po\u0142o\u017conych powy\u017cej 600 m n.p.m. spodziewany jest przyrost pokrywy \u015bnie\u017cnej o 5\u201315 cm, a w wy\u017cszych partiach g\u00f3r o 15\u201320 cm.\n<\/p>\n\n\n\n<p>\n  W zwi\u0105zku z tym lokalnie, w zlewniach karpackich dop\u0142yw\u00f3w Wis\u0142y, mo\u017cliwe s\u0105 wahania i punktowe wzrosty stan\u00f3w wody w aktualnych strefach, zwi\u0105zane z topnieniem mokrego \u015bniegu. W wyniku sp\u0142ywu w\u00f3d opadowych na S\u0119k\u00f3wce w Gorlicach prognozowane s\u0105 wahania lub wzrosty poziomu wody powy\u017cej stanu ostrzegawczego. W pozosta\u0142ej cz\u0119\u015bci kraju sytuacja hydrologiczna pozostanie stabilna.\n<\/p>\n\n\n\n<p>\n  Na \u015brodkowej Wi\u015ble oraz Odrze b\u0119dzie si\u0119 przemieszcza\u0107 niewielkie wezbranie opadowe w strefie wody \u015bredniej. Wzd\u0142u\u017c Wybrze\u017ca prognozowane s\u0105 wahania poziomu wody w strefie wody \u015bredniej.\n<\/p>\n\n\n\n<p><strong>Najbli\u017cszej nocy <\/strong>przewidywane s\u0105 dalsze opady na po\u0142udniowych kra\u0144cach Polski: \u015bniegu w g\u00f3rach oraz mokrego \u015bniegu i \u015bniegu z deszczem na ni\u017cej po\u0142o\u017conych obszarach. W zwi\u0105zku z tym w g\u00f3rskich zlewniach uchodz\u0105cych do g\u00f3rnej Wis\u0142y notowana b\u0119dzie niewielka tendencja wzrostowa stan\u00f3w wody, przewa\u017cnie w strefie stan\u00f3w \u015brednich i niskich.\n<\/p>\n\n\n\n<p><strong>W najbli\u017cszym tygodniu<\/strong> na wi\u0119kszo\u015bci obszaru kraju opady nie b\u0119d\u0105 znacz\u0105co wp\u0142ywa\u0107 na sytuacj\u0119 hydrologiczn\u0105. Prognozowane s\u0105 g\u0142\u00f3wnie spadki i stabilizacja stanu wody, przede wszystkim w strefie stan\u00f3w \u015brednich. W miejscu wyst\u0105pienia wi\u0119kszych sum opadu, zw\u0142aszcza na po\u0142udniu Polski, niewykluczone b\u0119d\u0105 wahania i tendencja rosn\u0105ca stanu wody, na og\u00f3\u0142 w aktualnych strefach stanu.\n<\/p>\n\n\n\n<p><strong>Aktualna sytuacja hydrologiczna, prognozy oraz ostrze\u017cenia dost\u0119pne zawsze w Serwisie hydrologicznym IMGW-PIB (<\/strong><a href=\"https:\/\/imgw-my.sharepoint.com\/personal\/centrumhydro_imgw_pl\/Documents\/Pliki%20z%20czat\u00f3w%20w%20aplikacji%20Microsoft%20Teams\/hydro.imgw.pl\"><strong>hydro.imgw.pl<\/strong><\/a><strong>).<\/strong>\n<\/p>\n\n\n\n<p>\n  Opracowanie: Centrum Hydrologicznej Os\u0142ony Kraju IMGW-PIB\n<\/p>\n\n\n\n<figure class=\"wp-block-image\"><img loading=\"lazy\" decoding=\"async\" width=\"254\" height=\"154\" src=\"https:\/\/imgw.pl\/wp-content\/uploads\/2026\/03\/obraz-zawierajacy-tekst-zrzut-ekranu-czcionka-a-60.png\" alt=\"Obraz zawieraj\u0105cy tekst, zrzut ekranu, Czcionka, algebraZawarto\u015b\u0107 wygenerowana przez AI mo\u017ce by\u0107 niepoprawna.\" class=\"wp-image-24606\" srcset=\"https:\/\/imgw.pl\/wp-content\/uploads\/2026\/03\/obraz-zawierajacy-tekst-zrzut-ekranu-czcionka-a-60.png 254w, https:\/\/imgw.pl\/wp-content\/uploads\/2026\/03\/obraz-zawierajacy-tekst-zrzut-ekranu-czcionka-a-60-18x12.png 18w\" sizes=\"auto, (max-width: 254px) 100vw, 254px\" \/><\/figure>\n\n\n\n<figure class=\"wp-block-image\"><img loading=\"lazy\" decoding=\"async\" width=\"855\" height=\"744\" src=\"https:\/\/imgw.pl\/wp-content\/uploads\/2026\/03\/word-image-24602-5.png\" alt=\"\" class=\"wp-image-24607\" srcset=\"https:\/\/imgw.pl\/wp-content\/uploads\/2026\/03\/word-image-24602-5.png 855w, https:\/\/imgw.pl\/wp-content\/uploads\/2026\/03\/word-image-24602-5-300x261.png 300w, https:\/\/imgw.pl\/wp-content\/uploads\/2026\/03\/word-image-24602-5-768x668.png 768w, https:\/\/imgw.pl\/wp-content\/uploads\/2026\/03\/word-image-24602-5-14x12.png 14w\" sizes=\"auto, (max-width: 855px) 100vw, 855px\" \/><\/figure>\n\n\n\n<p>\n  Rys. 1. <a href=\"https:\/\/hydro.imgw.pl\/#\/map?warn=hydro&amp;bl=hydro&amp;tstp=24&amp;zo=6.92408502587485&amp;lo=21.0533&amp;la=52.0765&amp;omt=2&amp;ts=202603250900&amp;riv=true\">Stan wody na rzekach w Polsce<\/a>, stan na godz. 14:00 dnia 30.03.2026 r.\n<\/p>\n\n\n\n<figure class=\"wp-block-image\"><img loading=\"lazy\" decoding=\"async\" width=\"254\" height=\"154\" src=\"https:\/\/imgw.pl\/wp-content\/uploads\/2026\/03\/obraz-zawierajacy-tekst-zrzut-ekranu-czcionka-a-61.png\" alt=\"Obraz zawieraj\u0105cy tekst, zrzut ekranu, Czcionka, algebraZawarto\u015b\u0107 wygenerowana przez AI mo\u017ce by\u0107 niepoprawna.\" class=\"wp-image-24608\" srcset=\"https:\/\/imgw.pl\/wp-content\/uploads\/2026\/03\/obraz-zawierajacy-tekst-zrzut-ekranu-czcionka-a-61.png 254w, https:\/\/imgw.pl\/wp-content\/uploads\/2026\/03\/obraz-zawierajacy-tekst-zrzut-ekranu-czcionka-a-61-18x12.png 18w\" sizes=\"auto, (max-width: 254px) 100vw, 254px\" \/><\/figure>\n\n\n\n<figure class=\"wp-block-image\"><img loading=\"lazy\" decoding=\"async\" width=\"851\" height=\"742\" src=\"https:\/\/imgw.pl\/wp-content\/uploads\/2026\/03\/word-image-24602-7.png\" alt=\"\" class=\"wp-image-24609\" srcset=\"https:\/\/imgw.pl\/wp-content\/uploads\/2026\/03\/word-image-24602-7.png 851w, https:\/\/imgw.pl\/wp-content\/uploads\/2026\/03\/word-image-24602-7-300x262.png 300w, https:\/\/imgw.pl\/wp-content\/uploads\/2026\/03\/word-image-24602-7-768x670.png 768w, https:\/\/imgw.pl\/wp-content\/uploads\/2026\/03\/word-image-24602-7-14x12.png 14w\" sizes=\"auto, (max-width: 851px) 100vw, 851px\" \/><\/figure>\n\n\n\n<p>Rys. 2. <a href=\"https:\/\/hydro.imgw.pl\/#\/map?warn=hydro&amp;bl=hydro&amp;tstp=24&amp;zo=6.92408502587485&amp;lo=20.2427&amp;la=52.1192&amp;ts=202603251300&amp;omt=2&amp;riv=true\">Prognoza hydrologiczna stanu wody<\/a>, godz. 8:00 dnia 31.03.2026 r.<\/p>\n\n\n\n<figure class=\"wp-block-image\"><img loading=\"lazy\" decoding=\"async\" width=\"254\" height=\"154\" src=\"https:\/\/imgw.pl\/wp-content\/uploads\/2026\/03\/obraz-zawierajacy-tekst-zrzut-ekranu-czcionka-a-62.png\" alt=\"Obraz zawieraj\u0105cy tekst, zrzut ekranu, Czcionka, algebraZawarto\u015b\u0107 wygenerowana przez AI mo\u017ce by\u0107 niepoprawna.\" class=\"wp-image-24610\" srcset=\"https:\/\/imgw.pl\/wp-content\/uploads\/2026\/03\/obraz-zawierajacy-tekst-zrzut-ekranu-czcionka-a-62.png 254w, https:\/\/imgw.pl\/wp-content\/uploads\/2026\/03\/obraz-zawierajacy-tekst-zrzut-ekranu-czcionka-a-62-18x12.png 18w\" sizes=\"auto, (max-width: 254px) 100vw, 254px\" \/><\/figure>\n\n\n\n<figure class=\"wp-block-image\"><img loading=\"lazy\" decoding=\"async\" width=\"850\" height=\"737\" src=\"https:\/\/imgw.pl\/wp-content\/uploads\/2026\/03\/word-image-24602-9.png\" alt=\"\" class=\"wp-image-24611\" srcset=\"https:\/\/imgw.pl\/wp-content\/uploads\/2026\/03\/word-image-24602-9.png 850w, https:\/\/imgw.pl\/wp-content\/uploads\/2026\/03\/word-image-24602-9-300x260.png 300w, https:\/\/imgw.pl\/wp-content\/uploads\/2026\/03\/word-image-24602-9-768x666.png 768w, https:\/\/imgw.pl\/wp-content\/uploads\/2026\/03\/word-image-24602-9-14x12.png 14w\" sizes=\"auto, (max-width: 850px) 100vw, 850px\" \/><\/figure>\n\n\n\n<p>\n  Rys. 3. <a href=\"https:\/\/hydro.imgw.pl\/#\/map?warn=hydro&amp;bl=hydro&amp;tstp=24&amp;zo=6.92408502587485&amp;lo=20.2427&amp;la=52.1192&amp;ts=202603251300&amp;omt=2&amp;riv=true\">Prognoza hydrologiczna stanu wody<\/a>, godz. 8:00 dnia 01.04.2026 r.\n<\/p>","protected":false},"excerpt":{"rendered":"<p>Sytuacja meteorologiczna Stan na 30.03.2026, godz. 14:45 \u2013 opracowanie Centrum Meteorologicznej Os\u0142ony Kraju IMGW-PIB 1. Najwa\u017cniejsze zagro\u017cenia: INTENSYWNE OPADY DESZCZU, INTENSYWNE OPADY \u015aNIEGU, PRZYMROZKI W po\u0142udniowej i po\u0142udniowo\u2011wschodniej Polsce w najbli\u017cszych 48 godzinach utrzymywa\u0107 si\u0119 b\u0119d\u0105 opady deszczu ze \u015bniegiem i \u015bniegu, lokalnie o nat\u0119\u017ceniu umiarkowanym i przyrastaj\u0105c\u0105 pokryw\u0105 \u015bnie\u017cn\u0105 w obszarach podg\u00f3rskich i g\u00f3rskich. [&hellip;]<\/p>\n","protected":false},"author":10,"featured_media":24611,"comment_status":"closed","ping_status":"closed","sticky":false,"template":"","format":"standard","meta":{"footnotes":""},"categories":[5],"tags":[],"class_list":["post-24602","post","type-post","status-publish","format-standard","has-post-thumbnail","hentry","category-aktualnosci"],"_links":{"self":[{"href":"https:\/\/imgw.pl\/en\/wp-json\/wp\/v2\/posts\/24602","targetHints":{"allow":["GET"]}}],"collection":[{"href":"https:\/\/imgw.pl\/en\/wp-json\/wp\/v2\/posts"}],"about":[{"href":"https:\/\/imgw.pl\/en\/wp-json\/wp\/v2\/types\/post"}],"author":[{"embeddable":true,"href":"https:\/\/imgw.pl\/en\/wp-json\/wp\/v2\/users\/10"}],"replies":[{"embeddable":true,"href":"https:\/\/imgw.pl\/en\/wp-json\/wp\/v2\/comments?post=24602"}],"version-history":[{"count":1,"href":"https:\/\/imgw.pl\/en\/wp-json\/wp\/v2\/posts\/24602\/revisions"}],"predecessor-version":[{"id":24612,"href":"https:\/\/imgw.pl\/en\/wp-json\/wp\/v2\/posts\/24602\/revisions\/24612"}],"wp:featuredmedia":[{"embeddable":true,"href":"https:\/\/imgw.pl\/en\/wp-json\/wp\/v2\/media\/24611"}],"wp:attachment":[{"href":"https:\/\/imgw.pl\/en\/wp-json\/wp\/v2\/media?parent=24602"}],"wp:term":[{"taxonomy":"category","embeddable":true,"href":"https:\/\/imgw.pl\/en\/wp-json\/wp\/v2\/categories?post=24602"},{"taxonomy":"post_tag","embeddable":true,"href":"https:\/\/imgw.pl\/en\/wp-json\/wp\/v2\/tags?post=24602"}],"curies":[{"name":"wp","href":"https:\/\/api.w.org\/{rel}","templated":true}]}}