{"id":24652,"date":"2026-04-03T08:08:21","date_gmt":"2026-04-03T06:08:21","guid":{"rendered":"https:\/\/imgw.pl\/?p=24652"},"modified":"2026-04-03T08:08:24","modified_gmt":"2026-04-03T06:08:24","slug":"biuletyn-zimowy-sbsl-2025-2026-nr-16","status":"publish","type":"post","link":"https:\/\/imgw.pl\/en\/biuletyn-zimowy-sbsl-2025-2026-nr-16\/","title":{"rendered":"Biuletyn zimowy SB\u015aL 2025-2026 nr 16"},"content":{"rendered":"<p>Podczas gdy na wielu obszarach Polski mo\u017cna by\u0142o poczu\u0107 wiosenn\u0105 aur\u0119, w Tatry wr\u00f3ci\u0142a bardzo \u015bnie\u017cna zima.<br>Zmierzona \u015brednia wysoko\u015b\u0107 pokrywy \u015bnie\u017cnej 2 kwietnia 2026 o godz. 06:00 UTC na Hali G\u0105sienicowej to 124 cm. Jest ona o 75 cm wy\u017csza ni\u017c w ostatnim tygodniu. Jest to tak\u017ce najwy\u017csza warto\u015b\u0107 dla obecnego sezonu zimowego 2025\/2026.<br>Suma dobowych przyrost\u00f3w pokrywy \u015bnie\u017cnej na desce pomiarowej do pomiaru \u015bwie\u017co spad\u0142ego \u015bniegu wynios\u0142a dla ostatnich siedmiu dni a\u017c 104 cm. Przyrosty wyst\u0105pi\u0142y w ka\u017cdej dobie.<\/p>\n\n\n\n<p>Temperatura powietrza na Hali G\u0105sienicowej oscylowa\u0142a w ostatnim tygodniu w przedziale od -5,9\u00b0C do 1,5\u00b0C, na Kasprowym Wierchu od -8,8\u00b0C do 0,0\u00b0C.<\/p>\n\n\n\n<p>Analiza wiatr\u00f3w w minionym tygodniu na Hali G\u0105sienicowej wskazuje na dominacj\u0119 wiatr\u00f3w z sektora p\u00f3\u0142nocno-zachodniego i p\u00f3\u0142nocnego. \u015arednie pr\u0119dko\u015bci wiatru w okresach wzmo\u017conej dzia\u0142alno\u015bci osi\u0105ga\u0142y 6,6 m\/s, maksymalne dochodzi\u0142y do 11,6 m\/s.<br>Rozk\u0142ad kierunk\u00f3w wiatru na Kasprowym Wierchu by\u0142 bardzo podobny do rozk\u0142adu z Hali G\u0105sienicowej. \u015arednie pr\u0119dko\u015bci w okresach wzmo\u017conej dzia\u0142alno\u015bci osi\u0105ga\u0142y 12,7 m\/s, maksymalne dochodzi\u0142y do 17,7 m\/s.<\/p>\n\n\n\n<p>W Tatrach Polskich w dniu 2 kwietnia 2026 o godz. 06:00 UTC obowi\u0105zywa\u0142 4. stopie\u0144 zagro\u017cenia lawinowego. Pokrywa \u015bnie\u017cna na wi\u0119kszo\u015bci stromych stok\u00f3w jest s\u0142abo zwi\u0105zana. Wyzwolenie lawiny jest prawdopodobne nawet przy ma\u0142ym obci\u0105\u017ceniu dodatkowym na wielu stromych stokach. W niekt\u00f3rych przypadkach nale\u017cy spodziewa\u0107 si\u0119 licznych samoistnych du\u017cych, a cz\u0119sto bardzo du\u017cych lawin.<\/p>\n\n\n\n<p>Warunki zdecydowanie niekorzystne. Zaleca si\u0119 zaniechanie wszelkich wyj\u015b\u0107 w teren wysokog\u00f3rski. Nale\u017cy pozostawa\u0107 w granicach umiarkowanie stromych stok\u00f3w oraz bra\u0107 pod uwag\u0119 zasi\u0119g lawin z wy\u017cej po\u0142o\u017conych stok\u00f3w.<\/p>\n\n\n\n<div class=\"wp-block-file\"><a id=\"wp-block-file--media-9ed59879-9809-49de-8a99-5c0ac1db2a7e\" href=\"https:\/\/imgw.pl\/wp-content\/uploads\/2026\/04\/Biuletyn-zimowy-SBSL-2025-2026-nr-16-v1.pdf\">Biuletyn zimowy SBS\u0301L 2025-2026 nr 16 (pdf)<\/a><a href=\"https:\/\/imgw.pl\/wp-content\/uploads\/2026\/04\/Biuletyn-zimowy-SBSL-2025-2026-nr-16-v1.pdf\" class=\"wp-block-file__button wp-element-button\" download aria-describedby=\"wp-block-file--media-9ed59879-9809-49de-8a99-5c0ac1db2a7e\">Pobierz<\/a><\/div>","protected":false},"excerpt":{"rendered":"<p>Podczas gdy na wielu obszarach Polski mo\u017cna by\u0142o poczu\u0107 wiosenn\u0105 aur\u0119, w Tatry wr\u00f3ci\u0142a bardzo \u015bnie\u017cna zima.Zmierzona \u015brednia wysoko\u015b\u0107 pokrywy \u015bnie\u017cnej 2 kwietnia 2026 o godz. 06:00 UTC na Hali G\u0105sienicowej to 124 cm. Jest ona o 75 cm wy\u017csza ni\u017c w ostatnim tygodniu. Jest to tak\u017ce najwy\u017csza warto\u015b\u0107 dla obecnego sezonu zimowego 2025\/2026.Suma dobowych [&hellip;]<\/p>\n","protected":false},"author":2,"featured_media":23914,"comment_status":"closed","ping_status":"closed","sticky":false,"template":"","format":"standard","meta":{"footnotes":""},"categories":[5],"tags":[61],"class_list":["post-24652","post","type-post","status-publish","format-standard","has-post-thumbnail","hentry","category-aktualnosci","tag-biuletyn"],"_links":{"self":[{"href":"https:\/\/imgw.pl\/en\/wp-json\/wp\/v2\/posts\/24652","targetHints":{"allow":["GET"]}}],"collection":[{"href":"https:\/\/imgw.pl\/en\/wp-json\/wp\/v2\/posts"}],"about":[{"href":"https:\/\/imgw.pl\/en\/wp-json\/wp\/v2\/types\/post"}],"author":[{"embeddable":true,"href":"https:\/\/imgw.pl\/en\/wp-json\/wp\/v2\/users\/2"}],"replies":[{"embeddable":true,"href":"https:\/\/imgw.pl\/en\/wp-json\/wp\/v2\/comments?post=24652"}],"version-history":[{"count":1,"href":"https:\/\/imgw.pl\/en\/wp-json\/wp\/v2\/posts\/24652\/revisions"}],"predecessor-version":[{"id":24653,"href":"https:\/\/imgw.pl\/en\/wp-json\/wp\/v2\/posts\/24652\/revisions\/24653"}],"wp:featuredmedia":[{"embeddable":true,"href":"https:\/\/imgw.pl\/en\/wp-json\/wp\/v2\/media\/23914"}],"wp:attachment":[{"href":"https:\/\/imgw.pl\/en\/wp-json\/wp\/v2\/media?parent=24652"}],"wp:term":[{"taxonomy":"category","embeddable":true,"href":"https:\/\/imgw.pl\/en\/wp-json\/wp\/v2\/categories?post=24652"},{"taxonomy":"post_tag","embeddable":true,"href":"https:\/\/imgw.pl\/en\/wp-json\/wp\/v2\/tags?post=24652"}],"curies":[{"name":"wp","href":"https:\/\/api.w.org\/{rel}","templated":true}]}}