{"id":24655,"date":"2026-04-03T08:31:22","date_gmt":"2026-04-03T06:31:22","guid":{"rendered":"https:\/\/imgw.pl\/?p=24655"},"modified":"2026-04-03T08:31:23","modified_gmt":"2026-04-03T06:31:23","slug":"prognoza-pogody-na-tydzien-03-04-09-04-2026","status":"publish","type":"post","link":"https:\/\/imgw.pl\/en\/prognoza-pogody-na-tydzien-03-04-09-04-2026\/","title":{"rendered":"Prognoza pogody na tydzie\u0144 03.04-09.04.2026"},"content":{"rendered":"<h2 class=\"wp-block-heading\">Najbli\u017cszy tydzie\u0144 zapowiada si\u0119 na do\u015b\u0107 zmienny pod wzgl\u0119dem pogody. Za spraw\u0105 przemieszczaj\u0105cych si\u0119 z zachodu na wsch\u00f3d uk\u0142ad\u00f3w front\u00f3w atmosferycznych spodziewane s\u0105 przelotne opady deszczu. W Wielkanoc na zachodzie niewykluczone burze i tam te\u017c b\u0119dzie bardzo ciep\u0142o, nawet do 20\u00b0C. P\u00f3\u017aniej z biegiem tygodnia b\u0119dzie si\u0119 stopniowo och\u0142adza\u0107 i przelotny deszcz stopniowo przechodzi\u0107 b\u0119dzie w s\u0142abe opady deszczu ze \u015bniegiem, a nawet \u015bniegu w czwartek na wschodzie kraju. B\u0119dzie te\u017c do\u015b\u0107 wietrznie. Najmocniej wia\u0107 b\u0119dzie nad morzem w Lany Poniedzia\u0142ek \u2013 do 85 km\/h.<\/h2>\n\n\n\n<figure class=\"wp-block-image size-full\"><img loading=\"lazy\" decoding=\"async\" width=\"728\" height=\"752\" src=\"https:\/\/imgw.pl\/wp-content\/uploads\/2026\/04\/IMGW_0403-Synoptyczna-prognoza-pogody-03-09.04.2026-rys.1.png\" alt=\"\" class=\"wp-image-24656\" srcset=\"https:\/\/imgw.pl\/wp-content\/uploads\/2026\/04\/IMGW_0403-Synoptyczna-prognoza-pogody-03-09.04.2026-rys.1.png 728w, https:\/\/imgw.pl\/wp-content\/uploads\/2026\/04\/IMGW_0403-Synoptyczna-prognoza-pogody-03-09.04.2026-rys.1-290x300.png 290w, https:\/\/imgw.pl\/wp-content\/uploads\/2026\/04\/IMGW_0403-Synoptyczna-prognoza-pogody-03-09.04.2026-rys.1-12x12.png 12w\" sizes=\"auto, (max-width: 728px) 100vw, 728px\" \/><\/figure>\n\n\n\n<p class=\"has-small-font-size\">Rys.1 Synoptyczna prognoza pogody (03-09.04.2026)<\/p>\n\n\n\n<p><strong>Pi\u0105tek (03.04)<\/strong><\/p>\n\n\n\n<p>Zachmurzenie du\u017ce z rozpogodzeniami. Przelotne opady deszczu na zachodzie i p\u00f3\u0142nocy kraju. Na po\u0142udniu opady deszczu, na Podhalu tak\u017ce deszczu ze \u015bniegiem, a wysoko w Tatrach i Sudetach s\u0142abe opady \u015bniegu. Temperatura minimalna na og\u00f3\u0142 od -2\u00b0C do 2\u00b0C, cieplej na po\u0142udniu i nad morzem; od 2\u00b0C do 4\u00b0C. Temperatura maksymalna od 6\u00b0C nad morzem i na Podhalu, oko\u0142o 12\u00b0C w centrum do 15\u00b0C na kra\u0144cach po\u0142udniowo-wschodnich. Wiatr s\u0142aby i umiarkowany, na zachodzie porywisty, p\u00f3\u0142nocno-zachodni i zachodni. Nad morzem porywy wiatru do oko\u0142o 55 km\/h.<\/p>\n\n\n\n<p><strong>Sobota (04.04)<\/strong><\/p>\n\n\n\n<p>Przewa\u017cnie pochmurnie, jednak w nocy na wschodzie rozpogodzi si\u0119. S\u0142abe przelotne opady deszczu mo\u017cliwe niemal w ca\u0142ym kraju. Temperatura minimalna przewa\u017cnie od -1\u00b0C do 2\u00b0C, cieplej na kra\u0144cach zachodnich i nad morzem; oko\u0142o 5\u00b0C. Temperatura maksymalna od 8\u00b0C na kra\u0144cach p\u00f3\u0142nocnych, oko\u0142o 12\u00b0C w centrum do 15\u00b0C na po\u0142udniu. Wiatr w nocy s\u0142aby, w ci\u0105gu dnia wzmagaj\u0105cy si\u0119 do umiarkowanego i porywistego, z kierunk\u00f3w zachodnich. Nad morzem porywy wiatru do oko\u0142o 65 km\/h.<\/p>\n\n\n\n<p><strong>Niedziela (05.04)<\/strong><\/p>\n\n\n\n<p>Przewa\u017cnie pochmurnie. Najwi\u0119ksza szansa na rozpogodzenia na po\u0142udniu. Przelotne opady deszczu, na zachodzie mo\u017cliwe b\u0119d\u0105 tak\u017ce burze. Temperatura minimalna od 0\u00b0C na p\u00f3\u0142nocy do 5\u00b0C na po\u0142udniu i nad samym morzem. Temperatura maksymalna od 14\u00b0C na Suwalszczy\u017anie, oko\u0142o 18\u00b0C w centrum do 20\u00b0C na po\u0142udniowym zachodzie, najch\u0142odniej nad morzem; od 11\u00b0C do 13\u00b0C. Wiatr b\u0119dzie na po\u0142udniu i wschodzie s\u0142aby i umiarkowany, na pozosta\u0142ym obszarze kraju umiarkowany i porywisty, zachodni i po\u0142udniowo-zachodni.<\/p>\n\n\n\n<p><strong>Poniedzia\u0142ek (06.04)<\/strong><\/p>\n\n\n\n<p>W dalszym ci\u0105gu pochmurnie z okresowym przeja\u015bnieniami. Przelotne opady deszczu, a na Suwalszczy\u017anie tak\u017ce deszcz ze \u015bniegiem. Temperatura minimalna od 2\u00b0C na p\u00f3\u0142nocy, oko\u0142o 6\u00b0C w centrum do 9\u00b0C na po\u0142udniu. Temperatura maksymalna od 8\u00b0C na kra\u0144cach p\u00f3\u0142nocnych, oko\u0142o 10\u00b0C w centrum do 13\u00b0C na po\u0142udniowym zachodzie. Wiatr umiarkowany i do\u015b\u0107 silny, w porywach do 65 km\/h, a nad morzem do 85 km\/h, zachodni i p\u00f3\u0142nocno-zachodni.<\/p>\n\n\n\n<p><strong>Wtorek (07.04)<\/strong><\/p>\n\n\n\n<p>Przewa\u017cnie s\u0142onecznie. Jedynie na wschodzie i p\u00f3\u0142nocnym wschodzie pochmurnie i tam przelotne opady deszczu i deszczu ze \u015bniegiem. Temperatura minimalna od 0\u00b0C do 4\u00b0C. Temperatura maksymalna od 5\u00b0C nad morzem, oko\u0142o 10\u00b0C w centrum do 13\u00b0C na po\u0142udniowym zachodzie. Wiatr umiarkowany, w porywach do 55 km\/h, a na p\u00f3\u0142nocy do 65 km\/h, p\u00f3\u0142nocno-zachodni i zachodni.<\/p>\n\n\n\n<p><strong>\u015aroda (08.04)<\/strong><\/p>\n\n\n\n<p>Na og\u00f3\u0142 zachmurzenie du\u017ce. S\u0142onecznie b\u0119dzie jedynie na kra\u0144cach zachodnich i okresami nad morzem. Na wschodzie i p\u00f3\u0142nocy przelotne opady deszczu i deszczu ze \u015bniegiem. Temperatura minimalna od -2\u00b0C na zachodzie i w rejonach podg\u00f3rskich do 1-3\u00b0C na wschodzie i nad morzem. Temperatura maksymalna od 6\u00b0C na po\u0142udniu, oko\u0142o 8\u00b0C w centrum do 12\u00b0C na zachodzie, nad samym morzem oko\u0142o 5\u00b0C. Wiatr s\u0142aby i umiarkowany, na wschodzie w porywach do 55 km\/h, z kierunk\u00f3w p\u00f3\u0142nocnych.<\/p>\n\n\n\n<p><strong>Czwartek (09.04)<\/strong><\/p>\n\n\n\n<p>Przewa\u017cnie s\u0142onecznie. Jedynie na wschodzie i po\u0142udniu zachmurzenie du\u017ce i tam s\u0142abe przelotne opady \u015bniegu. Temperatura minimalna od -3\u00b0C na zachodzie i p\u00f3\u0142nocy oraz w rejonach podg\u00f3rskich do 1\u00b0C na kra\u0144cach po\u0142udniowo-wschodnich i nad morzem. Temperatura maksymalna od 3\u00b0C na wschodzie, oko\u0142o 6\u00b0C w centrum do 10\u00b0C na zachodzie, w rejonach podg\u00f3rskich oko\u0142o 0\u00b0C. Wiatr s\u0142aby i umiarkowany oraz porywisty, nad morzem w porywach do 60 km\/h, z kierunk\u00f3w p\u00f3\u0142nocnych.<\/p>\n\n\n\n<figure class=\"wp-block-image size-full\"><img loading=\"lazy\" decoding=\"async\" width=\"900\" height=\"675\" src=\"https:\/\/imgw.pl\/wp-content\/uploads\/2026\/04\/IMGW_0403-Synoptyczna-prognoza-pogody-03-09.04.2026-rys.2-fot.-Przemyslaw-Makarewicz-wiosna-las-drzewa.jpg\" alt=\"\" class=\"wp-image-24657\" srcset=\"https:\/\/imgw.pl\/wp-content\/uploads\/2026\/04\/IMGW_0403-Synoptyczna-prognoza-pogody-03-09.04.2026-rys.2-fot.-Przemyslaw-Makarewicz-wiosna-las-drzewa.jpg 900w, https:\/\/imgw.pl\/wp-content\/uploads\/2026\/04\/IMGW_0403-Synoptyczna-prognoza-pogody-03-09.04.2026-rys.2-fot.-Przemyslaw-Makarewicz-wiosna-las-drzewa-300x225.jpg 300w, https:\/\/imgw.pl\/wp-content\/uploads\/2026\/04\/IMGW_0403-Synoptyczna-prognoza-pogody-03-09.04.2026-rys.2-fot.-Przemyslaw-Makarewicz-wiosna-las-drzewa-768x576.jpg 768w, https:\/\/imgw.pl\/wp-content\/uploads\/2026\/04\/IMGW_0403-Synoptyczna-prognoza-pogody-03-09.04.2026-rys.2-fot.-Przemyslaw-Makarewicz-wiosna-las-drzewa-16x12.jpg 16w\" sizes=\"auto, (max-width: 900px) 100vw, 900px\" \/><\/figure>\n\n\n\n<p class=\"has-small-font-size\">Rys.2. Synoptyczna prognoza pogody (03-09.04.2026), fot. Przemys\u0142aw Makarewicz<\/p>\n\n\n\n<div class=\"wp-block-file\"><a id=\"wp-block-file--media-c6a02506-23d1-4430-96f8-ff0e7f08f77b\" href=\"https:\/\/imgw.pl\/wp-content\/uploads\/2026\/04\/IMGW_0403-Synoptyczna-prognoza-pogody-03-09.04.2026.pdf\">IMGW_0403 Synoptyczna prognoza pogody (03-09.04.2026) pdf<\/a><a href=\"https:\/\/imgw.pl\/wp-content\/uploads\/2026\/04\/IMGW_0403-Synoptyczna-prognoza-pogody-03-09.04.2026.pdf\" class=\"wp-block-file__button wp-element-button\" download aria-describedby=\"wp-block-file--media-c6a02506-23d1-4430-96f8-ff0e7f08f77b\">Pobierz<\/a><\/div>","protected":false},"excerpt":{"rendered":"<p>Najbli\u017cszy tydzie\u0144 zapowiada si\u0119 na do\u015b\u0107 zmienny pod wzgl\u0119dem pogody. Za spraw\u0105 przemieszczaj\u0105cych si\u0119 z zachodu na wsch\u00f3d uk\u0142ad\u00f3w front\u00f3w atmosferycznych spodziewane s\u0105 przelotne opady deszczu. W Wielkanoc na zachodzie niewykluczone burze i tam te\u017c b\u0119dzie bardzo ciep\u0142o, nawet do 20\u00b0C. P\u00f3\u017aniej z biegiem tygodnia b\u0119dzie si\u0119 stopniowo och\u0142adza\u0107 i przelotny deszcz stopniowo przechodzi\u0107 b\u0119dzie [&hellip;]<\/p>\n","protected":false},"author":2,"featured_media":24657,"comment_status":"closed","ping_status":"closed","sticky":false,"template":"","format":"standard","meta":{"footnotes":""},"categories":[5],"tags":[35],"class_list":["post-24655","post","type-post","status-publish","format-standard","has-post-thumbnail","hentry","category-aktualnosci","tag-prognoza"],"_links":{"self":[{"href":"https:\/\/imgw.pl\/en\/wp-json\/wp\/v2\/posts\/24655","targetHints":{"allow":["GET"]}}],"collection":[{"href":"https:\/\/imgw.pl\/en\/wp-json\/wp\/v2\/posts"}],"about":[{"href":"https:\/\/imgw.pl\/en\/wp-json\/wp\/v2\/types\/post"}],"author":[{"embeddable":true,"href":"https:\/\/imgw.pl\/en\/wp-json\/wp\/v2\/users\/2"}],"replies":[{"embeddable":true,"href":"https:\/\/imgw.pl\/en\/wp-json\/wp\/v2\/comments?post=24655"}],"version-history":[{"count":1,"href":"https:\/\/imgw.pl\/en\/wp-json\/wp\/v2\/posts\/24655\/revisions"}],"predecessor-version":[{"id":24659,"href":"https:\/\/imgw.pl\/en\/wp-json\/wp\/v2\/posts\/24655\/revisions\/24659"}],"wp:featuredmedia":[{"embeddable":true,"href":"https:\/\/imgw.pl\/en\/wp-json\/wp\/v2\/media\/24657"}],"wp:attachment":[{"href":"https:\/\/imgw.pl\/en\/wp-json\/wp\/v2\/media?parent=24655"}],"wp:term":[{"taxonomy":"category","embeddable":true,"href":"https:\/\/imgw.pl\/en\/wp-json\/wp\/v2\/categories?post=24655"},{"taxonomy":"post_tag","embeddable":true,"href":"https:\/\/imgw.pl\/en\/wp-json\/wp\/v2\/tags?post=24655"}],"curies":[{"name":"wp","href":"https:\/\/api.w.org\/{rel}","templated":true}]}}