{"id":24660,"date":"2026-04-03T11:45:37","date_gmt":"2026-04-03T09:45:37","guid":{"rendered":"https:\/\/imgw.pl\/?p=24660"},"modified":"2026-04-03T11:45:39","modified_gmt":"2026-04-03T09:45:39","slug":"podpisano-list-intencyjny-na-rzecz-poprawy-retencji-i-bezpieczenstwa-wodnego-w-wielkopolsce","status":"publish","type":"post","link":"https:\/\/imgw.pl\/en\/podpisano-list-intencyjny-na-rzecz-poprawy-retencji-i-bezpieczenstwa-wodnego-w-wielkopolsce\/","title":{"rendered":"Podpisano list intencyjny na rzecz poprawy retencji i bezpiecze\u0144stwa wodnego w Wielkopolsce"},"content":{"rendered":"<h2 class=\"wp-block-heading\">2 kwietnia 2026 r. w Poznaniu podpisano list intencyjny dotycz\u0105cy poprawy retencji i bezpiecze\u0144stwa wodnego w Wielkopolsce. Porozumienie \u0142\u0105czy administracj\u0119 publiczn\u0105, \u015brodowisko naukowe oraz instytucje pa\u0144stwowe wok\u00f3\u0142 wsp\u00f3lnego celu, jakim jest przeciwdzia\u0142anie skutkom suszy i poprawa bilansu wodnego w regionie. W wydarzeniu uczestniczy\u0142a Ministra Klimatu i \u015arodowiska Paulina Hennig-Kloska. W imieniu Instytutu Meteorologii i Gospodarki Wodnej &#8211; Pa\u0144stwowego Instytutu Badawczego dokument podpisa\u0142 Dyrektor Naczelny prof. dr hab. Robert Czerniawski.<\/h2>\n\n\n\n<p>Dokument stanowi istotny krok w kierunku bardziej zintegrowanego podej\u015bcia do gospodarowania wod\u0105. Zak\u0142ada wsp\u00f3\u0142prac\u0119 w zakresie planowania inwestycji, wymiany danych i do\u015bwiadcze\u0144, a tak\u017ce dzia\u0142a\u0144 edukacyjnych i skuteczniejszego pozyskiwania \u015brodk\u00f3w finansowych. Kluczowym elementem jest zwi\u0119kszenie retencji oraz lepsze wykorzystanie dost\u0119pnych zasob\u00f3w wodnych, co ma bezpo\u015brednio prze\u0142o\u017cy\u0107 si\u0119 na wi\u0119ksz\u0105 odporno\u015b\u0107 regionu na skutki zmian klimatu.<\/p>\n\n\n\n<p>Wielkopolska od lat znajduje si\u0119 w\u015br\u00f3d region\u00f3w najbardziej dotkni\u0119tych susz\u0105 hydrologiczn\u0105 i rolnicz\u0105. Szczeg\u00f3lnie trudna sytuacja wyst\u0119puje na obszarze Pojezierza Gnie\u017anie\u0144skiego, gdzie niskie sumy opad\u00f3w, rosn\u0105ce temperatury i d\u0142ugie okresy bezdeszczowe prowadz\u0105 do systematycznego pogarszania si\u0119 warunk\u00f3w wodnych. Problem ten pog\u0142\u0119biaj\u0105 r\u00f3wnie\u017c czynniki antropogeniczne, w tym odkrywkowe wydobycie oraz intensywna dzia\u0142alno\u015b\u0107 rolnicza.<\/p>\n\n\n\n<p>Jak podkre\u015bli\u0142a Ministra Paulina Hennig-Kloska, skuteczne przeciwdzia\u0142anie skutkom zmian klimatu wymaga dzia\u0142a\u0144 wykraczaj\u0105cych poza granice administracyjne i musi by\u0107 prowadzone w spos\u00f3b skoordynowany w skali ca\u0142ego kraju. Zwr\u00f3ci\u0142a r\u00f3wnie\u017c uwag\u0119 na dost\u0119pno\u015b\u0107 \u015brodk\u00f3w finansowych, na adaptacj\u0119 do zmian klimatu przeznaczono blisko 9 mld z\u0142, z czego dotychczas wykorzystano jedynie cz\u0119\u015b\u0107. Kluczowe znaczenie ma wi\u0119c przygotowanie dobrych projekt\u00f3w i aktywne si\u0119ganie po dost\u0119pne fundusze.<\/p>\n\n\n\n<p>R\u00f3wnolegle w regionie prowadzone s\u0105 ju\u017c konkretne dzia\u0142ania inwestycyjne i przygotowawcze. Obejmuj\u0105 one m.in. ochron\u0119 zasob\u00f3w wodnych w rejonie Powidzkiego Parku Krajobrazowego, modernizacj\u0119 Kana\u0142u \u015alesi\u0144skiego oraz projekty zwi\u0105zane z odbudow\u0105 poziomu w\u00f3d w jeziorach Pojezierza Gnie\u017anie\u0144skiego i przywracaniem r\u00f3wnowagi hydrologicznej w zlewniach rzecznych. Inwestycje te maj\u0105 charakter systemowy i s\u0105 zaawansowane pod wzgl\u0119dem przygotowania.<\/p>\n\n\n\n<p>Podpisanie listu wpisuje si\u0119 w szersze dzia\u0142ania Ministerstwa Klimatu i \u015arodowiska, kt\u00f3re obejmuj\u0105 rozw\u00f3j tzw. zielonej retencji, renaturyzacj\u0119 rzek oraz zwi\u0119kszanie zdolno\u015bci krajobrazu i gleb do zatrzymywania wody. Trwaj\u0105 tak\u017ce prace nad nowymi mechanizmami finansowania dzia\u0142a\u0144 klimatycznych w kolejnej perspektywie unijnej.<\/p>\n\n\n\n<p>Porozumienie zawarte w Poznaniu mo\u017ce sta\u0107 si\u0119 wa\u017cnym impulsem do wdra\u017cania kompleksowych rozwi\u0105za\u0144 w gospodarce wodnej. W obliczu pog\u0142\u0119biaj\u0105cego si\u0119 deficytu wody kluczowe znaczenie ma bowiem wsp\u00f3\u0142praca, skala dzia\u0142a\u0144 i ich d\u0142ugofalowy charakter.<\/p>\n\n\n\n<figure class=\"wp-block-gallery has-nested-images columns-default is-cropped wp-block-gallery-1 is-layout-flex wp-block-gallery-is-layout-flex\">\n<figure data-wp-context=\"{&quot;imageId&quot;:&quot;69edf2ddc3cd0&quot;}\" data-wp-interactive=\"core\/image\" data-wp-key=\"69edf2ddc3cd0\" class=\"wp-block-image size-large wp-lightbox-container\"><img loading=\"lazy\" decoding=\"async\" width=\"768\" height=\"1024\" data-wp-class--hide=\"state.isContentHidden\" data-wp-class--show=\"state.isContentVisible\" data-wp-init=\"callbacks.setButtonStyles\" data-wp-on--click=\"actions.showLightbox\" data-wp-on--load=\"callbacks.setButtonStyles\" data-wp-on-window--resize=\"callbacks.setButtonStyles\" data-id=\"24661\" src=\"https:\/\/imgw.pl\/wp-content\/uploads\/2026\/04\/4-1-768x1024.jpg\" alt=\"\" class=\"wp-image-24661\" srcset=\"https:\/\/imgw.pl\/wp-content\/uploads\/2026\/04\/4-1-768x1024.jpg 768w, https:\/\/imgw.pl\/wp-content\/uploads\/2026\/04\/4-1-225x300.jpg 225w, https:\/\/imgw.pl\/wp-content\/uploads\/2026\/04\/4-1-1152x1536.jpg 1152w, https:\/\/imgw.pl\/wp-content\/uploads\/2026\/04\/4-1-9x12.jpg 9w, https:\/\/imgw.pl\/wp-content\/uploads\/2026\/04\/4-1.jpg 1536w\" sizes=\"auto, (max-width: 768px) 100vw, 768px\" \/><button\n\t\t\tclass=\"lightbox-trigger\"\n\t\t\ttype=\"button\"\n\t\t\taria-haspopup=\"dialog\"\n\t\t\taria-label=\"Enlarge\"\n\t\t\tdata-wp-init=\"callbacks.initTriggerButton\"\n\t\t\tdata-wp-on--click=\"actions.showLightbox\"\n\t\t\tdata-wp-style--right=\"state.imageButtonRight\"\n\t\t\tdata-wp-style--top=\"state.imageButtonTop\"\n\t\t>\n\t\t\t<svg xmlns=\"http:\/\/www.w3.org\/2000\/svg\" width=\"12\" height=\"12\" fill=\"none\" viewbox=\"0 0 12 12\">\n\t\t\t\t<path fill=\"#fff\" d=\"M2 0a2 2 0 0 0-2 2v2h1.5V2a.5.5 0 0 1 .5-.5h2V0H2Zm2 10.5H2a.5.5 0 0 1-.5-.5V8H0v2a2 2 0 0 0 2 2h2v-1.5ZM8 12v-1.5h2a.5.5 0 0 0 .5-.5V8H12v2a2 2 0 0 1-2 2H8Zm2-12a2 2 0 0 1 2 2v2h-1.5V2a.5.5 0 0 0-.5-.5H8V0h2Z\" \/>\n\t\t\t<\/svg>\n\t\t<\/button><\/figure>\n\n\n\n<figure data-wp-context=\"{&quot;imageId&quot;:&quot;69edf2ddc4147&quot;}\" data-wp-interactive=\"core\/image\" data-wp-key=\"69edf2ddc4147\" class=\"wp-block-image size-large wp-lightbox-container\"><img loading=\"lazy\" decoding=\"async\" width=\"768\" height=\"1024\" data-wp-class--hide=\"state.isContentHidden\" data-wp-class--show=\"state.isContentVisible\" data-wp-init=\"callbacks.setButtonStyles\" data-wp-on--click=\"actions.showLightbox\" data-wp-on--load=\"callbacks.setButtonStyles\" data-wp-on-window--resize=\"callbacks.setButtonStyles\" data-id=\"24665\" src=\"https:\/\/imgw.pl\/wp-content\/uploads\/2026\/04\/5-768x1024.jpg\" alt=\"\" class=\"wp-image-24665\" srcset=\"https:\/\/imgw.pl\/wp-content\/uploads\/2026\/04\/5-768x1024.jpg 768w, https:\/\/imgw.pl\/wp-content\/uploads\/2026\/04\/5-225x300.jpg 225w, https:\/\/imgw.pl\/wp-content\/uploads\/2026\/04\/5-1152x1536.jpg 1152w, https:\/\/imgw.pl\/wp-content\/uploads\/2026\/04\/5-9x12.jpg 9w, https:\/\/imgw.pl\/wp-content\/uploads\/2026\/04\/5.jpg 1536w\" sizes=\"auto, (max-width: 768px) 100vw, 768px\" \/><button\n\t\t\tclass=\"lightbox-trigger\"\n\t\t\ttype=\"button\"\n\t\t\taria-haspopup=\"dialog\"\n\t\t\taria-label=\"Enlarge\"\n\t\t\tdata-wp-init=\"callbacks.initTriggerButton\"\n\t\t\tdata-wp-on--click=\"actions.showLightbox\"\n\t\t\tdata-wp-style--right=\"state.imageButtonRight\"\n\t\t\tdata-wp-style--top=\"state.imageButtonTop\"\n\t\t>\n\t\t\t<svg xmlns=\"http:\/\/www.w3.org\/2000\/svg\" width=\"12\" height=\"12\" fill=\"none\" viewbox=\"0 0 12 12\">\n\t\t\t\t<path fill=\"#fff\" d=\"M2 0a2 2 0 0 0-2 2v2h1.5V2a.5.5 0 0 1 .5-.5h2V0H2Zm2 10.5H2a.5.5 0 0 1-.5-.5V8H0v2a2 2 0 0 0 2 2h2v-1.5ZM8 12v-1.5h2a.5.5 0 0 0 .5-.5V8H12v2a2 2 0 0 1-2 2H8Zm2-12a2 2 0 0 1 2 2v2h-1.5V2a.5.5 0 0 0-.5-.5H8V0h2Z\" \/>\n\t\t\t<\/svg>\n\t\t<\/button><\/figure>\n\n\n\n<figure data-wp-context=\"{&quot;imageId&quot;:&quot;69edf2ddc4578&quot;}\" data-wp-interactive=\"core\/image\" data-wp-key=\"69edf2ddc4578\" class=\"wp-block-image size-large wp-lightbox-container\"><img loading=\"lazy\" decoding=\"async\" width=\"1024\" height=\"768\" data-wp-class--hide=\"state.isContentHidden\" data-wp-class--show=\"state.isContentVisible\" data-wp-init=\"callbacks.setButtonStyles\" data-wp-on--click=\"actions.showLightbox\" data-wp-on--load=\"callbacks.setButtonStyles\" data-wp-on-window--resize=\"callbacks.setButtonStyles\" data-id=\"24664\" src=\"https:\/\/imgw.pl\/wp-content\/uploads\/2026\/04\/3-1-1024x768.jpg\" alt=\"\" class=\"wp-image-24664\" srcset=\"https:\/\/imgw.pl\/wp-content\/uploads\/2026\/04\/3-1-1024x768.jpg 1024w, https:\/\/imgw.pl\/wp-content\/uploads\/2026\/04\/3-1-300x225.jpg 300w, https:\/\/imgw.pl\/wp-content\/uploads\/2026\/04\/3-1-768x576.jpg 768w, https:\/\/imgw.pl\/wp-content\/uploads\/2026\/04\/3-1-1536x1152.jpg 1536w, https:\/\/imgw.pl\/wp-content\/uploads\/2026\/04\/3-1-16x12.jpg 16w, https:\/\/imgw.pl\/wp-content\/uploads\/2026\/04\/3-1.jpg 2048w\" sizes=\"auto, (max-width: 1024px) 100vw, 1024px\" \/><button\n\t\t\tclass=\"lightbox-trigger\"\n\t\t\ttype=\"button\"\n\t\t\taria-haspopup=\"dialog\"\n\t\t\taria-label=\"Enlarge\"\n\t\t\tdata-wp-init=\"callbacks.initTriggerButton\"\n\t\t\tdata-wp-on--click=\"actions.showLightbox\"\n\t\t\tdata-wp-style--right=\"state.imageButtonRight\"\n\t\t\tdata-wp-style--top=\"state.imageButtonTop\"\n\t\t>\n\t\t\t<svg xmlns=\"http:\/\/www.w3.org\/2000\/svg\" width=\"12\" height=\"12\" fill=\"none\" viewbox=\"0 0 12 12\">\n\t\t\t\t<path fill=\"#fff\" d=\"M2 0a2 2 0 0 0-2 2v2h1.5V2a.5.5 0 0 1 .5-.5h2V0H2Zm2 10.5H2a.5.5 0 0 1-.5-.5V8H0v2a2 2 0 0 0 2 2h2v-1.5ZM8 12v-1.5h2a.5.5 0 0 0 .5-.5V8H12v2a2 2 0 0 1-2 2H8Zm2-12a2 2 0 0 1 2 2v2h-1.5V2a.5.5 0 0 0-.5-.5H8V0h2Z\" \/>\n\t\t\t<\/svg>\n\t\t<\/button><\/figure>\n\n\n\n<figure data-wp-context=\"{&quot;imageId&quot;:&quot;69edf2ddc4952&quot;}\" data-wp-interactive=\"core\/image\" data-wp-key=\"69edf2ddc4952\" class=\"wp-block-image size-large wp-lightbox-container\"><img loading=\"lazy\" decoding=\"async\" width=\"1024\" height=\"768\" data-wp-class--hide=\"state.isContentHidden\" data-wp-class--show=\"state.isContentVisible\" data-wp-init=\"callbacks.setButtonStyles\" data-wp-on--click=\"actions.showLightbox\" data-wp-on--load=\"callbacks.setButtonStyles\" data-wp-on-window--resize=\"callbacks.setButtonStyles\" data-id=\"24662\" src=\"https:\/\/imgw.pl\/wp-content\/uploads\/2026\/04\/2-1-1024x768.jpg\" alt=\"\" class=\"wp-image-24662\" srcset=\"https:\/\/imgw.pl\/wp-content\/uploads\/2026\/04\/2-1-1024x768.jpg 1024w, https:\/\/imgw.pl\/wp-content\/uploads\/2026\/04\/2-1-300x225.jpg 300w, https:\/\/imgw.pl\/wp-content\/uploads\/2026\/04\/2-1-768x576.jpg 768w, https:\/\/imgw.pl\/wp-content\/uploads\/2026\/04\/2-1-1536x1152.jpg 1536w, https:\/\/imgw.pl\/wp-content\/uploads\/2026\/04\/2-1-16x12.jpg 16w, https:\/\/imgw.pl\/wp-content\/uploads\/2026\/04\/2-1.jpg 2048w\" sizes=\"auto, (max-width: 1024px) 100vw, 1024px\" \/><button\n\t\t\tclass=\"lightbox-trigger\"\n\t\t\ttype=\"button\"\n\t\t\taria-haspopup=\"dialog\"\n\t\t\taria-label=\"Enlarge\"\n\t\t\tdata-wp-init=\"callbacks.initTriggerButton\"\n\t\t\tdata-wp-on--click=\"actions.showLightbox\"\n\t\t\tdata-wp-style--right=\"state.imageButtonRight\"\n\t\t\tdata-wp-style--top=\"state.imageButtonTop\"\n\t\t>\n\t\t\t<svg xmlns=\"http:\/\/www.w3.org\/2000\/svg\" width=\"12\" height=\"12\" fill=\"none\" viewbox=\"0 0 12 12\">\n\t\t\t\t<path fill=\"#fff\" d=\"M2 0a2 2 0 0 0-2 2v2h1.5V2a.5.5 0 0 1 .5-.5h2V0H2Zm2 10.5H2a.5.5 0 0 1-.5-.5V8H0v2a2 2 0 0 0 2 2h2v-1.5ZM8 12v-1.5h2a.5.5 0 0 0 .5-.5V8H12v2a2 2 0 0 1-2 2H8Zm2-12a2 2 0 0 1 2 2v2h-1.5V2a.5.5 0 0 0-.5-.5H8V0h2Z\" \/>\n\t\t\t<\/svg>\n\t\t<\/button><\/figure>\n\n\n\n<figure data-wp-context=\"{&quot;imageId&quot;:&quot;69edf2ddc4d2d&quot;}\" data-wp-interactive=\"core\/image\" data-wp-key=\"69edf2ddc4d2d\" class=\"wp-block-image size-large wp-lightbox-container\"><img loading=\"lazy\" decoding=\"async\" width=\"1024\" height=\"768\" data-wp-class--hide=\"state.isContentHidden\" data-wp-class--show=\"state.isContentVisible\" data-wp-init=\"callbacks.setButtonStyles\" data-wp-on--click=\"actions.showLightbox\" data-wp-on--load=\"callbacks.setButtonStyles\" data-wp-on-window--resize=\"callbacks.setButtonStyles\" data-id=\"24663\" src=\"https:\/\/imgw.pl\/wp-content\/uploads\/2026\/04\/1-1-1024x768.jpg\" alt=\"\" class=\"wp-image-24663\" srcset=\"https:\/\/imgw.pl\/wp-content\/uploads\/2026\/04\/1-1-1024x768.jpg 1024w, https:\/\/imgw.pl\/wp-content\/uploads\/2026\/04\/1-1-300x225.jpg 300w, https:\/\/imgw.pl\/wp-content\/uploads\/2026\/04\/1-1-768x576.jpg 768w, https:\/\/imgw.pl\/wp-content\/uploads\/2026\/04\/1-1-1536x1152.jpg 1536w, https:\/\/imgw.pl\/wp-content\/uploads\/2026\/04\/1-1-16x12.jpg 16w, https:\/\/imgw.pl\/wp-content\/uploads\/2026\/04\/1-1.jpg 2048w\" sizes=\"auto, (max-width: 1024px) 100vw, 1024px\" \/><button\n\t\t\tclass=\"lightbox-trigger\"\n\t\t\ttype=\"button\"\n\t\t\taria-haspopup=\"dialog\"\n\t\t\taria-label=\"Enlarge\"\n\t\t\tdata-wp-init=\"callbacks.initTriggerButton\"\n\t\t\tdata-wp-on--click=\"actions.showLightbox\"\n\t\t\tdata-wp-style--right=\"state.imageButtonRight\"\n\t\t\tdata-wp-style--top=\"state.imageButtonTop\"\n\t\t>\n\t\t\t<svg xmlns=\"http:\/\/www.w3.org\/2000\/svg\" width=\"12\" height=\"12\" fill=\"none\" viewbox=\"0 0 12 12\">\n\t\t\t\t<path fill=\"#fff\" d=\"M2 0a2 2 0 0 0-2 2v2h1.5V2a.5.5 0 0 1 .5-.5h2V0H2Zm2 10.5H2a.5.5 0 0 1-.5-.5V8H0v2a2 2 0 0 0 2 2h2v-1.5ZM8 12v-1.5h2a.5.5 0 0 0 .5-.5V8H12v2a2 2 0 0 1-2 2H8Zm2-12a2 2 0 0 1 2 2v2h-1.5V2a.5.5 0 0 0-.5-.5H8V0h2Z\" \/>\n\t\t\t<\/svg>\n\t\t<\/button><\/figure>\n<\/figure>","protected":false},"excerpt":{"rendered":"<p>2 kwietnia 2026 r. w Poznaniu podpisano list intencyjny dotycz\u0105cy poprawy retencji i bezpiecze\u0144stwa wodnego w Wielkopolsce. Porozumienie \u0142\u0105czy administracj\u0119 publiczn\u0105, \u015brodowisko naukowe oraz instytucje pa\u0144stwowe wok\u00f3\u0142 wsp\u00f3lnego celu, jakim jest przeciwdzia\u0142anie skutkom suszy i poprawa bilansu wodnego w regionie. W wydarzeniu uczestniczy\u0142a Ministra Klimatu i \u015arodowiska Paulina Hennig-Kloska. W imieniu Instytutu Meteorologii i Gospodarki [&hellip;]<\/p>\n","protected":false},"author":2,"featured_media":24663,"comment_status":"closed","ping_status":"closed","sticky":false,"template":"","format":"standard","meta":{"footnotes":""},"categories":[5],"tags":[],"class_list":["post-24660","post","type-post","status-publish","format-standard","has-post-thumbnail","hentry","category-aktualnosci"],"_links":{"self":[{"href":"https:\/\/imgw.pl\/en\/wp-json\/wp\/v2\/posts\/24660","targetHints":{"allow":["GET"]}}],"collection":[{"href":"https:\/\/imgw.pl\/en\/wp-json\/wp\/v2\/posts"}],"about":[{"href":"https:\/\/imgw.pl\/en\/wp-json\/wp\/v2\/types\/post"}],"author":[{"embeddable":true,"href":"https:\/\/imgw.pl\/en\/wp-json\/wp\/v2\/users\/2"}],"replies":[{"embeddable":true,"href":"https:\/\/imgw.pl\/en\/wp-json\/wp\/v2\/comments?post=24660"}],"version-history":[{"count":1,"href":"https:\/\/imgw.pl\/en\/wp-json\/wp\/v2\/posts\/24660\/revisions"}],"predecessor-version":[{"id":24666,"href":"https:\/\/imgw.pl\/en\/wp-json\/wp\/v2\/posts\/24660\/revisions\/24666"}],"wp:featuredmedia":[{"embeddable":true,"href":"https:\/\/imgw.pl\/en\/wp-json\/wp\/v2\/media\/24663"}],"wp:attachment":[{"href":"https:\/\/imgw.pl\/en\/wp-json\/wp\/v2\/media?parent=24660"}],"wp:term":[{"taxonomy":"category","embeddable":true,"href":"https:\/\/imgw.pl\/en\/wp-json\/wp\/v2\/categories?post=24660"},{"taxonomy":"post_tag","embeddable":true,"href":"https:\/\/imgw.pl\/en\/wp-json\/wp\/v2\/tags?post=24660"}],"curies":[{"name":"wp","href":"https:\/\/api.w.org\/{rel}","templated":true}]}}