{"id":24949,"date":"2026-04-25T15:49:44","date_gmt":"2026-04-25T13:49:44","guid":{"rendered":"https:\/\/imgw.pl\/?p=24949"},"modified":"2026-04-25T15:49:47","modified_gmt":"2026-04-25T13:49:47","slug":"aktualna-i-prognozowana-sytuacja-meteorologiczna-i-hydrologiczna-raport-nr-101","status":"publish","type":"post","link":"https:\/\/imgw.pl\/en\/aktualna-i-prognozowana-sytuacja-meteorologiczna-i-hydrologiczna-raport-nr-101\/","title":{"rendered":"Aktualna i prognozowana sytuacja meteorologiczna i hydrologiczna \u2013 raport nr 101"},"content":{"rendered":"<p>&nbsp;<\/p>\n\n\n\n<p><strong>Sytuacja meteorologiczna <\/strong><\/p>\n\n\n\n<p><a id=\"post-24949-_Hlk221189303\"><\/a> Stan na 25.04.2026, godz. 15:00 \u2013 opracowanie Centrum Meteorologicznej Os\u0142ony Kraju IMGW-PIB<\/p>\n\n\n\n<ol class=\"wp-block-list\">\n<li><strong>Najwa\u017cniejsze zagro\u017cenia: SILNY WIATR, PRZYMROZKI<\/strong><\/li>\n<\/ol>\n\n\n\n<p>W okresie 25\u201326.04 prognozowany jest silny i porywisty wiatr, kt\u00f3ry przez wi\u0119ksz\u0105 cz\u0119\u015b\u0107 czasu b\u0119dzie istotnym elementem sytuacji meteorologicznej. Najsilniejsze porywy mog\u0105 mie\u0107 charakter nag\u0142y i przej\u015bciowy, szczeg\u00f3lnie przy przechodzeniu wt\u00f3rnych stref frontowych oraz w zwi\u0105zku z lokalnymi zjawiskami konwekcyjnymi. Mo\u017ce to mie\u0107 dodatkowe znaczenie operacyjne, w tym nag\u0142e obci\u0105\u017cenia infrastruktury oraz zwi\u0119kszone ryzyko szk\u00f3d punktowych. Najsilniejsze porywy prognozowane s\u0105 w nocy 25\/26.04 oraz w ci\u0105gu dnia 26.04, z tendencj\u0105 do stopniowego s\u0142abni\u0119cia w drugiej po\u0142owie dnia. W nocy 25\/26.04 oraz w ci\u0105gu dnia 26.04 mo\u017cliwe s\u0105 r\u00f3wnie\u017c przelotne opady deszczu, deszczu ze \u015bniegiem oraz krupy \u015bnie\u017cnej, lokalnie burze.<\/p>\n\n\n\n<p>W kolejnych nocach (26\u201329.04) spodziewane s\u0105 przymrozki, lokalnie do \u20134\/\u20135\u00b0C, z ryzykiem szk\u00f3d w rolnictwie i ogrodnictwie.<\/p>\n\n\n\n<p><strong>2. Aktualne ostrze\u017cenia meteorologiczne w podziale na regiony ostrze\u017ce\u0144 (w formacie: nazwa zjawiska\/stopie\u0144 zagro\u017cenia, czas wa\u017cno\u015bci od \u2013 do)<\/strong><\/p>\n\n\n\n<p><strong>SILNY WIATR \/2<\/strong><\/p>\n\n\n\n<ol class=\"wp-block-list\">\n<li><strong>25.04, godz. 09:00 \u2013 25.04, godz. 24:00<\/strong>: pomorskie (m.in. Gda\u0144sk, Gdynia, Sopot, pow. nadmorskie i p\u00f3\u0142noc regionu); zachodniopomorskie (strefa nadmorska i \u015brodkowa).<\/li>\n<\/ol>\n\n\n\n<p>Og\u00f3lna charakterystyka stopnia 2: \u015brednia pr\u0119dko\u015b\u0107 do 55 km\/h, porywy do 95 km\/h, wiatr z zachodu.<\/p>\n\n\n\n<p><strong>SILNY WIATR \/1<\/strong><\/p>\n\n\n\n<ol class=\"wp-block-list\">\n<li><strong>25.04, godz. 09:00 \u2013 25.04, godz. 24:00<\/strong>: zachodniopomorskie (gryficki, kamie\u0144ski, \u015awinouj\u015bcie).<\/li>\n\n\n\n<li><strong>25.04, godz. 12:00 \u2013 26.04, godz. 20:00<\/strong>: pomorskie (chojnicki, cz\u0142uchowski, ko\u015bcierski); zachodniopomorskie (goleniowski, \u0142obeski, policki, szczecinecki, \u015bwidwi\u0144ski).<\/li>\n\n\n\n<li><strong>25.04, godz. 12:00 \u2013 26.04, godz. 02:00<\/strong>: pomorskie (gda\u0144ski, kwidzy\u0144ski, malborski, nowodworski, starogardzki, sztumski, tczewski); warmi\u0144sko\u2011mazurskie (braniewski, Elbl\u0105g i elbl\u0105ski).<\/li>\n\n\n\n<li><strong>25.04, godz. 22:00 \u2013 26.04, godz. 06:00<\/strong>: kujawsko\u2011pomorskie; \u0142\u00f3dzkie; mazowieckie (w tym Warszawa); podlaskie; warmi\u0144sko\u2011mazurskie; \u015bl\u0105skie (p\u00f3\u0142noc); wielkopolskie (wsch\u00f3d).<\/li>\n\n\n\n<li><strong>26.04, godz. 02:00 \u2013 26.04, godz. 18:00<\/strong>: lubelskie (ca\u0142e); podkarpackie (ca\u0142e); \u015bwi\u0119tokrzyskie (ca\u0142e); mazowieckie (po\u0142udnie i wsch\u00f3d); ma\u0142opolskie (wybrane powiaty); podlaskie (po\u0142udnie).<\/li>\n<\/ol>\n\n\n\n<p>Charakterystyka stopnia 1: \u015brednia pr\u0119dko\u015b\u0107 do 45 km\/h, porywy do 75 lub 85 km\/h, wiatr z zachodu i p\u00f3\u0142nocnego zachodu. Uwaga: porywy mog\u0105 wyst\u0119powa\u0107 nag\u0142e i kr\u00f3tkotrwa\u0142e, lokalnie wyra\u017anie silniejsze.<\/p>\n\n\n\n<p><a href=\"https:\/\/meteo.imgw.pl\/dyn\/index.html#osmet=true.\">https:\/\/meteo.imgw.pl\/dyn\/index.html#osmet=true.<\/a><\/p>\n\n\n\n<p><strong>3. Prognoza zagro\u017ce\u0144 na najbli\u017csze dni (doby dla poszczeg\u00f3lnych dni od 07:30 danego dnia do 07:30 dnia nast\u0119pnego)<\/strong><\/p>\n\n\n\n<p><strong>26.04 \u2013 niedziela<\/strong><\/p>\n\n\n\n<ol class=\"wp-block-list\">\n<li><strong>Przymrozki \/1<\/strong>: dolno\u015bl\u0105skie, kujawsko\u2011pomorskie, ma\u0142opolskie, mazowieckie, podkarpackie, podlaskie, pomorskie, \u015bl\u0105skie, \u015bwi\u0119tokrzyskie, warmi\u0144sko\u2011mazurskie, wielkopolskie, zachodniopomorskie.<\/li>\n\n\n\n<li><strong>Silny wiatr \/1<\/strong>: lubelskie, mazowieckie, podlaskie, warmi\u0144sko\u2011mazurskie.<\/li>\n<\/ol>\n\n\n\n<p><strong>27.04 \u2013 poniedzia\u0142ek<\/strong><\/p>\n\n\n\n<ol class=\"wp-block-list\">\n<li><strong>Przymrozki \/1<\/strong>: kujawsko\u2011pomorskie, ma\u0142opolskie, mazowieckie, podkarpackie, podlaskie, pomorskie, warmi\u0144sko\u2011mazurskie, wielkopolskie, zachodniopomorskie.<\/li>\n<\/ol>\n\n\n\n<p><strong>28.04 \u2013 wtorek<\/strong><\/p>\n\n\n\n<ol class=\"wp-block-list\">\n<li><strong>Przymrozki \/1<\/strong>: dolno\u015bl\u0105skie, kujawsko\u2011pomorskie, lubelskie, \u0142\u00f3dzkie, ma\u0142opolskie, opolskie, podkarpackie, podlaskie, pomorskie, \u015bl\u0105skie, \u015bwi\u0119tokrzyskie, warmi\u0144sko\u2011mazurskie, wielkopolskie, zachodniopomorskie.<\/li>\n<\/ol>\n\n\n\n<p><strong>29.04 \u2013 \u015broda<\/strong><\/p>\n\n\n\n<ol class=\"wp-block-list\">\n<li><strong>Przymrozki \/1<\/strong>: dolno\u015bl\u0105skie, kujawsko\u2011pomorskie, lubelskie, \u0142\u00f3dzkie, ma\u0142opolskie, opolskie, podkarpackie, podlaskie, pomorskie, \u015bl\u0105skie, \u015bwi\u0119tokrzyskie, warmi\u0144sko\u2011mazurskie, wielkopolskie, zachodniopomorskie.<\/li>\n<\/ol>\n\n\n\n<p><a href=\"https:\/\/meteo.imgw.pl\/dyn\/index.html#pronieb=true.\">https:\/\/meteo.imgw.pl\/dyn\/index.html#pronieb=true.<\/a><\/p>\n\n\n\n<p><strong>4. Potencjalne skutki i rekomendacje (dla s\u0142u\u017cb)<\/strong><\/p>\n\n\n\n<ul class=\"wp-block-list\">\n<li>Ryzyko uszkodze\u0144 infrastruktury lekkiej, przerw w dostawach energii oraz utrudnie\u0144 komunikacyjnych (szczeg\u00f3lnie obszary obj\u0119te ostrze\u017ceniami st. 2).<\/li>\n\n\n\n<li>Zabezpieczenie mienia, monitorowanie drzewostanu i tablic i reklam; zalecana gotowo\u015b\u0107 s\u0142u\u017cb porz\u0105dkowych i energetycznych.<\/li>\n\n\n\n<li>Ryzyka dla rolnictwa i ogrodnictwa z uwagi na przymrozki (zalecane stosowne dzia\u0142ania dla ochrony upraw).<\/li>\n\n\n\n<li>Uwzgl\u0119dni\u0107 mo\u017cliwo\u015b\u0107 nag\u0142ych, silniejszych poryw\u00f3w w kr\u00f3tkich interwa\u0142ach czasowych.<\/li>\n<\/ul>\n\n\n\n<p>Mapa aktualnie obowi\u0105zuj\u0105cych ostrze\u017ce\u0144 meteorologicznych: o silnym wietrze (SW).<\/p>\n\n\n\n<figure class=\"wp-block-image\"><img loading=\"lazy\" decoding=\"async\" width=\"705\" height=\"705\" src=\"https:\/\/imgw.pl\/wp-content\/uploads\/2026\/04\/word-image-24949-1.png\" alt=\"\" class=\"wp-image-24950\" srcset=\"https:\/\/imgw.pl\/wp-content\/uploads\/2026\/04\/word-image-24949-1.png 705w, https:\/\/imgw.pl\/wp-content\/uploads\/2026\/04\/word-image-24949-1-300x300.png 300w, https:\/\/imgw.pl\/wp-content\/uploads\/2026\/04\/word-image-24949-1-150x150.png 150w, https:\/\/imgw.pl\/wp-content\/uploads\/2026\/04\/word-image-24949-1-12x12.png 12w\" sizes=\"auto, (max-width: 705px) 100vw, 705px\" \/><\/figure>\n\n\n\n<p><\/p>\n\n\n\n<p><strong>Sytuacja hydrologiczna <\/strong><\/p>\n\n\n\n<p>Stan:25.04.2026 godz. 14:00<\/p>\n\n\n\n<p>Stan wody na rzekach w Polsce uk\u0142ada si\u0119 przede wszystkim w zakresie stan\u00f3w niskich (64%), lokalnie&nbsp;\u015brednich (34%), punktowo wysokich (2%) (rys. 1). Ubieg\u0142ej doby na rzekach obserwowane by\u0142y dalsze spadki i stabilizacja stanu wody. Wzd\u0142u\u017c Wybrze\u017ca wyst\u0105pi\u0142y g\u0142\u00f3wnie wahania w strefie stan\u00f3w \u015brednich.<\/p>\n\n\n\n<p>Liczba stacji z przep\u0142ywem poni\u017cej SNQ wzros\u0142a dzi\u015b do 39.<\/p>\n\n\n\n<p><strong>Na stacjach hydrologicznych w Polsce nie zanotowano przekroczenia stanu alarmowego lub ostrzegawczego.<\/strong><\/p>\n\n\n\n<p><strong>Dzi\u015b wydane zosta\u0142o nowe ostrze\u017cenie przed susz\u0105 hydrologiczn\u0105 dla zlewni Radomki.<\/strong><\/p>\n\n\n\n<p><strong>Obowi\u0105zuj\u0105 ostrze\u017cenia hydrologiczne <\/strong>(rys. 2):<\/p>\n\n\n\n<p><strong>-susza hydrologiczna<\/strong>: zlewnia g\u00f3rnej Warty z Liswart\u0105 (\u0142\u00f3dzkie, \u015bl\u0105skie, opolskie), zlewnia g\u00f3rnej Noteci (wielkopolskie, kujawsko-pomorskie), Radomka (mazowieckie).<\/p>\n\n\n\n<p><strong>Pokrywa \u015bnie\u017cna<\/strong> wci\u0105\u017c utrzymuje si\u0119 w wy\u017cszych partiach g\u00f3r. W Tatrach, w Dolinie Pi\u0119ciu Staw\u00f3w jej grubo\u015b\u0107 to obecnie 135 cm, na Kasprowym Wierchu 120 cm, a w Sudetach na \u015anie\u017cce 26 cm.<\/p>\n\n\n\n<p><strong>Dzi\u015b <\/strong>sytuacja hydrologiczna pozostanie stabilna. Dominowa\u0107 b\u0119d\u0105 niewielkie spadki oraz wyr\u00f3wnany przebieg stanu wody w obecnych strefach stanu.<\/p>\n\n\n\n<p>W uj\u015bciowym odcinku Odry i Wis\u0142y, na Zalewie Szczeci\u0144skim i Wi\u015blanym oraz na \u017bu\u0142awach prognozowane s\u0105 wahania poziom\u00f3w wody w strefie wody \u015bredniej, z tendencj\u0105 wzrostow\u0105. Na Wybrze\u017cu przewidywane s\u0105 wzrosty poziom\u00f3w wody w strefie wody \u015bredniej, lokalnie wysokiej.<\/p>\n\n\n\n<p><strong>W nadchodz\u0105cych dniach <\/strong>na rzekach przewiduje si\u0119 dalsz\u0105 stabilizacj\u0119 oraz coraz bardziej widoczn\u0105 tendencj\u0119 spadkow\u0105 stanu wody. Zagro\u017cenie ni\u017c\u00f3wk\u0105 hydrologiczn\u0105 b\u0119dzie wzrasta\u0107. Prognozowane opady nie wp\u0142yn\u0105 znacz\u0105co na popraw\u0119 sytuacji hydrologicznej.<\/p>\n\n\n\n<p>W&nbsp;trakcie weekendu, w zwi\u0105zku z prognozowanym silnym wiatrem z kierunk\u00f3w p\u00f3\u0142nocnych, na stacjach morskich prognozowane s\u0105 wahania poziomu wody z tendencj\u0105 wzrostow\u0105, lokalnie do strefy wody wysokiej.<\/p>\n\n\n\n<p><strong>Aktualna sytuacja hydrologiczna, prognozy oraz ostrze\u017cenia dost\u0119pne zawsze w&nbsp;Serwisie hydrologicznym IMGW-PIB (<\/strong><a href=\"https:\/\/imgw-my.sharepoint.com\/personal\/centrumhydro_imgw_pl\/Documents\/Pliki%20z%20czat\u00f3w%20w%20aplikacji%20Microsoft%20Teams\/hydro.imgw.pl\"><strong>hydro.imgw.pl<\/strong><\/a><strong>).<\/strong><\/p>\n\n\n\n<figure class=\"wp-block-image\"><img loading=\"lazy\" decoding=\"async\" width=\"254\" height=\"154\" src=\"https:\/\/imgw.pl\/wp-content\/uploads\/2026\/04\/obraz-zawierajacy-tekst-zrzut-ekranu-czcionka-a-54.png\" alt=\"Obraz zawieraj\u0105cy tekst, zrzut ekranu, Czcionka, algebraZawarto\u015b\u0107 wygenerowana przez AI mo\u017ce by\u0107 niepoprawna.\" class=\"wp-image-24951\" srcset=\"https:\/\/imgw.pl\/wp-content\/uploads\/2026\/04\/obraz-zawierajacy-tekst-zrzut-ekranu-czcionka-a-54.png 254w, https:\/\/imgw.pl\/wp-content\/uploads\/2026\/04\/obraz-zawierajacy-tekst-zrzut-ekranu-czcionka-a-54-18x12.png 18w\" sizes=\"auto, (max-width: 254px) 100vw, 254px\" \/><\/figure>\n\n\n\n<figure class=\"wp-block-image\"><img loading=\"lazy\" decoding=\"async\" width=\"556\" height=\"514\" src=\"https:\/\/imgw.pl\/wp-content\/uploads\/2026\/04\/word-image-24949-3.png\" alt=\"\" class=\"wp-image-24952\" srcset=\"https:\/\/imgw.pl\/wp-content\/uploads\/2026\/04\/word-image-24949-3.png 556w, https:\/\/imgw.pl\/wp-content\/uploads\/2026\/04\/word-image-24949-3-300x277.png 300w, https:\/\/imgw.pl\/wp-content\/uploads\/2026\/04\/word-image-24949-3-13x12.png 13w\" sizes=\"auto, (max-width: 556px) 100vw, 556px\" \/><\/figure>\n\n\n\n<p><\/p>\n\n\n\n<p>Rys. 1. <a href=\"https:\/\/hydro.imgw.pl\/#\/map?warn=hydro&amp;bl=hydro&amp;tstp=24&amp;zo=6.92408502587485&amp;lo=21.0533&amp;la=52.0765&amp;omt=2&amp;ts=202603250900&amp;riv=true\">Stan wody na rzekach w Polsce<\/a>, stan na godz. 14:00 dnia 25.04.2026 r.<\/p>\n\n\n\n<figure class=\"wp-block-image\"><img loading=\"lazy\" decoding=\"async\" width=\"577\" height=\"523\" src=\"https:\/\/imgw.pl\/wp-content\/uploads\/2026\/04\/word-image-24949-4.png\" alt=\"\" class=\"wp-image-24953\" srcset=\"https:\/\/imgw.pl\/wp-content\/uploads\/2026\/04\/word-image-24949-4.png 577w, https:\/\/imgw.pl\/wp-content\/uploads\/2026\/04\/word-image-24949-4-300x272.png 300w, https:\/\/imgw.pl\/wp-content\/uploads\/2026\/04\/word-image-24949-4-13x12.png 13w\" sizes=\"auto, (max-width: 577px) 100vw, 577px\" \/><\/figure>\n\n\n\n<figure class=\"wp-block-image\"><img loading=\"lazy\" decoding=\"async\" width=\"196\" height=\"289\" src=\"https:\/\/imgw.pl\/wp-content\/uploads\/2026\/04\/obraz-zawierajacy-tekst-zrzut-ekranu-czcionka-d-5.png\" alt=\"Obraz zawieraj\u0105cy tekst, zrzut ekranu, Czcionka, dokumentZawarto\u015b\u0107 wygenerowana przez AI mo\u017ce by\u0107 niepoprawna., Obraz\" class=\"wp-image-24954\" srcset=\"https:\/\/imgw.pl\/wp-content\/uploads\/2026\/04\/obraz-zawierajacy-tekst-zrzut-ekranu-czcionka-d-5.png 196w, https:\/\/imgw.pl\/wp-content\/uploads\/2026\/04\/obraz-zawierajacy-tekst-zrzut-ekranu-czcionka-d-5-8x12.png 8w\" sizes=\"auto, (max-width: 196px) 100vw, 196px\" \/><\/figure>\n\n\n\n<p><\/p>\n\n\n\n<p>Rys. 2. <a href=\"https:\/\/hydro.imgw.pl\/#\/map?warn=hydro&amp;bl=hydro&amp;tstp=24&amp;zo=6.92408502587485&amp;lo=19.189&amp;la=52.0195\">Ostrze\u017cenia hydrologiczne<\/a>, stan na godz. 14:00 dnia 25.04.2026 r.<\/p>\n\n\n\n<figure class=\"wp-block-image\"><img loading=\"lazy\" decoding=\"async\" width=\"254\" height=\"154\" src=\"https:\/\/imgw.pl\/wp-content\/uploads\/2026\/04\/obraz-zawierajacy-tekst-zrzut-ekranu-czcionka-a-55.png\" alt=\"Obraz zawieraj\u0105cy tekst, zrzut ekranu, Czcionka, algebraZawarto\u015b\u0107 wygenerowana przez AI mo\u017ce by\u0107 niepoprawna.\" class=\"wp-image-24955\" srcset=\"https:\/\/imgw.pl\/wp-content\/uploads\/2026\/04\/obraz-zawierajacy-tekst-zrzut-ekranu-czcionka-a-55.png 254w, https:\/\/imgw.pl\/wp-content\/uploads\/2026\/04\/obraz-zawierajacy-tekst-zrzut-ekranu-czcionka-a-55-18x12.png 18w\" sizes=\"auto, (max-width: 254px) 100vw, 254px\" \/><\/figure>\n\n\n\n<figure class=\"wp-block-image\"><img loading=\"lazy\" decoding=\"async\" width=\"558\" height=\"508\" src=\"https:\/\/imgw.pl\/wp-content\/uploads\/2026\/04\/word-image-24949-7.png\" alt=\"\" class=\"wp-image-24956\" srcset=\"https:\/\/imgw.pl\/wp-content\/uploads\/2026\/04\/word-image-24949-7.png 558w, https:\/\/imgw.pl\/wp-content\/uploads\/2026\/04\/word-image-24949-7-300x273.png 300w, https:\/\/imgw.pl\/wp-content\/uploads\/2026\/04\/word-image-24949-7-13x12.png 13w\" sizes=\"auto, (max-width: 558px) 100vw, 558px\" \/><\/figure>\n\n\n\n<p><\/p>\n\n\n\n<p>Rys. 3. <a href=\"https:\/\/hydro.imgw.pl\/#\/map?warn=hydro&amp;bl=hydro&amp;tstp=24&amp;zo=6.92408502587485&amp;lo=20.2427&amp;la=52.1192&amp;ts=202603251300&amp;omt=2&amp;riv=true\">Prognoza hydrologiczna stanu wody<\/a>, godz. 08:00 dnia 26.04.2026 r.<\/p>\n\n\n\n<figure class=\"wp-block-image\"><img loading=\"lazy\" decoding=\"async\" width=\"254\" height=\"154\" src=\"https:\/\/imgw.pl\/wp-content\/uploads\/2026\/04\/obraz-zawierajacy-tekst-zrzut-ekranu-czcionka-a-56.png\" alt=\"Obraz zawieraj\u0105cy tekst, zrzut ekranu, Czcionka, algebraZawarto\u015b\u0107 wygenerowana przez AI mo\u017ce by\u0107 niepoprawna.\" class=\"wp-image-24957\" srcset=\"https:\/\/imgw.pl\/wp-content\/uploads\/2026\/04\/obraz-zawierajacy-tekst-zrzut-ekranu-czcionka-a-56.png 254w, https:\/\/imgw.pl\/wp-content\/uploads\/2026\/04\/obraz-zawierajacy-tekst-zrzut-ekranu-czcionka-a-56-18x12.png 18w\" sizes=\"auto, (max-width: 254px) 100vw, 254px\" \/><\/figure>\n\n\n\n<figure class=\"wp-block-image\"><img loading=\"lazy\" decoding=\"async\" width=\"586\" height=\"514\" src=\"https:\/\/imgw.pl\/wp-content\/uploads\/2026\/04\/word-image-24949-9.png\" alt=\"\" class=\"wp-image-24958\" srcset=\"https:\/\/imgw.pl\/wp-content\/uploads\/2026\/04\/word-image-24949-9.png 586w, https:\/\/imgw.pl\/wp-content\/uploads\/2026\/04\/word-image-24949-9-300x263.png 300w, https:\/\/imgw.pl\/wp-content\/uploads\/2026\/04\/word-image-24949-9-14x12.png 14w\" sizes=\"auto, (max-width: 586px) 100vw, 586px\" \/><\/figure>\n\n\n\n<p><\/p>\n\n\n\n<p>Rys. 4. <a href=\"https:\/\/hydro.imgw.pl\/#\/map?warn=hydro&amp;bl=hydro&amp;tstp=24&amp;zo=6.92408502587485&amp;lo=20.2427&amp;la=52.1192&amp;ts=202603251300&amp;omt=2&amp;riv=true\">Prognoza hydrologiczna stanu wody<\/a>, godz. 08:00 dnia 27.04.2026 r. <\/p>\n\n\n\n<p>Opracowanie: Centrum Hydrologicznej Os\u0142ony Kraju IMGW-PIB<\/p>","protected":false},"excerpt":{"rendered":"<p>&nbsp; Sytuacja meteorologiczna Stan na 25.04.2026, godz. 15:00 \u2013 opracowanie Centrum Meteorologicznej Os\u0142ony Kraju IMGW-PIB W okresie 25\u201326.04 prognozowany jest silny i porywisty wiatr, kt\u00f3ry przez wi\u0119ksz\u0105 cz\u0119\u015b\u0107 czasu b\u0119dzie istotnym elementem sytuacji meteorologicznej. Najsilniejsze porywy mog\u0105 mie\u0107 charakter nag\u0142y i przej\u015bciowy, szczeg\u00f3lnie przy przechodzeniu wt\u00f3rnych stref frontowych oraz w zwi\u0105zku z lokalnymi zjawiskami konwekcyjnymi. [&hellip;]<\/p>\n","protected":false},"author":7,"featured_media":24958,"comment_status":"closed","ping_status":"closed","sticky":false,"template":"","format":"standard","meta":{"footnotes":""},"categories":[5],"tags":[],"class_list":["post-24949","post","type-post","status-publish","format-standard","has-post-thumbnail","hentry","category-aktualnosci"],"_links":{"self":[{"href":"https:\/\/imgw.pl\/en\/wp-json\/wp\/v2\/posts\/24949","targetHints":{"allow":["GET"]}}],"collection":[{"href":"https:\/\/imgw.pl\/en\/wp-json\/wp\/v2\/posts"}],"about":[{"href":"https:\/\/imgw.pl\/en\/wp-json\/wp\/v2\/types\/post"}],"author":[{"embeddable":true,"href":"https:\/\/imgw.pl\/en\/wp-json\/wp\/v2\/users\/7"}],"replies":[{"embeddable":true,"href":"https:\/\/imgw.pl\/en\/wp-json\/wp\/v2\/comments?post=24949"}],"version-history":[{"count":1,"href":"https:\/\/imgw.pl\/en\/wp-json\/wp\/v2\/posts\/24949\/revisions"}],"predecessor-version":[{"id":24959,"href":"https:\/\/imgw.pl\/en\/wp-json\/wp\/v2\/posts\/24949\/revisions\/24959"}],"wp:featuredmedia":[{"embeddable":true,"href":"https:\/\/imgw.pl\/en\/wp-json\/wp\/v2\/media\/24958"}],"wp:attachment":[{"href":"https:\/\/imgw.pl\/en\/wp-json\/wp\/v2\/media?parent=24949"}],"wp:term":[{"taxonomy":"category","embeddable":true,"href":"https:\/\/imgw.pl\/en\/wp-json\/wp\/v2\/categories?post=24949"},{"taxonomy":"post_tag","embeddable":true,"href":"https:\/\/imgw.pl\/en\/wp-json\/wp\/v2\/tags?post=24949"}],"curies":[{"name":"wp","href":"https:\/\/api.w.org\/{rel}","templated":true}]}}