{"id":24961,"date":"2026-04-26T18:39:03","date_gmt":"2026-04-26T16:39:03","guid":{"rendered":"https:\/\/imgw.pl\/?p=24961"},"modified":"2026-04-26T18:39:04","modified_gmt":"2026-04-26T16:39:04","slug":"aktualna-i-prognozowana-sytuacja-meteorologiczna-i-hydrologiczna-raport-nr-102","status":"publish","type":"post","link":"https:\/\/imgw.pl\/en\/aktualna-i-prognozowana-sytuacja-meteorologiczna-i-hydrologiczna-raport-nr-102\/","title":{"rendered":"Aktualna i prognozowana sytuacja meteorologiczna i hydrologiczna \u2013 raport nr 102"},"content":{"rendered":"<p><strong>Sytuacja meteorologiczna <\/strong>\n<\/p>\n\n\n\n<p><a id=\"post-24961-_Hlk221189303\"><\/a>\n  Stan na 26.04.2026, godz. 18:00 \u2013 opracowanie Centrum Meteorologicznej Os\u0142ony Kraju IMGW-PIB\n<\/p>\n\n\n\n<ol class=\"wp-block-list\">\n<li><strong>Najwa\u017cniejsze zagro\u017cenia: PRZYMROZKI<\/strong><br><\/li>\n<\/ol>\n\n\n\n<p>\n  W ci\u0105gu najbli\u017cszych nocy, szczeg\u00f3lnie od 26\/27.04 do 30.04, prognozowane s\u0105 liczne spadki temperatury powietrza poni\u017cej 0\u00b0C, miejscami do -4\u00b0C i -5\u00b0C (kotliny karpackie, wsch\u00f3d i centrum kraju). Zjawisko obejmuje znaczn\u0105 cz\u0119\u015b\u0107 Polski i mo\u017ce powodowa\u0107 szkody w rolnictwie, sadownictwie oraz zagro\u017cenie dla wczesnej wegetacji. Lokalnie na p\u00f3\u0142nocnym wschodzie mo\u017cliwe s\u0105 tak\u017ce opady deszczu ze \u015bniegiem oraz okresami porywisty wiatr.\n<\/p>\n\n\n\n<p><strong>2. Aktualne ostrze\u017cenia meteorologiczne w podziale na regiony ostrze\u017ce\u0144 (w formacie: nazwa zjawiska\/stopie\u0144 zagro\u017cenia, czas wa\u017cno\u015bci od \u2013 do)<\/strong>\n<\/p>\n\n\n\n<p><strong>PRZYMROZKI \/ 1<\/strong>\n<\/p>\n\n\n\n<ol class=\"wp-block-list\">\n<li><strong>26.04, godz. 22:00 \u2013 27.04, godz. 07:30<\/strong>: ma\u0142opolskie \u2013 powiaty nowotarski i tatrza\u0144ski.<br><\/li>\n\n\n\n<li><strong>26.04, godz. 23:00 \u2013 27.04, godz. 07:30<\/strong>: \u0142\u00f3dzkie \u2013 ca\u0142e; mazowieckie \u2013 ca\u0142e; podlaskie \u2013 ca\u0142e; \u015bl\u0105skie \u2013 ca\u0142e; \u015bwi\u0119tokrzyskie \u2013 ca\u0142e; dolno\u015bl\u0105skie \u2013 ca\u0142e; kujawsko\u2011pomorskie \u2013 ca\u0142e; lubuskie \u2013 ca\u0142e; opolskie \u2013 ca\u0142e; pomorskie \u2013 ca\u0142e; warmi\u0144sko\u2011mazurskie \u2013 ca\u0142e; wielkopolskie \u2013 ca\u0142e; zachodniopomorskie \u2013 ca\u0142e; ma\u0142opolskie \u2013 wi\u0119kszo\u015b\u0107 powiat\u00f3w (wszystkie za wyj\u0105tkiem nowotarskiego i tatrza\u0144skiego).<br><\/li>\n\n\n\n<li><strong>27.04, godz. 01:00 \u2013 27.04, godz. 07:30<\/strong>: lubelskie \u2013 ca\u0142e; podkarpackie \u2013 ca\u0142e.<br><\/li>\n<\/ol>\n\n\n\n<p><a href=\"https:\/\/meteo.imgw.pl\/dyn\/index.html#osmet=true.\">https:\/\/meteo.imgw.pl\/dyn\/index.html#osmet=true.<\/a><\/p>\n\n\n\n<p><strong>3. Prognoza zagro\u017ce\u0144 na najbli\u017csze dni (doby dla poszczeg\u00f3lnych dni od 07:30 danego dnia do 07:30 dnia nast\u0119pnego)<\/strong>\n<\/p>\n\n\n\n<p><strong>27.04 (poniedzia\u0142ek)<\/strong>\n<\/p>\n\n\n\n<ol class=\"wp-block-list\">\n<li><strong>Przymrozki \/ 1<\/strong>: kujawsko\u2011pomorskie, lubelskie, \u0142\u00f3dzkie, ma\u0142opolskie, mazowieckie, podkarpackie, podlaskie, pomorskie, warmi\u0144sko\u2011mazurskie, wielkopolskie, zachodniopomorskie.<br><\/li>\n<\/ol>\n\n\n\n<p><strong>28.04 (wtorek)<\/strong>\n<\/p>\n\n\n\n<ol class=\"wp-block-list\">\n<li><strong>Przymrozki \/ 1<\/strong>: dolno\u015bl\u0105skie, kujawsko\u2011pomorskie, lubelskie, \u0142\u00f3dzkie, ma\u0142opolskie, mazowieckie, opolskie, podkarpackie, podlaskie, pomorskie, \u015bl\u0105skie, \u015bwi\u0119tokrzyskie, warmi\u0144sko\u2011mazurskie, wielkopolskie, zachodniopomorskie.<br><\/li>\n<\/ol>\n\n\n\n<p><strong>29.04 (\u015broda)<\/strong>\n<\/p>\n\n\n\n<ol class=\"wp-block-list\">\n<li><strong>Przymrozki \/ 1<\/strong>: dolno\u015bl\u0105skie, kujawsko\u2011pomorskie, lubelskie, lubuskie, \u0142\u00f3dzkie, ma\u0142opolskie, mazowieckie, opolskie, podkarpackie, podlaskie, pomorskie, \u015bl\u0105skie, \u015bwi\u0119tokrzyskie, warmi\u0144sko\u2011mazurskie, wielkopolskie, zachodniopomorskie.<br><\/li>\n<\/ol>\n\n\n\n<p><strong>30.04 (czwartek)<\/strong>\n<\/p>\n\n\n\n<ol class=\"wp-block-list\">\n<li><strong>Przymrozki \/ 1<\/strong>: ma\u0142opolskie, podkarpackie, warmi\u0144sko\u2011mazurskie.<br><\/li>\n<\/ol>\n\n\n\n<p><strong>Tendencja dalsza<\/strong>\n<\/p>\n\n\n\n<p>\n  Od 1.05 stopniowe ocieplenie; w dniach 2\u20133.05 pogodnie w ca\u0142ym kraju, bez zagro\u017ce\u0144 meteorologicznych, z temperatur\u0105 maksymaln\u0105 do 24\u201325\u00b0C na zachodzie.\n<\/p>\n\n\n\n<p><a href=\"https:\/\/meteo.imgw.pl\/dyn\/index.html#pronieb=true.\">https:\/\/meteo.imgw.pl\/dyn\/index.html#pronieb=true.<\/a><\/p>\n\n\n\n<p>\n  Mapa aktualnie obowi\u0105zuj\u0105cych ostrze\u017ce\u0144 meteorologicznych: o przymrozkach (PR). \n<\/p>\n\n\n\n<figure class=\"wp-block-image\"><img loading=\"lazy\" decoding=\"async\" width=\"706\" height=\"721\" src=\"https:\/\/imgw.pl\/wp-content\/uploads\/2026\/04\/word-image-24961-1.png\" alt=\"\" class=\"wp-image-24962\" srcset=\"https:\/\/imgw.pl\/wp-content\/uploads\/2026\/04\/word-image-24961-1.png 706w, https:\/\/imgw.pl\/wp-content\/uploads\/2026\/04\/word-image-24961-1-294x300.png 294w, https:\/\/imgw.pl\/wp-content\/uploads\/2026\/04\/word-image-24961-1-12x12.png 12w\" sizes=\"auto, (max-width: 706px) 100vw, 706px\" \/><\/figure>\n\n\n\n<p><\/p>\n\n\n\n<p><strong>Sytuacja hydrologiczna <\/strong>\n<\/p>\n\n\n\n<p>\n  Stan:26.04.2026 godz. 14:00 \n<\/p>\n\n\n\n<p>\n  Stan wody na rzekach w Polsce uk\u0142ada si\u0119 przede wszystkim w zakresie stan\u00f3w niskich (64%), lokalnie&nbsp;\u015brednich (34%), punktowo wysokich (2%) (rys. 1). Ubieg\u0142ej doby na rzekach obserwowane by\u0142y dalsze spadki i stabilizacja stanu wody. Wzd\u0142u\u017c Wybrze\u017ca wyst\u0105pi\u0142y g\u0142\u00f3wnie wahania i wzrosty w strefie stan\u00f3w \u015brednich, w zwi\u0105zku z silnym wiatrem z sektora p\u00f3\u0142nocnego. \n<\/p>\n\n\n\n<p>\n  Liczba stacji z przep\u0142ywem poni\u017cej SNQ wzros\u0142a dzi\u015b do 40 (o 1 stacj\u0119 w por\u00f3wnaniu do&nbsp;wczorajszej sytuacji hydrologicznej).\n<\/p>\n\n\n\n<p><strong>Na stacjach hydrologicznych w Polsce nie zanotowano przekroczenia stanu alarmowego lub ostrzegawczego.<\/strong>\n<\/p>\n\n\n\n<p><strong>Obowi\u0105zuj\u0105 ostrze\u017cenia hydrologiczne <\/strong>(rys. 2):\n<\/p>\n\n\n\n<p><strong>-susza hydrologiczna<\/strong>: zlewnia g\u00f3rnej Warty z Liswart\u0105 (\u0142\u00f3dzkie, \u015bl\u0105skie, opolskie), zlewnia g\u00f3rnej Noteci (wielkopolskie, kujawsko-pomorskie), Radomka (mazowieckie).\n<\/p>\n\n\n\n<p><strong>Pokrywa \u015bnie\u017cna<\/strong> wci\u0105\u017c utrzymuje si\u0119 w wy\u017cszych partiach g\u00f3r. W Tatrach na Kasprowym Wierchu 108 cm, a w Sudetach na \u015anie\u017cce jest to \u015bladowa pokrywa \u015bnie\u017cna.\n<\/p>\n\n\n\n<p><strong>Dzi\u015b <\/strong>sytuacja hydrologiczna pozostanie stabilna. Dominowa\u0107 b\u0119d\u0105 niewielkie spadki oraz&nbsp;wyr\u00f3wnany przebieg stanu wody w obecnych strefach stanu (g\u0142\u00f3wnie w strefie wody niskiej, lokalnie \u015bredniej, tylko punktowo wysokiej). \n<\/p>\n\n\n\n<p>\n  Na stacjach morskich sytuacja b\u0119dzie si\u0119 uspokaja\u0107; prognozowane s\u0105 wahania poziomu wody, z tendencj\u0105 spadkow\u0105.\n<\/p>\n\n\n\n<p><strong>W nadchodz\u0105cych dniach <\/strong>na rzekach przewiduje si\u0119 stabilizacj\u0119 oraz post\u0119puj\u0105c\u0105 tendencj\u0119 do opadania stanu wody do strefy niskiej.<strong> <\/strong>Pomimo och\u0142odzenia,<strong> <\/strong>zagro\u017cenie ni\u017c\u00f3wk\u0105 hydrologiczn\u0105 b\u0119dzie stopniowo wzrasta\u0107. Prognozowane s\u0105 tylko s\u0142abe opady, kt\u00f3re nie&nbsp;wp\u0142yn\u0105 znacz\u0105co na popraw\u0119 sytuacji hydrologicznej. W nadchodz\u0105cym tygodniu mo\u017ce zosta\u0107 wydane kolejne ostrze\u017cenie hydrologiczne przed susz\u0105 &#8211; dla zlewni Rudawy i Przyrzecza Wis\u0142y.\n<\/p>\n\n\n\n<p><strong>Aktualna sytuacja hydrologiczna, prognozy oraz ostrze\u017cenia dost\u0119pne zawsze w&nbsp;Serwisie hydrologicznym IMGW-PIB (<\/strong><a href=\"https:\/\/imgw-my.sharepoint.com\/personal\/centrumhydro_imgw_pl\/Documents\/Pliki%20z%20czat\u00f3w%20w%20aplikacji%20Microsoft%20Teams\/hydro.imgw.pl\"><strong>hydro.imgw.pl<\/strong><\/a><strong>).<\/strong>\n<\/p>\n\n\n\n<figure class=\"wp-block-image\"><img loading=\"lazy\" decoding=\"async\" width=\"254\" height=\"154\" src=\"https:\/\/imgw.pl\/wp-content\/uploads\/2026\/04\/obraz-zawierajacy-tekst-zrzut-ekranu-czcionka-a-57.png\" alt=\"Obraz zawieraj\u0105cy tekst, zrzut ekranu, Czcionka, algebraZawarto\u015b\u0107 wygenerowana przez AI mo\u017ce by\u0107 niepoprawna.\" class=\"wp-image-24963\" srcset=\"https:\/\/imgw.pl\/wp-content\/uploads\/2026\/04\/obraz-zawierajacy-tekst-zrzut-ekranu-czcionka-a-57.png 254w, https:\/\/imgw.pl\/wp-content\/uploads\/2026\/04\/obraz-zawierajacy-tekst-zrzut-ekranu-czcionka-a-57-18x12.png 18w\" sizes=\"auto, (max-width: 254px) 100vw, 254px\" \/><\/figure>\n\n\n\n<figure class=\"wp-block-image\"><img loading=\"lazy\" decoding=\"async\" width=\"583\" height=\"571\" src=\"https:\/\/imgw.pl\/wp-content\/uploads\/2026\/04\/word-image-24961-3.png\" alt=\"\" class=\"wp-image-24964\" srcset=\"https:\/\/imgw.pl\/wp-content\/uploads\/2026\/04\/word-image-24961-3.png 583w, https:\/\/imgw.pl\/wp-content\/uploads\/2026\/04\/word-image-24961-3-300x294.png 300w, https:\/\/imgw.pl\/wp-content\/uploads\/2026\/04\/word-image-24961-3-12x12.png 12w\" sizes=\"auto, (max-width: 583px) 100vw, 583px\" \/><\/figure>\n\n\n\n<p><\/p>\n\n\n\n<p>\n  Rys. 1. <a href=\"https:\/\/hydro.imgw.pl\/#\/map?warn=hydro&amp;bl=hydro&amp;tstp=24&amp;zo=6.92408502587485&amp;lo=21.0533&amp;la=52.0765&amp;omt=2&amp;ts=202603250900&amp;riv=true\">Stan wody na rzekach w Polsce<\/a>, stan na godz. 14:00 dnia 26.04.2026 r.\n<\/p>\n\n\n\n<figure class=\"wp-block-image\"><img loading=\"lazy\" decoding=\"async\" width=\"598\" height=\"589\" src=\"https:\/\/imgw.pl\/wp-content\/uploads\/2026\/04\/word-image-24961-4.png\" alt=\"\" class=\"wp-image-24965\" srcset=\"https:\/\/imgw.pl\/wp-content\/uploads\/2026\/04\/word-image-24961-4.png 598w, https:\/\/imgw.pl\/wp-content\/uploads\/2026\/04\/word-image-24961-4-300x295.png 300w, https:\/\/imgw.pl\/wp-content\/uploads\/2026\/04\/word-image-24961-4-12x12.png 12w\" sizes=\"auto, (max-width: 598px) 100vw, 598px\" \/><\/figure>\n\n\n\n<figure class=\"wp-block-image\"><img loading=\"lazy\" decoding=\"async\" width=\"196\" height=\"289\" src=\"https:\/\/imgw.pl\/wp-content\/uploads\/2026\/04\/obraz-zawierajacy-tekst-zrzut-ekranu-czcionka-d-6.png\" alt=\"Obraz zawieraj\u0105cy tekst, zrzut ekranu, Czcionka, dokumentZawarto\u015b\u0107 wygenerowana przez AI mo\u017ce by\u0107 niepoprawna., Obraz\" class=\"wp-image-24966\" srcset=\"https:\/\/imgw.pl\/wp-content\/uploads\/2026\/04\/obraz-zawierajacy-tekst-zrzut-ekranu-czcionka-d-6.png 196w, https:\/\/imgw.pl\/wp-content\/uploads\/2026\/04\/obraz-zawierajacy-tekst-zrzut-ekranu-czcionka-d-6-8x12.png 8w\" sizes=\"auto, (max-width: 196px) 100vw, 196px\" \/><\/figure>\n\n\n\n<p><\/p>\n\n\n\n<p>\n  Rys. 2. <a href=\"https:\/\/hydro.imgw.pl\/#\/map?warn=hydro&amp;bl=hydro&amp;tstp=24&amp;zo=6.92408502587485&amp;lo=19.189&amp;la=52.0195\">Ostrze\u017cenia hydrologiczne<\/a>, stan na godz. 14:00 dnia 26.04.2026 r.\n<\/p>\n\n\n\n<figure class=\"wp-block-image\"><img loading=\"lazy\" decoding=\"async\" width=\"598\" height=\"573\" src=\"https:\/\/imgw.pl\/wp-content\/uploads\/2026\/04\/word-image-24961-6.png\" alt=\"\" class=\"wp-image-24967\" srcset=\"https:\/\/imgw.pl\/wp-content\/uploads\/2026\/04\/word-image-24961-6.png 598w, https:\/\/imgw.pl\/wp-content\/uploads\/2026\/04\/word-image-24961-6-300x287.png 300w, https:\/\/imgw.pl\/wp-content\/uploads\/2026\/04\/word-image-24961-6-13x12.png 13w\" sizes=\"auto, (max-width: 598px) 100vw, 598px\" \/><\/figure>\n\n\n\n<figure class=\"wp-block-image\"><img loading=\"lazy\" decoding=\"async\" width=\"254\" height=\"154\" src=\"https:\/\/imgw.pl\/wp-content\/uploads\/2026\/04\/obraz-zawierajacy-tekst-zrzut-ekranu-czcionka-a-58.png\" alt=\"Obraz zawieraj\u0105cy tekst, zrzut ekranu, Czcionka, algebraZawarto\u015b\u0107 wygenerowana przez AI mo\u017ce by\u0107 niepoprawna.\" class=\"wp-image-24968\" srcset=\"https:\/\/imgw.pl\/wp-content\/uploads\/2026\/04\/obraz-zawierajacy-tekst-zrzut-ekranu-czcionka-a-58.png 254w, https:\/\/imgw.pl\/wp-content\/uploads\/2026\/04\/obraz-zawierajacy-tekst-zrzut-ekranu-czcionka-a-58-18x12.png 18w\" sizes=\"auto, (max-width: 254px) 100vw, 254px\" \/><\/figure>\n\n\n\n<p><\/p>\n\n\n\n<p>\n  Rys. 3. <a href=\"https:\/\/hydro.imgw.pl\/#\/map?warn=hydro&amp;bl=hydro&amp;tstp=24&amp;zo=6.92408502587485&amp;lo=20.2427&amp;la=52.1192&amp;ts=202603251300&amp;omt=2&amp;riv=true\">Prognoza hydrologiczna stanu wody<\/a>, godz. 08:00 dnia 27.04.2026 r.\n<\/p>\n\n\n\n<figure class=\"wp-block-image\"><img loading=\"lazy\" decoding=\"async\" width=\"254\" height=\"154\" src=\"https:\/\/imgw.pl\/wp-content\/uploads\/2026\/04\/obraz-zawierajacy-tekst-zrzut-ekranu-czcionka-a-59.png\" alt=\"Obraz zawieraj\u0105cy tekst, zrzut ekranu, Czcionka, algebraZawarto\u015b\u0107 wygenerowana przez AI mo\u017ce by\u0107 niepoprawna.\" class=\"wp-image-24969\" srcset=\"https:\/\/imgw.pl\/wp-content\/uploads\/2026\/04\/obraz-zawierajacy-tekst-zrzut-ekranu-czcionka-a-59.png 254w, https:\/\/imgw.pl\/wp-content\/uploads\/2026\/04\/obraz-zawierajacy-tekst-zrzut-ekranu-czcionka-a-59-18x12.png 18w\" sizes=\"auto, (max-width: 254px) 100vw, 254px\" \/><\/figure>\n\n\n\n<figure class=\"wp-block-image\"><img loading=\"lazy\" decoding=\"async\" width=\"592\" height=\"589\" src=\"https:\/\/imgw.pl\/wp-content\/uploads\/2026\/04\/word-image-24961-9.png\" alt=\"\" class=\"wp-image-24970\" srcset=\"https:\/\/imgw.pl\/wp-content\/uploads\/2026\/04\/word-image-24961-9.png 592w, https:\/\/imgw.pl\/wp-content\/uploads\/2026\/04\/word-image-24961-9-300x298.png 300w, https:\/\/imgw.pl\/wp-content\/uploads\/2026\/04\/word-image-24961-9-150x150.png 150w, https:\/\/imgw.pl\/wp-content\/uploads\/2026\/04\/word-image-24961-9-12x12.png 12w\" sizes=\"auto, (max-width: 592px) 100vw, 592px\" \/><\/figure>\n\n\n\n<p><\/p>\n\n\n\n<p>\n  <img loading=\"lazy\" decoding=\"async\" width=\"254\" height=\"154\" alt=\"Obraz zawieraj\u0105cy tekst, zrzut ekranu, Czcionka, algebraZawarto\u015b\u0107 wygenerowana przez AI mo\u017ce by\u0107 niepoprawna.\" src=\"https:\/\/imgw.pl\/wp-content\/uploads\/2026\/04\/obraz-zawierajacy-tekst-zrzut-ekranu-czcionka-a-60.png\" class=\"wp-image-24971\" srcset=\"https:\/\/imgw.pl\/wp-content\/uploads\/2026\/04\/obraz-zawierajacy-tekst-zrzut-ekranu-czcionka-a-60.png 254w, https:\/\/imgw.pl\/wp-content\/uploads\/2026\/04\/obraz-zawierajacy-tekst-zrzut-ekranu-czcionka-a-60-18x12.png 18w\" sizes=\"auto, (max-width: 254px) 100vw, 254px\" \/>\n   Rys. 4. <a href=\"https:\/\/hydro.imgw.pl\/#\/map?warn=hydro&amp;bl=hydro&amp;tstp=24&amp;zo=6.92408502587485&amp;lo=20.2427&amp;la=52.1192&amp;ts=202603251300&amp;omt=2&amp;riv=true\">Prognoza hydrologiczna stanu wody<\/a>, godz. 08:00 dnia 28.04.2026 r.\n  <br>\n  Opracowanie: Centrum Hydrologicznej Os\u0142ony Kraju IMGW-PIB\n<\/p>","protected":false},"excerpt":{"rendered":"<p>Sytuacja meteorologiczna Stan na 26.04.2026, godz. 18:00 \u2013 opracowanie Centrum Meteorologicznej Os\u0142ony Kraju IMGW-PIB W ci\u0105gu najbli\u017cszych nocy, szczeg\u00f3lnie od 26\/27.04 do 30.04, prognozowane s\u0105 liczne spadki temperatury powietrza poni\u017cej 0\u00b0C, miejscami do -4\u00b0C i -5\u00b0C (kotliny karpackie, wsch\u00f3d i centrum kraju). Zjawisko obejmuje znaczn\u0105 cz\u0119\u015b\u0107 Polski i mo\u017ce powodowa\u0107 szkody w rolnictwie, sadownictwie oraz [&hellip;]<\/p>\n","protected":false},"author":12,"featured_media":24970,"comment_status":"closed","ping_status":"closed","sticky":false,"template":"","format":"standard","meta":{"footnotes":""},"categories":[5],"tags":[],"class_list":["post-24961","post","type-post","status-publish","format-standard","has-post-thumbnail","hentry","category-aktualnosci"],"_links":{"self":[{"href":"https:\/\/imgw.pl\/en\/wp-json\/wp\/v2\/posts\/24961","targetHints":{"allow":["GET"]}}],"collection":[{"href":"https:\/\/imgw.pl\/en\/wp-json\/wp\/v2\/posts"}],"about":[{"href":"https:\/\/imgw.pl\/en\/wp-json\/wp\/v2\/types\/post"}],"author":[{"embeddable":true,"href":"https:\/\/imgw.pl\/en\/wp-json\/wp\/v2\/users\/12"}],"replies":[{"embeddable":true,"href":"https:\/\/imgw.pl\/en\/wp-json\/wp\/v2\/comments?post=24961"}],"version-history":[{"count":1,"href":"https:\/\/imgw.pl\/en\/wp-json\/wp\/v2\/posts\/24961\/revisions"}],"predecessor-version":[{"id":24972,"href":"https:\/\/imgw.pl\/en\/wp-json\/wp\/v2\/posts\/24961\/revisions\/24972"}],"wp:featuredmedia":[{"embeddable":true,"href":"https:\/\/imgw.pl\/en\/wp-json\/wp\/v2\/media\/24970"}],"wp:attachment":[{"href":"https:\/\/imgw.pl\/en\/wp-json\/wp\/v2\/media?parent=24961"}],"wp:term":[{"taxonomy":"category","embeddable":true,"href":"https:\/\/imgw.pl\/en\/wp-json\/wp\/v2\/categories?post=24961"},{"taxonomy":"post_tag","embeddable":true,"href":"https:\/\/imgw.pl\/en\/wp-json\/wp\/v2\/tags?post=24961"}],"curies":[{"name":"wp","href":"https:\/\/api.w.org\/{rel}","templated":true}]}}