{"id":24973,"date":"2026-04-27T12:04:07","date_gmt":"2026-04-27T10:04:07","guid":{"rendered":"https:\/\/imgw.pl\/?p=24973"},"modified":"2026-04-27T12:09:01","modified_gmt":"2026-04-27T10:09:01","slug":"prognoza-pogody-na-tydzien-27-04-03-05-2026","status":"publish","type":"post","link":"https:\/\/imgw.pl\/en\/prognoza-pogody-na-tydzien-27-04-03-05-2026\/","title":{"rendered":"Prognoza pogody na tydzie\u0144 27.04. \u2013 03.05.2026"},"content":{"rendered":"<p><strong>Pocz\u0105tek tygodnia b\u0119dzie ch\u0142odny, szczeg\u00f3lnie nocami, ale jednocze\u015bnie pogodny, tylko chwilami z&nbsp;porywistym wiatrem, a we wschodniej po\u0142owie kraju r\u00f3wnie\u017c z przelotnym deszczem, na&nbsp;p\u00f3\u0142nocnym wschodzie okresami te\u017c deszczem ze \u015bniegiem. Pierwsze dni maja powinny przynie\u015b\u0107 popraw\u0119 pogody \u2013 zacznie robi\u0107 si\u0119 cieplej, nie zabraknie s\u0142o\u0144ca, a przelotny deszcz okresami pada\u0107 b\u0119dzie jedynie na wschodzie i po\u0142udniowym wschodzie kraju.<\/strong><\/p>\n\n\n\n<figure class=\"wp-block-image size-full\"><img loading=\"lazy\" decoding=\"async\" width=\"727\" height=\"724\" src=\"https:\/\/imgw.pl\/wp-content\/uploads\/2026\/04\/IMGW_0427_Synoptyczna-Prognoza-pogody-na-tydzien-27.04-03.05.2026-rys.1.png\" alt=\"\" class=\"wp-image-24974\" srcset=\"https:\/\/imgw.pl\/wp-content\/uploads\/2026\/04\/IMGW_0427_Synoptyczna-Prognoza-pogody-na-tydzien-27.04-03.05.2026-rys.1.png 727w, https:\/\/imgw.pl\/wp-content\/uploads\/2026\/04\/IMGW_0427_Synoptyczna-Prognoza-pogody-na-tydzien-27.04-03.05.2026-rys.1-300x300.png 300w, https:\/\/imgw.pl\/wp-content\/uploads\/2026\/04\/IMGW_0427_Synoptyczna-Prognoza-pogody-na-tydzien-27.04-03.05.2026-rys.1-150x150.png 150w, https:\/\/imgw.pl\/wp-content\/uploads\/2026\/04\/IMGW_0427_Synoptyczna-Prognoza-pogody-na-tydzien-27.04-03.05.2026-rys.1-12x12.png 12w\" sizes=\"auto, (max-width: 727px) 100vw, 727px\" \/><\/figure>\n\n\n\n<p class=\"has-small-font-size\">Rys.1. Synoptyczna Prognoza pogody na tydzie\u0144 20-26.04.2026<\/p>\n\n\n\n<p><strong>Poniedzia\u0142ek <\/strong>b\u0119dzie pogodny, tylko na Suwalszczy\u017anie oraz Mazurach chmur chwilami b\u0119dzie wi\u0119cej i\u00a0miejscami popada tam przelotny deszcz i deszcz ze \u015bniegiem. Najch\u0142odniej nad morzem i na p\u00f3\u0142nocnym wschodzie, od 8\u00b0C do 10\u00b0C, najcieplej\u00a0 na zachodzie, do oko\u0142o 15\u00b0C oraz 16\u00b0C miejscami na po\u0142udniu. Wiatr s\u0142aby i umiarkowany, we wschodniej po\u0142owie kraju okresami porywisty, p\u00f3\u0142nocno-zachodni.<\/p>\n\n\n\n<p>Noc z <strong>poniedzia\u0142ku na wtorek<\/strong> najch\u0142odniejsza na p\u00f3\u0142nocy, wschodzie oraz w centrum kraju, od \u20134\u00b0C do 0\u00b0C, na pozosta\u0142ym obszarze od 1\u00b0C do 4\u00b0C.<\/p>\n\n\n\n<p><strong>Wtorek<\/strong> na przewa\u017caj\u0105cym obszarze kraju pogodny, tylko na p\u00f3\u0142nocnym wschodzie zachmurzenie okresami du\u017ce i tam miejscami pada\u0107 b\u0119dzie przelotny deszcz, a na Suwalszczy\u017anie te\u017c deszcz ze&nbsp;\u015bniegiem. W najcieplejszym momencie dnia od 7-9\u00b0C na p\u00f3\u0142nocy i p\u00f3\u0142nocnym wschodzie, w&nbsp;centrum oko\u0142o 11\u00b0C, do 15\u00b0C miejscami na zachodzie i po\u0142udniu. Wiatr b\u0119dzie s\u0142aby i umiarkowany, w p\u00f3\u0142nocno-wschodniej po\u0142owie kraju oraz miejscami w centrum porywisty, z kierunk\u00f3w p\u00f3\u0142nocnych.<\/p>\n\n\n\n<p>Po kolejnej ch\u0142odnej nocy, kiedy to temperatura powietrza spadnie poni\u017cej 0\u00b0C w praktycznie ca\u0142ym kraju, za wyj\u0105tkiem zachodu i po\u0142udniowego zachodu, <strong>\u015broda <\/strong>przyniesie zachmurzenie umiarkowane, kt\u00f3re na wschodzie okresami b\u0119dzie wzrasta\u0107 do du\u017cego i tam miejscami wyst\u0105pi przelotny deszcz, a&nbsp;na kra\u0144cach wschodnich r\u00f3wnie\u017c deszcz ze \u015bniegiem. Temperatura maksymalna od 8\u00b0C na&nbsp;wschodzie do 13-15\u00b0C na zachodzie; ch\u0142odniej tylko na Podhalu i nad morzem, od 6\u00b0C do 8\u00b0C. Wiatr s\u0142aby i umiarkowany, na po\u0142udniu i w centrum kraju porywisty, wia\u0142 b\u0119dzie z p\u00f3\u0142nocy i&nbsp;p\u00f3\u0142nocnego-wschodu.<\/p>\n\n\n\n<p>W nocy ze <strong>\u015brody na czwartek <\/strong>bez przymrozk\u00f3w tylko na Nizinie Szczeci\u0144skiej, temperatura minimalna od -4\u00b0C do 0\u00b0C.<\/p>\n\n\n\n<p>W <strong>czwartek <\/strong>na og\u00f3\u0142 pogodnie, tylko na p\u00f3\u0142nocnym wschodzie okresami wi\u0119cej chmur i tam mo\u017cliwy s\u0142aby deszcz. Najch\u0142odniej na p\u00f3\u0142nocnym wschodzie i Podhalu, od 6\u00b0C do 8\u00b0C, najcieplej na zachodzie, oko\u0142o 15\u00b0C oraz Nizinie Szczeci\u0144skiej, do 17\u00b0C. Wiatr b\u0119dzie s\u0142aby, tylko nad morzem miejscami umiarkowany, z p\u00f3\u0142nocy i p\u00f3\u0142nocnego zachodu, miejscami zachodni.<\/p>\n\n\n\n<p>W nocy z <strong>czwartku na pi\u0105tek<\/strong> przymrozki najprawdopodobniej ju\u017c tylko na p\u00f3\u0142nocnym wschodzie oraz obszarach podg\u00f3rskich w Karpatach.<\/p>\n\n\n\n<p>W <strong>pi\u0105tek<\/strong> ponownie pogodnie, tylko na kra\u0144cach wschodnich Podlasia i Suwalszczyzny oraz na&nbsp;obszarach podg\u00f3rskich w Karpatach&nbsp;okresami wi\u0119cej chmur i mo\u017cliwy s\u0142aby przelotny deszcz. W&nbsp;ca\u0142ym kraju zacznie robi\u0107 si\u0119 cieplej \u2013 temperatura maksymalna od 13\u00b0C na wschodzie do 20-21\u00b0C na&nbsp;zachodzie; ch\u0142odniej nad morzem i na Podhalu, od 11\u00b0C do 12\u00b0C. Wiatr b\u0119dzie&nbsp; s\u0142aby, z kierunk\u00f3w p\u00f3\u0142nocnych.<\/p>\n\n\n\n<p><strong>Sobota<\/strong> mo\u017ce by\u0107 jeszcze cieplejsza i bardziej s\u0142oneczna. Nieco wi\u0119cej chmur tylko na po\u0142udniowym wschodzie i tam mo\u017ce pada\u0107 przelotny deszcz. Tam te\u017c b\u0119dzie najch\u0142odniej, temperatura maksymalna od 11\u00b0C do 16\u00b0C. Na pozosta\u0142ym obszarze w najcieplejszym momencie dnia od 18\u00b0C na wschodzie, oko\u0142o 20\u00b0C w centrum, do 22\u00b0C na zachodzie. Wiatr b\u0119dzie na og\u00f3\u0142 s\u0142aby, tylko na po\u0142udniowym wschodzie umiarkowany i porywisty, na zachodzie z kierunk\u00f3w po\u0142udniowych, na pozosta\u0142ym obszarze z kierunk\u00f3w p\u00f3\u0142nocnych.&nbsp;<\/p>\n\n\n\n<p>W <strong>niedziel\u0119<\/strong> s\u0142onecznie i pogodnie mo\u017ce ju\u017c by\u0107 w ca\u0142ym kraju. Na termometrach maksymalnie w&nbsp;dzie\u0144 od 16\u00b0C na Podhalu i po\u0142udniowym wschodzie, oko\u0142o 21\u00b0C w centrum, do 24-25\u00b0C na&nbsp;zachodzie. Wiatr s\u0142aby, tylko na P\u00f3\u0142wyspie Helskim umiarkowany i do\u015b\u0107 silny, po\u0142udniowo-wschodni i wschodni, na p\u00f3\u0142nocy po\u0142udniowy.<\/p>\n\n\n\n<figure class=\"wp-block-image size-full\"><img loading=\"lazy\" decoding=\"async\" width=\"600\" height=\"886\" src=\"https:\/\/imgw.pl\/wp-content\/uploads\/2026\/04\/IMGW_0427_Synoptyczna-Prognoza-pogody-na-tydzien-27.04-03.05.2026-rys.2.jpg\" alt=\"\" class=\"wp-image-24975\" srcset=\"https:\/\/imgw.pl\/wp-content\/uploads\/2026\/04\/IMGW_0427_Synoptyczna-Prognoza-pogody-na-tydzien-27.04-03.05.2026-rys.2.jpg 600w, https:\/\/imgw.pl\/wp-content\/uploads\/2026\/04\/IMGW_0427_Synoptyczna-Prognoza-pogody-na-tydzien-27.04-03.05.2026-rys.2-203x300.jpg 203w, https:\/\/imgw.pl\/wp-content\/uploads\/2026\/04\/IMGW_0427_Synoptyczna-Prognoza-pogody-na-tydzien-27.04-03.05.2026-rys.2-8x12.jpg 8w\" sizes=\"auto, (max-width: 600px) 100vw, 600px\" \/><\/figure>\n\n\n\n<p class=\"has-small-font-size\">Rys.2. Synoptyczna Prognoza pogody na tydzie\u0144 27.04-03.05.2026,&nbsp; fot. Sandra Sowi\u0144ska-Pazio<\/p>\n\n\n\n<div class=\"wp-block-file\"><a id=\"wp-block-file--media-b155d26e-8de9-48a3-908e-f1fad8426b3c\" href=\"https:\/\/imgw.pl\/wp-content\/uploads\/2026\/04\/IMGW_0427_Synoptyczna-Prognoza-pogody-na-tydzien-27-04.05.2026.pdf\">IMGW_0427_Synoptyczna Prognoza pogody na tydzie\u0144 27-04.05.2026 (pdf)<\/a><a href=\"https:\/\/imgw.pl\/wp-content\/uploads\/2026\/04\/IMGW_0427_Synoptyczna-Prognoza-pogody-na-tydzien-27-04.05.2026.pdf\" class=\"wp-block-file__button wp-element-button\" download aria-describedby=\"wp-block-file--media-b155d26e-8de9-48a3-908e-f1fad8426b3c\">Pobierz<\/a><\/div>","protected":false},"excerpt":{"rendered":"<p>Pocz\u0105tek tygodnia b\u0119dzie ch\u0142odny, szczeg\u00f3lnie nocami, ale jednocze\u015bnie pogodny, tylko chwilami z&nbsp;porywistym wiatrem, a we wschodniej po\u0142owie kraju r\u00f3wnie\u017c z przelotnym deszczem, na&nbsp;p\u00f3\u0142nocnym wschodzie okresami te\u017c deszczem ze \u015bniegiem. Pierwsze dni maja powinny przynie\u015b\u0107 popraw\u0119 pogody \u2013 zacznie robi\u0107 si\u0119 cieplej, nie zabraknie s\u0142o\u0144ca, a przelotny deszcz okresami pada\u0107 b\u0119dzie jedynie na wschodzie i po\u0142udniowym [&hellip;]<\/p>\n","protected":false},"author":2,"featured_media":24975,"comment_status":"closed","ping_status":"closed","sticky":false,"template":"","format":"standard","meta":{"footnotes":""},"categories":[5],"tags":[35],"class_list":["post-24973","post","type-post","status-publish","format-standard","has-post-thumbnail","hentry","category-aktualnosci","tag-prognoza"],"_links":{"self":[{"href":"https:\/\/imgw.pl\/en\/wp-json\/wp\/v2\/posts\/24973","targetHints":{"allow":["GET"]}}],"collection":[{"href":"https:\/\/imgw.pl\/en\/wp-json\/wp\/v2\/posts"}],"about":[{"href":"https:\/\/imgw.pl\/en\/wp-json\/wp\/v2\/types\/post"}],"author":[{"embeddable":true,"href":"https:\/\/imgw.pl\/en\/wp-json\/wp\/v2\/users\/2"}],"replies":[{"embeddable":true,"href":"https:\/\/imgw.pl\/en\/wp-json\/wp\/v2\/comments?post=24973"}],"version-history":[{"count":2,"href":"https:\/\/imgw.pl\/en\/wp-json\/wp\/v2\/posts\/24973\/revisions"}],"predecessor-version":[{"id":24978,"href":"https:\/\/imgw.pl\/en\/wp-json\/wp\/v2\/posts\/24973\/revisions\/24978"}],"wp:featuredmedia":[{"embeddable":true,"href":"https:\/\/imgw.pl\/en\/wp-json\/wp\/v2\/media\/24975"}],"wp:attachment":[{"href":"https:\/\/imgw.pl\/en\/wp-json\/wp\/v2\/media?parent=24973"}],"wp:term":[{"taxonomy":"category","embeddable":true,"href":"https:\/\/imgw.pl\/en\/wp-json\/wp\/v2\/categories?post=24973"},{"taxonomy":"post_tag","embeddable":true,"href":"https:\/\/imgw.pl\/en\/wp-json\/wp\/v2\/tags?post=24973"}],"curies":[{"name":"wp","href":"https:\/\/api.w.org\/{rel}","templated":true}]}}