{"id":24993,"date":"2026-04-27T17:20:41","date_gmt":"2026-04-27T15:20:41","guid":{"rendered":"https:\/\/imgw.pl\/?p=24993"},"modified":"2026-04-27T17:20:42","modified_gmt":"2026-04-27T15:20:42","slug":"aktualna-i-prognozowana-sytuacja-meteorologiczna-i-hydrologiczna-raport-nr-103","status":"publish","type":"post","link":"https:\/\/imgw.pl\/en\/aktualna-i-prognozowana-sytuacja-meteorologiczna-i-hydrologiczna-raport-nr-103\/","title":{"rendered":"Aktualna i prognozowana sytuacja meteorologiczna i hydrologiczna \u2013 raport nr 103"},"content":{"rendered":"<p><strong>Aktualna i prognozowana sytuacja meteorologiczna i hydrologiczna \u2013 raport nr 103<\/strong>\n<\/p>\n\n\n\n<p><strong>Sytuacja meteorologiczna <\/strong>\n<\/p>\n\n\n\n<p><a id=\"post-24993-_Hlk221189303\"><\/a>\n  Stan na 27.04.2026, godz. 17:00 \u2013 opracowanie Centrum Meteorologicznej Os\u0142ony Kraju IMGW-PIB\n<\/p>\n\n\n\n<ol class=\"wp-block-list\">\n<li><strong>Najwa\u017cniejsze zagro\u017cenia: PRZYMROZKI<\/strong><br><\/li>\n<\/ol>\n\n\n\n<p>\n  W okresie od <strong>27\/28.04 do 01.05.2026<\/strong> prognozowane s\u0105 nocne spadki temperatury poni\u017cej 0\u00b0C, lokalnie do <strong>-4\u00b0C<\/strong>, a <strong>przy gruncie nawet do -6\u00b0C<\/strong>, szczeg\u00f3lnie w p\u00f3\u0142nocnej, wschodniej i centralnej cz\u0119\u015bci kraju oraz na terenach podg\u00f3rskich. Zagro\u017cenie istotne dla rolnictwa, sadownictwa oraz infrastruktury wra\u017cliwej na mr\u00f3z. Dodatkowo lokalnie mo\u017cliwe <strong>s\u0142abe opady deszczu ze \u015bniegiem i \u015bniegu<\/strong> (p\u00f3\u0142noc i wsch\u00f3d kraju) oraz <strong>porywisty wiatr<\/strong> na p\u00f3\u0142nocnym wschodzie i w Sudetach (porywy do 70 km\/h w partiach szczytowych).\n<\/p>\n\n\n\n<p><strong>2. Aktualne ostrze\u017cenia meteorologiczne w podziale na regiony ostrze\u017ce\u0144 (w formacie: nazwa zjawiska\/stopie\u0144 zagro\u017cenia, czas wa\u017cno\u015bci od \u2013 do)<\/strong>\n<\/p>\n\n\n\n<p><strong>PRZYMROZKI \/ 1<\/strong> \u2013 <strong>27.04.2026, godz. 22:00 \u2013 28.04.2026, godz. 07:00:<\/strong>\n<\/p>\n\n\n\n<p><strong>lubuskie<\/strong>: gorzowski, Gorz\u00f3w Wielkopolski, mi\u0119dzyrzecki, s\u0142ubicki, strzelecko\u2011drezdenecki, sul\u0119ci\u0144ski, \u015bwiebodzi\u0144ski;  <strong>\u0142\u00f3dzkie<\/strong>: wszystkie powiaty; <strong>podkarpackie<\/strong>: wszystkie powiaty; <strong>\u015bl\u0105skie<\/strong>: bielski, cieszy\u0144ski, \u017cywiecki; <strong>\u015bwi\u0119tokrzyskie<\/strong>: wszystkie powiaty; <strong>wielkopolskie<\/strong>: wszystkie powiaty; <strong>zachodniopomorskie<\/strong>: wszystkie powiaty; <strong>dolno\u015bl\u0105skie<\/strong>: Jelenia G\u00f3ra, kamiennog\u00f3rski, karkonoski, k\u0142odzki, luba\u0144ski, lw\u00f3wecki, wa\u0142brzyski, zgorzelecki; <strong>kujawsko\u2011pomorskie<\/strong>: wszystkie powiaty; <strong>lubelskie<\/strong>: wszystkie powiaty; <strong>ma\u0142opolskie<\/strong>: gorlicki, limanowski, nowos\u0105decki, nowotarski, Nowy S\u0105cz, suski, tatrza\u0144ski; <strong>mazowieckie<\/strong>: wszystkie powiaty; <strong>podlaskie<\/strong>: wszystkie powiaty; <strong>pomorskie<\/strong>: wszystkie powiaty; <strong>warmi\u0144sko\u2011mazurskie<\/strong>: wszystkie powiaty.\n<\/p>\n\n\n\n<p><a href=\"https:\/\/meteo.imgw.pl\/dyn\/index.html#osmet=true.\">https:\/\/meteo.imgw.pl\/dyn\/index.html#osmet=true.<\/a><\/p>\n\n\n\n<p><strong>3. Prognoza zagro\u017ce\u0144 na najbli\u017csze dni (doby dla poszczeg\u00f3lnych dni od 07:30 danego dnia do 07:30 dnia nast\u0119pnego)<\/strong>\n<\/p>\n\n\n\n<p><strong>28.04 (wtorek)<\/strong>\n<\/p>\n\n\n\n<ol class=\"wp-block-list\">\n<li><strong>Przymrozki \/ 1<\/strong>: dolno\u015bl\u0105skie, kujawsko\u2011pomorskie, lubelskie, lubuskie, ma\u0142opolskie, mazowieckie, opolskie, podkarpackie, podlaskie, pomorskie, \u015bl\u0105skie, \u015bwi\u0119tokrzyskie, warmi\u0144sko\u2011mazurskie, wielkopolskie, zachodniopomorskie.<br><\/li>\n<\/ol>\n\n\n\n<p><strong>29.04 (\u015broda)<\/strong>\n<\/p>\n\n\n\n<ol class=\"wp-block-list\">\n<li><strong>Przymrozki \/ 1<\/strong>: dolno\u015bl\u0105skie, kujawsko\u2011pomorskie, lubelskie, lubuskie, \u0142\u00f3dzkie, ma\u0142opolskie, mazowieckie, opolskie, podkarpackie, podlaskie, pomorskie, \u015bl\u0105skie, \u015bwi\u0119tokrzyskie, warmi\u0144sko\u2011mazurskie, wielkopolskie, zachodniopomorskie.<br><\/li>\n<\/ol>\n\n\n\n<p><strong>30.04 (czwartek)<\/strong>\n<\/p>\n\n\n\n<ol class=\"wp-block-list\">\n<li><strong>Przymrozki \/ 1<\/strong>: ma\u0142opolskie, mazowieckie, podkarpackie, podlaskie, warmi\u0144sko\u2011mazurskie.<br><\/li>\n<\/ol>\n\n\n\n<p><strong>01.05 (pi\u0105tek)<\/strong>\n<\/p>\n\n\n\n<ol class=\"wp-block-list\">\n<li><strong>Przymrozki \/ 1<\/strong>: ma\u0142opolskie, podkarpackie.<br><\/li>\n<\/ol>\n\n\n\n<p><strong>Tendencja dalsza<\/strong>\n<\/p>\n\n\n\n<p>\n  Wyra\u017ane ocieplenie \u2013 w ci\u0105gu dnia temperatury 20\u201326\u00b0C, nocami dodatnie. Lokalnie przelotne opady deszczu i burze (szczeg\u00f3lnie 03\/04.05 na p\u00f3\u0142nocy, zachodzie i w centrum). Nad morzem okresowo ch\u0142odniej.\n<\/p>\n\n\n\n<p><a href=\"https:\/\/meteo.imgw.pl\/dyn\/index.html#pronieb=true.\">https:\/\/meteo.imgw.pl\/dyn\/index.html#pronieb=true.<\/a><\/p>\n\n\n\n<p>\n  Mapa aktualnie obowi\u0105zuj\u0105cych ostrze\u017ce\u0144 meteorologicznych: o przymrozkach (PR). \n<\/p>\n\n\n\n<figure class=\"wp-block-image\"><img loading=\"lazy\" decoding=\"async\" width=\"700\" height=\"712\" src=\"https:\/\/imgw.pl\/wp-content\/uploads\/2026\/04\/word-image-24993-1.png\" alt=\"\" class=\"wp-image-24994\" srcset=\"https:\/\/imgw.pl\/wp-content\/uploads\/2026\/04\/word-image-24993-1.png 700w, https:\/\/imgw.pl\/wp-content\/uploads\/2026\/04\/word-image-24993-1-295x300.png 295w, https:\/\/imgw.pl\/wp-content\/uploads\/2026\/04\/word-image-24993-1-12x12.png 12w\" sizes=\"auto, (max-width: 700px) 100vw, 700px\" \/><\/figure>\n\n\n\n<p><\/p>\n\n\n\n<p><strong>Sytuacja hydrologiczna <\/strong>\n<\/p>\n\n\n\n<p>\n  Stan:27.04.2026 godz. 14:00 \n<\/p>\n\n\n\n<p>\n  Stan wody na rzekach w Polsce uk\u0142ada si\u0119 przede wszystkim w strefie stan\u00f3w niskich (66%), lokalnie&nbsp;\u015brednich (32%), punktowo wysokich (2%) (rys. 1). Ubieg\u0142ej doby na rzekach obserwowane by\u0142y g\u0142\u00f3wnie dalsze spadki i stabilizacja stanu wody. Wzd\u0142u\u017c Wybrze\u017ca wyst\u0105pi\u0142y wahania w strefie stan\u00f3w \u015brednich. \n<\/p>\n\n\n\n<p>\n  Liczba stacji z przep\u0142ywem poni\u017cej SNQ wzros\u0142a dzi\u015b do 46 (o 6 stacji w por\u00f3wnaniu do&nbsp;wczorajszej sytuacji hydrologicznej).\n<\/p>\n\n\n\n<p><strong>Na stacjach hydrologicznych w Polsce nie zanotowano przekroczenia stanu alarmowego lub ostrzegawczego.<\/strong>\n<\/p>\n\n\n\n<p><strong>Obowi\u0105zuj\u0105 ostrze\u017cenia hydrologiczne <\/strong>(rys. 2):\n<\/p>\n\n\n\n<p><strong>-susza hydrologiczna<\/strong>: zlewnia g\u00f3rnej Warty z Liswart\u0105 (\u0142\u00f3dzkie, \u015bl\u0105skie, opolskie), zlewnia g\u00f3rnej Noteci (wielkopolskie, kujawsko-pomorskie), Radomka (mazowieckie).\n<\/p>\n\n\n\n<p><strong>Pokrywa \u015bnie\u017cna<\/strong> utrzymuje si\u0119 jedynie w wy\u017cszych partiach g\u00f3r. W Tatrach na Kasprowym Wierchu 108 cm, a w Sudetach na \u015anie\u017cce \u015bnieg wyst\u0119puje ju\u017c tylko w p\u0142atach.\n<\/p>\n\n\n\n<p><strong>Dzi\u015b <\/strong>sytuacja hydrologiczna pozostanie stabilna. Dominowa\u0107 b\u0119d\u0105 niewielkie spadki oraz&nbsp;wyr\u00f3wnany przebieg stanu wody w obecnych strefach stanu (g\u0142\u00f3wnie w strefie wody niskiej, lokalnie \u015bredniej, tylko punktowo wysokiej). \n<\/p>\n\n\n\n<p>\n  Na stacjach morskich prognozowane s\u0105 wahania poziomu wody, z tendencj\u0105 spadkow\u0105.\n<\/p>\n\n\n\n<p><strong>W nadchodz\u0105cych dniach <\/strong>na rzekach przewiduje si\u0119 stabilizacj\u0119 oraz dalsz\u0105 tendencj\u0119 spadkow\u0105 stanu wody g\u0142\u00f3wnie w strefie wody niskiej i \u015bredniej.<strong> <\/strong>Pomimo och\u0142odzenia,<strong> <\/strong>zagro\u017cenie ni\u017c\u00f3wk\u0105 hydrologiczn\u0105 b\u0119dzie stopniowo wzrasta\u0107. Prognozowane s\u0105 tylko s\u0142abe opady, kt\u00f3re nie&nbsp;wp\u0142yn\u0105 znacz\u0105co na popraw\u0119 sytuacji hydrologicznej. W nadchodz\u0105cym tygodniu mog\u0105 zosta\u0107 wydane kolejne ostrze\u017cenie hydrologiczne przed susz\u0105.\n<\/p>\n\n\n\n<p><strong>Aktualna sytuacja hydrologiczna, prognozy oraz ostrze\u017cenia dost\u0119pne zawsze w&nbsp;Serwisie hydrologicznym IMGW-PIB (<\/strong><a href=\"https:\/\/imgw-my.sharepoint.com\/personal\/centrumhydro_imgw_pl\/Documents\/Pliki%20z%20czat\u00f3w%20w%20aplikacji%20Microsoft%20Teams\/hydro.imgw.pl\"><strong>hydro.imgw.pl<\/strong><\/a><strong>).<\/strong>\n<\/p>\n\n\n\n<figure class=\"wp-block-image\"><img loading=\"lazy\" decoding=\"async\" width=\"254\" height=\"154\" src=\"https:\/\/imgw.pl\/wp-content\/uploads\/2026\/04\/obraz-zawierajacy-tekst-zrzut-ekranu-czcionka-a-61.png\" alt=\"Obraz zawieraj\u0105cy tekst, zrzut ekranu, Czcionka, algebraZawarto\u015b\u0107 wygenerowana przez AI mo\u017ce by\u0107 niepoprawna.\" class=\"wp-image-24995\" srcset=\"https:\/\/imgw.pl\/wp-content\/uploads\/2026\/04\/obraz-zawierajacy-tekst-zrzut-ekranu-czcionka-a-61.png 254w, https:\/\/imgw.pl\/wp-content\/uploads\/2026\/04\/obraz-zawierajacy-tekst-zrzut-ekranu-czcionka-a-61-18x12.png 18w\" sizes=\"auto, (max-width: 254px) 100vw, 254px\" \/><\/figure>\n\n\n\n<figure class=\"wp-block-image\"><img loading=\"lazy\" decoding=\"async\" width=\"592\" height=\"562\" src=\"https:\/\/imgw.pl\/wp-content\/uploads\/2026\/04\/word-image-24993-3.png\" alt=\"\" class=\"wp-image-24996\" srcset=\"https:\/\/imgw.pl\/wp-content\/uploads\/2026\/04\/word-image-24993-3.png 592w, https:\/\/imgw.pl\/wp-content\/uploads\/2026\/04\/word-image-24993-3-300x285.png 300w, https:\/\/imgw.pl\/wp-content\/uploads\/2026\/04\/word-image-24993-3-13x12.png 13w\" sizes=\"auto, (max-width: 592px) 100vw, 592px\" \/><\/figure>\n\n\n\n<p><\/p>\n\n\n\n<p>\n  Rys. 1. <a href=\"https:\/\/hydro.imgw.pl\/&quot; \\l &quot;\/map?warn=hydro&amp;bl=hydro&amp;tstp=24&amp;zo=6.92408502587485&amp;lo=21.0533&amp;la=52.0765&amp;omt=2&amp;ts=202603250900&amp;riv=true\">Stan wody na rzekach w Polsce<\/a>, stan na godz. 14:00 dnia 27.04.2026 r.\n<\/p>\n\n\n\n<figure class=\"wp-block-image\"><img loading=\"lazy\" decoding=\"async\" width=\"795\" height=\"685\" src=\"https:\/\/imgw.pl\/wp-content\/uploads\/2026\/04\/word-image-24993-4.png\" alt=\"\" class=\"wp-image-24997\" srcset=\"https:\/\/imgw.pl\/wp-content\/uploads\/2026\/04\/word-image-24993-4.png 795w, https:\/\/imgw.pl\/wp-content\/uploads\/2026\/04\/word-image-24993-4-300x258.png 300w, https:\/\/imgw.pl\/wp-content\/uploads\/2026\/04\/word-image-24993-4-768x662.png 768w, https:\/\/imgw.pl\/wp-content\/uploads\/2026\/04\/word-image-24993-4-14x12.png 14w\" sizes=\"auto, (max-width: 795px) 100vw, 795px\" \/><\/figure>\n\n\n\n<figure class=\"wp-block-image\"><img loading=\"lazy\" decoding=\"async\" width=\"196\" height=\"289\" src=\"https:\/\/imgw.pl\/wp-content\/uploads\/2026\/04\/obraz-zawierajacy-tekst-zrzut-ekranu-czcionka-d-7.png\" alt=\"Obraz zawieraj\u0105cy tekst, zrzut ekranu, Czcionka, dokumentZawarto\u015b\u0107 wygenerowana przez AI mo\u017ce by\u0107 niepoprawna., Obraz\" class=\"wp-image-24998\" srcset=\"https:\/\/imgw.pl\/wp-content\/uploads\/2026\/04\/obraz-zawierajacy-tekst-zrzut-ekranu-czcionka-d-7.png 196w, https:\/\/imgw.pl\/wp-content\/uploads\/2026\/04\/obraz-zawierajacy-tekst-zrzut-ekranu-czcionka-d-7-8x12.png 8w\" sizes=\"auto, (max-width: 196px) 100vw, 196px\" \/><\/figure>\n\n\n\n<p><\/p>\n\n\n\n<p>\n  Rys. 2. <a href=\"https:\/\/hydro.imgw.pl\/#\/map?warn=hydro&amp;bl=hydro&amp;tstp=24&amp;zo=6.92408502587485&amp;lo=19.189&amp;la=52.0195\">Ostrze\u017cenia hydrologiczne<\/a>, stan na godz. 14:00 dnia 27.04.2026 r.\n<\/p>\n\n\n\n<figure class=\"wp-block-image\"><img loading=\"lazy\" decoding=\"async\" width=\"254\" height=\"154\" src=\"https:\/\/imgw.pl\/wp-content\/uploads\/2026\/04\/obraz-zawierajacy-tekst-zrzut-ekranu-czcionka-a-62.png\" alt=\"Obraz zawieraj\u0105cy tekst, zrzut ekranu, Czcionka, algebraZawarto\u015b\u0107 wygenerowana przez AI mo\u017ce by\u0107 niepoprawna.\" class=\"wp-image-24999\" srcset=\"https:\/\/imgw.pl\/wp-content\/uploads\/2026\/04\/obraz-zawierajacy-tekst-zrzut-ekranu-czcionka-a-62.png 254w, https:\/\/imgw.pl\/wp-content\/uploads\/2026\/04\/obraz-zawierajacy-tekst-zrzut-ekranu-czcionka-a-62-18x12.png 18w\" sizes=\"auto, (max-width: 254px) 100vw, 254px\" \/><\/figure>\n\n\n\n<figure class=\"wp-block-image\"><img loading=\"lazy\" decoding=\"async\" width=\"645\" height=\"565\" src=\"https:\/\/imgw.pl\/wp-content\/uploads\/2026\/04\/word-image-24993-7.png\" alt=\"\" class=\"wp-image-25000\" srcset=\"https:\/\/imgw.pl\/wp-content\/uploads\/2026\/04\/word-image-24993-7.png 645w, https:\/\/imgw.pl\/wp-content\/uploads\/2026\/04\/word-image-24993-7-300x263.png 300w, https:\/\/imgw.pl\/wp-content\/uploads\/2026\/04\/word-image-24993-7-14x12.png 14w\" sizes=\"auto, (max-width: 645px) 100vw, 645px\" \/><\/figure>\n\n\n\n<p>\n  \n  <br>\n  \n<\/p>\n\n\n\n<p>\n  Rys. 3. <a href=\"https:\/\/hydro.imgw.pl\/#\/map?warn=hydro&amp;bl=hydro&amp;tstp=24&amp;zo=6.92408502587485&amp;lo=20.2427&amp;la=52.1192&amp;ts=202603251300&amp;omt=2&amp;riv=true\">Prognoza hydrologiczna stanu wody<\/a>, godz. 08:00 dnia 28.04.2026 r.\n<\/p>\n\n\n\n<figure class=\"wp-block-image\"><img loading=\"lazy\" decoding=\"async\" width=\"254\" height=\"154\" src=\"https:\/\/imgw.pl\/wp-content\/uploads\/2026\/04\/obraz-zawierajacy-tekst-zrzut-ekranu-czcionka-a-63.png\" alt=\"Obraz zawieraj\u0105cy tekst, zrzut ekranu, Czcionka, algebraZawarto\u015b\u0107 wygenerowana przez AI mo\u017ce by\u0107 niepoprawna.\" class=\"wp-image-25001\" srcset=\"https:\/\/imgw.pl\/wp-content\/uploads\/2026\/04\/obraz-zawierajacy-tekst-zrzut-ekranu-czcionka-a-63.png 254w, https:\/\/imgw.pl\/wp-content\/uploads\/2026\/04\/obraz-zawierajacy-tekst-zrzut-ekranu-czcionka-a-63-18x12.png 18w\" sizes=\"auto, (max-width: 254px) 100vw, 254px\" \/><\/figure>\n\n\n\n<figure class=\"wp-block-image\"><img loading=\"lazy\" decoding=\"async\" width=\"631\" height=\"553\" src=\"https:\/\/imgw.pl\/wp-content\/uploads\/2026\/04\/word-image-24993-9.png\" alt=\"\" class=\"wp-image-25002\" srcset=\"https:\/\/imgw.pl\/wp-content\/uploads\/2026\/04\/word-image-24993-9.png 631w, https:\/\/imgw.pl\/wp-content\/uploads\/2026\/04\/word-image-24993-9-300x263.png 300w, https:\/\/imgw.pl\/wp-content\/uploads\/2026\/04\/word-image-24993-9-14x12.png 14w\" sizes=\"auto, (max-width: 631px) 100vw, 631px\" \/><\/figure>\n\n\n\n<p><\/p>\n\n\n\n<figure class=\"wp-block-image\"><img loading=\"lazy\" decoding=\"async\" width=\"254\" height=\"154\" src=\"https:\/\/imgw.pl\/wp-content\/uploads\/2026\/04\/obraz-zawierajacy-tekst-zrzut-ekranu-czcionka-a-64.png\" alt=\"Obraz zawieraj\u0105cy tekst, zrzut ekranu, Czcionka, algebraZawarto\u015b\u0107 wygenerowana przez AI mo\u017ce by\u0107 niepoprawna.\" class=\"wp-image-25003\" srcset=\"https:\/\/imgw.pl\/wp-content\/uploads\/2026\/04\/obraz-zawierajacy-tekst-zrzut-ekranu-czcionka-a-64.png 254w, https:\/\/imgw.pl\/wp-content\/uploads\/2026\/04\/obraz-zawierajacy-tekst-zrzut-ekranu-czcionka-a-64-18x12.png 18w\" sizes=\"auto, (max-width: 254px) 100vw, 254px\" \/><\/figure>\n\n\n\n<p><\/p>\n\n\n\n<p>\n  Rys. 4. <a href=\"https:\/\/hydro.imgw.pl\/&quot; \\l &quot;\/map?warn=hydro&amp;bl=hydro&amp;tstp=24&amp;zo=6.92408502587485&amp;lo=20.2427&amp;la=52.1192&amp;ts=202603251300&amp;omt=2&amp;riv=true\">Prognoza hydrologiczna stanu wody<\/a>, godz. 08:00 dnia 29.04.2026 r.\n  <br>\n<\/p>\n\n\n\n<p>\n  Opracowanie: Centrum Hydrologicznej Os\u0142ony Kraju IMGW-PIB\n<\/p>","protected":false},"excerpt":{"rendered":"<p>Aktualna i prognozowana sytuacja meteorologiczna i hydrologiczna \u2013 raport nr 103 Sytuacja meteorologiczna Stan na 27.04.2026, godz. 17:00 \u2013 opracowanie Centrum Meteorologicznej Os\u0142ony Kraju IMGW-PIB W okresie od 27\/28.04 do 01.05.2026 prognozowane s\u0105 nocne spadki temperatury poni\u017cej 0\u00b0C, lokalnie do -4\u00b0C, a przy gruncie nawet do -6\u00b0C, szczeg\u00f3lnie w p\u00f3\u0142nocnej, wschodniej i centralnej cz\u0119\u015bci kraju [&hellip;]<\/p>\n","protected":false},"author":8,"featured_media":25002,"comment_status":"closed","ping_status":"closed","sticky":false,"template":"","format":"standard","meta":{"footnotes":""},"categories":[5],"tags":[],"class_list":["post-24993","post","type-post","status-publish","format-standard","has-post-thumbnail","hentry","category-aktualnosci"],"_links":{"self":[{"href":"https:\/\/imgw.pl\/en\/wp-json\/wp\/v2\/posts\/24993","targetHints":{"allow":["GET"]}}],"collection":[{"href":"https:\/\/imgw.pl\/en\/wp-json\/wp\/v2\/posts"}],"about":[{"href":"https:\/\/imgw.pl\/en\/wp-json\/wp\/v2\/types\/post"}],"author":[{"embeddable":true,"href":"https:\/\/imgw.pl\/en\/wp-json\/wp\/v2\/users\/8"}],"replies":[{"embeddable":true,"href":"https:\/\/imgw.pl\/en\/wp-json\/wp\/v2\/comments?post=24993"}],"version-history":[{"count":1,"href":"https:\/\/imgw.pl\/en\/wp-json\/wp\/v2\/posts\/24993\/revisions"}],"predecessor-version":[{"id":25004,"href":"https:\/\/imgw.pl\/en\/wp-json\/wp\/v2\/posts\/24993\/revisions\/25004"}],"wp:featuredmedia":[{"embeddable":true,"href":"https:\/\/imgw.pl\/en\/wp-json\/wp\/v2\/media\/25002"}],"wp:attachment":[{"href":"https:\/\/imgw.pl\/en\/wp-json\/wp\/v2\/media?parent=24993"}],"wp:term":[{"taxonomy":"category","embeddable":true,"href":"https:\/\/imgw.pl\/en\/wp-json\/wp\/v2\/categories?post=24993"},{"taxonomy":"post_tag","embeddable":true,"href":"https:\/\/imgw.pl\/en\/wp-json\/wp\/v2\/tags?post=24993"}],"curies":[{"name":"wp","href":"https:\/\/api.w.org\/{rel}","templated":true}]}}