{"id":25005,"date":"2026-04-28T16:32:52","date_gmt":"2026-04-28T14:32:52","guid":{"rendered":"https:\/\/imgw.pl\/?p=25005"},"modified":"2026-04-28T16:32:55","modified_gmt":"2026-04-28T14:32:55","slug":"aktualna-i-prognozowana-sytuacja-meteorologiczna-i-hydrologiczna-raport-nr-104","status":"publish","type":"post","link":"https:\/\/imgw.pl\/en\/aktualna-i-prognozowana-sytuacja-meteorologiczna-i-hydrologiczna-raport-nr-104\/","title":{"rendered":"Aktualna i prognozowana sytuacja meteorologiczna i hydrologiczna \u2013 raport nr 104"},"content":{"rendered":"<p><strong>Aktualna i prognozowana sytuacja meteorologiczna i hydrologiczna \u2013 raport nr 104<\/strong>\n<\/p>\n\n\n\n<p><strong>Sytuacja meteorologiczna <\/strong>\n<\/p>\n\n\n\n<p><a id=\"post-25005-_Hlk221189303\"><\/a>\n  Stan na 28.04.2026, godz. 15:30 \u2013 opracowanie Centrum Meteorologicznej Os\u0142ony Kraju IMGW-PIB\n<\/p>\n\n\n\n<p><strong>1. Najwa\u017cniejsze zagro\u017cenia: PRZYMROZKI<\/strong>\n<\/p>\n\n\n\n<p>\n  W nocy z 28\/29.04 oraz miejscami w kolejnych nocach prognozowane s\u0105 spadki temperatury poni\u017cej 0\u00b0C, lokalnie do \u20115\u00b0C (a w dolinach karpackich nawet do \u20116\u00b0C). Zagro\u017cenie dotyczy znacznej cz\u0119\u015bci kraju i mo\u017ce powodowa\u0107 szkody w rolnictwie i sadownictwie. Dodatkowo w pierwszej dobie miejscami na p\u00f3\u0142nocy i wschodzie mo\u017cliwe s\u0142abe opady deszczu ze \u015bniegiem lub \u015bniegu. W kolejnych dniach wyra\u017ane ocieplenie, a od 3\u20135.05 lokalnie burze na zachodzie i p\u00f3\u0142nocnym zachodzie kraju.\n<\/p>\n\n\n\n<p><strong>2. Aktualne ostrze\u017cenia meteorologiczne w podziale na regiony ostrze\u017ce\u0144 (w formacie: nazwa zjawiska\/stopie\u0144 zagro\u017cenia, czas wa\u017cno\u015bci od \u2013 do)<\/strong>\n<\/p>\n\n\n\n<p><\/p>\n\n\n\n<p><strong>PRZYMROZKI \/ 1<\/strong>\n<\/p>\n\n\n\n<ol class=\"wp-block-list\">\n<li><strong>28.04, godz. 22:00 \u2013 29.04, godz. 07:00<\/strong>: dolno\u015bl\u0105skie (cz\u0119\u015b\u0107 po\u0142udniowa i zachodnia), kujawsko\u2011pomorskie (ca\u0142e), lubelskie (cz\u0119\u015b\u0107 p\u00f3\u0142nocna), \u0142\u00f3dzkie (centrum i p\u00f3\u0142noc), ma\u0142opolskie (po\u0142udnie), mazowieckie (wi\u0119kszo\u015b\u0107 wojew\u00f3dztwa), podkarpackie (po\u0142udnie), podlaskie (ca\u0142e), pomorskie (ca\u0142e), \u015bl\u0105skie (po\u0142udnie), warmi\u0144sko\u2011mazurskie (ca\u0142e), wielkopolskie (p\u00f3\u0142noc i wsch\u00f3d), zachodniopomorskie (cz\u0119\u015b\u0107 \u015brodkowa i wschodnia).<br><\/li>\n\n\n\n<li><strong>28.04, godz. 23:00 \u2013 29.04, godz. 07:00<\/strong>: lubuskie (ca\u0142e), opolskie (ca\u0142e), \u015bwi\u0119tokrzyskie (ca\u0142e) oraz pozosta\u0142e obszary dolno\u015bl\u0105skiego, \u0142\u00f3dzkiego, ma\u0142opolskiego, mazowieckiego, podkarpackiego, \u015bl\u0105skiego, wielkopolskiego i zachodniopomorskiego.<br><\/li>\n<\/ol>\n\n\n\n<p><a href=\"https:\/\/meteo.imgw.pl\/dyn\/index.html#osmet=true.\">https:\/\/meteo.imgw.pl\/dyn\/index.html#osmet=true.<\/a><\/p>\n\n\n\n<p><strong>3. Prognoza zagro\u017ce\u0144 na najbli\u017csze dni (doby dla poszczeg\u00f3lnych dni od 07:30 danego dnia do 07:30 dnia nast\u0119pnego)<\/strong>\n<\/p>\n\n\n\n<p><strong>29.04 \u2013 \u015broda<\/strong>\n<\/p>\n\n\n\n<ol class=\"wp-block-list\">\n<li><strong>Przymrozki \/ 1<\/strong>: dolno\u015bl\u0105skie, kujawsko\u2011pomorskie, lubelskie, lubuskie, \u0142\u00f3dzkie, ma\u0142opolskie, mazowieckie, opolskie, podkarpackie, podlaskie, pomorskie, \u015bl\u0105skie, \u015bwi\u0119tokrzyskie, warmi\u0144sko\u2011mazurskie, wielkopolskie, zachodniopomorskie.<br><\/li>\n<\/ol>\n\n\n\n<p><strong>30.04 \u2013 czwartek<\/strong>\n<\/p>\n\n\n\n<ol class=\"wp-block-list\">\n<li><strong>Przymrozki \/ 1<\/strong>: lubelskie, ma\u0142opolskie, mazowieckie, podkarpackie, podlaskie, warmi\u0144sko\u2011mazurskie.<br><\/li>\n<\/ol>\n\n\n\n<p><strong>01.05 \u2013 pi\u0105tek<\/strong>\n<\/p>\n\n\n\n<ol class=\"wp-block-list\">\n<li><strong>Przymrozki \/ 1<\/strong>: ma\u0142opolskie (lokalnie).<br><\/li>\n<\/ol>\n\n\n\n<p><strong>Tendencja dalsza w kolejnych dniach <\/strong>\n<\/p>\n\n\n\n<p>\n  Stopniowy wzrost temperatury, w dzie\u0144 do 23\u201326\u00b0C (najcieplej na zachodzie). Od 3.05 na zachodzie i p\u00f3\u0142nocnym zachodzie mo\u017cliwe przelotne opady deszczu i <strong>lokalne burze<\/strong> z porywistym wiatrem.\n<\/p>\n\n\n\n<p><a href=\"https:\/\/meteo.imgw.pl\/dyn\/index.html#pronieb=true.\">https:\/\/meteo.imgw.pl\/dyn\/index.html#pronieb=true.<\/a><\/p>\n\n\n\n<p>\n  Mapa aktualnie obowi\u0105zuj\u0105cych ostrze\u017ce\u0144 meteorologicznych: o przymrozkach (PR). \n<\/p>\n\n\n\n<figure class=\"wp-block-image\"><img loading=\"lazy\" decoding=\"async\" width=\"700\" height=\"709\" src=\"https:\/\/imgw.pl\/wp-content\/uploads\/2026\/04\/word-image-25005-1.png\" alt=\"\" class=\"wp-image-25006\" srcset=\"https:\/\/imgw.pl\/wp-content\/uploads\/2026\/04\/word-image-25005-1.png 700w, https:\/\/imgw.pl\/wp-content\/uploads\/2026\/04\/word-image-25005-1-296x300.png 296w, https:\/\/imgw.pl\/wp-content\/uploads\/2026\/04\/word-image-25005-1-12x12.png 12w\" sizes=\"auto, (max-width: 700px) 100vw, 700px\" \/><\/figure>\n\n\n\n<p><\/p>\n\n\n\n<p><strong>Sytuacja hydrologiczna <\/strong>\n<\/p>\n\n\n\n<p>\n  Stan:28.04.2026 godz. 14:00 \n<\/p>\n\n\n\n<p>\n  Stan wody na rzekach w Polsce uk\u0142ada si\u0119 przede wszystkim w strefie stan\u00f3w niskich (67%), lokalnie&nbsp;\u015brednich (31%), punktowo wysokich (2%) (rys. 1). Ubieg\u0142ej doby na rzekach obserwowane by\u0142y g\u0142\u00f3wnie dalsze spadki i stabilizacja stanu wody. \n<\/p>\n\n\n\n<p>\n  Liczba stacji z przep\u0142ywem poni\u017cej SNQ wzros\u0142a dzi\u015b do 45 (o 1 stacj\u0119 mniej w por\u00f3wnaniu do&nbsp;wczorajszej sytuacji hydrologicznej).\n<\/p>\n\n\n\n<p><strong>Na stacjach hydrologicznych w Polsce nie zanotowano przekroczenia stanu alarmowego lub ostrzegawczego.<\/strong>\n<\/p>\n\n\n\n<p><strong>Obowi\u0105zuj\u0105 ostrze\u017cenia hydrologiczne <\/strong>(rys. 2):\n<\/p>\n\n\n\n<p><strong>-susza hydrologiczna<\/strong>: zlewnia g\u00f3rnej Warty z Liswart\u0105 (\u0142\u00f3dzkie, \u015bl\u0105skie, opolskie), zlewnia g\u00f3rnej Noteci (wielkopolskie, kujawsko-pomorskie), Radomka (mazowieckie).\n<\/p>\n\n\n\n<p><strong>Pokrywa \u015bnie\u017cna<\/strong> utrzymuje si\u0119 jedynie w wy\u017cszych partiach g\u00f3r. W Tatrach na Kasprowym Wierchu 100 cm, a w Sudetach na \u015anie\u017cce \u015bnieg wyst\u0119puje ju\u017c tylko w p\u0142atach.\n<\/p>\n\n\n\n<p><strong>Dzi\u015b <\/strong>prognozowana<strong> <\/strong>sytuacja hydrologiczna nadal pozostanie stabilna. Dominowa\u0107 b\u0119d\u0105 niewielkie spadki oraz&nbsp;wyr\u00f3wnany przebieg stanu wody w obecnych strefach &#8211; g\u0142\u00f3wnie w strefie wody niskiej, lokalnie \u015bredniej, tylko punktowo wysokiej. \n<\/p>\n\n\n\n<p>\n  Na stacjach morskich prognozowane s\u0105 wahania poziomu wody w strefie wody \u015bredniej.\n<\/p>\n\n\n\n<p><strong>W nadchodz\u0105cych dniach <\/strong>na rzekach przewiduje si\u0119 stabilizacj\u0119 oraz dalsz\u0105 tendencj\u0119 spadkow\u0105 stanu wody g\u0142\u00f3wnie w strefie wody niskiej i \u015bredniej.<strong> <\/strong>Prognozowane s\u0105 tylko s\u0142abe, lokalne opady, kt\u00f3re nie&nbsp;wp\u0142yn\u0105 na popraw\u0119 sytuacji hydrologicznej. W nadchodz\u0105cym tygodniu mog\u0105 zosta\u0107 wydane kolejne ostrze\u017cenie hydrologiczne przed susz\u0105.\n<\/p>\n\n\n\n<p><strong>Aktualna sytuacja hydrologiczna, prognozy oraz ostrze\u017cenia dost\u0119pne zawsze w&nbsp;Serwisie hydrologicznym IMGW-PIB (<\/strong><a href=\"https:\/\/imgw-my.sharepoint.com\/personal\/centrumhydro_imgw_pl\/Documents\/Pliki%20z%20czat\u00f3w%20w%20aplikacji%20Microsoft%20Teams\/hydro.imgw.pl\"><strong>hydro.imgw.pl<\/strong><\/a><strong>).<\/strong>\n<\/p>\n\n\n\n<figure class=\"wp-block-image\"><img loading=\"lazy\" decoding=\"async\" width=\"254\" height=\"154\" src=\"https:\/\/imgw.pl\/wp-content\/uploads\/2026\/04\/obraz-zawierajacy-tekst-zrzut-ekranu-czcionka-a-65.png\" alt=\"Obraz zawieraj\u0105cy tekst, zrzut ekranu, Czcionka, algebraZawarto\u015b\u0107 wygenerowana przez AI mo\u017ce by\u0107 niepoprawna.\" class=\"wp-image-25007\" srcset=\"https:\/\/imgw.pl\/wp-content\/uploads\/2026\/04\/obraz-zawierajacy-tekst-zrzut-ekranu-czcionka-a-65.png 254w, https:\/\/imgw.pl\/wp-content\/uploads\/2026\/04\/obraz-zawierajacy-tekst-zrzut-ekranu-czcionka-a-65-18x12.png 18w\" sizes=\"auto, (max-width: 254px) 100vw, 254px\" \/><\/figure>\n\n\n\n<figure class=\"wp-block-image\"><img loading=\"lazy\" decoding=\"async\" width=\"822\" height=\"697\" src=\"https:\/\/imgw.pl\/wp-content\/uploads\/2026\/04\/word-image-25005-3.png\" alt=\"\" class=\"wp-image-25008\" srcset=\"https:\/\/imgw.pl\/wp-content\/uploads\/2026\/04\/word-image-25005-3.png 822w, https:\/\/imgw.pl\/wp-content\/uploads\/2026\/04\/word-image-25005-3-300x254.png 300w, https:\/\/imgw.pl\/wp-content\/uploads\/2026\/04\/word-image-25005-3-768x651.png 768w, https:\/\/imgw.pl\/wp-content\/uploads\/2026\/04\/word-image-25005-3-14x12.png 14w\" sizes=\"auto, (max-width: 822px) 100vw, 822px\" \/><\/figure>\n\n\n\n<p><\/p>\n\n\n\n<p>\n  Rys. 1. <a href=\"https:\/\/hydro.imgw.pl\/#\/map?warn=hydro&amp;bl=hydro&amp;tstp=24&amp;zo=6.92408502587485&amp;lo=21.0533&amp;la=52.0765&amp;omt=2&amp;ts=202603250900&amp;riv=true\">Stan wody na rzekach w Polsce<\/a>, stan na godz. 14:00 dnia 28.04.2026 r.\n<\/p>\n\n\n\n<figure class=\"wp-block-image\"><img loading=\"lazy\" decoding=\"async\" width=\"826\" height=\"696\" src=\"https:\/\/imgw.pl\/wp-content\/uploads\/2026\/04\/word-image-25005-4.png\" alt=\"\" class=\"wp-image-25009\" srcset=\"https:\/\/imgw.pl\/wp-content\/uploads\/2026\/04\/word-image-25005-4.png 826w, https:\/\/imgw.pl\/wp-content\/uploads\/2026\/04\/word-image-25005-4-300x253.png 300w, https:\/\/imgw.pl\/wp-content\/uploads\/2026\/04\/word-image-25005-4-768x647.png 768w, https:\/\/imgw.pl\/wp-content\/uploads\/2026\/04\/word-image-25005-4-14x12.png 14w\" sizes=\"auto, (max-width: 826px) 100vw, 826px\" \/><\/figure>\n\n\n\n<figure class=\"wp-block-image\"><img loading=\"lazy\" decoding=\"async\" width=\"196\" height=\"289\" src=\"https:\/\/imgw.pl\/wp-content\/uploads\/2026\/04\/obraz-zawierajacy-tekst-zrzut-ekranu-czcionka-d-8.png\" alt=\"Obraz zawieraj\u0105cy tekst, zrzut ekranu, Czcionka, dokumentZawarto\u015b\u0107 wygenerowana przez AI mo\u017ce by\u0107 niepoprawna., Obraz\" class=\"wp-image-25010\" srcset=\"https:\/\/imgw.pl\/wp-content\/uploads\/2026\/04\/obraz-zawierajacy-tekst-zrzut-ekranu-czcionka-d-8.png 196w, https:\/\/imgw.pl\/wp-content\/uploads\/2026\/04\/obraz-zawierajacy-tekst-zrzut-ekranu-czcionka-d-8-8x12.png 8w\" sizes=\"auto, (max-width: 196px) 100vw, 196px\" \/><\/figure>\n\n\n\n<p><\/p>\n\n\n\n<p>\n  Rys. 2. <a href=\"https:\/\/hydro.imgw.pl\/#\/map?warn=hydro&amp;bl=hydro&amp;tstp=24&amp;zo=6.92408502587485&amp;lo=19.189&amp;la=52.0195\">Ostrze\u017cenia hydrologiczne<\/a>, stan na godz. 14:00 dnia 28.04.2026 r.\n<\/p>\n\n\n\n<figure class=\"wp-block-image\"><img loading=\"lazy\" decoding=\"async\" width=\"254\" height=\"154\" src=\"https:\/\/imgw.pl\/wp-content\/uploads\/2026\/04\/obraz-zawierajacy-tekst-zrzut-ekranu-czcionka-a-66.png\" alt=\"Obraz zawieraj\u0105cy tekst, zrzut ekranu, Czcionka, algebraZawarto\u015b\u0107 wygenerowana przez AI mo\u017ce by\u0107 niepoprawna.\" class=\"wp-image-25011\" srcset=\"https:\/\/imgw.pl\/wp-content\/uploads\/2026\/04\/obraz-zawierajacy-tekst-zrzut-ekranu-czcionka-a-66.png 254w, https:\/\/imgw.pl\/wp-content\/uploads\/2026\/04\/obraz-zawierajacy-tekst-zrzut-ekranu-czcionka-a-66-18x12.png 18w\" sizes=\"auto, (max-width: 254px) 100vw, 254px\" \/><\/figure>\n\n\n\n<figure class=\"wp-block-image\"><img loading=\"lazy\" decoding=\"async\" width=\"826\" height=\"698\" src=\"https:\/\/imgw.pl\/wp-content\/uploads\/2026\/04\/word-image-25005-7.png\" alt=\"\" class=\"wp-image-25012\" srcset=\"https:\/\/imgw.pl\/wp-content\/uploads\/2026\/04\/word-image-25005-7.png 826w, https:\/\/imgw.pl\/wp-content\/uploads\/2026\/04\/word-image-25005-7-300x254.png 300w, https:\/\/imgw.pl\/wp-content\/uploads\/2026\/04\/word-image-25005-7-768x649.png 768w, https:\/\/imgw.pl\/wp-content\/uploads\/2026\/04\/word-image-25005-7-14x12.png 14w\" sizes=\"auto, (max-width: 826px) 100vw, 826px\" \/><\/figure>\n\n\n\n<p>\n  \n  <br>\n  \n<\/p>\n\n\n\n<p>\n  Rys. 3. <a href=\"https:\/\/hydro.imgw.pl\/#\/map?warn=hydro&amp;bl=hydro&amp;tstp=24&amp;zo=6.92408502587485&amp;lo=20.2427&amp;la=52.1192&amp;ts=202603251300&amp;omt=2&amp;riv=true\">Prognoza hydrologiczna stanu wody<\/a>, godz. 08:00 dnia 29.04.2026 r.\n<\/p>\n\n\n\n<figure class=\"wp-block-image\"><img loading=\"lazy\" decoding=\"async\" width=\"254\" height=\"154\" src=\"https:\/\/imgw.pl\/wp-content\/uploads\/2026\/04\/obraz-zawierajacy-tekst-zrzut-ekranu-czcionka-a-67.png\" alt=\"Obraz zawieraj\u0105cy tekst, zrzut ekranu, Czcionka, algebraZawarto\u015b\u0107 wygenerowana przez AI mo\u017ce by\u0107 niepoprawna.\" class=\"wp-image-25013\" srcset=\"https:\/\/imgw.pl\/wp-content\/uploads\/2026\/04\/obraz-zawierajacy-tekst-zrzut-ekranu-czcionka-a-67.png 254w, https:\/\/imgw.pl\/wp-content\/uploads\/2026\/04\/obraz-zawierajacy-tekst-zrzut-ekranu-czcionka-a-67-18x12.png 18w\" sizes=\"auto, (max-width: 254px) 100vw, 254px\" \/><\/figure>\n\n\n\n<figure class=\"wp-block-image\"><img loading=\"lazy\" decoding=\"async\" width=\"822\" height=\"692\" src=\"https:\/\/imgw.pl\/wp-content\/uploads\/2026\/04\/word-image-25005-9.png\" alt=\"\" class=\"wp-image-25014\" srcset=\"https:\/\/imgw.pl\/wp-content\/uploads\/2026\/04\/word-image-25005-9.png 822w, https:\/\/imgw.pl\/wp-content\/uploads\/2026\/04\/word-image-25005-9-300x253.png 300w, https:\/\/imgw.pl\/wp-content\/uploads\/2026\/04\/word-image-25005-9-768x647.png 768w, https:\/\/imgw.pl\/wp-content\/uploads\/2026\/04\/word-image-25005-9-14x12.png 14w\" sizes=\"auto, (max-width: 822px) 100vw, 822px\" \/><\/figure>\n\n\n\n<p><\/p>\n\n\n\n<p>\n  Rys. 4. <a href=\"https:\/\/hydro.imgw.pl\/#\/map?warn=hydro&amp;bl=hydro&amp;tstp=24&amp;zo=6.92408502587485&amp;lo=20.2427&amp;la=52.1192&amp;ts=202603251300&amp;omt=2&amp;riv=true\">Prognoza hydrologiczna stanu wody<\/a>, godz. 08:00 dnia 30.04.2026 r.\n  <br>\n<\/p>\n\n\n\n<p>\n  Opracowanie: Centrum Hydrologicznej Os\u0142ony Kraju IMGW-PIB\n<\/p>","protected":false},"excerpt":{"rendered":"<p>Aktualna i prognozowana sytuacja meteorologiczna i hydrologiczna \u2013 raport nr 104 Sytuacja meteorologiczna Stan na 28.04.2026, godz. 15:30 \u2013 opracowanie Centrum Meteorologicznej Os\u0142ony Kraju IMGW-PIB 1. Najwa\u017cniejsze zagro\u017cenia: PRZYMROZKI W nocy z 28\/29.04 oraz miejscami w kolejnych nocach prognozowane s\u0105 spadki temperatury poni\u017cej 0\u00b0C, lokalnie do \u20115\u00b0C (a w dolinach karpackich nawet do \u20116\u00b0C). Zagro\u017cenie [&hellip;]<\/p>\n","protected":false},"author":8,"featured_media":25014,"comment_status":"closed","ping_status":"closed","sticky":false,"template":"","format":"standard","meta":{"footnotes":""},"categories":[5],"tags":[],"class_list":["post-25005","post","type-post","status-publish","format-standard","has-post-thumbnail","hentry","category-aktualnosci"],"_links":{"self":[{"href":"https:\/\/imgw.pl\/en\/wp-json\/wp\/v2\/posts\/25005","targetHints":{"allow":["GET"]}}],"collection":[{"href":"https:\/\/imgw.pl\/en\/wp-json\/wp\/v2\/posts"}],"about":[{"href":"https:\/\/imgw.pl\/en\/wp-json\/wp\/v2\/types\/post"}],"author":[{"embeddable":true,"href":"https:\/\/imgw.pl\/en\/wp-json\/wp\/v2\/users\/8"}],"replies":[{"embeddable":true,"href":"https:\/\/imgw.pl\/en\/wp-json\/wp\/v2\/comments?post=25005"}],"version-history":[{"count":1,"href":"https:\/\/imgw.pl\/en\/wp-json\/wp\/v2\/posts\/25005\/revisions"}],"predecessor-version":[{"id":25015,"href":"https:\/\/imgw.pl\/en\/wp-json\/wp\/v2\/posts\/25005\/revisions\/25015"}],"wp:featuredmedia":[{"embeddable":true,"href":"https:\/\/imgw.pl\/en\/wp-json\/wp\/v2\/media\/25014"}],"wp:attachment":[{"href":"https:\/\/imgw.pl\/en\/wp-json\/wp\/v2\/media?parent=25005"}],"wp:term":[{"taxonomy":"category","embeddable":true,"href":"https:\/\/imgw.pl\/en\/wp-json\/wp\/v2\/categories?post=25005"},{"taxonomy":"post_tag","embeddable":true,"href":"https:\/\/imgw.pl\/en\/wp-json\/wp\/v2\/tags?post=25005"}],"curies":[{"name":"wp","href":"https:\/\/api.w.org\/{rel}","templated":true}]}}