{"id":25024,"date":"2026-04-29T15:50:08","date_gmt":"2026-04-29T13:50:08","guid":{"rendered":"https:\/\/imgw.pl\/?p=25024"},"modified":"2026-04-29T15:50:10","modified_gmt":"2026-04-29T13:50:10","slug":"aktualna-i-prognozowana-sytuacja-meteorologiczna-i-hydrologiczna-raport-nr-105","status":"publish","type":"post","link":"https:\/\/imgw.pl\/en\/aktualna-i-prognozowana-sytuacja-meteorologiczna-i-hydrologiczna-raport-nr-105\/","title":{"rendered":"Aktualna i prognozowana sytuacja meteorologiczna i hydrologiczna \u2013 raport nr 105"},"content":{"rendered":"<p>&nbsp;<\/p>\n\n\n\n<p><strong>Sytuacja meteorologiczna <\/strong><\/p>\n\n\n\n<p><a id=\"post-25024-_Hlk221189303\"><\/a> Stan na 29.04.2026, godz. 15:00 \u2013 opracowanie Centrum Meteorologicznej Os\u0142ony Kraju IMGW-PIB<\/p>\n\n\n\n<p><strong>1. Najwa\u017cniejsze zagro\u017cenia: PRZYMROZKI<\/strong><\/p>\n\n\n\n<p>W nocy z 29 na 30 kwietnia na przewa\u017caj\u0105cym obszarze kraju prognozowane s\u0105 spadki temperatury poni\u017cej 0\u00b0C, w tym r\u00f3wnie\u017c przy gruncie. Najni\u017csze temperatury wyst\u0105pi\u0105 na p\u00f3\u0142nocnym wschodzie, w centrum oraz w rejonach podg\u00f3rskich i w dolinach karpackich (w dolinach karpackich lokalnie przy gruncie do -12\u00b0C). Zjawisko stwarza zagro\u017cenie dla upraw, sad\u00f3w oraz infrastruktury wra\u017cliwej. W kolejnych dniach stopniowe ocieplenie, jednak lokalnie mo\u017cliwe dalsze przymrozki (szczeg\u00f3lnie p\u00f3\u0142noc i po\u0142udniowy wsch\u00f3d kraju). Od 3\u20134 maja miejscami burze z porywami wiatru do 65 km\/h.<\/p>\n\n\n\n<p><strong>2. Aktualne ostrze\u017cenia meteorologiczne w podziale na regiony ostrze\u017ce\u0144 (w formacie: nazwa zjawiska\/stopie\u0144 zagro\u017cenia, czas wa\u017cno\u015bci od \u2013 do)<\/strong><\/p>\n\n\n\n<p>&nbsp;<\/p>\n\n\n\n<p><strong>PRZYMROZKI \/ 1<\/strong><\/p>\n\n\n\n<ol class=\"wp-block-list\">\n<li><strong>29.04, godz. 20:00 \u2013 30.04, godz. 07:30<\/strong>: <strong>ma\u0142opolskie<\/strong> \u2013 powiaty: gorlicki, limanowski, my\u015blenicki, nowos\u0105decki, nowotarski, Nowy S\u0105cz, suski, tatrza\u0144ski; <strong>podkarpackie<\/strong> \u2013 powiaty: bieszczadzki, jasielski, Krosno, kro\u015bnie\u0144ski, leski, sanocki.<\/li>\n\n\n\n<li><strong>29.04, godz. 21:00 \u2013 30.04, godz. 05:00<\/strong>: <strong>lubuskie<\/strong> \u2013 powiaty: gorzowski, Gorz\u00f3w Wielkopolski, s\u0142ubicki, strzelecko\u2011drezdenecki, sul\u0119ci\u0144ski; <strong>pomorskie<\/strong> \u2013 powiaty: l\u0119borski, pucki, S\u0142upsk, s\u0142upski, wejherowski; <strong>zachodniopomorskie<\/strong> \u2013 powiaty: bia\u0142ogardzki, choszcze\u0144ski, drawski, goleniowski, gryfi\u0144ski, Koszalin, koszali\u0144ski, \u0142obeski, my\u015bliborski, policki, pyrzycki, s\u0142awie\u0144ski, stargardzki, Szczecin, \u015bwidwi\u0144ski.<\/li>\n\n\n\n<li><strong>29.04, godz. 21:00 \u2013 30.04, godz. 06:00<\/strong>: <strong>pomorskie<\/strong> \u2013 powiaty: bytowski, chojnicki, cz\u0142uchowski, gda\u0144ski, kartuski, ko\u015bcierski, kwidzy\u0144ski, malborski, nowodworski, starogardzki, sztumski, tczewski; <strong>zachodniopomorskie<\/strong> \u2013 powiat szczecinecki.<\/li>\n\n\n\n<li><strong>29.04, godz. 21:00 \u2013 30.04, godz. 07:30<\/strong>: <strong>kujawsko\u2011pomorskie<\/strong> \u2013 powiaty: aleksandrowski, brodnicki, che\u0142mi\u0144ski, golubsko\u2011dobrzy\u0144ski, Grudzi\u0105dz, grudzi\u0105dzki, lipnowski, radziejowski, rypi\u0144ski, Toru\u0144, toru\u0144ski, w\u0105brzeski, W\u0142oc\u0142awek, w\u0142oc\u0142awski; lubelskie \u2013 ca\u0142e; \u0142\u00f3dzkie \u2013 ca\u0142e; <strong>mazowieckie<\/strong> \u2013 ca\u0142e; <strong>podlaskie<\/strong> \u2013 ca\u0142e; <strong>\u015bl\u0105skie<\/strong> \u2013 ca\u0142e; <strong>\u015bwi\u0119tokrzyskie<\/strong> \u2013 ca\u0142e; <strong>warmi\u0144sko\u2011mazurskie<\/strong> \u2013 ca\u0142e; <strong>ma\u0142opolskie<\/strong> \u2013 powiaty: boche\u0144ski, brzeski, chrzanowski, d\u0105browski, krakowski, Krak\u00f3w, miechowski, olkuski, o\u015bwi\u0119cimski, proszowicki, tarnowski, Tarn\u00f3w, wadowicki, wielicki; <strong>podkarpackie<\/strong> \u2013 powiaty: brzozowski, d\u0119bicki, jaros\u0142awski, kolbuszowski, le\u017cajski, lubaczowski, \u0142a\u0144cucki, mielecki, ni\u017ca\u0144ski, przemyski, Przemy\u015bl, przeworski, ropczycko\u2011s\u0119dziszowski, rzeszowski, Rzesz\u00f3w, stalowowolski, strzy\u017cowski, Tarnobrzeg, tarnobrzeski; wielkopolskie \u2013 powiaty: kolski, turecki.<\/li>\n\n\n\n<li><strong>29.04, godz. 22:00 \u2013 30.04, godz. 07:30<\/strong>: <strong>dolno\u015bl\u0105skie<\/strong> \u2013 ca\u0142e; <strong>opolskie<\/strong> \u2013 ca\u0142e; <strong>kujawsko\u2011pomorskie<\/strong> \u2013 powiaty: bydgoski, Bydgoszcz, inowroc\u0142awski, mogile\u0144ski, nakielski, s\u0119pole\u0144ski, \u015bwiecki, tucholski, \u017cni\u0144ski; <strong>lubuskie<\/strong> \u2013 powiaty: kro\u015bnie\u0144ski, mi\u0119dzyrzecki, nowosolski, \u015bwiebodzi\u0144ski, wschowski, Zielona G\u00f3ra, zielonog\u00f3rski, \u017caga\u0144ski, \u017carski; <strong>wielkopolskie<\/strong> \u2013 powiaty: chodzieski, czarnkowsko\u2011trzcianecki, gnie\u017anie\u0144ski, gosty\u0144ski, grodziski, jaroci\u0144ski, kaliski, Kalisz, k\u0119pi\u0144ski, Konin, koni\u0144ski, ko\u015bcia\u0144ski, krotoszy\u0144ski, leszczy\u0144ski, Leszno, mi\u0119dzychodzki, nowotomyski, obornicki, ostrowski, ostrzeszowski, pilski, pleszewski, Pozna\u0144, pozna\u0144ski, rawicki, s\u0142upecki, szamotulski, \u015bredzki, \u015bremski, w\u0105growiecki, wolszty\u0144ski, wrzesi\u0144ski, z\u0142otowski; <strong>zachodniopomorskie<\/strong> \u2013 powiat wa\u0142ecki.<\/li>\n<\/ol>\n\n\n\n<p><a href=\"https:\/\/meteo.imgw.pl\/dyn\/index.html#osmet=true.\">https:\/\/meteo.imgw.pl\/dyn\/index.html#osmet=true.<\/a><\/p>\n\n\n\n<p><strong>3. Prognoza zagro\u017ce\u0144 na najbli\u017csze dni (doby dla poszczeg\u00f3lnych dni od 07:30 danego dnia do 07:30 dnia nast\u0119pnego)<\/strong><\/p>\n\n\n\n<p><strong>30.04 \u2013 czwartek<\/strong><\/p>\n\n\n\n<ol class=\"wp-block-list\">\n<li><strong>Przymrozki \/ 1<\/strong>: kujawsko\u2011pomorskie, ma\u0142opolskie, podkarpackie, pomorskie, \u015bl\u0105skie, warmi\u0144sko\u2011mazurskie.<\/li>\n<\/ol>\n\n\n\n<p><strong>01.05 \u2013 pi\u0105tek<\/strong><\/p>\n\n\n\n<ol class=\"wp-block-list\">\n<li><strong>Przymrozki \/ 1<\/strong>: kujawsko\u2011pomorskie, ma\u0142opolskie, pomorskie, zachodniopomorskie.<\/li>\n<\/ol>\n\n\n\n<p><strong>02.05 \u2013 sobota<\/strong><\/p>\n\n\n\n<ol class=\"wp-block-list\">\n<li><strong>Przymrozki \/ 1<\/strong>: podkarpackie.<\/li>\n<\/ol>\n\n\n\n<p><a href=\"https:\/\/meteo.imgw.pl\/dyn\/index.html#pronieb=true.\">https:\/\/meteo.imgw.pl\/dyn\/index.html#pronieb=true.<\/a><\/p>\n\n\n\n<p>Mapa aktualnie obowi\u0105zuj\u0105cych ostrze\u017ce\u0144 meteorologicznych: o przymrozkach (PR).<\/p>\n\n\n\n<figure class=\"wp-block-image\"><img loading=\"lazy\" decoding=\"async\" width=\"700\" height=\"704\" src=\"https:\/\/imgw.pl\/wp-content\/uploads\/2026\/04\/word-image-25024-1.png\" alt=\"\" class=\"wp-image-25025\" srcset=\"https:\/\/imgw.pl\/wp-content\/uploads\/2026\/04\/word-image-25024-1.png 700w, https:\/\/imgw.pl\/wp-content\/uploads\/2026\/04\/word-image-25024-1-298x300.png 298w, https:\/\/imgw.pl\/wp-content\/uploads\/2026\/04\/word-image-25024-1-150x150.png 150w, https:\/\/imgw.pl\/wp-content\/uploads\/2026\/04\/word-image-25024-1-12x12.png 12w\" sizes=\"auto, (max-width: 700px) 100vw, 700px\" \/><\/figure>\n\n\n\n<p><\/p>\n\n\n\n<p><strong>Sytuacja hydrologiczna <\/strong><\/p>\n\n\n\n<p>Stan:29.04.2026 godz. 14:00<\/p>\n\n\n\n<p>Stan wody na rzekach w Polsce uk\u0142ada si\u0119 przede wszystkim w strefie stan\u00f3w niskich (67%), lokalnie&nbsp;\u015brednich (31%), punktowo wysokich (2%) (rys. 1). Ubieg\u0142ej doby na rzekach obserwowane by\u0142y g\u0142\u00f3wnie dalsze spadki i stabilizacja stanu wody.<\/p>\n\n\n\n<p>Liczba stacji z przep\u0142ywem poni\u017cej SNQ wzros\u0142a dzi\u015b do 51, czyli o sze\u015b\u0107 wi\u0119cej ni\u017c wczoraj. W zwi\u0105zku z pog\u0142\u0119biaj\u0105c\u0105 si\u0119 ni\u017c\u00f3wk\u0105 wydano ostrze\u017cenie przed susz\u0105 hydrologiczn\u0105 dla \u015brodkowej i dolnej Noteci.<\/p>\n\n\n\n<p><strong>Na stacjach hydrologicznych w Polsce nie zanotowano przekroczenia stanu alarmowego lub ostrzegawczego.<\/strong><\/p>\n\n\n\n<p><strong>Obowi\u0105zuj\u0105 ostrze\u017cenia hydrologiczne <\/strong>(rys. 2):<\/p>\n\n\n\n<p><strong>-susza hydrologiczna<\/strong>: zlewnia g\u00f3rnej Warty z Liswart\u0105 (\u0142\u00f3dzkie, \u015bl\u0105skie, opolskie), zlewnia g\u00f3rnej Noteci (wielkopolskie, kujawsko-pomorskie), Radomka (mazowieckie), \u015brodkowa i dolna Note\u0107 (wielkopolskie, lubuskie).<\/p>\n\n\n\n<p><strong>Pokrywa \u015bnie\u017cna<\/strong> utrzymuje si\u0119 jedynie w wy\u017cszych partiach g\u00f3r i stopniowo ubywa. W Tatrach na Kasprowym Wierchu notujemy 99 cm, a w Sudetach na \u015anie\u017cce \u015bnieg wyst\u0119puje ju\u017c tylko w p\u0142atach.<\/p>\n\n\n\n<p><strong>Dzi\u015b <\/strong>prognozowana sytuacja hydrologiczna nadal pozostanie stabilna. Dominowa\u0107 b\u0119d\u0105 niewielkie spadki oraz&nbsp;wyr\u00f3wnany przebieg stanu wody w obecnych strefach &#8211; g\u0142\u00f3wnie w strefie wody niskiej, lokalnie \u015bredniej, tylko punktowo wysokiej.<\/p>\n\n\n\n<p>Na stacjach morskich prognozowane s\u0105 wahania poziomu wody w strefie wody \u015bredniej.<\/p>\n\n\n\n<p><strong>W nadchodz\u0105cych dniach <\/strong>na rzekach w Polsce przewidywana jest stabilizacja oraz dalsze spadki poziomu wody, g\u0142\u00f3wnie w strefie niskiej, lokalnie \u015bredniej. Prognozowane s\u0105 jedynie s\u0142abe opady, kt\u00f3re nie wp\u0142yn\u0105 na popraw\u0119 sytuacji hydrologicznej.<\/p>\n\n\n\n<p>W najbli\u017cszym czasie mo\u017cliwe jest wydanie kolejnych ostrze\u017ce\u0144 hydrologicznych <strong>przed susz\u0105 w woj. ma\u0142opolskim i zachodniopomorskim<\/strong>, a liczba stacji z przep\u0142ywami poni\u017cej \u015bredniego niskiego przep\u0142ywu b\u0119dzie stopniowo rosn\u0105\u0107. Od soboty, wraz z prognozowanym wzrostem temperatury powietrza, proces rozwoju suszy hydrologicznej ulegnie przyspieszeniu.<\/p>\n\n\n\n<p><strong>Aktualna sytuacja hydrologiczna, prognozy oraz ostrze\u017cenia dost\u0119pne zawsze w&nbsp;Serwisie hydrologicznym IMGW-PIB (<\/strong><a href=\"https:\/\/imgw-my.sharepoint.com\/personal\/centrumhydro_imgw_pl\/Documents\/Pliki%20z%20czat\u00f3w%20w%20aplikacji%20Microsoft%20Teams\/hydro.imgw.pl\"><strong>hydro.imgw.pl<\/strong><\/a><strong>).<\/strong><\/p>\n\n\n\n<figure class=\"wp-block-image\"><img loading=\"lazy\" decoding=\"async\" width=\"254\" height=\"154\" src=\"https:\/\/imgw.pl\/wp-content\/uploads\/2026\/04\/obraz-zawierajacy-tekst-zrzut-ekranu-czcionka-a-68.png\" alt=\"Obraz zawieraj\u0105cy tekst, zrzut ekranu, Czcionka, algebraZawarto\u015b\u0107 wygenerowana przez AI mo\u017ce by\u0107 niepoprawna.\" class=\"wp-image-25026\" srcset=\"https:\/\/imgw.pl\/wp-content\/uploads\/2026\/04\/obraz-zawierajacy-tekst-zrzut-ekranu-czcionka-a-68.png 254w, https:\/\/imgw.pl\/wp-content\/uploads\/2026\/04\/obraz-zawierajacy-tekst-zrzut-ekranu-czcionka-a-68-18x12.png 18w\" sizes=\"auto, (max-width: 254px) 100vw, 254px\" \/><\/figure>\n\n\n\n<figure class=\"wp-block-image\"><img loading=\"lazy\" decoding=\"async\" width=\"682\" height=\"598\" src=\"https:\/\/imgw.pl\/wp-content\/uploads\/2026\/04\/word-image-25024-3.png\" alt=\"\" class=\"wp-image-25027\" srcset=\"https:\/\/imgw.pl\/wp-content\/uploads\/2026\/04\/word-image-25024-3.png 682w, https:\/\/imgw.pl\/wp-content\/uploads\/2026\/04\/word-image-25024-3-300x263.png 300w, https:\/\/imgw.pl\/wp-content\/uploads\/2026\/04\/word-image-25024-3-14x12.png 14w\" sizes=\"auto, (max-width: 682px) 100vw, 682px\" \/><\/figure>\n\n\n\n<p><\/p>\n\n\n\n<p>Rys. 1. <a href=\"https:\/\/hydro.imgw.pl\/#\/map?warn=hydro&amp;bl=hydro&amp;tstp=24&amp;zo=6.92408502587485&amp;lo=21.0533&amp;la=52.0765&amp;omt=2&amp;ts=202603250900&amp;riv=true\">Stan wody na rzekach w Polsce<\/a>, stan na godz. 14:00 dnia 29.04.2026 r.<\/p>\n\n\n\n<figure class=\"wp-block-image\"><img loading=\"lazy\" decoding=\"async\" width=\"671\" height=\"599\" src=\"https:\/\/imgw.pl\/wp-content\/uploads\/2026\/04\/word-image-25024-4.png\" alt=\"\" class=\"wp-image-25028\" srcset=\"https:\/\/imgw.pl\/wp-content\/uploads\/2026\/04\/word-image-25024-4.png 671w, https:\/\/imgw.pl\/wp-content\/uploads\/2026\/04\/word-image-25024-4-300x268.png 300w, https:\/\/imgw.pl\/wp-content\/uploads\/2026\/04\/word-image-25024-4-13x12.png 13w\" sizes=\"auto, (max-width: 671px) 100vw, 671px\" \/><\/figure>\n\n\n\n<figure class=\"wp-block-image\"><img loading=\"lazy\" decoding=\"async\" width=\"196\" height=\"289\" src=\"https:\/\/imgw.pl\/wp-content\/uploads\/2026\/04\/obraz-zawierajacy-tekst-zrzut-ekranu-czcionka-d-9.png\" alt=\"Obraz zawieraj\u0105cy tekst, zrzut ekranu, Czcionka, dokumentZawarto\u015b\u0107 wygenerowana przez AI mo\u017ce by\u0107 niepoprawna., Obraz\" class=\"wp-image-25029\" srcset=\"https:\/\/imgw.pl\/wp-content\/uploads\/2026\/04\/obraz-zawierajacy-tekst-zrzut-ekranu-czcionka-d-9.png 196w, https:\/\/imgw.pl\/wp-content\/uploads\/2026\/04\/obraz-zawierajacy-tekst-zrzut-ekranu-czcionka-d-9-8x12.png 8w\" sizes=\"auto, (max-width: 196px) 100vw, 196px\" \/><\/figure>\n\n\n\n<p><\/p>\n\n\n\n<p>Rys. 2. <a href=\"https:\/\/hydro.imgw.pl\/#\/map?warn=hydro&amp;bl=hydro&amp;tstp=24&amp;zo=6.92408502587485&amp;lo=19.189&amp;la=52.0195\">Ostrze\u017cenia hydrologiczne<\/a>, stan na godz. 14:00 dnia 29.04.2026 r.<\/p>\n\n\n\n<figure class=\"wp-block-image\"><img loading=\"lazy\" decoding=\"async\" width=\"254\" height=\"154\" src=\"https:\/\/imgw.pl\/wp-content\/uploads\/2026\/04\/obraz-zawierajacy-tekst-zrzut-ekranu-czcionka-a-69.png\" alt=\"Obraz zawieraj\u0105cy tekst, zrzut ekranu, Czcionka, algebraZawarto\u015b\u0107 wygenerowana przez AI mo\u017ce by\u0107 niepoprawna.\" class=\"wp-image-25030\" srcset=\"https:\/\/imgw.pl\/wp-content\/uploads\/2026\/04\/obraz-zawierajacy-tekst-zrzut-ekranu-czcionka-a-69.png 254w, https:\/\/imgw.pl\/wp-content\/uploads\/2026\/04\/obraz-zawierajacy-tekst-zrzut-ekranu-czcionka-a-69-18x12.png 18w\" sizes=\"auto, (max-width: 254px) 100vw, 254px\" \/><\/figure>\n\n\n\n<figure class=\"wp-block-image\"><img loading=\"lazy\" decoding=\"async\" width=\"654\" height=\"588\" src=\"https:\/\/imgw.pl\/wp-content\/uploads\/2026\/04\/word-image-25024-7.png\" alt=\"\" class=\"wp-image-25031\" srcset=\"https:\/\/imgw.pl\/wp-content\/uploads\/2026\/04\/word-image-25024-7.png 654w, https:\/\/imgw.pl\/wp-content\/uploads\/2026\/04\/word-image-25024-7-300x270.png 300w, https:\/\/imgw.pl\/wp-content\/uploads\/2026\/04\/word-image-25024-7-13x12.png 13w\" sizes=\"auto, (max-width: 654px) 100vw, 654px\" \/><\/figure>\n\n\n\n<p><\/p>\n\n\n\n<p>Rys. 3. <a href=\"https:\/\/hydro.imgw.pl\/#\/map?warn=hydro&amp;bl=hydro&amp;tstp=24&amp;zo=6.92408502587485&amp;lo=20.2427&amp;la=52.1192&amp;ts=202603251300&amp;omt=2&amp;riv=true\">Prognoza hydrologiczna stanu wody<\/a>, godz. 08:00 dnia 30.04.2026 r.<\/p>\n\n\n\n<figure class=\"wp-block-image\"><img loading=\"lazy\" decoding=\"async\" width=\"254\" height=\"154\" src=\"https:\/\/imgw.pl\/wp-content\/uploads\/2026\/04\/obraz-zawierajacy-tekst-zrzut-ekranu-czcionka-a-70.png\" alt=\"Obraz zawieraj\u0105cy tekst, zrzut ekranu, Czcionka, algebraZawarto\u015b\u0107 wygenerowana przez AI mo\u017ce by\u0107 niepoprawna.\" class=\"wp-image-25032\" srcset=\"https:\/\/imgw.pl\/wp-content\/uploads\/2026\/04\/obraz-zawierajacy-tekst-zrzut-ekranu-czcionka-a-70.png 254w, https:\/\/imgw.pl\/wp-content\/uploads\/2026\/04\/obraz-zawierajacy-tekst-zrzut-ekranu-czcionka-a-70-18x12.png 18w\" sizes=\"auto, (max-width: 254px) 100vw, 254px\" \/><\/figure>\n\n\n\n<figure class=\"wp-block-image\"><img loading=\"lazy\" decoding=\"async\" width=\"679\" height=\"594\" src=\"https:\/\/imgw.pl\/wp-content\/uploads\/2026\/04\/word-image-25024-9.png\" alt=\"\" class=\"wp-image-25033\" srcset=\"https:\/\/imgw.pl\/wp-content\/uploads\/2026\/04\/word-image-25024-9.png 679w, https:\/\/imgw.pl\/wp-content\/uploads\/2026\/04\/word-image-25024-9-300x262.png 300w, https:\/\/imgw.pl\/wp-content\/uploads\/2026\/04\/word-image-25024-9-14x12.png 14w\" sizes=\"auto, (max-width: 679px) 100vw, 679px\" \/><\/figure>\n\n\n\n<p><\/p>\n\n\n\n<p>Rys. 4. <a href=\"https:\/\/hydro.imgw.pl\/#\/map?warn=hydro&amp;bl=hydro&amp;tstp=24&amp;zo=6.92408502587485&amp;lo=20.2427&amp;la=52.1192&amp;ts=202603251300&amp;omt=2&amp;riv=true\">Prognoza hydrologiczna stanu wody<\/a>, godz. 08:00 dnia 01.05.2026 r. <\/p>\n\n\n\n<p>Opracowanie: Centrum Hydrologicznej Os\u0142ony Kraju IMGW-PIB<\/p>","protected":false},"excerpt":{"rendered":"<p>&nbsp; Sytuacja meteorologiczna Stan na 29.04.2026, godz. 15:00 \u2013 opracowanie Centrum Meteorologicznej Os\u0142ony Kraju IMGW-PIB 1. Najwa\u017cniejsze zagro\u017cenia: PRZYMROZKI W nocy z 29 na 30 kwietnia na przewa\u017caj\u0105cym obszarze kraju prognozowane s\u0105 spadki temperatury poni\u017cej 0\u00b0C, w tym r\u00f3wnie\u017c przy gruncie. Najni\u017csze temperatury wyst\u0105pi\u0105 na p\u00f3\u0142nocnym wschodzie, w centrum oraz w rejonach podg\u00f3rskich i w [&hellip;]<\/p>\n","protected":false},"author":7,"featured_media":25033,"comment_status":"closed","ping_status":"closed","sticky":false,"template":"","format":"standard","meta":{"footnotes":""},"categories":[5],"tags":[],"class_list":["post-25024","post","type-post","status-publish","format-standard","has-post-thumbnail","hentry","category-aktualnosci"],"_links":{"self":[{"href":"https:\/\/imgw.pl\/en\/wp-json\/wp\/v2\/posts\/25024","targetHints":{"allow":["GET"]}}],"collection":[{"href":"https:\/\/imgw.pl\/en\/wp-json\/wp\/v2\/posts"}],"about":[{"href":"https:\/\/imgw.pl\/en\/wp-json\/wp\/v2\/types\/post"}],"author":[{"embeddable":true,"href":"https:\/\/imgw.pl\/en\/wp-json\/wp\/v2\/users\/7"}],"replies":[{"embeddable":true,"href":"https:\/\/imgw.pl\/en\/wp-json\/wp\/v2\/comments?post=25024"}],"version-history":[{"count":1,"href":"https:\/\/imgw.pl\/en\/wp-json\/wp\/v2\/posts\/25024\/revisions"}],"predecessor-version":[{"id":25034,"href":"https:\/\/imgw.pl\/en\/wp-json\/wp\/v2\/posts\/25024\/revisions\/25034"}],"wp:featuredmedia":[{"embeddable":true,"href":"https:\/\/imgw.pl\/en\/wp-json\/wp\/v2\/media\/25033"}],"wp:attachment":[{"href":"https:\/\/imgw.pl\/en\/wp-json\/wp\/v2\/media?parent=25024"}],"wp:term":[{"taxonomy":"category","embeddable":true,"href":"https:\/\/imgw.pl\/en\/wp-json\/wp\/v2\/categories?post=25024"},{"taxonomy":"post_tag","embeddable":true,"href":"https:\/\/imgw.pl\/en\/wp-json\/wp\/v2\/tags?post=25024"}],"curies":[{"name":"wp","href":"https:\/\/api.w.org\/{rel}","templated":true}]}}