{"id":25042,"date":"2026-04-30T08:01:44","date_gmt":"2026-04-30T06:01:44","guid":{"rendered":"https:\/\/imgw.pl\/?p=25042"},"modified":"2026-04-30T08:01:46","modified_gmt":"2026-04-30T06:01:46","slug":"spotkanie-dyrektorow-instytutow-hydrometeorologicznych-europy-srodkowo-wschodniej","status":"publish","type":"post","link":"https:\/\/imgw.pl\/en\/spotkanie-dyrektorow-instytutow-hydrometeorologicznych-europy-srodkowo-wschodniej\/","title":{"rendered":"Spotkanie dyrektor\u00f3w instytut\u00f3w hydrometeorologicznych Europy \u015arodkowo-Wschodniej"},"content":{"rendered":"<p>W dniu 28.04.2026 odby\u0142o si\u0119 spotkanie dyrektor\u00f3w instytut\u00f3w hydrometeorologicznych z regionu Europy \u015arodkowo-Wschodniej. Wydarzenie stanowi\u0142o platform\u0119 do wymiany do\u015bwiadcze\u0144, om\u00f3wienia bie\u017c\u0105cych wyzwa\u0144 oraz zacie\u015bnienia wsp\u00f3\u0142pracy w obszarze monitoringu i prognozowania zjawisk meteorologicznych i hydrologicznych.<\/p>\n\n\n\n<figure class=\"wp-block-image size-full\"><img loading=\"lazy\" decoding=\"async\" width=\"1642\" height=\"1126\" src=\"https:\/\/imgw.pl\/wp-content\/uploads\/2026\/04\/Spotkanie-dyrektorow-instytutow-hydrometeorologicznych-Europy-Srodkowo-Wschodniej.jpeg\" alt=\"\" class=\"wp-image-25043\" srcset=\"https:\/\/imgw.pl\/wp-content\/uploads\/2026\/04\/Spotkanie-dyrektorow-instytutow-hydrometeorologicznych-Europy-Srodkowo-Wschodniej.jpeg 1642w, https:\/\/imgw.pl\/wp-content\/uploads\/2026\/04\/Spotkanie-dyrektorow-instytutow-hydrometeorologicznych-Europy-Srodkowo-Wschodniej-300x206.jpeg 300w, https:\/\/imgw.pl\/wp-content\/uploads\/2026\/04\/Spotkanie-dyrektorow-instytutow-hydrometeorologicznych-Europy-Srodkowo-Wschodniej-1024x702.jpeg 1024w, https:\/\/imgw.pl\/wp-content\/uploads\/2026\/04\/Spotkanie-dyrektorow-instytutow-hydrometeorologicznych-Europy-Srodkowo-Wschodniej-768x527.jpeg 768w, https:\/\/imgw.pl\/wp-content\/uploads\/2026\/04\/Spotkanie-dyrektorow-instytutow-hydrometeorologicznych-Europy-Srodkowo-Wschodniej-1536x1053.jpeg 1536w, https:\/\/imgw.pl\/wp-content\/uploads\/2026\/04\/Spotkanie-dyrektorow-instytutow-hydrometeorologicznych-Europy-Srodkowo-Wschodniej-18x12.jpeg 18w\" sizes=\"auto, (max-width: 1642px) 100vw, 1642px\" \/><\/figure>","protected":false},"excerpt":{"rendered":"<p>W dniu 28.04.2026 odby\u0142o si\u0119 spotkanie dyrektor\u00f3w instytut\u00f3w hydrometeorologicznych z regionu Europy \u015arodkowo-Wschodniej. Wydarzenie stanowi\u0142o platform\u0119 do wymiany do\u015bwiadcze\u0144, om\u00f3wienia bie\u017c\u0105cych wyzwa\u0144 oraz zacie\u015bnienia wsp\u00f3\u0142pracy w obszarze monitoringu i prognozowania zjawisk meteorologicznych i hydrologicznych.<\/p>","protected":false},"author":2,"featured_media":25043,"comment_status":"closed","ping_status":"closed","sticky":false,"template":"","format":"standard","meta":{"footnotes":""},"categories":[5],"tags":[],"class_list":["post-25042","post","type-post","status-publish","format-standard","has-post-thumbnail","hentry","category-aktualnosci"],"_links":{"self":[{"href":"https:\/\/imgw.pl\/en\/wp-json\/wp\/v2\/posts\/25042","targetHints":{"allow":["GET"]}}],"collection":[{"href":"https:\/\/imgw.pl\/en\/wp-json\/wp\/v2\/posts"}],"about":[{"href":"https:\/\/imgw.pl\/en\/wp-json\/wp\/v2\/types\/post"}],"author":[{"embeddable":true,"href":"https:\/\/imgw.pl\/en\/wp-json\/wp\/v2\/users\/2"}],"replies":[{"embeddable":true,"href":"https:\/\/imgw.pl\/en\/wp-json\/wp\/v2\/comments?post=25042"}],"version-history":[{"count":1,"href":"https:\/\/imgw.pl\/en\/wp-json\/wp\/v2\/posts\/25042\/revisions"}],"predecessor-version":[{"id":25044,"href":"https:\/\/imgw.pl\/en\/wp-json\/wp\/v2\/posts\/25042\/revisions\/25044"}],"wp:featuredmedia":[{"embeddable":true,"href":"https:\/\/imgw.pl\/en\/wp-json\/wp\/v2\/media\/25043"}],"wp:attachment":[{"href":"https:\/\/imgw.pl\/en\/wp-json\/wp\/v2\/media?parent=25042"}],"wp:term":[{"taxonomy":"category","embeddable":true,"href":"https:\/\/imgw.pl\/en\/wp-json\/wp\/v2\/categories?post=25042"},{"taxonomy":"post_tag","embeddable":true,"href":"https:\/\/imgw.pl\/en\/wp-json\/wp\/v2\/tags?post=25042"}],"curies":[{"name":"wp","href":"https:\/\/api.w.org\/{rel}","templated":true}]}}