{"id":25045,"date":"2026-04-30T12:13:25","date_gmt":"2026-04-30T10:13:25","guid":{"rendered":"https:\/\/imgw.pl\/?p=25045"},"modified":"2026-04-30T12:13:28","modified_gmt":"2026-04-30T10:13:28","slug":"patronat-honorowy-ministra-infrastruktury-dla-i-ogolnopolskiej-konferencji-naukowej-blizej-jezior","status":"publish","type":"post","link":"https:\/\/imgw.pl\/en\/patronat-honorowy-ministra-infrastruktury-dla-i-ogolnopolskiej-konferencji-naukowej-blizej-jezior\/","title":{"rendered":"Patronat honorowy Ministra Infrastruktury dla I Og\u00f3lnopolskiej Konferencji Naukowej BLI\u017bEJ JEZIOR"},"content":{"rendered":"<p>Z dum\u0105 informujemy, \u017ce I Og\u00f3lnopolska Konferencja Naukowa BLI\u017bEJ JEZIOR zosta\u0142a obj\u0119ta patronatem honorowym Ministerstwa Infrastruktury. Przyznanie patronatu stanowi wyr\u00f3\u017cnienie honorowe podkre\u015blaj\u0105ce szczeg\u00f3lny charakter przedsi\u0119wzi\u0119cia o du\u017cym znaczeniu dla rozwoju infrastruktury, obejmuj\u0105cego dzia\u0142y administracji rz\u0105dowej: transport, gospodarka morska, gospodarka wodna i \u017cegluga \u015br\u00f3dl\u0105dowa, kt\u00f3re ma zasi\u0119g, rang\u0119 lub znaczenie ponadregionalne, og\u00f3lnopolskie lub mi\u0119dzynarodowe oraz ze wzgl\u0119du na poruszan\u0105 problematyk\u0119 jest istotne dla zakresu zada\u0144 Ministra.<\/p>\n\n\n\n<p>To ogromne wyr\u00f3\u017cnienie oraz wa\u017cne potwierdzenie znaczenia temat\u00f3w, kt\u00f3re b\u0119d\u0105 poruszane podczas konferencji. Konferencja BLI\u017bEJ JEZIOR zosta\u0142a zaplanowana jako og\u00f3lnopolskie forum po\u015bwi\u0119cone ochronie jezior, zarz\u0105dzaniu zasobami wodnymi, adaptacji do zmian klimatu oraz aktualnym wyzwaniom \u015brodowiskowym i roli jezior w krajobrazie. Wydarzenie \u0142\u0105czy prezentacj\u0119 aktualnych wynik\u00f3w bada\u0144 naukowych z dyskusj\u0105 nad kierunkami rozwoju systemowych rozwi\u0105za\u0144, kt\u00f3re mog\u0105 realnie wspiera\u0107 ochron\u0119 jezior i efektywne zarz\u0105dzanie wod\u0105 w skali lokalnej i krajowej. Szczeg\u00f3lny nacisk po\u0142o\u017cony zostanie na \u0142\u0105czenie perspektywy naukowej z do\u015bwiadczeniem praktyk\u00f3w i potrzebami decydent\u00f3w w zakresie gospodarki wodnej.<\/p>\n\n\n\n<p>I Og\u00f3lnopolska Konferencja Naukowa BLI\u017bEJ JEZIOR odb\u0119dzie si\u0119 22 maja 2026 w Warszawie i jest wsp\u00f3\u0142organizowana przez Instytut Meteorologii i Gospodarki Wodnej \u2013 Pa\u0144stwowy Instytut Badawczy oraz Polskie Towarzystwo Limnologiczne. Patronat honorowy Ministra Infrastruktury wzmacnia rang\u0119 wydarzenia i motywuje do dalszego dzia\u0142ania na rzecz upowszechniania wiedzy, dialogu oraz praktycznych rozwi\u0105za\u0144 wspieraj\u0105cych gospodark\u0119 wodn\u0105 i ochron\u0119 jezior.<\/p>\n\n\n\n<figure class=\"wp-block-image size-large\"><img loading=\"lazy\" decoding=\"async\" width=\"1024\" height=\"767\" src=\"https:\/\/imgw.pl\/wp-content\/uploads\/2026\/04\/Patronat-honorowy-Ministra-Infrastruktury_1-1024x767.png\" alt=\"\" class=\"wp-image-25046\" srcset=\"https:\/\/imgw.pl\/wp-content\/uploads\/2026\/04\/Patronat-honorowy-Ministra-Infrastruktury_1-1024x767.png 1024w, https:\/\/imgw.pl\/wp-content\/uploads\/2026\/04\/Patronat-honorowy-Ministra-Infrastruktury_1-300x225.png 300w, https:\/\/imgw.pl\/wp-content\/uploads\/2026\/04\/Patronat-honorowy-Ministra-Infrastruktury_1-768x575.png 768w, https:\/\/imgw.pl\/wp-content\/uploads\/2026\/04\/Patronat-honorowy-Ministra-Infrastruktury_1-16x12.png 16w, https:\/\/imgw.pl\/wp-content\/uploads\/2026\/04\/Patronat-honorowy-Ministra-Infrastruktury_1.png 1200w\" sizes=\"auto, (max-width: 1024px) 100vw, 1024px\" \/><\/figure>","protected":false},"excerpt":{"rendered":"<p>Z dum\u0105 informujemy, \u017ce I Og\u00f3lnopolska Konferencja Naukowa BLI\u017bEJ JEZIOR zosta\u0142a obj\u0119ta patronatem honorowym Ministerstwa Infrastruktury. Przyznanie patronatu stanowi wyr\u00f3\u017cnienie honorowe podkre\u015blaj\u0105ce szczeg\u00f3lny charakter przedsi\u0119wzi\u0119cia o du\u017cym znaczeniu dla rozwoju infrastruktury, obejmuj\u0105cego dzia\u0142y administracji rz\u0105dowej: transport, gospodarka morska, gospodarka wodna i \u017cegluga \u015br\u00f3dl\u0105dowa, kt\u00f3re ma zasi\u0119g, rang\u0119 lub znaczenie ponadregionalne, og\u00f3lnopolskie lub mi\u0119dzynarodowe oraz ze [&hellip;]<\/p>\n","protected":false},"author":2,"featured_media":25046,"comment_status":"closed","ping_status":"closed","sticky":false,"template":"","format":"standard","meta":{"footnotes":""},"categories":[5],"tags":[70],"class_list":["post-25045","post","type-post","status-publish","format-standard","has-post-thumbnail","hentry","category-aktualnosci","tag-patronat"],"_links":{"self":[{"href":"https:\/\/imgw.pl\/en\/wp-json\/wp\/v2\/posts\/25045","targetHints":{"allow":["GET"]}}],"collection":[{"href":"https:\/\/imgw.pl\/en\/wp-json\/wp\/v2\/posts"}],"about":[{"href":"https:\/\/imgw.pl\/en\/wp-json\/wp\/v2\/types\/post"}],"author":[{"embeddable":true,"href":"https:\/\/imgw.pl\/en\/wp-json\/wp\/v2\/users\/2"}],"replies":[{"embeddable":true,"href":"https:\/\/imgw.pl\/en\/wp-json\/wp\/v2\/comments?post=25045"}],"version-history":[{"count":1,"href":"https:\/\/imgw.pl\/en\/wp-json\/wp\/v2\/posts\/25045\/revisions"}],"predecessor-version":[{"id":25047,"href":"https:\/\/imgw.pl\/en\/wp-json\/wp\/v2\/posts\/25045\/revisions\/25047"}],"wp:featuredmedia":[{"embeddable":true,"href":"https:\/\/imgw.pl\/en\/wp-json\/wp\/v2\/media\/25046"}],"wp:attachment":[{"href":"https:\/\/imgw.pl\/en\/wp-json\/wp\/v2\/media?parent=25045"}],"wp:term":[{"taxonomy":"category","embeddable":true,"href":"https:\/\/imgw.pl\/en\/wp-json\/wp\/v2\/categories?post=25045"},{"taxonomy":"post_tag","embeddable":true,"href":"https:\/\/imgw.pl\/en\/wp-json\/wp\/v2\/tags?post=25045"}],"curies":[{"name":"wp","href":"https:\/\/api.w.org\/{rel}","templated":true}]}}