{"id":25048,"date":"2026-04-30T16:47:12","date_gmt":"2026-04-30T14:47:12","guid":{"rendered":"https:\/\/imgw.pl\/?p=25048"},"modified":"2026-04-30T16:47:14","modified_gmt":"2026-04-30T14:47:14","slug":"aktualna-i-prognozowana-sytuacja-meteorologiczna-i-hydrologiczna-raport-nr-106","status":"publish","type":"post","link":"https:\/\/imgw.pl\/en\/aktualna-i-prognozowana-sytuacja-meteorologiczna-i-hydrologiczna-raport-nr-106\/","title":{"rendered":"Aktualna i prognozowana sytuacja meteorologiczna i hydrologiczna \u2013 raport nr 106"},"content":{"rendered":"<p><strong>Aktualna i prognozowana sytuacja meteorologiczna i hydrologiczna \u2013 raport nr 106<\/strong>\n<\/p>\n\n\n\n<p><strong>Sytuacja meteorologiczna <\/strong>\n<\/p>\n\n\n\n<p><a id=\"post-25048-_Hlk221189303\"><\/a>\n  Stan na 30.04.2026, godz. 15:30 \u2013 opracowanie Centrum Meteorologicznej Os\u0142ony Kraju IMGW-PIB\n<\/p>\n\n\n\n<p><strong>1. Najwa\u017cniejsze zagro\u017cenia: PRZYMROZKI<\/strong>\n<\/p>\n\n\n\n<p>\n  W nocy 30.04\/01.05 prognozowane s\u0105 liczne spadki temperatury poni\u017cej 0\u00b0C, miejscami tak\u017ce przygruntowe do -4\u00b0C, a w obszarach podg\u00f3rskich nawet do -7\u00b0C przy gruncie. Zjawisko stwarza zagro\u017cenie dla upraw oraz infrastruktury wra\u017cliwej na nisk\u0105 temperatur\u0119. W kolejnych dniach okresowo mo\u017cliwe burze z porywami wiatru do 65 km\/h oraz przelotne opady deszczu.\n<\/p>\n\n\n\n<p><strong>2. Aktualne ostrze\u017cenia meteorologiczne w podziale na regiony ostrze\u017ce\u0144 (w formacie: nazwa zjawiska\/stopie\u0144 zagro\u017cenia, czas wa\u017cno\u015bci od \u2013 do)<\/strong>\n<\/p>\n\n\n\n<p><\/p>\n\n\n\n<p><strong>PRZYMROZKI \/1<\/strong>\n<\/p>\n\n\n\n<ol class=\"wp-block-list\">\n<li><strong>30.04, godz. 21:00 \u2013 01.05, godz. 07:30<\/strong>: ma\u0142opolskie (m.in. Krak\u00f3w i okolice, powiaty zachodnie i p\u00f3\u0142nocne regionu), podkarpackie (cz\u0119\u015b\u0107 p\u00f3\u0142nocno\u2011zachodnia), \u015bl\u0105skie (Bielsko\u2011Bia\u0142a, cieszy\u0144ski), dolno\u015bl\u0105skie (po\u0142udnie i zach\u00f3d regionu).<br><\/li>\n\n\n\n<li><strong>30.04, godz. 22:00 \u2013 01.05, godz. 07:00<\/strong>: kujawsko\u2011pomorskie (p\u00f3\u0142noc i centrum), mazowieckie (p\u00f3\u0142noc), pomorskie (wi\u0119kszo\u015b\u0107 regionu), warmi\u0144sko\u2011mazurskie (ca\u0142e).<br><\/li>\n\n\n\n<li><strong>30.04, godz. 20:00 \u2013 01.05, godz. 08:30<\/strong>: ma\u0142opolskie (po\u0142udnie i po\u0142udniowy wsch\u00f3d), podkarpackie (Bieszczady i po\u0142udnie), \u015bl\u0105skie (\u017cywiecki).<br><\/li>\n<\/ol>\n\n\n\n<p><a href=\"https:\/\/meteo.imgw.pl\/dyn\/index.html#osmet=true.\">https:\/\/meteo.imgw.pl\/dyn\/index.html#osmet=true.<\/a><\/p>\n\n\n\n<p><strong>3. Prognoza zagro\u017ce\u0144 na najbli\u017csze dni (doby dla poszczeg\u00f3lnych dni od 07:30 danego dnia do 07:30 dnia nast\u0119pnego)<\/strong>\n<\/p>\n\n\n\n<p><strong>01.05 \u2013 pi\u0105tek<\/strong>\n<\/p>\n\n\n\n<ol class=\"wp-block-list\">\n<li><strong>Przymrozki \/1<\/strong>: ma\u0142opolskie, podkarpackie, \u015bl\u0105skie (rejon Pog\u00f3rza Karpackiego<br><\/li>\n<\/ol>\n\n\n\n<p>\n  Pocz\u0105wszy od niedzieli nad Polsk\u0105 miejscami mog\u0105 pojawia\u0107 si\u0119 przelotne opady deszczu i burze. \n<\/p>\n\n\n\n<p><a href=\"https:\/\/meteo.imgw.pl\/dyn\/index.html#pronieb=true.\">https:\/\/meteo.imgw.pl\/dyn\/index.html#pronieb=true.<\/a><\/p>\n\n\n\n<p>\n  Mapa aktualnie obowi\u0105zuj\u0105cych ostrze\u017ce\u0144 meteorologicznych: o przymrozkach (PR). \n<\/p>\n\n\n\n<figure class=\"wp-block-image\"><img loading=\"lazy\" decoding=\"async\" width=\"702\" height=\"709\" src=\"https:\/\/imgw.pl\/wp-content\/uploads\/2026\/04\/word-image-25048-1.png\" alt=\"\" class=\"wp-image-25049\" srcset=\"https:\/\/imgw.pl\/wp-content\/uploads\/2026\/04\/word-image-25048-1.png 702w, https:\/\/imgw.pl\/wp-content\/uploads\/2026\/04\/word-image-25048-1-297x300.png 297w, https:\/\/imgw.pl\/wp-content\/uploads\/2026\/04\/word-image-25048-1-150x150.png 150w, https:\/\/imgw.pl\/wp-content\/uploads\/2026\/04\/word-image-25048-1-12x12.png 12w\" sizes=\"auto, (max-width: 702px) 100vw, 702px\" \/><\/figure>\n\n\n\n<p><\/p>\n\n\n\n<p><strong>Sytuacja hydrologiczna <\/strong>\n<\/p>\n\n\n\n<p>\n  Stan:30.04.2026 godz. 14:00 \n<\/p>\n\n\n\n<p>\n  Stan wody na rzekach w Polsce uk\u0142ada si\u0119 przede wszystkim w strefie stan\u00f3w niskich (68%), lokalnie&nbsp;\u015brednich (31%), punktowo wysokich (1%) (rys. 1). Ubieg\u0142ej doby na rzekach obserwowane by\u0142y g\u0142\u00f3wnie dalsze spadki i stabilizacja stanu wody. \n<\/p>\n\n\n\n<p>\n  Liczba stacji z przep\u0142ywem poni\u017cej SNQ wzros\u0142a dzi\u015b do 60, czyli o 9 stacji wi\u0119cej ni\u017c wczoraj. W zwi\u0105zku z pog\u0142\u0119biaj\u0105c\u0105 si\u0119 ni\u017c\u00f3wk\u0105 wydano kolejne ostrze\u017cenia przed susz\u0105 hydrologiczn\u0105 dla: zlewni Iny i P\u0142oni oraz zlewni Pr\u0105dnika Rudawy i przyrzecza Wis\u0142y.\n<\/p>\n\n\n\n<p><strong>Na stacjach hydrologicznych w Polsce nie zanotowano przekroczenia stanu alarmowego lub ostrzegawczego.<\/strong>\n<\/p>\n\n\n\n<p><strong>Obowi\u0105zuj\u0105 ostrze\u017cenia hydrologiczne <\/strong>(rys. 2):\n<\/p>\n\n\n\n<p><strong>-susza hydrologiczna (7 ostrze\u017ce\u0144)<\/strong>: zlewnia g\u00f3rnej Warty z Liswart\u0105, zlewnia g\u00f3rnej Noteci, \u015brodkowa i dolna Note\u0107, zlewnia Iny i P\u0142oni, zlewnia Rudawy, Pr\u0105dnika i przyrzecza Wis\u0142y, Radomka.\n<\/p>\n\n\n\n<p><strong>Pokrywa \u015bnie\u017cna<\/strong> utrzymuje si\u0119 jedynie w wy\u017cszych partiach g\u00f3r i stopniowo ubywa. W Tatrach na Kasprowym Wierchu notujemy 99 cm, a w Sudetach na \u015anie\u017cce \u015bnieg wyst\u0119puje ju\u017c tylko w p\u0142atach.\n<\/p>\n\n\n\n<p><strong>Dzi\u015b <\/strong>prognozowana<strong> <\/strong>sytuacja hydrologiczna pozostanie stabilna. Dominowa\u0107 b\u0119d\u0105 niewielkie spadki oraz&nbsp;wyr\u00f3wnany przebieg stanu wody w obecnych strefach &#8211; g\u0142\u00f3wnie w strefie wody niskiej, lokalnie \u015bredniej, tylko punktowo wysokiej. \n<\/p>\n\n\n\n<p>\n  Na stacjach morskich prognozowane s\u0105 wahania poziomu wody z tendencj\u0105 spadkow\u0105, w strefie wody \u015bredniej.\n<\/p>\n\n\n\n<p><strong>W nadchodz\u0105cych dniach <\/strong>na rzekach w Polsce przewidywana jest stabilizacja oraz dalsze spadki stanu wody, g\u0142\u00f3wnie w strefie niskiej, lokalnie \u015bredniej. \n<\/p>\n\n\n\n<p>\n  Od poniedzia\u0142ku prognozowane s\u0105 opady deszczu, kt\u00f3re nie wp\u0142yn\u0105 jednak znacz\u0105co na popraw\u0119 sytuacji hydrologicznej.\n<\/p>\n\n\n\n<p>\n  Liczba stacji z przep\u0142ywami poni\u017cej \u015bredniego niskiego przep\u0142ywu b\u0119dzie stopniowo rosn\u0105\u0107. Od soboty, wraz z prognozowanym wzrostem temperatury powietrza, proces rozwoju suszy hydrologicznej ulegnie przyspieszeniu. Po weekendzie mo\u017cliwe jest wydanie kolejnych ostrze\u017ce\u0144 hydrologicznych przed susz\u0105.\n<\/p>\n\n\n\n<p><strong>Aktualna sytuacja hydrologiczna, prognozy oraz ostrze\u017cenia dost\u0119pne zawsze w&nbsp;Serwisie hydrologicznym IMGW-PIB (<\/strong><a href=\"https:\/\/imgw-my.sharepoint.com\/personal\/centrumhydro_imgw_pl\/Documents\/Pliki%20z%20czat\u00f3w%20w%20aplikacji%20Microsoft%20Teams\/hydro.imgw.pl\"><strong>hydro.imgw.pl<\/strong><\/a><strong>).<\/strong>\n<\/p>\n\n\n\n<figure class=\"wp-block-image\"><img loading=\"lazy\" decoding=\"async\" width=\"254\" height=\"154\" src=\"https:\/\/imgw.pl\/wp-content\/uploads\/2026\/04\/obraz-zawierajacy-tekst-zrzut-ekranu-czcionka-a-71.png\" alt=\"Obraz zawieraj\u0105cy tekst, zrzut ekranu, Czcionka, algebraZawarto\u015b\u0107 wygenerowana przez AI mo\u017ce by\u0107 niepoprawna.\" class=\"wp-image-25050\" srcset=\"https:\/\/imgw.pl\/wp-content\/uploads\/2026\/04\/obraz-zawierajacy-tekst-zrzut-ekranu-czcionka-a-71.png 254w, https:\/\/imgw.pl\/wp-content\/uploads\/2026\/04\/obraz-zawierajacy-tekst-zrzut-ekranu-czcionka-a-71-18x12.png 18w\" sizes=\"auto, (max-width: 254px) 100vw, 254px\" \/><\/figure>\n\n\n\n<figure class=\"wp-block-image\"><img loading=\"lazy\" decoding=\"async\" width=\"722\" height=\"620\" src=\"https:\/\/imgw.pl\/wp-content\/uploads\/2026\/04\/word-image-25048-3.png\" alt=\"\" class=\"wp-image-25051\" srcset=\"https:\/\/imgw.pl\/wp-content\/uploads\/2026\/04\/word-image-25048-3.png 722w, https:\/\/imgw.pl\/wp-content\/uploads\/2026\/04\/word-image-25048-3-300x258.png 300w, https:\/\/imgw.pl\/wp-content\/uploads\/2026\/04\/word-image-25048-3-14x12.png 14w\" sizes=\"auto, (max-width: 722px) 100vw, 722px\" \/><\/figure>\n\n\n\n<p><\/p>\n\n\n\n<p>\n  Rys. 1. <a href=\"https:\/\/hydro.imgw.pl\/#\/map?warn=hydro&amp;bl=hydro&amp;tstp=24&amp;zo=6.92408502587485&amp;lo=21.0533&amp;la=52.0765&amp;omt=2&amp;ts=202603250900&amp;riv=true\">Stan wody na rzekach w Polsce<\/a>, stan na godz. 14:00 dnia 30.04.2026 r.\n<\/p>\n\n\n\n<figure class=\"wp-block-image\"><img loading=\"lazy\" decoding=\"async\" width=\"736\" height=\"622\" src=\"https:\/\/imgw.pl\/wp-content\/uploads\/2026\/04\/word-image-25048-4.png\" alt=\"\" class=\"wp-image-25052\" srcset=\"https:\/\/imgw.pl\/wp-content\/uploads\/2026\/04\/word-image-25048-4.png 736w, https:\/\/imgw.pl\/wp-content\/uploads\/2026\/04\/word-image-25048-4-300x254.png 300w, https:\/\/imgw.pl\/wp-content\/uploads\/2026\/04\/word-image-25048-4-14x12.png 14w\" sizes=\"auto, (max-width: 736px) 100vw, 736px\" \/><\/figure>\n\n\n\n<figure class=\"wp-block-image\"><img loading=\"lazy\" decoding=\"async\" width=\"196\" height=\"289\" src=\"https:\/\/imgw.pl\/wp-content\/uploads\/2026\/04\/obraz-zawierajacy-tekst-zrzut-ekranu-czcionka-d-10.png\" alt=\"Obraz zawieraj\u0105cy tekst, zrzut ekranu, Czcionka, dokumentZawarto\u015b\u0107 wygenerowana przez AI mo\u017ce by\u0107 niepoprawna., Obraz\" class=\"wp-image-25053\" srcset=\"https:\/\/imgw.pl\/wp-content\/uploads\/2026\/04\/obraz-zawierajacy-tekst-zrzut-ekranu-czcionka-d-10.png 196w, https:\/\/imgw.pl\/wp-content\/uploads\/2026\/04\/obraz-zawierajacy-tekst-zrzut-ekranu-czcionka-d-10-8x12.png 8w\" sizes=\"auto, (max-width: 196px) 100vw, 196px\" \/><\/figure>\n\n\n\n<p><\/p>\n\n\n\n<p>\n  Rys. 2. <a href=\"https:\/\/hydro.imgw.pl\/#\/map?warn=hydro&amp;bl=hydro&amp;tstp=24&amp;zo=6.92408502587485&amp;lo=19.189&amp;la=52.0195\">Ostrze\u017cenia hydrologiczne<\/a>, stan na godz. 14:00 dnia 30.04.2026 r.\n<\/p>\n\n\n\n<figure class=\"wp-block-image\"><img loading=\"lazy\" decoding=\"async\" width=\"254\" height=\"154\" src=\"https:\/\/imgw.pl\/wp-content\/uploads\/2026\/04\/obraz-zawierajacy-tekst-zrzut-ekranu-czcionka-a-72.png\" alt=\"Obraz zawieraj\u0105cy tekst, zrzut ekranu, Czcionka, algebraZawarto\u015b\u0107 wygenerowana przez AI mo\u017ce by\u0107 niepoprawna.\" class=\"wp-image-25054\" srcset=\"https:\/\/imgw.pl\/wp-content\/uploads\/2026\/04\/obraz-zawierajacy-tekst-zrzut-ekranu-czcionka-a-72.png 254w, https:\/\/imgw.pl\/wp-content\/uploads\/2026\/04\/obraz-zawierajacy-tekst-zrzut-ekranu-czcionka-a-72-18x12.png 18w\" sizes=\"auto, (max-width: 254px) 100vw, 254px\" \/><\/figure>\n\n\n\n<figure class=\"wp-block-image\"><img loading=\"lazy\" decoding=\"async\" width=\"730\" height=\"623\" src=\"https:\/\/imgw.pl\/wp-content\/uploads\/2026\/04\/word-image-25048-7.png\" alt=\"\" class=\"wp-image-25055\" srcset=\"https:\/\/imgw.pl\/wp-content\/uploads\/2026\/04\/word-image-25048-7.png 730w, https:\/\/imgw.pl\/wp-content\/uploads\/2026\/04\/word-image-25048-7-300x256.png 300w, https:\/\/imgw.pl\/wp-content\/uploads\/2026\/04\/word-image-25048-7-14x12.png 14w\" sizes=\"auto, (max-width: 730px) 100vw, 730px\" \/><\/figure>\n\n\n\n<p><\/p>\n\n\n\n<p>\n  Rys. 3. <a href=\"https:\/\/hydro.imgw.pl\/#\/map?warn=hydro&amp;bl=hydro&amp;tstp=24&amp;zo=6.92408502587485&amp;lo=20.2427&amp;la=52.1192&amp;ts=202603251300&amp;omt=2&amp;riv=true\">Prognoza hydrologiczna stanu wody<\/a>, godz. 08:00 dnia 01.05.2026 r.\n<\/p>\n\n\n\n<figure class=\"wp-block-image\"><img loading=\"lazy\" decoding=\"async\" width=\"254\" height=\"154\" src=\"https:\/\/imgw.pl\/wp-content\/uploads\/2026\/04\/obraz-zawierajacy-tekst-zrzut-ekranu-czcionka-a-73.png\" alt=\"Obraz zawieraj\u0105cy tekst, zrzut ekranu, Czcionka, algebraZawarto\u015b\u0107 wygenerowana przez AI mo\u017ce by\u0107 niepoprawna.\" class=\"wp-image-25056\" srcset=\"https:\/\/imgw.pl\/wp-content\/uploads\/2026\/04\/obraz-zawierajacy-tekst-zrzut-ekranu-czcionka-a-73.png 254w, https:\/\/imgw.pl\/wp-content\/uploads\/2026\/04\/obraz-zawierajacy-tekst-zrzut-ekranu-czcionka-a-73-18x12.png 18w\" sizes=\"auto, (max-width: 254px) 100vw, 254px\" \/><\/figure>\n\n\n\n<figure class=\"wp-block-image\"><img loading=\"lazy\" decoding=\"async\" width=\"733\" height=\"620\" src=\"https:\/\/imgw.pl\/wp-content\/uploads\/2026\/04\/word-image-25048-9.png\" alt=\"\" class=\"wp-image-25057\" srcset=\"https:\/\/imgw.pl\/wp-content\/uploads\/2026\/04\/word-image-25048-9.png 733w, https:\/\/imgw.pl\/wp-content\/uploads\/2026\/04\/word-image-25048-9-300x254.png 300w, https:\/\/imgw.pl\/wp-content\/uploads\/2026\/04\/word-image-25048-9-14x12.png 14w\" sizes=\"auto, (max-width: 733px) 100vw, 733px\" \/><\/figure>\n\n\n\n<p><\/p>\n\n\n\n<p>\n  Rys. 4. <a href=\"https:\/\/hydro.imgw.pl\/#\/map?warn=hydro&amp;bl=hydro&amp;tstp=24&amp;zo=6.92408502587485&amp;lo=20.2427&amp;la=52.1192&amp;ts=202603251300&amp;omt=2&amp;riv=true\">Prognoza hydrologiczna stanu wody<\/a>, godz. 08:00 dnia 02.05.2026 r.\n  <br>\n<\/p>\n\n\n\n<p>\n  Opracowanie: Centrum Hydrologicznej Os\u0142ony Kraju IMGW-PIB\n<\/p>","protected":false},"excerpt":{"rendered":"<p>Aktualna i prognozowana sytuacja meteorologiczna i hydrologiczna \u2013 raport nr 106 Sytuacja meteorologiczna Stan na 30.04.2026, godz. 15:30 \u2013 opracowanie Centrum Meteorologicznej Os\u0142ony Kraju IMGW-PIB 1. Najwa\u017cniejsze zagro\u017cenia: PRZYMROZKI W nocy 30.04\/01.05 prognozowane s\u0105 liczne spadki temperatury poni\u017cej 0\u00b0C, miejscami tak\u017ce przygruntowe do -4\u00b0C, a w obszarach podg\u00f3rskich nawet do -7\u00b0C przy gruncie. Zjawisko stwarza [&hellip;]<\/p>\n","protected":false},"author":8,"featured_media":25057,"comment_status":"closed","ping_status":"closed","sticky":false,"template":"","format":"standard","meta":{"footnotes":""},"categories":[5],"tags":[],"class_list":["post-25048","post","type-post","status-publish","format-standard","has-post-thumbnail","hentry","category-aktualnosci"],"_links":{"self":[{"href":"https:\/\/imgw.pl\/en\/wp-json\/wp\/v2\/posts\/25048","targetHints":{"allow":["GET"]}}],"collection":[{"href":"https:\/\/imgw.pl\/en\/wp-json\/wp\/v2\/posts"}],"about":[{"href":"https:\/\/imgw.pl\/en\/wp-json\/wp\/v2\/types\/post"}],"author":[{"embeddable":true,"href":"https:\/\/imgw.pl\/en\/wp-json\/wp\/v2\/users\/8"}],"replies":[{"embeddable":true,"href":"https:\/\/imgw.pl\/en\/wp-json\/wp\/v2\/comments?post=25048"}],"version-history":[{"count":1,"href":"https:\/\/imgw.pl\/en\/wp-json\/wp\/v2\/posts\/25048\/revisions"}],"predecessor-version":[{"id":25058,"href":"https:\/\/imgw.pl\/en\/wp-json\/wp\/v2\/posts\/25048\/revisions\/25058"}],"wp:featuredmedia":[{"embeddable":true,"href":"https:\/\/imgw.pl\/en\/wp-json\/wp\/v2\/media\/25057"}],"wp:attachment":[{"href":"https:\/\/imgw.pl\/en\/wp-json\/wp\/v2\/media?parent=25048"}],"wp:term":[{"taxonomy":"category","embeddable":true,"href":"https:\/\/imgw.pl\/en\/wp-json\/wp\/v2\/categories?post=25048"},{"taxonomy":"post_tag","embeddable":true,"href":"https:\/\/imgw.pl\/en\/wp-json\/wp\/v2\/tags?post=25048"}],"curies":[{"name":"wp","href":"https:\/\/api.w.org\/{rel}","templated":true}]}}