{"id":26581,"date":"2026-09-03T15:56:05","date_gmt":"2026-09-03T13:56:05","guid":{"rendered":"https:\/\/imgw.pl\/?p=26581"},"modified":"2026-09-03T15:59:50","modified_gmt":"2026-09-03T13:59:50","slug":"prognoza-pogody-na-tydzien-04-09-10-09-2026","status":"publish","type":"post","link":"https:\/\/imgw.pl\/en\/prognoza-pogody-na-tydzien-04-09-10-09-2026\/","title":{"rendered":"Prognoza pogody na tydzie\u0144 04.09-10.09.2026"},"content":{"rendered":"<h2 class=\"wp-block-heading\">Pierwsze dni tygodnia min\u0105 po znakiem ni\u017cowej i do\u015b\u0107 dynamicznej aury, na niebie dominowa\u0107 b\u0119dzie du\u017ce zachmurzenie z przelotnymi opadami deszczu, a miejscami wyst\u0105pi\u0105 tak\u017ce burze. W pi\u0105tek na Pomorzu opady b\u0119d\u0105 chwilami intensywne i tam mo\u017ce miejscami spa\u015b\u0107 nawet do 25 mm deszczu. W ca\u0142ym kraju pojawi si\u0119 r\u00f3wnie\u017c silny i porywisty wiatr, kt\u00f3ry na p\u00f3\u0142nocy kraju, szczeg\u00f3lnie na wybrze\u017cu, mo\u017ce przekracza\u0107 70 km\/h. Od poniedzia\u0142ku nast\u0105pi przej\u015bciowa poprawa pogody, wiatr os\u0142abnie, pojawi si\u0119 te\u017c wi\u0119cej rozpogodze\u0144, ale pod koniec tygodnia w ca\u0142ym kraju zn\u00f3w powr\u00f3c\u0105 przelotne opady deszczu, lokalne burze oraz silniejszy, porywisty wiatr.<\/h2>\n\n\n\n<figure class=\"wp-block-image aligncenter size-full\"><img loading=\"lazy\" decoding=\"async\" width=\"470\" height=\"631\" src=\"https:\/\/imgw.pl\/wp-content\/uploads\/2026\/09\/statek_okret.jpg\" alt=\"\" class=\"wp-image-26582\" srcset=\"https:\/\/imgw.pl\/wp-content\/uploads\/2026\/09\/statek_okret.jpg 470w, https:\/\/imgw.pl\/wp-content\/uploads\/2026\/09\/statek_okret-223x300.jpg 223w, https:\/\/imgw.pl\/wp-content\/uploads\/2026\/09\/statek_okret-9x12.jpg 9w\" sizes=\"auto, (max-width: 470px) 100vw, 470px\" \/><\/figure>\n\n\n\n<p class=\"has-text-align-center has-small-font-size wp-block-paragraph\">Ryc.1. IMGW_0904_prognoza hydrologiczna i szczeg\u00f3\u0142owa prognoza meteorologiczna na tydzie\u0144 04-10.09.2026<\/p>\n\n\n\n<p class=\"wp-block-paragraph\">W <strong>pi\u0105tek<\/strong> zachmurzenie du\u017ce, w po\u0142udniowej po\u0142owie kraju wi\u0119ksze przeja\u015bnienia i miejscami&nbsp; rozpogodzenia. Przelotne opady deszczu, na wybrze\u017cu miejscami burze. Prognozowana wysoko\u015b\u0107 opad\u00f3w miejscami od 10 mm do 15 mm, na Pomorzu do 25 mm, bez opad\u00f3w jedynie na po\u0142udniowym wschodzie. Temperatura maksymalna od 17\u00b0C, 18\u00b0C na p\u00f3\u0142nocnym wschodzie i wybrze\u017cu, oko\u0142o 22\u00b0C w centrum do 26\u00b0C na po\u0142udniu i po\u0142udniowym zachodzie. Wiatr umiarkowany i do\u015b\u0107 silny, nad morzem do\u015b\u0107 silny i silny, od 30 km\/h do 40 km\/h, w porywach i w czasie burz do 65 km\/h. Na Przedg\u00f3rzu Sudeckim porywy do 70 km\/h, w Tatrach porywy do 80 km\/h, w Sudetach do 110 km\/h.<\/p>\n\n\n\n<p class=\"wp-block-paragraph\">W <strong>sobot\u0119<\/strong> zachmurzenie umiarkowane, okresami du\u017ce. Przelotne opady deszczu. Na p\u00f3\u0142nocy kraju lokalnie burze. Prognozowana wysoko\u015b\u0107 opad\u00f3w miejscami oko\u0142o 15 mm. Temperatura maksymalna od 16\u00b0C, 18\u00b0C na p\u00f3\u0142nocy, nad morzem i w rejonach podg\u00f3rskich, oko\u0142o 20\u00b0C w centrum do 23\u00b0C na po\u0142udniowym wschodzie kraju. Wiatr umiarkowany i do\u015b\u0107 silny, nad morzem i okresami na p\u00f3\u0142nocy silny, od 40 km\/h do 50 km\/h; na po\u0142udniu kraju w porywach do 60 km\/h, w centrum oko\u0142o 70 km\/h a na p\u00f3\u0142nocy i nad morzem do nawet 80 km\/h. W Tatrach porywy 80 km\/h s\u0142abn\u0105ce do 60 km\/h, w Sudetach od 100 km\/h do 80 km\/h.<\/p>\n\n\n\n<p class=\"wp-block-paragraph\">W <strong>niedziel\u0119<\/strong> zachmurzenie umiarkowane i du\u017ce. Miejscami przelotne opady deszczu oraz lokalnie burze, g\u0142\u00f3wnie na p\u00f3\u0142nocy i wschodzie. Temperatura maksymalna od 17\u00b0C do 20\u00b0C. Wiatr umiarkowany i do\u015b\u0107 silny, w porywach do 60 km\/h, nad morzem do 80 km\/h, na og\u00f3\u0142 p\u00f3\u0142nocno-zachodni.<\/p>\n\n\n\n<p class=\"wp-block-paragraph\">W <strong>poniedzia\u0142ek<\/strong> zachmurzenie ma\u0142e i umiarkowane na p\u00f3\u0142nocny wschodzie okresami wzrastaj\u0105ce do du\u017cego i tam mo\u017cliwe przelotne opady deszczu. Temperatura maksymalna od 18\u00b0C do 23\u00b0C. Wiatr s\u0142aby i umiarkowany, na wschodzie okresami porywisty, z kierunk\u00f3w zachodnich i po\u0142udniowych.<\/p>\n\n\n\n<p class=\"wp-block-paragraph\">We <strong>wtorek<\/strong> zachmurzenie ma\u0142e i umiarkowane, jedynie na p\u00f3\u0142nocnym zachodzie i zachodzie zachmurzenie okresami du\u017ce i tam miejscami przelotne opady deszczu raz lokalne burze. Temperatura maksymalna od oko\u0142o 20\u00b0C, 23\u00b0C na p\u00f3\u0142nocy do 28\u00b0C na po\u0142udniu. Wiatr s\u0142aby i umiarkowany, na wybrze\u017cu oraz w czasie burz porywisty, po\u0142udniowy i po\u0142udniowo-zachodni, na zachodzie i nad morzem tak\u017ce zachodni.<\/p>\n\n\n\n<p class=\"wp-block-paragraph\">W <strong>\u015brod\u0119<\/strong> zachmurzenie du\u017ce z przelotnymi opadami deszczu oraz lokalnymi burzami. Temperatura maksymalna od oko\u0142o 20\u00b0C nad morzem, oko\u0142o 24\u00b0C w centrum do 29\u00b0C miejscami na po\u0142udniu. Wiatr umiarkowany i do\u015b\u0107 silny, w porywach do 60 km\/h, nad morzem do 70 km\/h, po\u0142udniowo-zachodni i zachodni.<\/p>\n\n\n\n<p class=\"wp-block-paragraph\">W <strong>czwartek<\/strong> zachmurzenie du\u017ce z wi\u0119kszymi przeja\u015bnieniami, gdzieniegdzie rozpogodzenia. Na p\u00f3\u0142nocnym zachodzie oraz na po\u0142udniowym wschodzie kraju miejscami przelotne opady deszczu. Temperatura maksymalna od 17\u00b0C do 21\u00b0C. Wiatr s\u0142aby i umiarkowany, na p\u00f3\u0142nocy i zachodzie okresami porywisty, a nad morzem w porywach do 60 km\/h, przewa\u017cnie zachodni i po\u0142udniowo-zachodni.<\/p>\n\n\n\n<p class=\"wp-block-paragraph\"><strong>Szczeg\u00f3\u0142owa prognoza hydrologiczna dla Polski na najbli\u017cszy tydzie\u0144<\/strong><\/p>\n\n\n\n<p class=\"wp-block-paragraph\"><strong>PROGNOZA HYDROLOGICZNA<\/strong><\/p>\n\n\n\n<p class=\"wp-block-paragraph\">Dzi\u015b na rzekach w Polsce notowana jest strefa niskich stan\u00f3w wody (65%) oraz \u015brednich (31%), lokalnie wysokich (4%) (Ryc. 1). Brak przekrocze\u0144 stanu alarmowego. Stan ostrzegawczy notujemy na 1 stacji hydrologicznej w dorzeczu Wis\u0142y i 1 stacji hydrologicznej w dorzeczu rzek Przymorza.<\/p>\n\n\n\n<p class=\"wp-block-paragraph\"><strong>W najbli\u017cszym tygodniu na rzekach prognozowana jest przede wszystkim stabilizacja oraz powolne spadki stanu wody, g\u0142\u00f3wnie w strefie wody niskiej, lokalnie \u015bredniej i wysokiej. Niewielkie opady deszczu nie powinny powodowa\u0107 wi\u0119kszych zmian w sytuacji hydrologicznej. Lokalnie, w zwi\u0105zku ze sp\u0142ywem w\u00f3d opadowych, mo\u017cliwe b\u0119d\u0105 niewielkie wzrosty i wahania stanu wody.<\/strong><\/p>\n\n\n\n<p class=\"wp-block-paragraph\"><strong><u>Dorzecze Wis\u0142y<\/u><\/strong><\/p>\n\n\n\n<p class=\"wp-block-paragraph\">Na g\u00f3rnej Wi\u015ble stan wody uk\u0142ada\u0107 si\u0119 b\u0119dzie g\u0142\u00f3wnie w strefie wody niskiej, lokalnie \u015bredniej, z&nbsp;tendencj\u0105 spadkow\u0105 i mo\u017cliwo\u015bci\u0105 okresowych waha\u0144 zwi\u0105zanych z prac\u0105 urz\u0105dze\u0144 hydrotechnicznych. Na \u015brodkowej i dolnej Wi\u015ble prognozuje si\u0119 stabilizacj\u0119, a lokalnie niewielkie wzrosty stanu wody, g\u0142\u00f3wnie w strefie wody niskiej. W uj\u015bciu Wis\u0142y prognozowane s\u0105 wahania poziomu wody, na kt\u00f3re wp\u0142ywa\u0107 b\u0119d\u0105 warunki wiatrowe. Stan wody waha\u0107 si\u0119 b\u0119dzie g\u0142\u00f3wnie w strefie wody \u015bredniej i do wysokiej.<\/p>\n\n\n\n<p class=\"wp-block-paragraph\">W zlewniach dop\u0142yw\u00f3w g\u00f3rnej Wis\u0142y prognozuje si\u0119 na og\u00f3\u0142 stabilizacj\u0119 i spadki stanu wody. Lokalnie mo\u017cliwe b\u0119d\u0105 niewielkie wahania i wzrosty zwi\u0105zane z prognozowanymi opadami deszczu. Stany wody uk\u0142ada\u0107 si\u0119 b\u0119d\u0105 w strefie wody niskiej i \u015bredniej, punktowo wysokiej.<\/p>\n\n\n\n<p class=\"wp-block-paragraph\">Na dop\u0142ywach \u015brodkowej i dolnej Wis\u0142y, w tym w zlewni Narwi i Bugu, przewiduje si\u0119 stabilizacj\u0119 i&nbsp;opadanie stanu wody, lokalnie wahania zwi\u0105zane z prac\u0105 urz\u0105dze\u0144 hydrotechnicznych oraz prognozowanymi opadami. Stany wody uk\u0142ada\u0107 si\u0119 b\u0119d\u0105 g\u0142\u00f3wnie w strefie wody niskiej i \u015bredniej, lokalnie wysokiej. Na Bugu przewa\u017ca\u0107 b\u0119d\u0105 stabilizacja i spadki, g\u0142\u00f3wnie w strefie wody niskiej.<\/p>\n\n\n\n<p class=\"wp-block-paragraph\"><strong><u>Dorzecze Odry<\/u><\/strong><\/p>\n\n\n\n<p class=\"wp-block-paragraph\">Na g\u00f3rnej Odrze stan wody uk\u0142ada\u0107 si\u0119 b\u0119dzie g\u0142\u00f3wnie w strefie wody niskiej, z tendencj\u0105 spadkow\u0105 i&nbsp;lokalnymi wahaniami. Na \u015brodkowej Odrze prognozuje si\u0119 stabilizacj\u0119 stanu wody, z okresowymi wi\u0119kszymi wahaniami zwi\u0105zanymi z prac\u0105 urz\u0105dze\u0144 hydrotechnicznych. Stany wody uk\u0142ada\u0107 si\u0119 b\u0119d\u0105 g\u0142\u00f3wnie w strefie wody \u015bredniej, lokalnie niskiej. Na Odrze dolnej prognozuje si\u0119 przewa\u017cnie stabilizacj\u0119 stanu wody, lokalnie mo\u017cliwe b\u0119d\u0105 niewielkie wzrosty, a nast\u0119pnie spadki, g\u0142\u00f3wnie w&nbsp;strefie wody niskiej. W uj\u015bciowym odcinku Odry prognozowane s\u0105 wahania poziomu wody, na kt\u00f3re wp\u0142ywa\u0107 b\u0119d\u0105 warunki wiatrowe. Stan wody uk\u0142ada\u0107 si\u0119 b\u0119d\u0105 g\u0142\u00f3wnie w strefie wody \u015bredniej i&nbsp;wysokiej.<\/p>\n\n\n\n<p class=\"wp-block-paragraph\">W zlewniach dop\u0142yw\u00f3w g\u00f3rnej Odry prognozuje si\u0119 na og\u00f3\u0142 stabilizacj\u0119 i spadki stanu wody, lokalnie mo\u017cliwe b\u0119d\u0105 wahania oraz niewielkie wzrosty. Stany wody uk\u0142ada\u0107 si\u0119 b\u0119d\u0105 w strefie wody niskiej i&nbsp;\u015bredniej, lokalnie wysokiej.<\/p>\n\n\n\n<p class=\"wp-block-paragraph\">Na Warcie oraz Noteci i ich dop\u0142ywach przewiduje si\u0119 g\u0142\u00f3wnie stabilizacj\u0119 i spadki stanu wody, lokalnie wahania i niewielkie wzrosty zwi\u0105zane z prac\u0105 urz\u0105dze\u0144 hydrotechnicznych. Stany wody uk\u0142ada\u0107 si\u0119 b\u0119d\u0105 g\u0142\u00f3wnie w strefie wody niskiej i \u015bredniej.<\/p>\n\n\n\n<p class=\"wp-block-paragraph\"><strong><u>Wybrze\u017ce i rzeki Przymorza, Dorzecze Prego\u0142y i Niemna<\/u><\/strong><\/p>\n\n\n\n<p class=\"wp-block-paragraph\">Na Zalewie Szczeci\u0144skim, wzd\u0142u\u017c Wybrze\u017ca, na Zalewie Wi\u015blanym i \u017bu\u0142awach prognozowane s\u0105 wahania poziomu wody, na kt\u00f3re wp\u0142ywa\u0107 b\u0119d\u0105 r\u00f3wnie\u017c warunki wiatrowe. Stany wody uk\u0142ada\u0107 si\u0119 b\u0119d\u0105 g\u0142\u00f3wnie w strefie wody \u015bredniej a w weekend na pograniczu wody \u015bredniej i wysokiej, punktowo oko\u0142o progu ostrzegawczego.<\/p>\n\n\n\n<p class=\"wp-block-paragraph\">Na rzekach Przymorza, rzekach uchodz\u0105cych do Zatoki Gda\u0144skiej i Zalewu Wi\u015blanego prognozowane s\u0105 wahania stanu wody w strefie wody \u015bredniej i niskiej, lokalnie wysokiej. Miejscami mo\u017cliwa b\u0119dzie s\u0142aba tendencja wzrostowa stanu wody.<\/p>\n\n\n\n<p class=\"wp-block-paragraph\">Na dop\u0142ywach Prego\u0142y i Niemna w granicach Polski prognozowana jest g\u0142\u00f3wnie stabilizacja i spadki stanu wody. Lokalnie mo\u017cliwe b\u0119d\u0105 wahania zwi\u0105zane z prac\u0105 urz\u0105dze\u0144 hydrotechnicznych oraz prognozowanymi opadami deszczu. Stany wody uk\u0142ada\u0107 si\u0119 b\u0119d\u0105 g\u0142\u00f3wnie w strefie wody \u015bredniej, lokalnie niskiej i wysokiej.<\/p>\n\n\n\n<p class=\"has-small-font-size wp-block-paragraph\"><em>Aktualne ostrze\u017cenia hydrologiczne (Ryc. 3):<\/em> <a href=\"https:\/\/hydro.imgw.pl\/#\/map?sr=true&amp;bl=hydro&amp;tstp=24&amp;zo=6&amp;lo=18&amp;la=51.3233&amp;omt=0&amp;ts=202604301200&amp;warn=hydro\"><em>hydro.imgw.pl<\/em><\/a><\/p>\n\n\n\n<p class=\"wp-block-paragraph\"><strong><u>Susza hydrologiczna<\/u><\/strong><\/p>\n\n\n\n<p class=\"wp-block-paragraph\"><strong>Susza hydrologiczna w Polsce<\/strong> utrzymuje si\u0119 w zlewniach rzek przewa\u017caj\u0105cej cz\u0119\u015bci kraju. Liczba stacji z przep\u0142ywem poni\u017cej SNQ pozostaje znacz\u0105ca (ponad 300 stacji), a prognozowane opady tylko chwilowo i lokalnie wp\u0142yn\u0105 na popraw\u0119 warunk\u00f3w.&nbsp; Mo\u017cliwe jest wydanie nowych ostrze\u017ce\u0144 hydrologicznych przed susz\u0105.<\/p>\n\n\n\n<p class=\"wp-block-paragraph\"><strong>Tab. 1<\/strong>. Dane dotycz\u0105ce suszy hydrologicznej w Polsce<\/p>\n\n\n\n<figure class=\"wp-block-table\"><table class=\"has-fixed-layout\"><tbody><tr><td>&nbsp;<\/td><td><strong>Ubieg\u0142y tydzie\u0144<\/strong><\/td><td><strong>Dzi\u015b<\/strong><\/td><\/tr><tr><td>NNQ \u2013 najni\u017cszy zmierzony przep\u0142yw na stacji hydrologicznej<\/td><td>35<\/td><td>42<\/td><\/tr><tr><td>SNQ \u2013 \u015bredni niski przep\u0142yw (granica suszy hydrologicznej)<\/td><td>314<\/td><td>354<\/td><\/tr><\/tbody><\/table><\/figure>\n\n\n\n<p class=\"has-small-font-size wp-block-paragraph\"><em>Biuletyn suszowy IMGW-PIB:<\/em> <a href=\"https:\/\/emapa.imgw.pl\/portal\/apps\/experiencebuilder\/experience\/?id=74d28a1407864017b516b1970942bbba\"><em>hydro.imgw.pl<\/em><\/a><br><em>Mapy wilgotno\u015bci gleby:<\/em> <a href=\"https:\/\/agrometeo.imgw.pl\/obrazysat\"><em>agrometeo.imgw.pl<\/em><\/a><br><em>Mapy prognozy zagro\u017cenia po\u017carowego:<\/em> <a href=\"https:\/\/modele.imgw.pl\/?page_id=44879\"><em>modele.imgw.pl<\/em><\/a><\/p>\n\n\n\n<p class=\"has-text-align-center wp-block-paragraph\"><strong>MAPY I WYKRESY<\/strong><\/p>\n\n\n\n<figure class=\"wp-block-image aligncenter size-full\"><img loading=\"lazy\" decoding=\"async\" width=\"632\" height=\"581\" src=\"https:\/\/imgw.pl\/wp-content\/uploads\/2026\/09\/hydr.jpg\" alt=\"\" class=\"wp-image-26583\" srcset=\"https:\/\/imgw.pl\/wp-content\/uploads\/2026\/09\/hydr.jpg 632w, https:\/\/imgw.pl\/wp-content\/uploads\/2026\/09\/hydr-300x276.jpg 300w, https:\/\/imgw.pl\/wp-content\/uploads\/2026\/09\/hydr-13x12.jpg 13w\" sizes=\"auto, (max-width: 632px) 100vw, 632px\" \/><\/figure>\n\n\n\n<p class=\"has-text-align-center has-small-font-size wp-block-paragraph\"><strong>Ryc. 2<\/strong>. <a href=\"https:\/\/hydro.imgw.pl\/#\/map?warn=hydro&amp;bl=hydro&amp;tstp=24&amp;zo=6.92408502587485&amp;lo=21.0533&amp;la=52.0765&amp;omt=2&amp;ts=202603250900&amp;riv=true\">Stan wody na rzekach w Polsce<\/a>, stan na godz. 13:00 dnia 03.09.2026 r.<\/p>\n\n\n\n<figure class=\"wp-block-image aligncenter size-full\"><img loading=\"lazy\" decoding=\"async\" width=\"647\" height=\"375\" src=\"https:\/\/imgw.pl\/wp-content\/uploads\/2026\/09\/ryc3.jpg\" alt=\"\" class=\"wp-image-26584\" srcset=\"https:\/\/imgw.pl\/wp-content\/uploads\/2026\/09\/ryc3.jpg 647w, https:\/\/imgw.pl\/wp-content\/uploads\/2026\/09\/ryc3-300x174.jpg 300w, https:\/\/imgw.pl\/wp-content\/uploads\/2026\/09\/ryc3-18x10.jpg 18w\" sizes=\"auto, (max-width: 647px) 100vw, 647px\" \/><\/figure>\n\n\n\n<p class=\"has-text-align-center has-small-font-size wp-block-paragraph\"><strong>Ryc. 3.<\/strong> <a href=\"https:\/\/hydro.imgw.pl\/#\/list\/hydro?rpp=20&amp;pf=0\">Liczba stacji hydrologicznych<\/a>, na kt\u00f3rych notowano przekroczenie stanu alarmowego i\/lub ostrzegawczego w Polsce (o\u00a0godzinie 08:00 w ostatnim tygodniu)<\/p>\n\n\n\n<figure class=\"wp-block-image aligncenter size-full\"><img loading=\"lazy\" decoding=\"async\" width=\"866\" height=\"536\" src=\"https:\/\/imgw.pl\/wp-content\/uploads\/2026\/09\/ryc4.jpg\" alt=\"\" class=\"wp-image-26585\" srcset=\"https:\/\/imgw.pl\/wp-content\/uploads\/2026\/09\/ryc4.jpg 866w, https:\/\/imgw.pl\/wp-content\/uploads\/2026\/09\/ryc4-300x186.jpg 300w, https:\/\/imgw.pl\/wp-content\/uploads\/2026\/09\/ryc4-768x475.jpg 768w, https:\/\/imgw.pl\/wp-content\/uploads\/2026\/09\/ryc4-18x12.jpg 18w\" sizes=\"auto, (max-width: 866px) 100vw, 866px\" \/><\/figure>\n\n\n\n<p class=\"has-text-align-center has-small-font-size wp-block-paragraph\"><strong>Ryc. 4<\/strong>. <a href=\"https:\/\/hydro.imgw.pl\/#\/map?warn=hydro&amp;bl=hydro&amp;tstp=24&amp;zo=6.92408502587485&amp;lo=19.189&amp;la=52.0195\">Ostrze\u017cenia hydrologiczne<\/a> IMGW-PIB, stan na godz. 14:00 dnia 03.09.2026 r.<\/p>\n\n\n\n<figure class=\"wp-block-image aligncenter size-full\"><img loading=\"lazy\" decoding=\"async\" width=\"915\" height=\"663\" src=\"https:\/\/imgw.pl\/wp-content\/uploads\/2026\/09\/ryc5.jpg\" alt=\"\" class=\"wp-image-26586\" srcset=\"https:\/\/imgw.pl\/wp-content\/uploads\/2026\/09\/ryc5.jpg 915w, https:\/\/imgw.pl\/wp-content\/uploads\/2026\/09\/ryc5-300x217.jpg 300w, https:\/\/imgw.pl\/wp-content\/uploads\/2026\/09\/ryc5-768x556.jpg 768w, https:\/\/imgw.pl\/wp-content\/uploads\/2026\/09\/ryc5-18x12.jpg 18w\" sizes=\"auto, (max-width: 915px) 100vw, 915px\" \/><\/figure>\n\n\n\n<p class=\"has-text-align-center has-small-font-size wp-block-paragraph\"><strong>Ryc. 5.<\/strong> Skumulowana miesi\u0119czna suma opadu w Polsce (wrzesie\u0144 2026 r.)<\/p>\n\n\n\n<figure class=\"wp-block-image aligncenter size-full\"><img loading=\"lazy\" decoding=\"async\" width=\"958\" height=\"435\" src=\"https:\/\/imgw.pl\/wp-content\/uploads\/2026\/09\/ryc6.jpg\" alt=\"\" class=\"wp-image-26587\" srcset=\"https:\/\/imgw.pl\/wp-content\/uploads\/2026\/09\/ryc6.jpg 958w, https:\/\/imgw.pl\/wp-content\/uploads\/2026\/09\/ryc6-300x136.jpg 300w, https:\/\/imgw.pl\/wp-content\/uploads\/2026\/09\/ryc6-768x349.jpg 768w, https:\/\/imgw.pl\/wp-content\/uploads\/2026\/09\/ryc6-18x8.jpg 18w\" sizes=\"auto, (max-width: 958px) 100vw, 958px\" \/><\/figure>\n\n\n\n<p class=\"has-text-align-center has-small-font-size wp-block-paragraph\"><strong>Ryc. 6.<\/strong> Liczba stacji z przep\u0142ywem poni\u017cej \u015bredniego niskiego przep\u0142ywu (SNQ), czyli umownej granicy suszy hydrologicznej w Polsce (od pocz\u0105tku 2026 r.)<\/p>\n\n\n\n<figure class=\"wp-block-image aligncenter size-full\"><img loading=\"lazy\" decoding=\"async\" width=\"881\" height=\"518\" src=\"https:\/\/imgw.pl\/wp-content\/uploads\/2026\/09\/ryc7.jpg\" alt=\"\" class=\"wp-image-26588\" srcset=\"https:\/\/imgw.pl\/wp-content\/uploads\/2026\/09\/ryc7.jpg 881w, https:\/\/imgw.pl\/wp-content\/uploads\/2026\/09\/ryc7-300x176.jpg 300w, https:\/\/imgw.pl\/wp-content\/uploads\/2026\/09\/ryc7-768x452.jpg 768w, https:\/\/imgw.pl\/wp-content\/uploads\/2026\/09\/ryc7-18x12.jpg 18w\" sizes=\"auto, (max-width: 881px) 100vw, 881px\" \/><\/figure>\n\n\n\n<p class=\"has-text-align-center has-small-font-size wp-block-paragraph\"><strong>Ryc. 7<\/strong>. Procentowy udzia\u0142 stacji hydrologicznych w poszczeg\u00f3lnych strefach stan\u00f3w charakterystycznych oraz liczba stacji z&nbsp;przep\u0142ywem poni\u017cej \u015bredniego niskiego przep\u0142ywu (SNQ), czyli umownej przyj\u0119tej granicy suszy hydrologicznej w Polsce (sierpie\u0144, wrzesie\u0144 2026 r.)<\/p>\n\n\n\n<div class=\"wp-block-file\"><a id=\"wp-block-file--media-27eb41d4-838e-4841-9c55-8af0e66bcf8b\" href=\"https:\/\/imgw.pl\/wp-content\/uploads\/2026\/09\/IMGW_0904_prognoza-hydrologiczna-i-szczegolowa-prognoza-meteorologiczna-na-tydzien-04-10.09.2026-.pdf\">IMGW_0904_prognoza hydrologiczna i szczeg\u00f3\u0142owa prognoza meteorologiczna na tydzie\u0144 04-10.09.2026 (pdf)<\/a><a href=\"https:\/\/imgw.pl\/wp-content\/uploads\/2026\/09\/IMGW_0904_prognoza-hydrologiczna-i-szczegolowa-prognoza-meteorologiczna-na-tydzien-04-10.09.2026-.pdf\" class=\"wp-block-file__button wp-element-button\" download aria-describedby=\"wp-block-file--media-27eb41d4-838e-4841-9c55-8af0e66bcf8b\">Pobierz<\/a><\/div>","protected":false},"excerpt":{"rendered":"<p>Pierwsze dni tygodnia min\u0105 po znakiem ni\u017cowej i do\u015b\u0107 dynamicznej aury, na niebie dominowa\u0107 b\u0119dzie du\u017ce zachmurzenie z przelotnymi opadami deszczu, a miejscami wyst\u0105pi\u0105 tak\u017ce burze. W pi\u0105tek na Pomorzu opady b\u0119d\u0105 chwilami intensywne i tam mo\u017ce miejscami spa\u015b\u0107 nawet do 25 mm deszczu. W ca\u0142ym kraju pojawi si\u0119 r\u00f3wnie\u017c silny i porywisty wiatr, kt\u00f3ry [&hellip;]<\/p>\n","protected":false},"author":2,"featured_media":26582,"comment_status":"closed","ping_status":"closed","sticky":false,"template":"","format":"standard","meta":{"footnotes":""},"categories":[5],"tags":[35],"class_list":["post-26581","post","type-post","status-publish","format-standard","has-post-thumbnail","hentry","category-aktualnosci","tag-prognoza"],"_links":{"self":[{"href":"https:\/\/imgw.pl\/en\/wp-json\/wp\/v2\/posts\/26581","targetHints":{"allow":["GET"]}}],"collection":[{"href":"https:\/\/imgw.pl\/en\/wp-json\/wp\/v2\/posts"}],"about":[{"href":"https:\/\/imgw.pl\/en\/wp-json\/wp\/v2\/types\/post"}],"author":[{"embeddable":true,"href":"https:\/\/imgw.pl\/en\/wp-json\/wp\/v2\/users\/2"}],"replies":[{"embeddable":true,"href":"https:\/\/imgw.pl\/en\/wp-json\/wp\/v2\/comments?post=26581"}],"version-history":[{"count":2,"href":"https:\/\/imgw.pl\/en\/wp-json\/wp\/v2\/posts\/26581\/revisions"}],"predecessor-version":[{"id":26591,"href":"https:\/\/imgw.pl\/en\/wp-json\/wp\/v2\/posts\/26581\/revisions\/26591"}],"wp:featuredmedia":[{"embeddable":true,"href":"https:\/\/imgw.pl\/en\/wp-json\/wp\/v2\/media\/26582"}],"wp:attachment":[{"href":"https:\/\/imgw.pl\/en\/wp-json\/wp\/v2\/media?parent=26581"}],"wp:term":[{"taxonomy":"category","embeddable":true,"href":"https:\/\/imgw.pl\/en\/wp-json\/wp\/v2\/categories?post=26581"},{"taxonomy":"post_tag","embeddable":true,"href":"https:\/\/imgw.pl\/en\/wp-json\/wp\/v2\/tags?post=26581"}],"curies":[{"name":"wp","href":"https:\/\/api.w.org\/{rel}","templated":true}]}}