{"id":3631,"date":"2025-03-31T08:46:58","date_gmt":"2025-03-31T06:46:58","guid":{"rendered":"https:\/\/imgw.pl\/?p=3631"},"modified":"2025-03-31T08:46:59","modified_gmt":"2025-03-31T06:46:59","slug":"prognoza-synoptyczna-na-14-tydzien-roku-31-03-06-04-2025-r","status":"publish","type":"post","link":"https:\/\/imgw.pl\/en\/prognoza-synoptyczna-na-14-tydzien-roku-31-03-06-04-2025-r\/","title":{"rendered":"Prognoza synoptyczna na 14. tydzie\u0144 roku (31.03-06.04.2025 r.)"},"content":{"rendered":"<h2 class=\"wp-block-heading\"><strong>Polska znajdzie si\u0119 w zasi\u0119gu wy\u017cu, kt\u00f3rego centrum b\u0119dzie przemieszcza\u0107 si\u0119 znad Morza P\u00f3\u0142nocnego i po\u0142udniowej Skandynawii nad Morze Norweskie. Zapewni on stopniowo coraz wi\u0119cej przeja\u015bnie\u0144 i rozpogodze\u0144 post\u0119puj\u0105cych od p\u00f3\u0142nocnego zachodu kraju i\u00a0nap\u0142yw cieplejszych mas powietrza, chocia\u017c nocami mog\u0105 wyst\u0105pi\u0107 przygruntowe przymrozki. W weekend zmiana pogody w zwi\u0105zku z nap\u0142ywem arktycznej masy powietrza, temperatura wyra\u017anie spadnie i w wielu miejscach pojawi\u0105 si\u0119 opady \u015bniegu.<\/strong><\/h2>\n\n\n\n<figure class=\"wp-block-image size-large\"><img loading=\"lazy\" decoding=\"async\" width=\"1024\" height=\"768\" src=\"https:\/\/imgw.pl\/wp-content\/uploads\/2025\/03\/IMGW_0331-Prognoza-na-14.-tydz.-roku-Zal.1-1024x768.jpg\" alt=\"Mazowsze, marzec 2025 r. Fot. Emilia Szewczak | IMGW-PIB\" class=\"wp-image-3632\" srcset=\"https:\/\/imgw.pl\/wp-content\/uploads\/2025\/03\/IMGW_0331-Prognoza-na-14.-tydz.-roku-Zal.1-1024x768.jpg 1024w, https:\/\/imgw.pl\/wp-content\/uploads\/2025\/03\/IMGW_0331-Prognoza-na-14.-tydz.-roku-Zal.1-300x225.jpg 300w, https:\/\/imgw.pl\/wp-content\/uploads\/2025\/03\/IMGW_0331-Prognoza-na-14.-tydz.-roku-Zal.1-768x576.jpg 768w, https:\/\/imgw.pl\/wp-content\/uploads\/2025\/03\/IMGW_0331-Prognoza-na-14.-tydz.-roku-Zal.1-1536x1152.jpg 1536w, https:\/\/imgw.pl\/wp-content\/uploads\/2025\/03\/IMGW_0331-Prognoza-na-14.-tydz.-roku-Zal.1-16x12.jpg 16w, https:\/\/imgw.pl\/wp-content\/uploads\/2025\/03\/IMGW_0331-Prognoza-na-14.-tydz.-roku-Zal.1.jpg 1600w\" sizes=\"auto, (max-width: 1024px) 100vw, 1024px\" \/><figcaption class=\"wp-element-caption\"><em>Mazowsze, marzec 2025 r. Fot. Emilia Szewczak | IMGW-PIB<\/em><\/figcaption><\/figure>\n\n\n\n<p>W <strong>poniedzia\u0142ek <\/strong>b\u0119dzie pochmurno z wi\u0119kszymi przeja\u015bnieniami i przelotnymi opadami deszczu, w&nbsp;rejonach podg\u00f3rskich r\u00f3wnie\u017c deszczu ze \u015bniegiem, a w g\u00f3rach \u015bniegu i tam pokrywa \u015bnie\u017cna przyro\u015bnie miejscami o oko\u0142o 10 cm. Na po\u0142udniowym zachodzie Polski mo\u017cliwe burze. Temperatura maksymalna na przewa\u017caj\u0105cym obszarze od 8\u00b0C do 12\u00b0C, na kra\u0144cach p\u00f3\u0142nocno-wschodnich nawet do 15\u00b0C; ch\u0142odniej miejscami w rejonach podg\u00f3rskich i na Wybrze\u017cu, od 5\u00b0C do 7\u00b0C. Wiatr b\u0119dzie s\u0142aby i umiarkowany, tylko lokalnie porywisty, z kierunk\u00f3w p\u00f3\u0142nocnych.<\/p>\n\n\n\n<p>We<strong> wtorek <\/strong>na p\u00f3\u0142nocnym zachodzie i p\u00f3\u0142nocy kraju pojawi\u0105 si\u0119 rozpogodzenia i nad ranem temperatura przy gruncie mo\u017ce spa\u015b\u0107 do oko\u0142o \u20132\u00b0C. Przelotne opady deszczu b\u0119d\u0105 wyst\u0119powa\u0107 g\u0142\u00f3wnie na po\u0142udniu i wschodzie Polski, w rejonach podg\u00f3rskich tak\u017ce opady deszczu ze \u015bniegiem, a&nbsp;w g\u00f3rach \u015bniegu. W ci\u0105gu doby wysoko w g\u00f3rach mo\u017ce spa\u015b\u0107 10-15 cm \u015bniegu. Temperatura maksymalna od 10\u00b0C do 15\u00b0C, ch\u0142odniej na Wybrze\u017cu i w rejonach podg\u00f3rskich, od 6\u00b0C do 9\u00b0C. Wiatr&nbsp;b\u0119dzie s\u0142aby i umiarkowany, okresami porywisty, p\u00f3\u0142nocny i p\u00f3\u0142nocno-wschodni.<\/p>\n\n\n\n<p>W <strong>\u015brod\u0119 <\/strong>i<strong> czwartek <\/strong>przelotne opady deszczu b\u0119d\u0105 wyst\u0119powa\u0107 tylko na kra\u0144cach po\u0142udniowych i&nbsp;na&nbsp;po\u0142udniowym wschodzie Polski, w g\u00f3rach przelotne opady deszczu ze \u015bniegiem i \u015bniegu. Na&nbsp;pozosta\u0142ym obszarze b\u0119dzie pogodnie. W obszarach rozpogodze\u0144 temperatura w nocy mo\u017ce spada\u0107 do oko\u0142o 0\u00b0C, przy gruncie do oko\u0142o \u20132\u00b0C. W \u015brod\u0119 temperatura maksymalna w dzie\u0144 12-16\u00b0C, w czwartek od 13\u00b0C do 18\u00b0C; ch\u0142odniej b\u0119dzie tylko na Wybrze\u017cu i w rejonach podg\u00f3rskich. Wiatr&nbsp;s\u0142aby i umiarkowany, chwilami porywisty, z kierunk\u00f3w p\u00f3\u0142nocnych, w czwartek skr\u0119caj\u0105cy na&nbsp;zachodni.<\/p>\n\n\n\n<p>W<strong> pi\u0105tek<\/strong> na p\u00f3\u0142nocy kraju zaznaczy si\u0119 wp\u0142yw ch\u0142odnego frontu atmosferycznego, kt\u00f3ry przyniesie tam wzrost zachmurzenia i s\u0142abe opady deszczu. Prognozuje si\u0119 temperatur\u0119 maksymaln\u0105 od oko\u0142o 10\u00b0C na p\u00f3\u0142nocy do 18\u00b0C na po\u0142udniu Polski. Wiatr b\u0119dzie s\u0142aby i&nbsp;umiarkowany, okresami porywisty, zachodni skr\u0119caj\u0105cy na p\u00f3\u0142nocny.<\/p>\n\n\n\n<p>W<strong> sobot\u0119<\/strong> zachmurzenie b\u0119dzie zmienne, wyst\u0105pi\u0105 przelotne opady deszczu, deszczu ze \u015bniegiem, na&nbsp;p\u00f3\u0142nocy i w rejonach podg\u00f3rskich tak\u017ce \u015bniegu. W nocy na p\u00f3\u0142nocy i p\u00f3\u0142nocnym wschodzie temperatura spadnie do \u20133\u00b0C, mo\u017ce by\u0107 \u015blisko. W dzie\u0144 temperatura maksymalna od oko\u0142o 4\u00b0C na p\u00f3\u0142nocy do 10\u00b0C na po\u0142udniowym zachodzie kraju. Wiatr p\u00f3\u0142nocny i p\u00f3\u0142nocno-zachodni, b\u0119dzie si\u0119 wzmaga\u0142 w dzie\u0144 do umiarkowanego i do\u015b\u0107 silnego, w porywach do 60 km\/h, na Wybrze\u017cu do silnego, w porywach do 80 km\/h, co przy opadach \u015bniegu mo\u017ce powodowa\u0107 zawieje \u015bnie\u017cne.<\/p>\n\n\n\n<p>W <strong>niedziel\u0119<\/strong> zimowe warunki mog\u0105 pojawi\u0107 si\u0119 w ca\u0142ym kraju. Zachmurzenie b\u0119dzie du\u017ce z&nbsp;wi\u0119kszymi przeja\u015bnieniami i rozpogodzeniami, wyst\u0105pi\u0105 przelotne opady \u015bniegu, miejscami deszczu ze \u015bniegiem. Temperatura w nocy w ca\u0142ym kraju (za wyj\u0105tkiem Wybrze\u017ca) spadnie poni\u017cej 0\u00b0C, nawet do \u20138\u00b0C w&nbsp;rejonach podg\u00f3rskich. Temperatura maksymalna w dzie\u0144 od 2\u00b0C do 6\u00b0C, w rejonach podg\u00f3rskich oko\u0142o 0\u00b0C. Wiatr b\u0119dzie przewa\u017cnie umiarkowany, w&nbsp;porywach do 55 km\/h, na Wybrze\u017cu pocz\u0105tkowo do\u015b\u0107 silny i silny, w porywach do 80 km\/h, p\u00f3\u0142nocny i p\u00f3\u0142nocno-zachodni, miejscami powoduj\u0105cy zawieje i zamiecie \u015bnie\u017cne.<\/p>\n\n\n\n<figure class=\"wp-block-image size-large\"><img loading=\"lazy\" decoding=\"async\" width=\"1024\" height=\"1024\" src=\"https:\/\/imgw.pl\/wp-content\/uploads\/2025\/03\/IMGW_0331-Prognoza-na-14.-tydz.-roku-Zal.3-1024x1024.jpg\" alt=\"Synoptyczna prognoza pogody na okres 31.03-06.04.2025 r. \" class=\"wp-image-3633\" srcset=\"https:\/\/imgw.pl\/wp-content\/uploads\/2025\/03\/IMGW_0331-Prognoza-na-14.-tydz.-roku-Zal.3-1024x1024.jpg 1024w, https:\/\/imgw.pl\/wp-content\/uploads\/2025\/03\/IMGW_0331-Prognoza-na-14.-tydz.-roku-Zal.3-300x300.jpg 300w, https:\/\/imgw.pl\/wp-content\/uploads\/2025\/03\/IMGW_0331-Prognoza-na-14.-tydz.-roku-Zal.3-150x150.jpg 150w, https:\/\/imgw.pl\/wp-content\/uploads\/2025\/03\/IMGW_0331-Prognoza-na-14.-tydz.-roku-Zal.3-768x768.jpg 768w, https:\/\/imgw.pl\/wp-content\/uploads\/2025\/03\/IMGW_0331-Prognoza-na-14.-tydz.-roku-Zal.3-12x12.jpg 12w, https:\/\/imgw.pl\/wp-content\/uploads\/2025\/03\/IMGW_0331-Prognoza-na-14.-tydz.-roku-Zal.3.jpg 1200w\" sizes=\"auto, (max-width: 1024px) 100vw, 1024px\" \/><figcaption class=\"wp-element-caption\"><em>Synoptyczna prognoza pogody na okres 31.03-06.04.2025 r. <\/em><\/figcaption><\/figure>","protected":false},"excerpt":{"rendered":"<p>Polska znajdzie si\u0119 w zasi\u0119gu wy\u017cu, kt\u00f3rego centrum b\u0119dzie przemieszcza\u0107 si\u0119 znad Morza P\u00f3\u0142nocnego i po\u0142udniowej Skandynawii nad Morze Norweskie. Zapewni on stopniowo coraz wi\u0119cej przeja\u015bnie\u0144 i rozpogodze\u0144 post\u0119puj\u0105cych od p\u00f3\u0142nocnego zachodu kraju i\u00a0nap\u0142yw cieplejszych mas powietrza, chocia\u017c nocami mog\u0105 wyst\u0105pi\u0107 przygruntowe przymrozki. W weekend zmiana pogody w zwi\u0105zku z nap\u0142ywem arktycznej masy powietrza, temperatura [&hellip;]<\/p>\n","protected":false},"author":2,"featured_media":3632,"comment_status":"closed","ping_status":"closed","sticky":false,"template":"","format":"standard","meta":{"footnotes":""},"categories":[5],"tags":[],"class_list":["post-3631","post","type-post","status-publish","format-standard","has-post-thumbnail","hentry","category-aktualnosci"],"_links":{"self":[{"href":"https:\/\/imgw.pl\/en\/wp-json\/wp\/v2\/posts\/3631","targetHints":{"allow":["GET"]}}],"collection":[{"href":"https:\/\/imgw.pl\/en\/wp-json\/wp\/v2\/posts"}],"about":[{"href":"https:\/\/imgw.pl\/en\/wp-json\/wp\/v2\/types\/post"}],"author":[{"embeddable":true,"href":"https:\/\/imgw.pl\/en\/wp-json\/wp\/v2\/users\/2"}],"replies":[{"embeddable":true,"href":"https:\/\/imgw.pl\/en\/wp-json\/wp\/v2\/comments?post=3631"}],"version-history":[{"count":1,"href":"https:\/\/imgw.pl\/en\/wp-json\/wp\/v2\/posts\/3631\/revisions"}],"predecessor-version":[{"id":3634,"href":"https:\/\/imgw.pl\/en\/wp-json\/wp\/v2\/posts\/3631\/revisions\/3634"}],"wp:featuredmedia":[{"embeddable":true,"href":"https:\/\/imgw.pl\/en\/wp-json\/wp\/v2\/media\/3632"}],"wp:attachment":[{"href":"https:\/\/imgw.pl\/en\/wp-json\/wp\/v2\/media?parent=3631"}],"wp:term":[{"taxonomy":"category","embeddable":true,"href":"https:\/\/imgw.pl\/en\/wp-json\/wp\/v2\/categories?post=3631"},{"taxonomy":"post_tag","embeddable":true,"href":"https:\/\/imgw.pl\/en\/wp-json\/wp\/v2\/tags?post=3631"}],"curies":[{"name":"wp","href":"https:\/\/api.w.org\/{rel}","templated":true}]}}