{"id":3666,"date":"2025-04-07T09:01:26","date_gmt":"2025-04-07T07:01:26","guid":{"rendered":"https:\/\/imgw.pl\/?p=3666"},"modified":"2025-04-11T13:46:28","modified_gmt":"2025-04-11T11:46:28","slug":"prognoza-synoptyczna-na-15-tydzien-roku-07-13-04-2025-r","status":"publish","type":"post","link":"https:\/\/imgw.pl\/en\/prognoza-synoptyczna-na-15-tydzien-roku-07-13-04-2025-r\/","title":{"rendered":"Prognoza synoptyczna na 15. tydzie\u0144 roku (07-13.04.2025 r.)"},"content":{"rendered":"<h2 class=\"wp-block-heading\">Przez wi\u0119kszo\u015b\u0107 tygodnia do Polski b\u0119d\u0105 nap\u0142ywa\u0107 z p\u00f3\u0142nocnego zachodu oraz p\u00f3\u0142nocy ch\u0142odne i&nbsp;wilgotne masy powietrza polarnego morskiego lub arktycznego morskiego. Okresami wyst\u0105pi\u0105 opady deszczu, ale na wschodzie kraju i w rejonach podg\u00f3rskich, gdzie b\u0119dzie zimniej, tak\u017ce deszczu ze \u015bniegiem i \u015bniegu; tam na drogach mo\u017ce by\u0107 \u015blisko. Nocami w wielu miejscach kraju niewielki mr\u00f3z, ale w drugiej po\u0142owie tygodnia temperatury minimalne b\u0119d\u0105 ju\u017c od zachodu kraju stopniowo wzrasta\u0107 powy\u017cej 0\u00b0C. Dopiero w niedziel\u0119 najprawdopodobniej nast\u0105pi wyra\u017ane ocieplenie.<\/h2>\n\n\n\n<figure class=\"wp-block-image size-large\"><img loading=\"lazy\" decoding=\"async\" width=\"768\" height=\"1024\" src=\"https:\/\/imgw.pl\/wp-content\/uploads\/2025\/04\/IMGW_0407-Prognoza-na-15.-tydz.-roku-Zal.1-768x1024.jpg\" alt=\"\" class=\"wp-image-3734\" srcset=\"https:\/\/imgw.pl\/wp-content\/uploads\/2025\/04\/IMGW_0407-Prognoza-na-15.-tydz.-roku-Zal.1-768x1024.jpg 768w, https:\/\/imgw.pl\/wp-content\/uploads\/2025\/04\/IMGW_0407-Prognoza-na-15.-tydz.-roku-Zal.1-225x300.jpg 225w, https:\/\/imgw.pl\/wp-content\/uploads\/2025\/04\/IMGW_0407-Prognoza-na-15.-tydz.-roku-Zal.1-1152x1536.jpg 1152w, https:\/\/imgw.pl\/wp-content\/uploads\/2025\/04\/IMGW_0407-Prognoza-na-15.-tydz.-roku-Zal.1-9x12.jpg 9w, https:\/\/imgw.pl\/wp-content\/uploads\/2025\/04\/IMGW_0407-Prognoza-na-15.-tydz.-roku-Zal.1.jpg 1200w\" sizes=\"auto, (max-width: 768px) 100vw, 768px\" \/><figcaption class=\"wp-element-caption\"><em>Mazowsze, kwiecie\u0144 2025 r. Fot. Jan Szymankiewicz | IMGW-PIB<\/em><\/figcaption><\/figure>\n\n\n\n<p>W <strong>poniedzia\u0142ek <\/strong>b\u0119dzie przewa\u017ca\u0107 zachmurzenie du\u017ce z wi\u0119kszymi przeja\u015bnieniami, miejscami wyst\u0105pi\u0105 opady deszczu i deszczu ze \u015bniegiem, w rejonach podg\u00f3rskich i w g\u00f3rach \u015bniegu. Wysoko w&nbsp;g\u00f3rach pokrywa \u015bnie\u017cna mo\u017ce przyrosn\u0105\u0107 o 5-10 cm. Bez opad\u00f3w na kra\u0144cach wschodnich. Temperatura maksymalna od oko\u0142o 4\u00b0C na po\u0142udniowym wschodzie do 11\u00b0C na zachodzie; ch\u0142odniej w obszarach podg\u00f3rskich Karpat, od \u20131\u00b0C do 3\u00b0C. Wiatr s\u0142aby i umiarkowany, chwilami porywisty, p\u00f3\u0142nocno-zachodni i p\u00f3\u0142nocny. Wysoko w g\u00f3rach wiatr b\u0119dzie w porywach osi\u0105ga\u0107 75 km\/h i mo\u017ce powodowa\u0107 zawieje i zamiecie \u015bnie\u017cne.<\/p>\n\n\n\n<p>We<strong> wtorek<\/strong> wi\u0119cej s\u0142o\u0144ca na p\u00f3\u0142nocnym zachodzie kraju, gdzie nie b\u0119dzie ju\u017c pada\u0107 w ci\u0105gu dnia. W&nbsp;po\u0142udniowo-wschodniej po\u0142owie Polski utrzyma si\u0119 zachmurzenie du\u017ce z wi\u0119kszymi przeja\u015bnieniami i przelotnymi opadami deszczu i deszczu ze \u015bniegiem, w g\u00f3rach i rejonach podg\u00f3rskich oraz pocz\u0105tkowo na wschodzie \u2013 \u015bniegu. Wysoko w g\u00f3rach w ci\u0105gu doby dalszy przyrost pokrywy \u015bnie\u017cnej o 5-10 cm. W nocy temperatura w wielu miejscach spadnie do oko\u0142o \u20132\u00b0C, w&nbsp;rejonach podg\u00f3rskich do \u20135\u00b0C. W dzie\u0144 temperatura maksymalna osi\u0105gnie od 5-7\u00b0C na wschodzie i&nbsp;po\u0142udniu do 10-12\u00b0C na zachodzie; ch\u0142odniej w rejonach podg\u00f3rskich Karpat, od 1\u00b0C do 4\u00b0C. Wiatr b\u0119dzie s\u0142aby i umiarkowany, na wschodzie, w centrum i na wybrze\u017cu okresami porywisty, z&nbsp;kierunk\u00f3w p\u00f3\u0142nocnych.<\/p>\n\n\n\n<p>W <strong>\u015brod\u0119<\/strong> zachmurzenie umiarkowane i du\u017ce. Na p\u00f3\u0142nocy i wschodzie oraz lokalnie na po\u0142udniu kraju wyst\u0105pi\u0105 przelotne opady deszczu, w rejonie podg\u00f3rskim Karpat tak\u017ce deszczu ze \u015bniegiem, w g\u00f3rach \u015bniegu. Noc jeszcze mro\u017ana z temperatur\u0105 minimaln\u0105 od \u20134\u00b0C do 0\u00b0C, w&nbsp;rejonach podg\u00f3rskich oko\u0142o \u20136\u00b0C; powy\u017cej 0\u00b0C tylko na wybrze\u017cu. Temperatura maksymalna wzro\u015bnie do 7\u00b0C na wschodzie i 12\u00b0C na zachodzie Polski. Wiatr b\u0119dzie s\u0142aby i umiarkowany, w dzie\u0144 okresami porywisty, p\u00f3\u0142nocno-zachodni i zachodni.<\/p>\n\n\n\n<p>W <strong>czwartek<\/strong> i <strong>pi\u0105tek <\/strong>zachmurzenie du\u017ce z wi\u0119kszymi przeja\u015bnieniami i lokalnymi rozpogodzeniami, zw\u0142aszcza na p\u00f3\u0142nocy. Nadal b\u0119d\u0105 wyst\u0119powa\u0107 przelotne opady deszczu i&nbsp;deszczu ze \u015bniegiem, na wschodzie i w rejonach podg\u00f3rskich tak\u017ce \u015bniegu. W Karpatach ponownie mo\u017ce spa\u015b\u0107 5-10 cm \u015bwie\u017cego \u015bniegu. Temperatura minimalna na wschodzie kraju jeszcze ujemna, od \u20133\u00b0C do \u20131\u00b0C, na zachodzie ju\u017c cieplej, od 1\u00b0C do 5\u00b0C. W dzie\u0144 r\u00f3wnie\u017c ch\u0142odniej na wschodzie, od 5\u00b0C do 9\u00b0C, cieplej na zachodzie, od 11\u00b0C do 15\u00b0C. Prognozowany jest silniejszy wiatr z kierunk\u00f3w zachodnich, porywisty w czwartek na wschodzie, natomiast w&nbsp;pi\u0105tek w ca\u0142ym kraju do oko\u0142o 60 km\/h, a na wybrze\u017cu do 70&nbsp;km\/h.<\/p>\n\n\n\n<p>W <strong>sobot\u0119<\/strong> nadal sporo chmur i miejscami opady deszczu, jedynie w rejonach podg\u00f3rskich i&nbsp;w&nbsp;g\u00f3rach deszczu ze \u015bniegiem i \u015bniegu. Przymrozki wyst\u0105pi\u0105 ju\u017c tylko na Podlasiu i Mazurach. W&nbsp;dzie\u0144 temperatura wzro\u015bnie do 8-10\u00b0C na p\u00f3\u0142nocy i w rejonie podg\u00f3rskim Karpat i do 12-14\u00b0C na po\u0142udniu i&nbsp;zachodzie. Wiatr b\u0119dzie s\u0142aby i umiarkowany, na wybrze\u017cu w&nbsp;porywach do 55 km\/h, zachodni i&nbsp;p\u00f3\u0142nocno-zachodni.<\/p>\n\n\n\n<p>W <strong>niedziel\u0119<\/strong> tylko na p\u00f3\u0142nocy zachmurzenie b\u0119dzie okresami du\u017ce i tam mo\u017ce spa\u015b\u0107 s\u0142aby deszcz. Na&nbsp;pozosta\u0142ym obszarze b\u0119dzie ju\u017c s\u0142onecznie. Prognozuje si\u0119 temperatur\u0119 maksymaln\u0105 od oko\u0142o 14\u00b0C na p\u00f3\u0142nocnym wschodzie i wybrze\u017cu do 20\u00b0C na po\u0142udniu i zachodzie. W rejonach podg\u00f3rskich wiatr skr\u0119ci na po\u0142udniowy i lokalnie b\u0119dzie osi\u0105ga\u0107 w porywach oko\u0142o 60 km\/h.<\/p>\n\n\n\n<figure class=\"wp-block-image size-full is-resized\"><img loading=\"lazy\" decoding=\"async\" width=\"740\" height=\"743\" src=\"https:\/\/imgw.pl\/wp-content\/uploads\/2025\/04\/IMGW_0407-Prognoza-na-15.-tydz.-roku-Zal.2.jpg\" alt=\"\" class=\"wp-image-3735\" style=\"width:740px\" srcset=\"https:\/\/imgw.pl\/wp-content\/uploads\/2025\/04\/IMGW_0407-Prognoza-na-15.-tydz.-roku-Zal.2.jpg 740w, https:\/\/imgw.pl\/wp-content\/uploads\/2025\/04\/IMGW_0407-Prognoza-na-15.-tydz.-roku-Zal.2-300x300.jpg 300w, https:\/\/imgw.pl\/wp-content\/uploads\/2025\/04\/IMGW_0407-Prognoza-na-15.-tydz.-roku-Zal.2-150x150.jpg 150w, https:\/\/imgw.pl\/wp-content\/uploads\/2025\/04\/IMGW_0407-Prognoza-na-15.-tydz.-roku-Zal.2-12x12.jpg 12w\" sizes=\"auto, (max-width: 740px) 100vw, 740px\" \/><figcaption class=\"wp-element-caption\"><em>Synoptyczna prognoza pogody na okres 07-13.04.2025 r.<\/em><\/figcaption><\/figure>","protected":false},"excerpt":{"rendered":"<p>Przez wi\u0119kszo\u015b\u0107 tygodnia do Polski b\u0119d\u0105 nap\u0142ywa\u0107 z p\u00f3\u0142nocnego zachodu oraz p\u00f3\u0142nocy ch\u0142odne i&nbsp;wilgotne masy powietrza polarnego morskiego lub arktycznego morskiego. Okresami wyst\u0105pi\u0105 opady deszczu, ale na wschodzie kraju i w rejonach podg\u00f3rskich, gdzie b\u0119dzie zimniej, tak\u017ce deszczu ze \u015bniegiem i \u015bniegu; tam na drogach mo\u017ce by\u0107 \u015blisko. Nocami w wielu miejscach kraju niewielki mr\u00f3z, [&hellip;]<\/p>\n","protected":false},"author":2,"featured_media":3734,"comment_status":"closed","ping_status":"closed","sticky":false,"template":"","format":"standard","meta":{"footnotes":""},"categories":[5],"tags":[],"class_list":["post-3666","post","type-post","status-publish","format-standard","has-post-thumbnail","hentry","category-aktualnosci"],"_links":{"self":[{"href":"https:\/\/imgw.pl\/en\/wp-json\/wp\/v2\/posts\/3666","targetHints":{"allow":["GET"]}}],"collection":[{"href":"https:\/\/imgw.pl\/en\/wp-json\/wp\/v2\/posts"}],"about":[{"href":"https:\/\/imgw.pl\/en\/wp-json\/wp\/v2\/types\/post"}],"author":[{"embeddable":true,"href":"https:\/\/imgw.pl\/en\/wp-json\/wp\/v2\/users\/2"}],"replies":[{"embeddable":true,"href":"https:\/\/imgw.pl\/en\/wp-json\/wp\/v2\/comments?post=3666"}],"version-history":[{"count":4,"href":"https:\/\/imgw.pl\/en\/wp-json\/wp\/v2\/posts\/3666\/revisions"}],"predecessor-version":[{"id":3736,"href":"https:\/\/imgw.pl\/en\/wp-json\/wp\/v2\/posts\/3666\/revisions\/3736"}],"wp:featuredmedia":[{"embeddable":true,"href":"https:\/\/imgw.pl\/en\/wp-json\/wp\/v2\/media\/3734"}],"wp:attachment":[{"href":"https:\/\/imgw.pl\/en\/wp-json\/wp\/v2\/media?parent=3666"}],"wp:term":[{"taxonomy":"category","embeddable":true,"href":"https:\/\/imgw.pl\/en\/wp-json\/wp\/v2\/categories?post=3666"},{"taxonomy":"post_tag","embeddable":true,"href":"https:\/\/imgw.pl\/en\/wp-json\/wp\/v2\/tags?post=3666"}],"curies":[{"name":"wp","href":"https:\/\/api.w.org\/{rel}","templated":true}]}}