{"id":3754,"date":"2025-04-14T08:21:01","date_gmt":"2025-04-14T06:21:01","guid":{"rendered":"https:\/\/imgw.pl\/?p=3754"},"modified":"2025-04-14T08:21:03","modified_gmt":"2025-04-14T06:21:03","slug":"prognoza-synoptyczna-na-16-tydzien-roku-14-20-04-2025-r","status":"publish","type":"post","link":"https:\/\/imgw.pl\/en\/prognoza-synoptyczna-na-16-tydzien-roku-14-20-04-2025-r\/","title":{"rendered":"Prognoza synoptyczna na 16. tydzie\u0144 roku (14-20.04.2025 r.)"},"content":{"rendered":"<h2 class=\"wp-block-heading\">Po lekkiej zimie w minionym tygodniu, w najbli\u017cszych dniach spodziewamy si\u0119 i\u015bcie letniej pogody. A\u017c do czwartku z ka\u017cdym dniem b\u0119dzie coraz cieplej. W czwartek temperatura maksymalna prawie w ca\u0142ym kraju przekroczy 20\u00b0C, a najcieplej b\u0119dzie na zachodzie i po\u0142udniu \u2013 nawet do 27\u00b0C. Nie\u00a0zabraknie opad\u00f3w deszczu, g\u0142\u00f3wnie o charakterze przelotnym, pojawia\u0107 si\u0119 b\u0119d\u0105 tak\u017ce wiosenne burze. Druga po\u0142owa tygodnia najprawdopodobniej przyniesie lekkie och\u0142odzenie, w\u00a0dalszym ci\u0105gu miejscami wyst\u0119powa\u0107 b\u0119d\u0105 przelotne opady deszczu oraz burze.<\/h2>\n\n\n\n<figure class=\"wp-block-image size-large\"><img loading=\"lazy\" decoding=\"async\" width=\"1024\" height=\"768\" src=\"https:\/\/imgw.pl\/wp-content\/uploads\/2025\/04\/IMGW_0414-Prognoza-na-16.-tydz.-roku-Zal.1-1024x768.jpg\" alt=\"\" class=\"wp-image-3755\" srcset=\"https:\/\/imgw.pl\/wp-content\/uploads\/2025\/04\/IMGW_0414-Prognoza-na-16.-tydz.-roku-Zal.1-1024x768.jpg 1024w, https:\/\/imgw.pl\/wp-content\/uploads\/2025\/04\/IMGW_0414-Prognoza-na-16.-tydz.-roku-Zal.1-300x225.jpg 300w, https:\/\/imgw.pl\/wp-content\/uploads\/2025\/04\/IMGW_0414-Prognoza-na-16.-tydz.-roku-Zal.1-768x576.jpg 768w, https:\/\/imgw.pl\/wp-content\/uploads\/2025\/04\/IMGW_0414-Prognoza-na-16.-tydz.-roku-Zal.1-1536x1152.jpg 1536w, https:\/\/imgw.pl\/wp-content\/uploads\/2025\/04\/IMGW_0414-Prognoza-na-16.-tydz.-roku-Zal.1-16x12.jpg 16w, https:\/\/imgw.pl\/wp-content\/uploads\/2025\/04\/IMGW_0414-Prognoza-na-16.-tydz.-roku-Zal.1.jpg 1600w\" sizes=\"auto, (max-width: 1024px) 100vw, 1024px\" \/><\/figure>\n\n\n\n<p class=\"has-small-font-size\"><em>Kwitn\u0105ce magnolie, kwiecie\u0144 2025 r. Fot. Agnieszka Saluta-\u015amia\u0142kowska | IMGW-PIB<\/em><\/p>\n\n\n\n<p>W <strong>poniedzia\u0142ek <\/strong>zachmurzenie umiarkowane, okresami du\u017ce. Miejscami pada\u0107 b\u0119dzie przelotny deszcz, a na zachodzie, p\u00f3\u0142nocy oraz lokalnie w centrum mo\u017cliwe s\u0105 te\u017c burze. Burzom mog\u0105 towarzyszy\u0107 opady deszczu do 15 mm oraz porywisty wiatr. Najch\u0142odniej nad morzem, od 9\u00b0C na Helu do 15\u00b0C w zachodniej cz\u0119\u015bci Wybrze\u017ca. Na pozosta\u0142ym obszarze od 16\u00b0C na Suwalszczy\u017anie, oko\u0142o 21\u00b0C w centrum, do 22-23\u00b0C na zachodzie i po\u0142udniu. Wiatr b\u0119dzie s\u0142aby, tylko na po\u0142udniowym wschodzie umiarkowany, na obszarach podg\u00f3rskich Podkarpacia w porywach do&nbsp;65&nbsp;km\/h, po\u0142udniowy i po\u0142udniowo-zachodni.<\/p>\n\n\n\n<p>We<strong> wtorek<\/strong> pogodnie na p\u00f3\u0142nocnym wschodzie oraz w centrum. Na pozosta\u0142ym obszarze zachmurzenie umiarkowane i du\u017ce, miejscami opady deszczu. Rano lokalnie mo\u017cliwe s\u0105 zanikaj\u0105ce mg\u0142y ograniczaj\u0105ce widzialno\u015b\u0107 do 500 metr\u00f3w. W najcieplejszym momencie dnia termometry wska\u017c\u0105 od 16-17\u00b0C na po\u0142udniowym wschodzie, oko\u0142o 20\u00b0C na zachodzie, do 21-22\u00b0C na p\u00f3\u0142nocnym wschodzie, p\u00f3\u0142nocnym zachodzie i w centrum. Ch\u0142odniej b\u0119dzie tylko na Helu, oko\u0142o 11\u00b0C oraz w&nbsp;kotlinach karpackich, oko\u0142o 15\u00b0C. S\u0142aby i umiarkowany, a chwilami te\u017c porywisty wiatr, wia\u0142 b\u0119dzie&nbsp;z po\u0142udniowego wschodu. Najsilniejszych poryw\u00f3w wiatru spodziewamy si\u0119 na zachodzie, gdzie osi\u0105ga\u0107 one mog\u0105 do 55 km\/h.<\/p>\n\n\n\n<p><strong>\u015aroda<\/strong> pogodna na po\u0142udniowym wschodzie kraju. Na pozosta\u0142ym obszarze przewa\u017ca\u0107 b\u0119dzie zachmurzenie umiarkowane i du\u017ce, miejscami przelotne opady deszczu, a na wschodzie i p\u00f3\u0142nocnym wschodzie mo\u017cliwe s\u0105 te\u017c burze. Temperatura maksymalna wyniesie od 18-20\u00b0C na p\u00f3\u0142nocy i&nbsp;wschodzie, oko\u0142o 22\u00b0C w centrum, do 23\u00b0C na zachodzie i 24\u00b0C lokalnie na po\u0142udniu; tylko na Helu oko\u0142o 12\u00b0C. Wiatr b\u0119dzie s\u0142aby i umiarkowany, na p\u00f3\u0142nocy i wschodzie okresami porywisty, w czasie burz w porywach do 60 km\/h, z kierunk\u00f3w po\u0142udniowych.<\/p>\n\n\n\n<p><strong>Czwartek<\/strong> ma by\u0107 najcieplejszym i najbardziej s\u0142onecznym dniem rozpoczynaj\u0105cego si\u0119 tygodnia. Jedynie na p\u00f3\u0142nocnym wschodzie rano zachmurzenie mo\u017ce by\u0107 jeszcze du\u017ce, w nocy mog\u0105 tam wyst\u0105pi\u0107 przelotne opady deszczu oraz burze. Najcieplej b\u0119dzie na zachodzie i po\u0142udniu kraju, od 26\u00b0C do 27\u00b0C, w centrum oko\u0142o 25\u00b0C, najch\u0142odniej natomiast w kotlinach g\u00f3rskich i na wschodzie, od 20\u00b0C do 22\u00b0C. Jeszcze ch\u0142odniej na Helu, tam oko\u0142o 15\u00b0C. Wiatr s\u0142aby i umiarkowany, okresami porywisty, z po\u0142udnia i po\u0142udniowego wschodu. Jedynie w czasie burz porywy wiatru osi\u0105ga\u0107 mog\u0105 do 60 km\/h.<\/p>\n\n\n\n<p><strong>Pi\u0105tek<\/strong> we wschodniej po\u0142owie kraju oraz na Pomorzu Gda\u0144skim b\u0119dzie s\u0142oneczny. Na pozosta\u0142ym obszarze zachmurzenie umiarkowane i du\u017ce, miejscami pada\u0142 b\u0119dzie przelotny deszcz, a na obszarach podg\u00f3rskich oraz w g\u00f3rach na G\u00f3rnym \u015al\u0105sku i w Ma\u0142opolsce mo\u017cliwe s\u0105 te\u017c burze. Najch\u0142odniej w&nbsp;kotlinach g\u00f3rskich oraz na p\u00f3\u0142nocnym zachodzie, od 17\u00b0C do 19\u00b0C, najcieplej miejscami w centrum oraz na po\u0142udniowym wschodzie, do 25\u00b0C. Jedynie na Helu oko\u0142o 13\u00b0C. Wiatr b\u0119dzie s\u0142aby, na zachodzie umiarkowany i porywisty, w czasie burz w porywach do 60 km\/h, po\u0142udniowo-wschodni, tylko na zachodzie po\u0142udniowy, skr\u0119caj\u0105cy na zachodni.<\/p>\n\n\n\n<p>W<strong> sobot\u0119 <\/strong>zachmurzenie umiarkowane, ale okresami wzrastaj\u0105ce do du\u017cego. Miejscami pada\u0142 b\u0119dzie przelotny deszcz, na wschodzie i w centrum mo\u017cliwe s\u0105 te\u017c burze. Zrobi si\u0119 ju\u017c ch\u0142odniej, szczeg\u00f3lnie na zachodzie, gdzie temperatura maksymalna wyniesie jedynie od 8\u00b0C do 15\u00b0C. Na pozosta\u0142ym obszarze w najcieplejszym momencie dnia b\u0119dzie od 19\u00b0C do 22\u00b0C. Wiatr s\u0142aby, na p\u00f3\u0142nocnym wschodzie i w centrum z kierunk\u00f3w po\u0142udniowych, na pozosta\u0142ym obszarze p\u00f3\u0142nocno-zachodni i&nbsp;zachodni. W czasie burz porywy wiatru mog\u0105 osi\u0105ga\u0107 do 65 km\/h.<\/p>\n\n\n\n<p><strong>Wielkanocna niedziela<\/strong> przyniesie zmienne zachmurzenie i przelotne opady deszczu, a na kra\u0144cach wschodnich nie mo\u017cna wykluczy\u0107 r\u00f3wnie\u017c burz. W dzie\u0144 na termometrach zobaczymy maksymalnie od 14\u00b0C w kotlinach g\u00f3rskich i 15\u00b0C na zachodzie do 18-19\u00b0C na wschodzie. Ch\u0142odniej b\u0119dzie nad morzem, od 9\u00b0C do 14\u00b0C. Umiarkowany wiatr wia\u0142 b\u0119dzie z p\u00f3\u0142nocnego zachodu i zachodu. W czasie burz porywy wiatru mog\u0105 osi\u0105ga\u0107 do 60 km\/h.&nbsp;<\/p>\n\n\n\n<figure class=\"wp-block-image size-large\"><img loading=\"lazy\" decoding=\"async\" width=\"1024\" height=\"1024\" src=\"https:\/\/imgw.pl\/wp-content\/uploads\/2025\/04\/IMGW_0414-Prognoza-na-16.-tydz.-roku-Zal.2-1024x1024.jpg\" alt=\"\" class=\"wp-image-3756\" srcset=\"https:\/\/imgw.pl\/wp-content\/uploads\/2025\/04\/IMGW_0414-Prognoza-na-16.-tydz.-roku-Zal.2-1024x1024.jpg 1024w, https:\/\/imgw.pl\/wp-content\/uploads\/2025\/04\/IMGW_0414-Prognoza-na-16.-tydz.-roku-Zal.2-300x300.jpg 300w, https:\/\/imgw.pl\/wp-content\/uploads\/2025\/04\/IMGW_0414-Prognoza-na-16.-tydz.-roku-Zal.2-150x150.jpg 150w, https:\/\/imgw.pl\/wp-content\/uploads\/2025\/04\/IMGW_0414-Prognoza-na-16.-tydz.-roku-Zal.2-768x768.jpg 768w, https:\/\/imgw.pl\/wp-content\/uploads\/2025\/04\/IMGW_0414-Prognoza-na-16.-tydz.-roku-Zal.2-12x12.jpg 12w, https:\/\/imgw.pl\/wp-content\/uploads\/2025\/04\/IMGW_0414-Prognoza-na-16.-tydz.-roku-Zal.2.jpg 1200w\" sizes=\"auto, (max-width: 1024px) 100vw, 1024px\" \/><\/figure>\n\n\n\n<p class=\"has-small-font-size\"><em>Synoptyczna prognoza pogody na okres 14-20.04.2025 r.<\/em><\/p>\n\n\n\n<p><\/p>","protected":false},"excerpt":{"rendered":"<p>Po lekkiej zimie w minionym tygodniu, w najbli\u017cszych dniach spodziewamy si\u0119 i\u015bcie letniej pogody. A\u017c do czwartku z ka\u017cdym dniem b\u0119dzie coraz cieplej. W czwartek temperatura maksymalna prawie w ca\u0142ym kraju przekroczy 20\u00b0C, a najcieplej b\u0119dzie na zachodzie i po\u0142udniu \u2013 nawet do 27\u00b0C. Nie\u00a0zabraknie opad\u00f3w deszczu, g\u0142\u00f3wnie o charakterze przelotnym, pojawia\u0107 si\u0119 b\u0119d\u0105 tak\u017ce [&hellip;]<\/p>\n","protected":false},"author":2,"featured_media":3755,"comment_status":"closed","ping_status":"closed","sticky":false,"template":"","format":"standard","meta":{"footnotes":""},"categories":[5],"tags":[],"class_list":["post-3754","post","type-post","status-publish","format-standard","has-post-thumbnail","hentry","category-aktualnosci"],"_links":{"self":[{"href":"https:\/\/imgw.pl\/en\/wp-json\/wp\/v2\/posts\/3754","targetHints":{"allow":["GET"]}}],"collection":[{"href":"https:\/\/imgw.pl\/en\/wp-json\/wp\/v2\/posts"}],"about":[{"href":"https:\/\/imgw.pl\/en\/wp-json\/wp\/v2\/types\/post"}],"author":[{"embeddable":true,"href":"https:\/\/imgw.pl\/en\/wp-json\/wp\/v2\/users\/2"}],"replies":[{"embeddable":true,"href":"https:\/\/imgw.pl\/en\/wp-json\/wp\/v2\/comments?post=3754"}],"version-history":[{"count":1,"href":"https:\/\/imgw.pl\/en\/wp-json\/wp\/v2\/posts\/3754\/revisions"}],"predecessor-version":[{"id":3757,"href":"https:\/\/imgw.pl\/en\/wp-json\/wp\/v2\/posts\/3754\/revisions\/3757"}],"wp:featuredmedia":[{"embeddable":true,"href":"https:\/\/imgw.pl\/en\/wp-json\/wp\/v2\/media\/3755"}],"wp:attachment":[{"href":"https:\/\/imgw.pl\/en\/wp-json\/wp\/v2\/media?parent=3754"}],"wp:term":[{"taxonomy":"category","embeddable":true,"href":"https:\/\/imgw.pl\/en\/wp-json\/wp\/v2\/categories?post=3754"},{"taxonomy":"post_tag","embeddable":true,"href":"https:\/\/imgw.pl\/en\/wp-json\/wp\/v2\/tags?post=3754"}],"curies":[{"name":"wp","href":"https:\/\/api.w.org\/{rel}","templated":true}]}}