{"id":3863,"date":"2025-05-05T08:49:26","date_gmt":"2025-05-05T06:49:26","guid":{"rendered":"https:\/\/imgw.pl\/?p=3863"},"modified":"2025-05-05T08:53:44","modified_gmt":"2025-05-05T06:53:44","slug":"prognoza-synoptyczna-na-19-tydzien-roku-05-11-05-2025-r","status":"publish","type":"post","link":"https:\/\/imgw.pl\/en\/prognoza-synoptyczna-na-19-tydzien-roku-05-11-05-2025-r\/","title":{"rendered":"Prognoza synoptyczna na 19. tydzie\u0144 roku (05 \u2013 11.05.2025 r.)"},"content":{"rendered":"<p><strong>Po s\u0142onecznych i ciep\u0142ych ale burzowych pierwszych dniach maja, kolejny tydzie\u0144 zapowiada si\u0119 spokojniejszy jednak znacznie ch\u0142odniejszy i bardziej pochmurny. Termometry w najcieplejszym momencie dnia wska\u017c\u0105 nad morzem oko\u0142o 8-10\u00b0C natomiast w centrum i na po\u0142udniu oko\u0142o 12-15\u00b0C. Ponownie nocami w wielu rejonach kraju pojawi\u0105 si\u0119 przymrozki i temperatura miejscami spadnie do -2\u00b0C a nawet -4\u00b0C. Taka zmiana pogody spowodowana b\u0119dzie nap\u0142ywaj\u0105cym z p\u00f3\u0142nocy Europy arktycznym powietrzem.<\/strong><\/p>\n\n\n\n<figure class=\"wp-block-image size-large\"><img loading=\"lazy\" decoding=\"async\" width=\"1024\" height=\"768\" src=\"https:\/\/imgw.pl\/wp-content\/uploads\/2025\/05\/IMGW_0505-Prognoza-na-19.-tydz.-roku-Zal.1-1-1024x768.jpg\" alt=\"\" class=\"wp-image-3866\" srcset=\"https:\/\/imgw.pl\/wp-content\/uploads\/2025\/05\/IMGW_0505-Prognoza-na-19.-tydz.-roku-Zal.1-1-1024x768.jpg 1024w, https:\/\/imgw.pl\/wp-content\/uploads\/2025\/05\/IMGW_0505-Prognoza-na-19.-tydz.-roku-Zal.1-1-300x225.jpg 300w, https:\/\/imgw.pl\/wp-content\/uploads\/2025\/05\/IMGW_0505-Prognoza-na-19.-tydz.-roku-Zal.1-1-768x576.jpg 768w, https:\/\/imgw.pl\/wp-content\/uploads\/2025\/05\/IMGW_0505-Prognoza-na-19.-tydz.-roku-Zal.1-1-1536x1152.jpg 1536w, https:\/\/imgw.pl\/wp-content\/uploads\/2025\/05\/IMGW_0505-Prognoza-na-19.-tydz.-roku-Zal.1-1-16x12.jpg 16w, https:\/\/imgw.pl\/wp-content\/uploads\/2025\/05\/IMGW_0505-Prognoza-na-19.-tydz.-roku-Zal.1-1.jpg 2000w\" sizes=\"auto, (max-width: 1024px) 100vw, 1024px\" \/><figcaption class=\"wp-element-caption\">Mazowsze, maj 2025 r. Fot. Emilia Szewczak | IMGW-PIB<\/figcaption><\/figure>\n\n\n\n<p><strong>W poniedzia\u0142ek<\/strong> pochmurno z wi\u0119kszymi przeja\u015bnieniami, a na zachodzie z rozpogodzeniami. Na wschodzie kraju oraz na kra\u0144cach po\u0142udniowych s\u0142abe przelotne opady deszczu; wysoko w Tatrach mo\u017cliwy deszcz ze \u015bniegiem i \u015bnieg. Temperatura w dzie\u0144 na przewa\u017caj\u0105cym obszarze od 11\u00b0C do 15\u00b0C, ch\u0142odniej kra\u0144cach p\u00f3\u0142nocnych i miejscami w rejonach podg\u00f3rskich od 8\u00b0C do 10\u00b0C. Wiatr s\u0142aby i umiarkowany, z kierunk\u00f3w p\u00f3\u0142nocnych. <strong>W nocy z poniedzia\u0142ku na wtorek, na p\u00f3\u0142nocy, zachodzie i miejscami w centrum przygruntowe przymrozki do oko\u0142o -3\u00b0C, -5\u00b0C.<\/strong><\/p>\n\n\n\n<p><strong>We wtorek<\/strong> zachmurzenie zmienne. Lokalnie na kra\u0144cach p\u00f3\u0142nocnych i po\u0142udniowych mo\u017cliwe s\u0142abe opady deszczu, a wysoko w Tatrach deszczu ze \u015bniegiem i \u015bniegu. Ch\u0142odno: temperatura maksymalna od 8\u00b0C w rejonach podg\u00f3rskich Bieszczad\u00f3w, oko\u0142o 11\u00b0C na Wybrze\u017cu, i 14\u00b0C w centrum do 16\u00b0C na zachodzie. Wiatr s\u0142aby i umiarkowany, nad morzem porywisty, w p\u00f3\u0142nocnej po\u0142owie kraju zachodni, na pozosta\u0142ym obszarze p\u00f3\u0142nocno-wschodni.<br><strong>W nocy z wtorku na \u015brod\u0119 na p\u00f3\u0142nocy i w rejonach podg\u00f3rskich miejscami przygruntowe przymrozki do -2\u00b0C.<\/strong><\/p>\n\n\n\n<p><strong>W \u015brod\u0119<\/strong> pochmurno z przeja\u015bnieniami na p\u00f3\u0142nocy i przelotnymi opadami w po\u0142udniowej po\u0142owie kraju. <strong>W nocy na p\u00f3\u0142nocy i w rejonach podg\u00f3rskich miejscami przygruntowe przymrozki do -2\u00b0C. <\/strong>Temperatura maksymalna w dzie\u0144 od 8\u00b0C, 10\u00b0C na Wybrze\u017cu i w rejonach podg\u00f3rskich do 15\u00b0C w centrum i na po\u0142udniu. Wiatr s\u0142aby, okresami umiarkowany, p\u00f3\u0142nocny i p\u00f3\u0142nocno-wschodni.<\/p>\n\n\n\n<p><strong>W czwartek<\/strong> nieco bardziej pogodnie a opady jedynie na kra\u0144cach po\u0142udniowych. <strong>W nocy na p\u00f3\u0142nocy i p\u00f3\u0142nocnym wschodzie spadek temperatury do -1\u00b0C, i przygruntowe przymrozki do -2\u00b0C<\/strong>. Temperatura maksymalna w dzie\u0144 od 8\u00b0C nad morzem do 14\u00b0C na po\u0142udniu i zachodzie. Wiatr s\u0142aby, okresami umiarkowany, z kierunk\u00f3w p\u00f3\u0142nocnych.<\/p>\n\n\n\n<p><strong>W pi\u0105tek<\/strong> na wschodzie przelotne opady deszczu, na zachodzie wi\u0119cej przeja\u015bnie\u0144 i bez opad\u00f3w. W nocy na p\u00f3\u0142nocnym wschodzie spadek temperatury do -2\u00b0C, a na p\u00f3\u0142nocy, <strong>zachodzie oraz w centrum przygruntowe przymrozki do -2\u00b0C<\/strong>. Temperatura maksymalna od 8\u00b0C, 9\u00b0C w rejonach podg\u00f3rskich i na p\u00f3\u0142nocnym wschodzie do 13\u00b0C, 14\u00b0C na zachodzie. Wiatr s\u0142aby, okresami umiarkowany, z kierunk\u00f3w p\u00f3\u0142nocnych.<\/p>\n\n\n\n<p><strong>Sobota<\/strong> z zachmurzeniem umiarkowanym i du\u017cym oraz przelotnymi opadami deszczu. <strong>W nocy w wielu rejonach kraju przygruntowe przymrozki do -2\u00b0C. <\/strong>Temperatura maksymalna od 9\u00b0C na po\u0142udniowym wschodzie i nad morzem, oko\u0142o 12\u00b0C w centrum do 16\u00b0C na zachodzie; ch\u0142odniej w rejonach podg\u00f3rskich Karpat oko\u0142o 7\u00b0C. Wiatr s\u0142aby, okresami umiarkowany, z kierunk\u00f3w p\u00f3\u0142nocnych.<\/p>\n\n\n\n<p><strong>Niedziela <\/strong>r\u00f3wnie\u017c pochmurna i miejscami mo\u017cliwe przelotne opady deszczu. <strong>Na p\u00f3\u0142nocnym wschodzie i po\u0142udniu przygruntowe przymrozki do -2\u00b0C. <\/strong>Temperatura maksymalna w dzie\u0144 od 9\u00b0C w rejonach podg\u00f3rskich i 10\u00b0C nad morzem, oko\u0142o 12\u00b0C na wschodzie do 17\u00b0C na zachodzie. Wiatr s\u0142aby, okresami umiarkowany, p\u00f3\u0142nocny i p\u00f3\u0142nocno-zachodni.<\/p>\n\n\n\n<figure class=\"wp-block-image size-large\"><img loading=\"lazy\" decoding=\"async\" width=\"1024\" height=\"1024\" src=\"https:\/\/imgw.pl\/wp-content\/uploads\/2025\/05\/IMGW_0505-Prognoza-na-19.-tydz.-roku-Zal.2-1-1024x1024.png\" alt=\"\" class=\"wp-image-3867\" srcset=\"https:\/\/imgw.pl\/wp-content\/uploads\/2025\/05\/IMGW_0505-Prognoza-na-19.-tydz.-roku-Zal.2-1-1024x1024.png 1024w, https:\/\/imgw.pl\/wp-content\/uploads\/2025\/05\/IMGW_0505-Prognoza-na-19.-tydz.-roku-Zal.2-1-300x300.png 300w, https:\/\/imgw.pl\/wp-content\/uploads\/2025\/05\/IMGW_0505-Prognoza-na-19.-tydz.-roku-Zal.2-1-150x150.png 150w, https:\/\/imgw.pl\/wp-content\/uploads\/2025\/05\/IMGW_0505-Prognoza-na-19.-tydz.-roku-Zal.2-1-768x768.png 768w, https:\/\/imgw.pl\/wp-content\/uploads\/2025\/05\/IMGW_0505-Prognoza-na-19.-tydz.-roku-Zal.2-1-1536x1536.png 1536w, https:\/\/imgw.pl\/wp-content\/uploads\/2025\/05\/IMGW_0505-Prognoza-na-19.-tydz.-roku-Zal.2-1-12x12.png 12w, https:\/\/imgw.pl\/wp-content\/uploads\/2025\/05\/IMGW_0505-Prognoza-na-19.-tydz.-roku-Zal.2-1.png 1680w\" sizes=\"auto, (max-width: 1024px) 100vw, 1024px\" \/><figcaption class=\"wp-element-caption\">Synoptyczna prognoza pogody na okres 05-11.05.2025 r.<\/figcaption><\/figure>\n\n\n\n<p>Dodatkowe informacje 24h\/dob\u0119:<br>IMGW-PIB Biuro Prasowe<br>Twitter: https:\/\/twitter.com\/IMGWmeteo<br>E. biuroprasowe@imgw.pl | T. (+48) 503 122\u202f100<\/p>\n\n\n\n<p>SERWIS POGODOWY DLA POLSKI: https:\/\/meteo.imgw.pl\/<br>APLIKACJA MOBILNA: http:\/\/aplikacjameteo.imgw.pl\/<br>SERWIS Z CA\u0141OROCZN\u0104 POGOD\u0104 DLA G\u00d3R: http:\/\/gory.imgw.pl\/<br>DARMOWY WIDGET POGODOWY: http:\/\/widgetmeteo.imgw.pl\/<\/p>\n\n\n\n<p>IMGW-PIB. Instytut pe\u0142ni kluczow\u0105 rol\u0119 w os\u0142onie meteorologicznej kraju od 1919 roku. Od Tatr po Ba\u0142tyk, od Karpat po Zalew Szczeci\u0144ski analizujemy, dostarczamy prognozy i wydajemy ostrze\u017cenie. Nasze systemy informacyjne i rozwi\u0105zania dzia\u0142aj\u0105 24\/7 przez ca\u0142y rok, wsparte wiedz\u0105 i do\u015bwiadczeniem analityk\u00f3w i specjalist\u00f3w meteorologii i hydrologii. Jeste\u015bmy Instytutem skupiaj\u0105cym wysokiej klasy specjalist\u00f3w i\u202fdysponujemy niezb\u0119dn\u0105 infrastruktur\u0105 do pracy nad nim. Pogoda i klimat to jeden z najwa\u017cniejszych temat\u00f3w we wsp\u00f3\u0142czesnym \u015bwiecie.<\/p>","protected":false},"excerpt":{"rendered":"<p>Po s\u0142onecznych i ciep\u0142ych ale burzowych pierwszych dniach maja, kolejny tydzie\u0144 zapowiada si\u0119 spokojniejszy jednak znacznie ch\u0142odniejszy i bardziej pochmurny. Termometry w najcieplejszym momencie dnia wska\u017c\u0105 nad morzem oko\u0142o 8-10\u00b0C natomiast w centrum i na po\u0142udniu oko\u0142o 12-15\u00b0C. Ponownie nocami w wielu rejonach kraju pojawi\u0105 si\u0119 przymrozki i temperatura miejscami spadnie do -2\u00b0C a nawet [&hellip;]<\/p>\n","protected":false},"author":3,"featured_media":3866,"comment_status":"closed","ping_status":"closed","sticky":false,"template":"","format":"standard","meta":{"footnotes":""},"categories":[5],"tags":[35,36],"class_list":["post-3863","post","type-post","status-publish","format-standard","has-post-thumbnail","hentry","category-aktualnosci","tag-prognoza","tag-prognoza-synoptyczna"],"_links":{"self":[{"href":"https:\/\/imgw.pl\/en\/wp-json\/wp\/v2\/posts\/3863","targetHints":{"allow":["GET"]}}],"collection":[{"href":"https:\/\/imgw.pl\/en\/wp-json\/wp\/v2\/posts"}],"about":[{"href":"https:\/\/imgw.pl\/en\/wp-json\/wp\/v2\/types\/post"}],"author":[{"embeddable":true,"href":"https:\/\/imgw.pl\/en\/wp-json\/wp\/v2\/users\/3"}],"replies":[{"embeddable":true,"href":"https:\/\/imgw.pl\/en\/wp-json\/wp\/v2\/comments?post=3863"}],"version-history":[{"count":1,"href":"https:\/\/imgw.pl\/en\/wp-json\/wp\/v2\/posts\/3863\/revisions"}],"predecessor-version":[{"id":3868,"href":"https:\/\/imgw.pl\/en\/wp-json\/wp\/v2\/posts\/3863\/revisions\/3868"}],"wp:featuredmedia":[{"embeddable":true,"href":"https:\/\/imgw.pl\/en\/wp-json\/wp\/v2\/media\/3866"}],"wp:attachment":[{"href":"https:\/\/imgw.pl\/en\/wp-json\/wp\/v2\/media?parent=3863"}],"wp:term":[{"taxonomy":"category","embeddable":true,"href":"https:\/\/imgw.pl\/en\/wp-json\/wp\/v2\/categories?post=3863"},{"taxonomy":"post_tag","embeddable":true,"href":"https:\/\/imgw.pl\/en\/wp-json\/wp\/v2\/tags?post=3863"}],"curies":[{"name":"wp","href":"https:\/\/api.w.org\/{rel}","templated":true}]}}