{"id":3927,"date":"2025-05-09T14:36:40","date_gmt":"2025-05-09T12:36:40","guid":{"rendered":"https:\/\/imgw.pl\/?p=3927"},"modified":"2025-05-09T14:36:42","modified_gmt":"2025-05-09T12:36:42","slug":"wlaczenie-sniegu-z-terenow-zurbanizowanych-do-calkowitej-ilosci-sniegu-w-modelu-pogody-alaro","status":"publish","type":"post","link":"https:\/\/imgw.pl\/en\/wlaczenie-sniegu-z-terenow-zurbanizowanych-do-calkowitej-ilosci-sniegu-w-modelu-pogody-alaro\/","title":{"rendered":"W\u0142\u0105czenie \u015bniegu z teren\u00f3w zurbanizowanych do ca\u0142kowitej ilo\u015bci \u015bniegu w modelu pogody ALARO"},"content":{"rendered":"<p><strong>Z ko\u0144cem marca tego roku Gabriel Stachura, pracuj\u0105cy w Zak\u0142adzie Prognoz Numerycznych ACCORD w Laboratorium Modelowania Meteorologicznego CMOK\/IMGW, zako\u0144czy\u0142 udzia\u0142 w sta\u017cu zagranicznym w Pradze. Wynikiem jego prac badawczych jest uwzgl\u0119dnienie w polu ca\u0142kowitej ilo\u015bci \u015bniegu tak\u017ce \u015bniegu z teren\u00f3w zurbanizowanych, kt\u00f3ry gromadzi si\u0119 na dachach, drogach oraz zieleni miejskiej. Mo\u017ce to by\u0107 istotne z punktu widzenia asymilacji danych, gdzie zasadnicz\u0105 sk\u0142adow\u0105 jest pole modelu (ang. background field), a tak\u017ce przy uruchamianiu kolejnych modeli numerycznych na podstawie warunk\u00f3w brzegowych z modelu ALARO.<\/strong><\/p>\n\n\n\n<p>Od kilku lat w konsorcjum RC LACE, kt\u00f3re skupia zespo\u0142y modelowania pogody pa\u0144stw Europy \u015arodkowo-Wschodniej, trwaj\u0105 prace nad sprz\u0119\u017ceniem atmosferycznego modelu pogody ALARO z modelem proces\u00f3w fizycznych zachodz\u0105cych na powierzchni SURFEX. Wraz ze zwi\u0119kszaniem rozdzielczo\u015bci modeli pogodowych, prawid\u0142owe odwzorowanie proces\u00f3w wymiany ciep\u0142a oraz masy pomi\u0119dzy powierzchni\u0105 a atmosfer\u0105 staje jeszcze bardziej istotne. Obecnie, skala horyzontalnego zr\u00f3\u017cnicowania powierzchni nadal znacznie przewy\u017csza rozdzielczo\u015b\u0107 poziom\u0105 wi\u0119kszo\u015bci modeli atmosferycznych dzia\u0142aj\u0105cych operacyjnie w krajach europejskich. Z tego wzgl\u0119du ka\u017cdy grid modelu SURFEX dzieli si\u0119 na cztery g\u0142\u00f3wne rodzaje powierzchni: jeziora, morza, natur\u0119 oraz tereny zurbanizowane. Niekt\u00f3re z nich mo\u017cna podzieli\u0107 dalej, np. w miastach mo\u017cna wyr\u00f3\u017cni\u0107 dachy, powierzchnie nieprzepuszczalne (drogi) i ziele\u0144 miejsk\u0105. Dla ka\u017cdego wyodr\u0119bnionego w ten spos\u00f3b rodzaju pokrycia terenu obliczane si\u0119 oddzielne strumienie ciep\u0142a oraz masy. Nast\u0119pnie s\u0105 one u\u015bredniane w obr\u0119bie grida i przekazywane do modelu atmosferycznego.<\/p>\n\n\n\n<figure class=\"wp-block-image size-full\"><img loading=\"lazy\" decoding=\"async\" width=\"782\" height=\"297\" src=\"https:\/\/imgw.pl\/wp-content\/uploads\/2025\/05\/image-4.jpg\" alt=\"\" class=\"wp-image-3928\" srcset=\"https:\/\/imgw.pl\/wp-content\/uploads\/2025\/05\/image-4.jpg 782w, https:\/\/imgw.pl\/wp-content\/uploads\/2025\/05\/image-4-300x114.jpg 300w, https:\/\/imgw.pl\/wp-content\/uploads\/2025\/05\/image-4-768x292.jpg 768w, https:\/\/imgw.pl\/wp-content\/uploads\/2025\/05\/image-4-18x7.jpg 18w\" sizes=\"auto, (max-width: 782px) 100vw, 782px\" \/><\/figure>\n\n\n\n<p>Wymiana masy w ramach obiegu wody ma du\u017ce znaczenie w kszta\u0142towaniu pogody w danym miejscu. W porze zimowej istotn\u0105 rol\u0119 odgrywa tu pokrywa \u015bnie\u017cna. W modelu SURFEX mo\u017ce ona pojawia\u0107 si\u0119 na ka\u017cdym z czterech typ\u00f3w powierzchni. W trakcie integracji modelu w ka\u017cdym kroku czasowym obliczane si\u0119 strumienie energii i masy dla ka\u017cdej z tych powierzchni oddzielnie. Jednakowo\u017c, przy zapisie do pliku wynikowego, pole z ca\u0142kowit\u0105 ilo\u015bci\u0105 \u015bniegu obejmuje jedynie \u015bnieg z teren\u00f3w naturalnych (lasy, pola, \u0142\u0105ki).<\/p>\n\n\n\n<p><strong>\u201eZaproponowane zmiany wp\u0142yn\u0105 na wi\u0119ksz\u0105 dok\u0142adno\u015b\u0107 modelowego t\u0142a w procesie asymilacji danych, a co za tym idzie, mniejszy b\u0142\u0105d pocz\u0105tkowy estymacji pokrywy \u015bnie\u017cnej w modelu na pocz\u0105tku prognozy\u201d.<\/strong> \u2013 zauwa\u017ca Gabriel Stachura.<\/p>","protected":false},"excerpt":{"rendered":"<p>Z ko\u0144cem marca tego roku Gabriel Stachura, pracuj\u0105cy w Zak\u0142adzie Prognoz Numerycznych ACCORD w Laboratorium Modelowania Meteorologicznego CMOK\/IMGW, zako\u0144czy\u0142 udzia\u0142 w sta\u017cu zagranicznym w Pradze. Wynikiem jego prac badawczych jest uwzgl\u0119dnienie w polu ca\u0142kowitej ilo\u015bci \u015bniegu tak\u017ce \u015bniegu z teren\u00f3w zurbanizowanych, kt\u00f3ry gromadzi si\u0119 na dachach, drogach oraz zieleni miejskiej. Mo\u017ce to by\u0107 istotne z [&hellip;]<\/p>\n","protected":false},"author":3,"featured_media":0,"comment_status":"closed","ping_status":"closed","sticky":false,"template":"","format":"standard","meta":{"footnotes":""},"categories":[5],"tags":[],"class_list":["post-3927","post","type-post","status-publish","format-standard","hentry","category-aktualnosci"],"_links":{"self":[{"href":"https:\/\/imgw.pl\/en\/wp-json\/wp\/v2\/posts\/3927","targetHints":{"allow":["GET"]}}],"collection":[{"href":"https:\/\/imgw.pl\/en\/wp-json\/wp\/v2\/posts"}],"about":[{"href":"https:\/\/imgw.pl\/en\/wp-json\/wp\/v2\/types\/post"}],"author":[{"embeddable":true,"href":"https:\/\/imgw.pl\/en\/wp-json\/wp\/v2\/users\/3"}],"replies":[{"embeddable":true,"href":"https:\/\/imgw.pl\/en\/wp-json\/wp\/v2\/comments?post=3927"}],"version-history":[{"count":1,"href":"https:\/\/imgw.pl\/en\/wp-json\/wp\/v2\/posts\/3927\/revisions"}],"predecessor-version":[{"id":3929,"href":"https:\/\/imgw.pl\/en\/wp-json\/wp\/v2\/posts\/3927\/revisions\/3929"}],"wp:attachment":[{"href":"https:\/\/imgw.pl\/en\/wp-json\/wp\/v2\/media?parent=3927"}],"wp:term":[{"taxonomy":"category","embeddable":true,"href":"https:\/\/imgw.pl\/en\/wp-json\/wp\/v2\/categories?post=3927"},{"taxonomy":"post_tag","embeddable":true,"href":"https:\/\/imgw.pl\/en\/wp-json\/wp\/v2\/tags?post=3927"}],"curies":[{"name":"wp","href":"https:\/\/api.w.org\/{rel}","templated":true}]}}