{"id":3930,"date":"2025-05-09T14:40:37","date_gmt":"2025-05-09T12:40:37","guid":{"rendered":"https:\/\/imgw.pl\/?p=3930"},"modified":"2025-05-09T14:40:38","modified_gmt":"2025-05-09T12:40:38","slug":"pracownicy-cmok-lmm-na-egu-general-assembly-2025","status":"publish","type":"post","link":"https:\/\/imgw.pl\/en\/pracownicy-cmok-lmm-na-egu-general-assembly-2025\/","title":{"rendered":"Pracownicy CMOK-LMM na EGU General Assembly 2025"},"content":{"rendered":"<p><strong>W dniach 27 kwietnia \u2013 2 maja 2025 r. odby\u0142a si\u0119 coroczna wiede\u0144ska konferencja European Geosciences Union \u2013 General Assembly. Wydarzenie zgromadzi\u0142o ponad 20 tys. badaczy z r\u00f3\u017cnych cz\u0119\u015bci \u015bwiata, w tym ekspert\u00f3w z Laboratorium Modelowania Meteorologicznego w IMGW-PIB, kt\u00f3rzy zaprezentowali wyniki swoich prac badawczych.<\/strong><\/p>\n\n\n\n<p>Udzia\u0142 w konferencji by\u0142 okazj\u0105 do promowania dzia\u0142alno\u015bci naukowej pracownik\u00f3w Instytutu Meteorologii i Gospodarki Wodnej, a tak\u017ce do zapoznania si\u0119 z wynikami prac badaczy z wiod\u0105cych jednostek.<\/p>\n\n\n\n<p>Doktor Natalia Pilguj przedstawi\u0142a prezentacj\u0119 pt. \u201e<a href=\"https:\/\/meetingorganizer.copernicus.org\/EGU25\/EGU25-11230.html\">Quasi-linear convective systems and derechos across Europe: Climatology, accompanying hazards, and societal impacts<\/a>\u201d w czasie sesji \u201cMesoscale and severe convection over land: processes, modelling advances, predictability, and impacts\u201d. Wyniki swoich bada\u0144 \u2013 w postaci posteru pt. \u201e<a href=\"https:\/\/meetingorganizer.copernicus.org\/EGU25\/EGU25-10165.html\">Removal of interfering RLAN signals from C-band weather radar data<\/a>\u201d \u2013 zaprezentowa\u0142 mgr in\u017c. Krystian Specht w ramach sesji posterowej \u201ePrecipitation modelling: uncertainty, variability, and downscaling\u201d.<\/p>\n\n\n\n<figure class=\"wp-block-image size-full\"><img loading=\"lazy\" decoding=\"async\" width=\"250\" height=\"340\" src=\"https:\/\/imgw.pl\/wp-content\/uploads\/2025\/05\/image-5.jpg\" alt=\"\" class=\"wp-image-3931\" srcset=\"https:\/\/imgw.pl\/wp-content\/uploads\/2025\/05\/image-5.jpg 250w, https:\/\/imgw.pl\/wp-content\/uploads\/2025\/05\/image-5-221x300.jpg 221w, https:\/\/imgw.pl\/wp-content\/uploads\/2025\/05\/image-5-9x12.jpg 9w\" sizes=\"auto, (max-width: 250px) 100vw, 250px\" \/><\/figure>\n\n\n\n<figure class=\"wp-block-image size-full\"><img loading=\"lazy\" decoding=\"async\" width=\"477\" height=\"341\" src=\"https:\/\/imgw.pl\/wp-content\/uploads\/2025\/05\/image-6.jpg\" alt=\"\" class=\"wp-image-3932\" srcset=\"https:\/\/imgw.pl\/wp-content\/uploads\/2025\/05\/image-6.jpg 477w, https:\/\/imgw.pl\/wp-content\/uploads\/2025\/05\/image-6-300x214.jpg 300w, https:\/\/imgw.pl\/wp-content\/uploads\/2025\/05\/image-6-18x12.jpg 18w\" sizes=\"auto, (max-width: 477px) 100vw, 477px\" \/><\/figure>","protected":false},"excerpt":{"rendered":"<p>W dniach 27 kwietnia \u2013 2 maja 2025 r. odby\u0142a si\u0119 coroczna wiede\u0144ska konferencja European Geosciences Union \u2013 General Assembly. Wydarzenie zgromadzi\u0142o ponad 20 tys. badaczy z r\u00f3\u017cnych cz\u0119\u015bci \u015bwiata, w tym ekspert\u00f3w z Laboratorium Modelowania Meteorologicznego w IMGW-PIB, kt\u00f3rzy zaprezentowali wyniki swoich prac badawczych. Udzia\u0142 w konferencji by\u0142 okazj\u0105 do promowania dzia\u0142alno\u015bci naukowej pracownik\u00f3w [&hellip;]<\/p>\n","protected":false},"author":3,"featured_media":0,"comment_status":"closed","ping_status":"closed","sticky":false,"template":"","format":"standard","meta":{"footnotes":""},"categories":[5],"tags":[],"class_list":["post-3930","post","type-post","status-publish","format-standard","hentry","category-aktualnosci"],"_links":{"self":[{"href":"https:\/\/imgw.pl\/en\/wp-json\/wp\/v2\/posts\/3930","targetHints":{"allow":["GET"]}}],"collection":[{"href":"https:\/\/imgw.pl\/en\/wp-json\/wp\/v2\/posts"}],"about":[{"href":"https:\/\/imgw.pl\/en\/wp-json\/wp\/v2\/types\/post"}],"author":[{"embeddable":true,"href":"https:\/\/imgw.pl\/en\/wp-json\/wp\/v2\/users\/3"}],"replies":[{"embeddable":true,"href":"https:\/\/imgw.pl\/en\/wp-json\/wp\/v2\/comments?post=3930"}],"version-history":[{"count":1,"href":"https:\/\/imgw.pl\/en\/wp-json\/wp\/v2\/posts\/3930\/revisions"}],"predecessor-version":[{"id":3933,"href":"https:\/\/imgw.pl\/en\/wp-json\/wp\/v2\/posts\/3930\/revisions\/3933"}],"wp:attachment":[{"href":"https:\/\/imgw.pl\/en\/wp-json\/wp\/v2\/media?parent=3930"}],"wp:term":[{"taxonomy":"category","embeddable":true,"href":"https:\/\/imgw.pl\/en\/wp-json\/wp\/v2\/categories?post=3930"},{"taxonomy":"post_tag","embeddable":true,"href":"https:\/\/imgw.pl\/en\/wp-json\/wp\/v2\/tags?post=3930"}],"curies":[{"name":"wp","href":"https:\/\/api.w.org\/{rel}","templated":true}]}}