{"id":3935,"date":"2025-05-12T09:14:18","date_gmt":"2025-05-12T07:14:18","guid":{"rendered":"https:\/\/imgw.pl\/?p=3935"},"modified":"2025-05-12T09:14:20","modified_gmt":"2025-05-12T07:14:20","slug":"prognoza-synoptyczna-na-20-tydzien-roku-12-18-05-2025-r","status":"publish","type":"post","link":"https:\/\/imgw.pl\/en\/prognoza-synoptyczna-na-20-tydzien-roku-12-18-05-2025-r\/","title":{"rendered":"Prognoza synoptyczna na 20. tydzie\u0144 roku (12 \u2013 18.05.2025 r.)"},"content":{"rendered":"<h2 class=\"wp-block-heading\">Rozpoczynaj\u0105cy si\u0119 tydzie\u0144, z tradycyjnymi zjawiskami \u201ezimnych ogrodnik\u00f3w\u201d i \u201ezimnej Zo\u015bki\u201d, b\u0119dzie wci\u0105\u017c do\u015b\u0107 ch\u0142odny, zw\u0142aszcza na wschodzie kraju. Nieco cieplejsze akcenty mo\u017cliwe na zachodzie Polski. Praktycznie przez ca\u0142y tydzie\u0144 utrzyma si\u0119 wyra\u017any podzia\u0142 kraju na rejony pozostaj\u0105ce pod wp\u0142ywem warunk\u00f3w wy\u017cowych b\u0105d\u017a ni\u017cowych. \u0141adniejsza pogoda czeka mieszka\u0144c\u00f3w zachodniej Polski. Na wschodzie b\u0119dzie ch\u0142odniej, bardziej pochmurno i cz\u0119sto tak\u017ce deszczowo.<\/h2>\n\n\n\n<figure class=\"wp-block-image size-large\"><img loading=\"lazy\" decoding=\"async\" width=\"1024\" height=\"576\" src=\"https:\/\/imgw.pl\/wp-content\/uploads\/2025\/05\/IMGW_0512-Prognoza-na-20.-tydz.-roku-Zal.1-1024x576.jpg\" alt=\"\" class=\"wp-image-3936\" srcset=\"https:\/\/imgw.pl\/wp-content\/uploads\/2025\/05\/IMGW_0512-Prognoza-na-20.-tydz.-roku-Zal.1-1024x576.jpg 1024w, https:\/\/imgw.pl\/wp-content\/uploads\/2025\/05\/IMGW_0512-Prognoza-na-20.-tydz.-roku-Zal.1-300x169.jpg 300w, https:\/\/imgw.pl\/wp-content\/uploads\/2025\/05\/IMGW_0512-Prognoza-na-20.-tydz.-roku-Zal.1-768x432.jpg 768w, https:\/\/imgw.pl\/wp-content\/uploads\/2025\/05\/IMGW_0512-Prognoza-na-20.-tydz.-roku-Zal.1-18x10.jpg 18w, https:\/\/imgw.pl\/wp-content\/uploads\/2025\/05\/IMGW_0512-Prognoza-na-20.-tydz.-roku-Zal.1.jpg 1200w\" sizes=\"auto, (max-width: 1024px) 100vw, 1024px\" \/><\/figure>\n\n\n\n<p class=\"has-small-font-size\">Wis\u0142a w Warszawie, maj 2025 r. Fot. Pawe\u0142 Staniszewski | IMGW-PIB<\/p>\n\n\n\n<p>W <strong>poniedzia\u0142ek<\/strong> Polska b\u0119dzie podzielona. \u0141adniejsza pogoda na zachodzie i tam sporo s\u0142o\u0144ca. We wschodniej po\u0142owie kraju zachmurzenie okresami wzrasta\u0107 b\u0119dzie do du\u017cego i miejscami wyst\u0105pi\u0105 przelotne opady deszczu, a na po\u0142udniowym wschodzie mo\u017cliwe s\u0105 nawet burze. Temperatura maksymalna b\u0119dzie wci\u0105\u017c do\u015b\u0107 niska, od 12\u00b0C na wschodzie do 16\u00b0C na p\u00f3\u0142nocnym zachodzie. Nad morzem i w obszarach podg\u00f3rskich jeszcze ch\u0142odniej, oko\u0142o 9-10\u00b0C. We wschodniej po\u0142owie kraju i&nbsp;nad morzem odczucie ch\u0142odu wzmaga\u0107 b\u0119dzie jeszcze dodatkowo nieco silniejszy i porywisty wiatr.<\/p>\n\n\n\n<p>We <strong>wtorek<\/strong> pogoda niemal identyczna, cho\u0107 zrobi si\u0119 nieco cieplej. \u0141adniej b\u0119dzie na zachodzie, nieco bardziej pochmurno i miejscami deszczowo na wschodzie. Termometry w najcieplejszym momencie dnia pokazywa\u0107 b\u0119d\u0105 od 14\u00b0C na wschodzie do 19\u00b0C na zachodzie. Nad morzem i w obszarach podg\u00f3rskich nieco ch\u0142odniej, od 11\u00b0C do 13\u00b0C. Wci\u0105\u017c na wschodzie utrzymywa\u0107 si\u0119 b\u0119dzie silniejszy wiatr.<\/p>\n\n\n\n<p><strong>\u015aroda<\/strong> z temperatur\u0105 maksymaln\u0105 si\u0119gaj\u0105c\u0105 nawet 20\u00b0C na kra\u0144cach zachodnich. Na wschodzie zdecydowanie ch\u0142odniej, od 12\u00b0C do 16\u00b0C. W ca\u0142ym kraju zachmurzenie umiarkowane, okresami wzrastaj\u0105ce do du\u017cego i miejscami opady deszczu, w p\u00f3\u0142nocno-wschodniej cz\u0119\u015bci Polsku okresami umiarkowane. Nadal odczuwalnie nieco ch\u0142odniej, poniewa\u017c wiatr b\u0119dzie przewa\u017cnie umiarkowany, a na wschodzie okresami nawet do\u015b\u0107 silny.<\/p>\n\n\n\n<p>W <strong>czwartek<\/strong> ponownie si\u0119 och\u0142odzi, zw\u0142aszcza w p\u00f3\u0142nocnej i wschodniej Polsce. Zachmurzenie umiarkowane, okresami du\u017ce i miejscami wci\u0105\u017c pojawia\u0107 si\u0119 b\u0119d\u0105 przelotne opady deszczu. Pod wzgl\u0119dem temperatury znaczna r\u00f3\u017cnica mi\u0119dzy wschodni\u0105 a zachodni\u0105 Polsk\u0105. Na wschodzie i&nbsp;p\u00f3\u0142nocy od 9\u00b0C do 13\u00b0C. Na kra\u0144cach zachodnich temperatura \u201eposzybuje\u201d do 17\u00b0C. Wci\u0105\u017c okresami b\u0119dzie wietrznie.<\/p>\n\n\n\n<p><strong>Pi\u0105tek<\/strong> to dalsze och\u0142odzenie na wschodzie i utrzymanie si\u0119 czwartkowej pogody na zachodzie. Zachmurzenie przewa\u017cnie du\u017ce, ale okresami pojawia\u0107 si\u0119 b\u0119d\u0105 wi\u0119ksze przeja\u015bnienia. Miejscami opady deszczu. Temperatura maksymalna od 8-10\u00b0C na wschodzie do 16-18\u00b0C na zachodzie.<\/p>\n\n\n\n<p>W <strong>sobot\u0119<\/strong> zacznie robi\u0107 si\u0119 nieco cieplej. Naj\u0142adniejsza pogoda b\u0119dzie na zachodzie. Na pozosta\u0142ym obszarze przewa\u017cnie pochmurno i okresami pojawia\u0107 si\u0119 b\u0119d\u0105 przelotne opady deszczu. W&nbsp;najcieplejszym momencie zobaczymy na termometrach od 10-12\u00b0C na wschodzie do 18-20\u00b0C na&nbsp;zachodzie.<\/p>\n\n\n\n<p>W <strong>niedziel\u0119<\/strong> ocieplenie dotrze do centralnej Polski, cho\u0107 wci\u0105\u017c \u0142adniejsza pogoda b\u0119dzie na zachodzie. We wschodniej po\u0142owie kraju okresami wi\u0119cej chmur i miejscami pada\u0107 b\u0119dzie deszcz. Temperatura maksymalna wyniesie przewa\u017cnie od 15\u00b0C do 20\u00b0C, jedynie na kra\u0144cach wschodnich i nad morzem b\u0119dzie od 10\u00b0C do 14\u00b0C.<\/p>\n\n\n\n<figure class=\"wp-block-image size-large\"><img loading=\"lazy\" decoding=\"async\" width=\"1024\" height=\"1024\" src=\"https:\/\/imgw.pl\/wp-content\/uploads\/2025\/05\/IMGW_0512-Prognoza-na-20.-tydz.-roku-Zal.2-1024x1024.jpg\" alt=\"\" class=\"wp-image-3937\" srcset=\"https:\/\/imgw.pl\/wp-content\/uploads\/2025\/05\/IMGW_0512-Prognoza-na-20.-tydz.-roku-Zal.2-1024x1024.jpg 1024w, https:\/\/imgw.pl\/wp-content\/uploads\/2025\/05\/IMGW_0512-Prognoza-na-20.-tydz.-roku-Zal.2-300x300.jpg 300w, https:\/\/imgw.pl\/wp-content\/uploads\/2025\/05\/IMGW_0512-Prognoza-na-20.-tydz.-roku-Zal.2-150x150.jpg 150w, https:\/\/imgw.pl\/wp-content\/uploads\/2025\/05\/IMGW_0512-Prognoza-na-20.-tydz.-roku-Zal.2-768x768.jpg 768w, https:\/\/imgw.pl\/wp-content\/uploads\/2025\/05\/IMGW_0512-Prognoza-na-20.-tydz.-roku-Zal.2-12x12.jpg 12w, https:\/\/imgw.pl\/wp-content\/uploads\/2025\/05\/IMGW_0512-Prognoza-na-20.-tydz.-roku-Zal.2.jpg 1200w\" sizes=\"auto, (max-width: 1024px) 100vw, 1024px\" \/><\/figure>\n\n\n\n<p class=\"has-small-font-size\">Prognoza synoptyczna na okres 13-18.05.2025 r.<\/p>","protected":false},"excerpt":{"rendered":"<p>Rozpoczynaj\u0105cy si\u0119 tydzie\u0144, z tradycyjnymi zjawiskami \u201ezimnych ogrodnik\u00f3w\u201d i \u201ezimnej Zo\u015bki\u201d, b\u0119dzie wci\u0105\u017c do\u015b\u0107 ch\u0142odny, zw\u0142aszcza na wschodzie kraju. Nieco cieplejsze akcenty mo\u017cliwe na zachodzie Polski. Praktycznie przez ca\u0142y tydzie\u0144 utrzyma si\u0119 wyra\u017any podzia\u0142 kraju na rejony pozostaj\u0105ce pod wp\u0142ywem warunk\u00f3w wy\u017cowych b\u0105d\u017a ni\u017cowych. \u0141adniejsza pogoda czeka mieszka\u0144c\u00f3w zachodniej Polski. Na wschodzie b\u0119dzie ch\u0142odniej, bardziej [&hellip;]<\/p>\n","protected":false},"author":2,"featured_media":3936,"comment_status":"closed","ping_status":"closed","sticky":false,"template":"","format":"standard","meta":{"footnotes":""},"categories":[5],"tags":[],"class_list":["post-3935","post","type-post","status-publish","format-standard","has-post-thumbnail","hentry","category-aktualnosci"],"_links":{"self":[{"href":"https:\/\/imgw.pl\/en\/wp-json\/wp\/v2\/posts\/3935","targetHints":{"allow":["GET"]}}],"collection":[{"href":"https:\/\/imgw.pl\/en\/wp-json\/wp\/v2\/posts"}],"about":[{"href":"https:\/\/imgw.pl\/en\/wp-json\/wp\/v2\/types\/post"}],"author":[{"embeddable":true,"href":"https:\/\/imgw.pl\/en\/wp-json\/wp\/v2\/users\/2"}],"replies":[{"embeddable":true,"href":"https:\/\/imgw.pl\/en\/wp-json\/wp\/v2\/comments?post=3935"}],"version-history":[{"count":1,"href":"https:\/\/imgw.pl\/en\/wp-json\/wp\/v2\/posts\/3935\/revisions"}],"predecessor-version":[{"id":3938,"href":"https:\/\/imgw.pl\/en\/wp-json\/wp\/v2\/posts\/3935\/revisions\/3938"}],"wp:featuredmedia":[{"embeddable":true,"href":"https:\/\/imgw.pl\/en\/wp-json\/wp\/v2\/media\/3936"}],"wp:attachment":[{"href":"https:\/\/imgw.pl\/en\/wp-json\/wp\/v2\/media?parent=3935"}],"wp:term":[{"taxonomy":"category","embeddable":true,"href":"https:\/\/imgw.pl\/en\/wp-json\/wp\/v2\/categories?post=3935"},{"taxonomy":"post_tag","embeddable":true,"href":"https:\/\/imgw.pl\/en\/wp-json\/wp\/v2\/tags?post=3935"}],"curies":[{"name":"wp","href":"https:\/\/api.w.org\/{rel}","templated":true}]}}