{"id":3998,"date":"2025-05-21T11:56:30","date_gmt":"2025-05-21T09:56:30","guid":{"rendered":"https:\/\/imgw.pl\/?p=3998"},"modified":"2025-05-21T11:56:43","modified_gmt":"2025-05-21T09:56:43","slug":"szkola-hydrologii-i-gospodarki-wodnej-2025-relacja-z-wydarzenia","status":"publish","type":"post","link":"https:\/\/imgw.pl\/en\/szkola-hydrologii-i-gospodarki-wodnej-2025-relacja-z-wydarzenia\/","title":{"rendered":"Szko\u0142a Hydrologii i Gospodarki Wodnej 2025 \u2013 relacja z Wydarzenia"},"content":{"rendered":"<p>W dniach 13 \u2013 16 maja 2025 w Hotelu Alpejskim w Polanicy-Zdroju odby\u0142a si\u0119&nbsp;<strong>LII Szko\u0142a Hydrologii \u201cWsp\u00f3\u0142czesne Zagadnienia Hydrologii\u201d<\/strong>&nbsp;oraz&nbsp;<strong>XXXIII Og\u00f3lnopolska Szko\u0142a Gospodarki Wodnej<\/strong>&nbsp;organizowane po raz drugi wsp\u00f3lnie jako&nbsp;<strong>Szko\u0142a Hydrologii i Gospodarki Wodnej<\/strong>&nbsp;. Temat przewodni tegorocznego Wydarzenia brzmia\u0142:&nbsp;<strong>Hydrologia i oddzia\u0142ywania antropogeniczne w zlewniach g\u00f3rskich<\/strong>&nbsp;.<\/p>\n\n\n\n<p>Tegoroczna edycja zgromadzi\u0142a ponad 60-uczestnik\u00f3w z ca\u0142ej Polski, reprezentuj\u0105cych ponad 25 instytucji. Po\u015br\u00f3d ponad 25 wyst\u0105pie\u0144 Uczestnicy Szko\u0142y (\u2026) wys\u0142uchali Prelegent\u00f3w z: Instytutu Rozwoju Terytorialnego, Akademii G\u00f3rniczo-Hutniczej im. Stanis\u0142awa Staszica w Krakowie, Uniwersytetu Przyrodniczego we Wroc\u0142awiu, Uniwersytetu Jana Kochanowskiego w Kielcach, Uniwersytetu Jagiello\u0144skiego, Szko\u0142y G\u0142\u00f3wnej Gospodarstwa Wiejskiego w Warszawie, Uniwersytetu Adama Mickiewicza w Poznaniu, Uniwersytetu Rolniczego im. Hugona Ko\u0142\u0142\u0105taja w Krakowie, Pa\u0144stwowego Gospodarstwa Wodnego Wody Polskie, Sweco Sp. z o.o. oraz Arcadis Sp. z o.o.<\/p>\n\n\n\n<p><u>Podczas SHiGW 2025 nie zabrak\u0142o r\u00f3wnie\u017c referat\u00f3w wyg\u0142oszonych przez pracownik\u00f3w Instytutu Meteorologii i Gospodarki Wodnej \u2013 PIB tj.:<\/u><\/p>\n\n\n\n<p><strong>prof. dr hab. in\u017c. Robert Czerniawski<\/strong>:&nbsp;<em>Podej\u015bcie ekologiczne do funkcjonowania rzek w koniunkturze gospodarczej<\/em>,<br><strong>prof. dr hab. in\u017c. Bogdan Ozga-Zieli\u0144ski<\/strong>:&nbsp;<em>Metodyka obliczania Maksymalnego Wiarygodnego Opadu i Maksymalnego Wiarygodnego Wezbrania dla potrzeb oceny ekstremalnie gro\u017anych sytuacji powodziowych<\/em>&nbsp;(wsp\u00f3\u0142referat z dr hab. Romanem Suligowskim, prof. UJK),<br><strong>dr hab. in\u017c. Pawe\u0142 Wilk, prof. IMGW-PIB, dr hab. in\u017c. Paulina Orli\u0144ska-Wo\u017aniak, prof. IMGW-PIB<\/strong>&nbsp;:&nbsp;<em>Scenariusze zmian klimatu i u\u017cytkowania terenu w modelu SWAT<\/em>&nbsp;(wsp\u00f3\u0142autorstwo z dr hab. in\u017c. Ew\u0105 Szali\u0144sk\u0105 van Overdjik, prof. AGH),<br><strong>dr hab. Agnieszka Wypych, prof. UJ<\/strong>:&nbsp;<em>Scenariusze zmian klimatu \u2013 dob\u00f3r globalnych i regionalnych modeli klimatycznych determinant\u0105(?) wynik\u00f3w<\/em>&nbsp;,<br><strong>dr Iwona Lejcu\u015b<\/strong>&nbsp;:&nbsp;<em>Propozycja dzia\u0142a\u0144 adaptacyjnych i rewitalizacyjnych, kt\u00f3re pozytywnie oddzia\u0142uj\u0105 na hydromorfologi\u0119, retencyjno\u015b\u0107 zlewni na przyk\u0142adzie zlewni Skrody<\/em>&nbsp;,<br><strong>mgr Natalia Strojna<\/strong>&nbsp;:&nbsp;<em>Pow\u00f3d\u017a we wrze\u015bniu 2024 widziana z kosmosu<\/em>&nbsp;(wsp\u00f3\u0142autorstwo z mgr Aleksandr\u0105 Najd\u0105),<br><strong>mgr Pawe\u0142 Radomski<\/strong>&nbsp;:&nbsp;<em>Metody analizy zmian koryt rzecznych na przyk\u0142adzie Bia\u0142ki.<\/em><\/p>\n\n\n\n<p>Szko\u0142a Hydrologii i Gospodarki Wodnej 2025 poza licznymi wyk\u0142adami to tak\u017ce pierwszy polski SWAT Day oraz sesja terenowa.<\/p>\n\n\n\n<p><strong>Komitet Organizacyjny w sk\u0142adzie jak ni\u017cej, dzi\u0119kuje wszystkim osobom zaanga\u017cowanym w proces organizacji SHiGW 2025, kt\u00f3rych aktywna postawa i wsp\u00f3\u0142dzia\u0142anie prze\u0142o\u017cy\u0142o si\u0119 na sukces tegorocznej edycji Szko\u0142y (\u2026).<\/strong><\/p>\n\n\n\n<p>Organizatorem Wydarzenia by\u0142 Instytut Meteorologii i Gospodarki Wodnej \u2013 Pa\u0144stwowy Instytut Badawczy wraz z Komitetem Nauk o Wodzie i Gospodarki Wodnej Polskiej Akademii Nauk.<br>Wsp\u00f3\u0142organizatorem Szko\u0142a G\u0142\u00f3wna Gospodarstwa Wiejskiego w Warszawie oraz Wydzia\u0142 In\u017cynierii Kszta\u0142towania \u015arodowiska i Geodezji Uniwersytetu Przyrodniczego we Wroc\u0142awiu.<\/p>\n\n\n\n<p>Patronat medialny nad Wydarzeniem obj\u0119\u0142o czasopismo <em>Gospodarka Wodna<\/em>.<\/p>\n\n\n\n<p><u>Projekt dofinansowano ze \u015brodk\u00f3w Polskiej Akademii Nauk.<\/u><\/p>\n\n\n\n<p><strong><u>Opiekunowie naukowi:<\/u><\/strong><br><strong>prof. dr hab. in\u017c. Laura Radczuk<\/strong>&nbsp;oraz&nbsp;<strong>prof. dr hab. in\u017c. Maciej Maciejewski<\/strong><\/p>\n\n\n\n<p><strong><u>Komitet Organizacyjny:<\/u><\/strong>&nbsp;<br><strong>dr hab. in\u017c. Tamara Tokarczyk, prof. IMGW-PIB<\/strong>&nbsp;\u2013 Kierownik Szko\u0142y Hydrologii \u201eWsp\u00f3\u0142czesne Zagadnienia Hydrologii\u201d<br><strong>prof. dr hab. in\u017c. Tomasz Walczykiewicz<\/strong>&nbsp;\u2013 Kierownik Og\u00f3lnopolskiej Szko\u0142y Gospodarki Wodnej<br><strong>prof. dr hab. in\u017c. Tomasz Okruszko<\/strong>&nbsp;\u2013 Szko\u0142a G\u0142\u00f3wna Gospodarstwa Wiejskiego w Warszawie, Wiceprzewodnicz\u0105cy Komitetu Nauk o Wodzie i Gospodarki Wodnej przy Prezydium PAN<br><strong>dr in\u017c. Joanna Markowska<\/strong>&nbsp;\u2013 Uniwersytet Przyrodniczy we Wroc\u0142awiu<br><strong>dr in\u017c. \u0141ukasz Gruss<\/strong>&nbsp;\u2013 Uniwersytet Przyrodniczy we Wroc\u0142awiu<br><strong>mgr in\u017c. Grzegorz Dumie\u0144ski<\/strong>&nbsp;\u2013 IMGW-PIB, Sekretariat Szko\u0142y Hydrologii \u201eWsp\u00f3\u0142czesne Zagadnienia Hydrologii\u201d<br><strong>Jolanta Buczy\u0144ska<\/strong>&nbsp;\u2013 IMGW-PIB, Sekretariat Szko\u0142y Hydrologii \u201eWsp\u00f3\u0142czesne Zagadnienia Hydrologii\u201d<br><strong>mgr Monika Bry\u0142a<\/strong>&nbsp;\u2013 IMGW-PIB, Sekretariat Og\u00f3lnopolskiej Szko\u0142y Gospodarki Wodnej<br><strong>mgr in\u017c. Katarzyna Kraj<\/strong>&nbsp;\u2013 IMGW-PIB, Sekretariat Og\u00f3lnopolskiej Szko\u0142y Gospodarki Wodnej<\/p>\n\n\n\n<figure class=\"wp-block-gallery has-nested-images columns-default is-cropped wp-block-gallery-1 is-layout-flex wp-block-gallery-is-layout-flex\">\n<figure class=\"wp-block-image size-large\"><a href=\"https:\/\/imgw.pl\/wp-content\/uploads\/2025\/05\/Fot.-1_grupa_13.05.2025_K.Kraj_.jpg\"><img loading=\"lazy\" decoding=\"async\" width=\"1024\" height=\"669\" data-id=\"3999\" src=\"https:\/\/imgw.pl\/wp-content\/uploads\/2025\/05\/Fot.-1_grupa_13.05.2025_K.Kraj_-1024x669.jpg\" alt=\"\" class=\"wp-image-3999\" srcset=\"https:\/\/imgw.pl\/wp-content\/uploads\/2025\/05\/Fot.-1_grupa_13.05.2025_K.Kraj_-1024x669.jpg 1024w, https:\/\/imgw.pl\/wp-content\/uploads\/2025\/05\/Fot.-1_grupa_13.05.2025_K.Kraj_-300x196.jpg 300w, https:\/\/imgw.pl\/wp-content\/uploads\/2025\/05\/Fot.-1_grupa_13.05.2025_K.Kraj_-768x502.jpg 768w, https:\/\/imgw.pl\/wp-content\/uploads\/2025\/05\/Fot.-1_grupa_13.05.2025_K.Kraj_-1536x1004.jpg 1536w, https:\/\/imgw.pl\/wp-content\/uploads\/2025\/05\/Fot.-1_grupa_13.05.2025_K.Kraj_-18x12.jpg 18w, https:\/\/imgw.pl\/wp-content\/uploads\/2025\/05\/Fot.-1_grupa_13.05.2025_K.Kraj_.jpg 1600w\" sizes=\"auto, (max-width: 1024px) 100vw, 1024px\" \/><\/a><figcaption class=\"wp-element-caption\">Szko\u0142a Hydrologii i Gospodarki Wodnej 2025 \u2013 relacja z Wydarzenia<\/figcaption><\/figure>\n\n\n\n<figure class=\"wp-block-image size-large\"><a href=\"https:\/\/imgw.pl\/wp-content\/uploads\/2025\/05\/Fot.-2_grupa_14.05.2025_G.Dumienski.jpg\"><img loading=\"lazy\" decoding=\"async\" width=\"1024\" height=\"825\" data-id=\"4000\" src=\"https:\/\/imgw.pl\/wp-content\/uploads\/2025\/05\/Fot.-2_grupa_14.05.2025_G.Dumienski-1024x825.jpg\" alt=\"\" class=\"wp-image-4000\" srcset=\"https:\/\/imgw.pl\/wp-content\/uploads\/2025\/05\/Fot.-2_grupa_14.05.2025_G.Dumienski-1024x825.jpg 1024w, https:\/\/imgw.pl\/wp-content\/uploads\/2025\/05\/Fot.-2_grupa_14.05.2025_G.Dumienski-300x242.jpg 300w, https:\/\/imgw.pl\/wp-content\/uploads\/2025\/05\/Fot.-2_grupa_14.05.2025_G.Dumienski-768x619.jpg 768w, https:\/\/imgw.pl\/wp-content\/uploads\/2025\/05\/Fot.-2_grupa_14.05.2025_G.Dumienski-1536x1238.jpg 1536w, https:\/\/imgw.pl\/wp-content\/uploads\/2025\/05\/Fot.-2_grupa_14.05.2025_G.Dumienski-15x12.jpg 15w, https:\/\/imgw.pl\/wp-content\/uploads\/2025\/05\/Fot.-2_grupa_14.05.2025_G.Dumienski.jpg 1599w\" sizes=\"auto, (max-width: 1024px) 100vw, 1024px\" \/><\/a><figcaption class=\"wp-element-caption\">Szko\u0142a Hydrologii i Gospodarki Wodnej 2025 \u2013 relacja z Wydarzenia<\/figcaption><\/figure>\n\n\n\n<figure class=\"wp-block-image size-large\"><a href=\"https:\/\/imgw.pl\/wp-content\/uploads\/2025\/05\/Fot.-4.-Zbiornik-Szalejow-Gorny-K.-Pierzga.jpg\"><img loading=\"lazy\" decoding=\"async\" width=\"576\" height=\"1024\" data-id=\"4002\" src=\"https:\/\/imgw.pl\/wp-content\/uploads\/2025\/05\/Fot.-4.-Zbiornik-Szalejow-Gorny-K.-Pierzga-576x1024.jpg\" alt=\"\" class=\"wp-image-4002\" srcset=\"https:\/\/imgw.pl\/wp-content\/uploads\/2025\/05\/Fot.-4.-Zbiornik-Szalejow-Gorny-K.-Pierzga-576x1024.jpg 576w, https:\/\/imgw.pl\/wp-content\/uploads\/2025\/05\/Fot.-4.-Zbiornik-Szalejow-Gorny-K.-Pierzga-169x300.jpg 169w, https:\/\/imgw.pl\/wp-content\/uploads\/2025\/05\/Fot.-4.-Zbiornik-Szalejow-Gorny-K.-Pierzga-768x1365.jpg 768w, https:\/\/imgw.pl\/wp-content\/uploads\/2025\/05\/Fot.-4.-Zbiornik-Szalejow-Gorny-K.-Pierzga-864x1536.jpg 864w, https:\/\/imgw.pl\/wp-content\/uploads\/2025\/05\/Fot.-4.-Zbiornik-Szalejow-Gorny-K.-Pierzga-7x12.jpg 7w, https:\/\/imgw.pl\/wp-content\/uploads\/2025\/05\/Fot.-4.-Zbiornik-Szalejow-Gorny-K.-Pierzga.jpg 900w\" sizes=\"auto, (max-width: 576px) 100vw, 576px\" \/><\/a><figcaption class=\"wp-element-caption\">Szko\u0142a Hydrologii i Gospodarki Wodnej 2025 \u2013 relacja z Wydarzenia<\/figcaption><\/figure>\n\n\n\n<figure class=\"wp-block-image size-large\"><a href=\"https:\/\/imgw.pl\/wp-content\/uploads\/2025\/05\/Fot.-51_szkola_hydrologii_2025.jpg\"><img loading=\"lazy\" decoding=\"async\" width=\"1024\" height=\"768\" data-id=\"4003\" src=\"https:\/\/imgw.pl\/wp-content\/uploads\/2025\/05\/Fot.-51_szkola_hydrologii_2025-1024x768.jpg\" alt=\"\" class=\"wp-image-4003\" srcset=\"https:\/\/imgw.pl\/wp-content\/uploads\/2025\/05\/Fot.-51_szkola_hydrologii_2025-1024x768.jpg 1024w, https:\/\/imgw.pl\/wp-content\/uploads\/2025\/05\/Fot.-51_szkola_hydrologii_2025-300x225.jpg 300w, https:\/\/imgw.pl\/wp-content\/uploads\/2025\/05\/Fot.-51_szkola_hydrologii_2025-768x576.jpg 768w, https:\/\/imgw.pl\/wp-content\/uploads\/2025\/05\/Fot.-51_szkola_hydrologii_2025-1536x1152.jpg 1536w, https:\/\/imgw.pl\/wp-content\/uploads\/2025\/05\/Fot.-51_szkola_hydrologii_2025-16x12.jpg 16w, https:\/\/imgw.pl\/wp-content\/uploads\/2025\/05\/Fot.-51_szkola_hydrologii_2025.jpg 1600w\" sizes=\"auto, (max-width: 1024px) 100vw, 1024px\" \/><\/a><figcaption class=\"wp-element-caption\">Szko\u0142a Hydrologii i Gospodarki Wodnej 2025 \u2013 relacja z Wydarzenia<\/figcaption><\/figure>\n\n\n\n<figure class=\"wp-block-image size-large\"><a href=\"https:\/\/imgw.pl\/wp-content\/uploads\/2025\/05\/Fot.-32_szkola_hydrologii_2025.jpg\"><img loading=\"lazy\" decoding=\"async\" width=\"1024\" height=\"768\" data-id=\"4004\" src=\"https:\/\/imgw.pl\/wp-content\/uploads\/2025\/05\/Fot.-32_szkola_hydrologii_2025-1024x768.jpg\" alt=\"\" class=\"wp-image-4004\" srcset=\"https:\/\/imgw.pl\/wp-content\/uploads\/2025\/05\/Fot.-32_szkola_hydrologii_2025-1024x768.jpg 1024w, https:\/\/imgw.pl\/wp-content\/uploads\/2025\/05\/Fot.-32_szkola_hydrologii_2025-300x225.jpg 300w, https:\/\/imgw.pl\/wp-content\/uploads\/2025\/05\/Fot.-32_szkola_hydrologii_2025-768x576.jpg 768w, https:\/\/imgw.pl\/wp-content\/uploads\/2025\/05\/Fot.-32_szkola_hydrologii_2025-1536x1152.jpg 1536w, https:\/\/imgw.pl\/wp-content\/uploads\/2025\/05\/Fot.-32_szkola_hydrologii_2025-16x12.jpg 16w, https:\/\/imgw.pl\/wp-content\/uploads\/2025\/05\/Fot.-32_szkola_hydrologii_2025.jpg 1600w\" sizes=\"auto, (max-width: 1024px) 100vw, 1024px\" \/><\/a><figcaption class=\"wp-element-caption\">Szko\u0142a Hydrologii i Gospodarki Wodnej 2025 \u2013 relacja z Wydarzenia<\/figcaption><\/figure>\n\n\n\n<figure class=\"wp-block-image size-large\"><a href=\"https:\/\/imgw.pl\/wp-content\/uploads\/2025\/05\/Fot.-62_szkola_hydrologii_2025.jpg\"><img loading=\"lazy\" decoding=\"async\" width=\"947\" height=\"1024\" data-id=\"4005\" src=\"https:\/\/imgw.pl\/wp-content\/uploads\/2025\/05\/Fot.-62_szkola_hydrologii_2025-947x1024.jpg\" alt=\"\" class=\"wp-image-4005\" srcset=\"https:\/\/imgw.pl\/wp-content\/uploads\/2025\/05\/Fot.-62_szkola_hydrologii_2025-947x1024.jpg 947w, https:\/\/imgw.pl\/wp-content\/uploads\/2025\/05\/Fot.-62_szkola_hydrologii_2025-278x300.jpg 278w, https:\/\/imgw.pl\/wp-content\/uploads\/2025\/05\/Fot.-62_szkola_hydrologii_2025-768x830.jpg 768w, https:\/\/imgw.pl\/wp-content\/uploads\/2025\/05\/Fot.-62_szkola_hydrologii_2025-11x12.jpg 11w, https:\/\/imgw.pl\/wp-content\/uploads\/2025\/05\/Fot.-62_szkola_hydrologii_2025.jpg 1200w\" sizes=\"auto, (max-width: 947px) 100vw, 947px\" \/><\/a><figcaption class=\"wp-element-caption\">Szko\u0142a Hydrologii i Gospodarki Wodnej 2025 \u2013 relacja z Wydarzenia<\/figcaption><\/figure>\n<\/figure>\n\n\n\n<p><\/p>","protected":false},"excerpt":{"rendered":"<p>W dniach 13 \u2013 16 maja 2025 w Hotelu Alpejskim w Polanicy-Zdroju odby\u0142a si\u0119&nbsp;LII Szko\u0142a Hydrologii \u201cWsp\u00f3\u0142czesne Zagadnienia Hydrologii\u201d&nbsp;oraz&nbsp;XXXIII Og\u00f3lnopolska Szko\u0142a Gospodarki Wodnej&nbsp;organizowane po raz drugi wsp\u00f3lnie jako&nbsp;Szko\u0142a Hydrologii i Gospodarki Wodnej&nbsp;. Temat przewodni tegorocznego Wydarzenia brzmia\u0142:&nbsp;Hydrologia i oddzia\u0142ywania antropogeniczne w zlewniach g\u00f3rskich&nbsp;. Tegoroczna edycja zgromadzi\u0142a ponad 60-uczestnik\u00f3w z ca\u0142ej Polski, reprezentuj\u0105cych ponad 25 instytucji. [&hellip;]<\/p>\n","protected":false},"author":2,"featured_media":3999,"comment_status":"closed","ping_status":"closed","sticky":false,"template":"","format":"standard","meta":{"footnotes":""},"categories":[5,28],"tags":[],"class_list":["post-3998","post","type-post","status-publish","format-standard","has-post-thumbnail","hentry","category-aktualnosci","category-wydarzenia"],"_links":{"self":[{"href":"https:\/\/imgw.pl\/en\/wp-json\/wp\/v2\/posts\/3998","targetHints":{"allow":["GET"]}}],"collection":[{"href":"https:\/\/imgw.pl\/en\/wp-json\/wp\/v2\/posts"}],"about":[{"href":"https:\/\/imgw.pl\/en\/wp-json\/wp\/v2\/types\/post"}],"author":[{"embeddable":true,"href":"https:\/\/imgw.pl\/en\/wp-json\/wp\/v2\/users\/2"}],"replies":[{"embeddable":true,"href":"https:\/\/imgw.pl\/en\/wp-json\/wp\/v2\/comments?post=3998"}],"version-history":[{"count":4,"href":"https:\/\/imgw.pl\/en\/wp-json\/wp\/v2\/posts\/3998\/revisions"}],"predecessor-version":[{"id":4008,"href":"https:\/\/imgw.pl\/en\/wp-json\/wp\/v2\/posts\/3998\/revisions\/4008"}],"wp:featuredmedia":[{"embeddable":true,"href":"https:\/\/imgw.pl\/en\/wp-json\/wp\/v2\/media\/3999"}],"wp:attachment":[{"href":"https:\/\/imgw.pl\/en\/wp-json\/wp\/v2\/media?parent=3998"}],"wp:term":[{"taxonomy":"category","embeddable":true,"href":"https:\/\/imgw.pl\/en\/wp-json\/wp\/v2\/categories?post=3998"},{"taxonomy":"post_tag","embeddable":true,"href":"https:\/\/imgw.pl\/en\/wp-json\/wp\/v2\/tags?post=3998"}],"curies":[{"name":"wp","href":"https:\/\/api.w.org\/{rel}","templated":true}]}}