{"id":4036,"date":"2025-05-26T10:47:41","date_gmt":"2025-05-26T08:47:41","guid":{"rendered":"https:\/\/imgw.pl\/?p=4036"},"modified":"2025-05-26T11:28:48","modified_gmt":"2025-05-26T09:28:48","slug":"prognoza-synoptyczna-na-22-tydzien-roku-26-05-01-06-2025-r","status":"publish","type":"post","link":"https:\/\/imgw.pl\/en\/prognoza-synoptyczna-na-22-tydzien-roku-26-05-01-06-2025-r\/","title":{"rendered":"Prognoza synoptyczna na 22. tydzie\u0144 roku (26.05 \u2013 01.06.2025 r.)"},"content":{"rendered":"<h2 class=\"wp-block-heading\">Rozpoczynaj\u0105cy si\u0119 tydzie\u0144 z du\u017cymi zmianami je\u015bli chodzi o temperatur\u0119 \u2013 pierwsza po\u0142owa b\u0119dzie nieco cieplejsza, druga po\u0142owa przyniesie lekkie och\u0142odzenie. Nie zabraknie zar\u00f3wno przelotnych opad\u00f3w deszczu oraz lokalnych burz, jak i chwil ze s\u0142o\u0144cem. Powinni\u015bmy ju\u017c po\u017cegna\u0107 przygruntowe przymrozki. Okresami, szczeg\u00f3lnie na p\u00f3\u0142nocy, wia\u0142 b\u0119dzie nieco silniejszy wiatr.<\/h2>\n\n\n\n<figure class=\"wp-block-image size-full\"><img loading=\"lazy\" decoding=\"async\" width=\"886\" height=\"834\" src=\"https:\/\/imgw.pl\/wp-content\/uploads\/2025\/05\/IMGW_0526-Prognoza-na-22.-tydz.-roku-zal1.jpg\" alt=\"\" class=\"wp-image-4037\" srcset=\"https:\/\/imgw.pl\/wp-content\/uploads\/2025\/05\/IMGW_0526-Prognoza-na-22.-tydz.-roku-zal1.jpg 886w, https:\/\/imgw.pl\/wp-content\/uploads\/2025\/05\/IMGW_0526-Prognoza-na-22.-tydz.-roku-zal1-300x282.jpg 300w, https:\/\/imgw.pl\/wp-content\/uploads\/2025\/05\/IMGW_0526-Prognoza-na-22.-tydz.-roku-zal1-768x723.jpg 768w, https:\/\/imgw.pl\/wp-content\/uploads\/2025\/05\/IMGW_0526-Prognoza-na-22.-tydz.-roku-zal1-13x12.jpg 13w\" sizes=\"auto, (max-width: 886px) 100vw, 886px\" \/><\/figure>\n\n\n\n<p class=\"has-small-font-size\">Prognoza synoptyczna na okres 27.05.-01.06.2025 r.<\/p>\n\n\n\n<p><strong>Poniedzia\u0142ek<\/strong> up\u0142ynie pod znakiem zmiennego zachmurzenia i przelotnego deszczu praktycznie w ca\u0142ym kraju. W pasie od Pomorza Gda\u0144skiego i Warmii przez Mazowsze i Ziemi\u0119 \u0141\u00f3dzk\u0105 po Opolszczyzn\u0119 i \u015al\u0105sk lokalnie wyst\u0105pi\u0105 r\u00f3wnie\u017c burze. W ich trakcie mo\u017cliwe s\u0105 opady deszczu od 20 mm do 30 mm, porywy wiatru do 70 km\/h oraz grad. Najch\u0142odniej b\u0119dzie nad morzem i&nbsp;w&nbsp;kotlinach g\u00f3rskich \u2013 od 12\u00b0C do 17\u00b0C, oraz na po\u0142udniu kraju \u2013 od 18\u00b0C do 20\u00b0C. Najcieplej na wschodzie oraz kra\u0144cach zachodnich Polski, oko\u0142o 21\u00b0C. Wiatr b\u0119dzie s\u0142aby, na zachodzie umiarkowany, na Helu okresami do\u015b\u0107 silny, z kierunk\u00f3w zachodnich.<\/p>\n\n\n\n<p><strong>We wtorek<\/strong> zachmurzenie umiarkowane, okresami du\u017ce. Na p\u00f3\u0142nocy, p\u00f3\u0142nocnym wschodzie, miejscami w centrum i na kra\u0144cach po\u0142udniowych popada s\u0142aby przelotny deszcz. Temperatura maksymalna wyniesie od 19\u00b0C na po\u0142udniowym wschodzie do 22\u00b0C na zachodzie; ch\u0142odniej b\u0119dzie tylko nad morzem oraz w kotlinach g\u00f3rskich, od 14\u00b0C do 17\u00b0C. Wiatr s\u0142aby, na zachodzie i p\u00f3\u0142nocnym zachodzie umiarkowany, z kierunk\u00f3w zachodnich.<\/p>\n\n\n\n<p><strong>\u015aroda <\/strong>na wschodzie kraju przyniesie zachmurzenie ma\u0142e i umiarkowane. Na pozosta\u0142ym obszarze przewa\u017ca\u0107 b\u0119dzie zachmurzenie du\u017ce z wi\u0119kszymi przeja\u015bnieniami, miejscami przelotny deszcz, a na kra\u0144cach p\u00f3\u0142nocno-zachodnich wyst\u0105pi\u0105 te\u017c burze. Najch\u0142odniej na&nbsp;zachodzie, od 16\u00b0C do 18\u00b0C, na pozosta\u0142ym obszarze temperatura maksymalna wyniesie od&nbsp;20\u00b0C do 22\u00b0C. Wiatr b\u0119dzie s\u0142aby, na p\u00f3\u0142nocy umiarkowany, zachodni i po\u0142udniowo-zachodni, tylko na po\u0142udniowym wschodzie p\u00f3\u0142nocny i p\u00f3\u0142nocno-zachodni. W czasie burz porywy wiatru do 55 km\/h.<\/p>\n\n\n\n<figure class=\"wp-block-image size-full\"><img loading=\"lazy\" decoding=\"async\" width=\"1200\" height=\"675\" src=\"https:\/\/imgw.pl\/wp-content\/uploads\/2025\/05\/IMGW_0526-Prognoza-na-22.-tydz.-roku-zal2.jpg\" alt=\"\" class=\"wp-image-4039\" srcset=\"https:\/\/imgw.pl\/wp-content\/uploads\/2025\/05\/IMGW_0526-Prognoza-na-22.-tydz.-roku-zal2.jpg 1200w, https:\/\/imgw.pl\/wp-content\/uploads\/2025\/05\/IMGW_0526-Prognoza-na-22.-tydz.-roku-zal2-300x169.jpg 300w, https:\/\/imgw.pl\/wp-content\/uploads\/2025\/05\/IMGW_0526-Prognoza-na-22.-tydz.-roku-zal2-1024x576.jpg 1024w, https:\/\/imgw.pl\/wp-content\/uploads\/2025\/05\/IMGW_0526-Prognoza-na-22.-tydz.-roku-zal2-768x432.jpg 768w, https:\/\/imgw.pl\/wp-content\/uploads\/2025\/05\/IMGW_0526-Prognoza-na-22.-tydz.-roku-zal2-18x10.jpg 18w\" sizes=\"auto, (max-width: 1200px) 100vw, 1200px\" \/><\/figure>\n\n\n\n<p class=\"has-small-font-size\">\u0141\u0105ka, fot: Pawe\u0142 Staniszewski, 25.05.2025 r.<\/p>\n\n\n\n<p><strong>W czwartek<\/strong> zachmurzenie du\u017ce z wi\u0119kszymi przeja\u015bnieniami, na Pomorzu r\u00f3wnie\u017c z&nbsp;rozpogodzeniami. Miejscami pada\u0142 b\u0119dzie przelotny deszcz, na wschodzie, w centrum oraz&nbsp;po\u0142udniowym wschodzie wyst\u0105pi\u0105 r\u00f3wnie\u017c burze. Zrobi si\u0119 ch\u0142odniej, w najcieplejszym momencie dnia na termometrach od 15\u00b0C do 19\u00b0C, a nad morzem oraz w kotlinach g\u00f3rskich zaledwie oko\u0142o 13\u00b0C. Wiatr b\u0119dzie umiarkowany, okresami porywisty, nad morzem chwilami do\u015b\u0107 silny, p\u00f3\u0142nocno-zachodni i zachodni. W czasie burz porywy wiatru do 65 km\/h.<\/p>\n\n\n\n<p><strong>W pi\u0105tek<\/strong> zachmurzenie umiarkowane, okresami du\u017ce i miejscami pada\u0142 b\u0119dzie przelotny deszcz. Najch\u0142odniej na zachodzie i nad morzem, od 13\u00b0C do 14\u00b0C, najcieplej w centrum i na po\u0142udniowym wschodzie, do 18-19\u00b0C. Wiatr b\u0119dzie s\u0142aby, na wschodzie okresami umiarkowany, nad morzem w porywach do 60 km\/h, z kierunk\u00f3w zachodnich, tylko na&nbsp;zachodzie po\u0142udniowy.<\/p>\n\n\n\n<figure class=\"wp-block-image size-large\"><img loading=\"lazy\" decoding=\"async\" width=\"1024\" height=\"768\" src=\"https:\/\/imgw.pl\/wp-content\/uploads\/2025\/05\/IMGW_0526-Prognoza-na-22.-tydz.-roku-zal3-1024x768.jpg\" alt=\"\" class=\"wp-image-4040\" srcset=\"https:\/\/imgw.pl\/wp-content\/uploads\/2025\/05\/IMGW_0526-Prognoza-na-22.-tydz.-roku-zal3-1024x768.jpg 1024w, https:\/\/imgw.pl\/wp-content\/uploads\/2025\/05\/IMGW_0526-Prognoza-na-22.-tydz.-roku-zal3-300x225.jpg 300w, https:\/\/imgw.pl\/wp-content\/uploads\/2025\/05\/IMGW_0526-Prognoza-na-22.-tydz.-roku-zal3-768x576.jpg 768w, https:\/\/imgw.pl\/wp-content\/uploads\/2025\/05\/IMGW_0526-Prognoza-na-22.-tydz.-roku-zal3-16x12.jpg 16w, https:\/\/imgw.pl\/wp-content\/uploads\/2025\/05\/IMGW_0526-Prognoza-na-22.-tydz.-roku-zal3.jpg 1200w\" sizes=\"auto, (max-width: 1024px) 100vw, 1024px\" \/><\/figure>\n\n\n\n<p class=\"has-small-font-size\">Rzeka Wis\u0142a, fot: Jan Szymankiewicz, 25.05.2025 r.<\/p>\n\n\n\n<p><strong>W sobot\u0119<\/strong> najprawdopodobniej dominowa\u0107 b\u0119dzie zachmurzenie umiarkowane, chwilami wzrastaj\u0105ce do du\u017cego. Miejscami mo\u017cliwy przelotny deszcz. Temperatura maksymalna od&nbsp;16-17\u00b0C na p\u00f3\u0142nocnym wschodzie, oko\u0142o 19\u00b0C w centrum, do 22\u00b0C na zachodzie; tylko nad&nbsp;morzem oraz na Podhalu oko\u0142o 15\u00b0C. Wiatr s\u0142aby, wia\u0142 b\u0119dzie z kierunk\u00f3w zachodnich.<\/p>\n\n\n\n<p><strong>Niedziela <\/strong>s\u0142oneczna na p\u00f3\u0142nocnym zachodzie Polski. Na pozosta\u0142ym obszarze zachmurzenie powinno by\u0107 umiarkowane i du\u017ce, miejscami pada\u0107 mo\u017ce przelotny deszcz, a na wschodzie mo\u017cliwe s\u0105 te\u017c burze. W najcieplejszym momencie dnia od 20\u00b0C na wschodzie, oko\u0142o 23\u00b0C w&nbsp;centrum, do 26\u00b0C na zachodzie. Ch\u0142odniej tylko nad morzem, od 16\u00b0C do 18\u00b0C. Wiatr s\u0142aby i&nbsp;umiarkowany, w czasie burz w porywach do 60 km\/h, p\u00f3\u0142nocno-zachodni i zachodni.<\/p>","protected":false},"excerpt":{"rendered":"<p>Rozpoczynaj\u0105cy si\u0119 tydzie\u0144 z du\u017cymi zmianami je\u015bli chodzi o temperatur\u0119 \u2013 pierwsza po\u0142owa b\u0119dzie nieco cieplejsza, druga po\u0142owa przyniesie lekkie och\u0142odzenie. Nie zabraknie zar\u00f3wno przelotnych opad\u00f3w deszczu oraz lokalnych burz, jak i chwil ze s\u0142o\u0144cem. Powinni\u015bmy ju\u017c po\u017cegna\u0107 przygruntowe przymrozki. Okresami, szczeg\u00f3lnie na p\u00f3\u0142nocy, wia\u0142 b\u0119dzie nieco silniejszy wiatr. Prognoza synoptyczna na okres 27.05.-01.06.2025 r. [&hellip;]<\/p>\n","protected":false},"author":2,"featured_media":4039,"comment_status":"closed","ping_status":"closed","sticky":false,"template":"","format":"standard","meta":{"footnotes":""},"categories":[5],"tags":[],"class_list":["post-4036","post","type-post","status-publish","format-standard","has-post-thumbnail","hentry","category-aktualnosci"],"_links":{"self":[{"href":"https:\/\/imgw.pl\/en\/wp-json\/wp\/v2\/posts\/4036","targetHints":{"allow":["GET"]}}],"collection":[{"href":"https:\/\/imgw.pl\/en\/wp-json\/wp\/v2\/posts"}],"about":[{"href":"https:\/\/imgw.pl\/en\/wp-json\/wp\/v2\/types\/post"}],"author":[{"embeddable":true,"href":"https:\/\/imgw.pl\/en\/wp-json\/wp\/v2\/users\/2"}],"replies":[{"embeddable":true,"href":"https:\/\/imgw.pl\/en\/wp-json\/wp\/v2\/comments?post=4036"}],"version-history":[{"count":3,"href":"https:\/\/imgw.pl\/en\/wp-json\/wp\/v2\/posts\/4036\/revisions"}],"predecessor-version":[{"id":4043,"href":"https:\/\/imgw.pl\/en\/wp-json\/wp\/v2\/posts\/4036\/revisions\/4043"}],"wp:featuredmedia":[{"embeddable":true,"href":"https:\/\/imgw.pl\/en\/wp-json\/wp\/v2\/media\/4039"}],"wp:attachment":[{"href":"https:\/\/imgw.pl\/en\/wp-json\/wp\/v2\/media?parent=4036"}],"wp:term":[{"taxonomy":"category","embeddable":true,"href":"https:\/\/imgw.pl\/en\/wp-json\/wp\/v2\/categories?post=4036"},{"taxonomy":"post_tag","embeddable":true,"href":"https:\/\/imgw.pl\/en\/wp-json\/wp\/v2\/tags?post=4036"}],"curies":[{"name":"wp","href":"https:\/\/api.w.org\/{rel}","templated":true}]}}