{"id":5565,"date":"2025-07-29T15:04:54","date_gmt":"2025-07-29T13:04:54","guid":{"rendered":"https:\/\/imgw.pl\/?p=5565"},"modified":"2025-07-29T15:04:55","modified_gmt":"2025-07-29T13:04:55","slug":"xxiii-edycja-szkoly-meteorologii-lotniczej-nowoczesne-technologie-i-produkty-meteorologiczne-oraz-ich-zastosowanie-w-meteorologii-lotniczej","status":"publish","type":"post","link":"https:\/\/imgw.pl\/en\/xxiii-edycja-szkoly-meteorologii-lotniczej-nowoczesne-technologie-i-produkty-meteorologiczne-oraz-ich-zastosowanie-w-meteorologii-lotniczej\/","title":{"rendered":"XXIII edycja Szko\u0142y Meteorologii Lotniczej \u201eNowoczesne technologie i produkty meteorologiczne oraz ich zastosowanie w meteorologii lotniczej\u201d"},"content":{"rendered":"<h2 class=\"wp-block-heading\">Zapraszamy do wzi\u0119cia udzia\u0142u w XXIII edycji Szko\u0142y Meteorologii Lotniczej \u201eNowoczesne technologie i produkty meteorologiczne oraz ich zastosowanie w meteorologii lotniczej\u201d, kt\u00f3ra odb\u0119dzie si\u0119 w Ko\u015bcielisku w dniach 5-10 pa\u017adziernika 2025 r.<\/h2>\n\n\n\n<p>Podczas XXIII edycji Szko\u0142y Meteorologii Lotniczej oferujemy wyk\u0142ady w po\u0142\u0105czeniu z warsztatami prowadzone przez ekspert\u00f3w i synoptyk\u00f3w IMGW-PIB oraz SSH SZ RP, kontroler\u00f3w ruchu lotniczego PA\u017bP, pilot\u00f3w i instruktor\u00f3w lotnictwa. Szkolenie pozwoli uczestnikom na swobodn\u0105 wymian\u0119 wiedzy, do\u015bwiadcze\u0144 i pogl\u0105d\u00f3w. Proponowany program zaj\u0119\u0107 pozwoli lepiej zrozumie\u0107 pogod\u0119 oraz prognozy lotnicze, tak istotne podczas planowania i wykonywania lot\u00f3w.<\/p>\n\n\n\n<div class=\"wp-block-file\"><a id=\"wp-block-file--media-b8ef9235-79c8-4c14-a129-dac5579483f8\" href=\"https:\/\/imgw.pl\/wp-content\/uploads\/2025\/07\/Ogloszenie-XXIII-edycja-Szkoly-Meteorologii-Lotniczej.pdf\">Og\u0142oszenie XXIII edycja Szko\u0142y Meteorologii Lotniczej (pdf)<\/a><a href=\"https:\/\/imgw.pl\/wp-content\/uploads\/2025\/07\/Ogloszenie-XXIII-edycja-Szkoly-Meteorologii-Lotniczej.pdf\" class=\"wp-block-file__button wp-element-button\" download aria-describedby=\"wp-block-file--media-b8ef9235-79c8-4c14-a129-dac5579483f8\">Pobierz<\/a><\/div>\n\n\n\n<div class=\"wp-block-file\"><a id=\"wp-block-file--media-8476657c-7fbb-4184-b46c-134f2e64e1fb\" href=\"https:\/\/imgw.pl\/wp-content\/uploads\/2025\/07\/Plakat-XXIII-edycja-Szkoly-Meteorologii-Lotniczej.jpg\">Plakat XXIII edycja Szko\u0142y Meteorologii Lotniczej (jpg)<\/a><a href=\"https:\/\/imgw.pl\/wp-content\/uploads\/2025\/07\/Plakat-XXIII-edycja-Szkoly-Meteorologii-Lotniczej.jpg\" class=\"wp-block-file__button wp-element-button\" download aria-describedby=\"wp-block-file--media-8476657c-7fbb-4184-b46c-134f2e64e1fb\">Pobierz<\/a><\/div>\n\n\n\n<div class=\"wp-block-file\"><a id=\"wp-block-file--media-720968f2-59f3-4372-bab3-ed104b442907\" href=\"https:\/\/imgw.pl\/wp-content\/uploads\/2025\/07\/Plan-wykladow-XXIII-edycja-Szkoly-Meteorologii-Lotniczej.xlsx\">Plan wyk\u0142ad\u00f3w &#8211; XXIII edycja Szko\u0142y Meteorologii Lotniczej (xlsx)<\/a><a href=\"https:\/\/imgw.pl\/wp-content\/uploads\/2025\/07\/Plan-wykladow-XXIII-edycja-Szkoly-Meteorologii-Lotniczej.xlsx\" class=\"wp-block-file__button wp-element-button\" download aria-describedby=\"wp-block-file--media-720968f2-59f3-4372-bab3-ed104b442907\">Pobierz<\/a><\/div>\n\n\n\n<div class=\"wp-block-file\"><a id=\"wp-block-file--media-6c861652-ff49-412e-b9b8-3b4a7d36d35f\" href=\"https:\/\/imgw.pl\/wp-content\/uploads\/2025\/07\/Formularz-zgloszenia-uczestnictwa-w-XXIII-edycji-Szkoly-Meteorologii-Lotniczej.docx\">Formularz zg\u0142oszenia uczestnictwa w XXIII edycji Szko\u0142y Meteorologii Lotniczej (docx)<\/a><a href=\"https:\/\/imgw.pl\/wp-content\/uploads\/2025\/07\/Formularz-zgloszenia-uczestnictwa-w-XXIII-edycji-Szkoly-Meteorologii-Lotniczej.docx\" class=\"wp-block-file__button wp-element-button\" download aria-describedby=\"wp-block-file--media-6c861652-ff49-412e-b9b8-3b4a7d36d35f\">Pobierz<\/a><\/div>\n\n\n\n<figure class=\"wp-block-image size-full\"><img loading=\"lazy\" decoding=\"async\" width=\"621\" height=\"868\" src=\"https:\/\/imgw.pl\/wp-content\/uploads\/2025\/07\/plakat_szkola_meteo_lotniczej-1.jpg\" alt=\"\" class=\"wp-image-5572\" srcset=\"https:\/\/imgw.pl\/wp-content\/uploads\/2025\/07\/plakat_szkola_meteo_lotniczej-1.jpg 621w, https:\/\/imgw.pl\/wp-content\/uploads\/2025\/07\/plakat_szkola_meteo_lotniczej-1-215x300.jpg 215w, https:\/\/imgw.pl\/wp-content\/uploads\/2025\/07\/plakat_szkola_meteo_lotniczej-1-9x12.jpg 9w\" sizes=\"auto, (max-width: 621px) 100vw, 621px\" \/><\/figure>","protected":false},"excerpt":{"rendered":"<p>Zapraszamy do wzi\u0119cia udzia\u0142u w XXIII edycji Szko\u0142y Meteorologii Lotniczej \u201eNowoczesne technologie i produkty meteorologiczne oraz ich zastosowanie w meteorologii lotniczej\u201d, kt\u00f3ra odb\u0119dzie si\u0119 w Ko\u015bcielisku w dniach 5-10 pa\u017adziernika 2025 r. Podczas XXIII edycji Szko\u0142y Meteorologii Lotniczej oferujemy wyk\u0142ady w po\u0142\u0105czeniu z warsztatami prowadzone przez ekspert\u00f3w i synoptyk\u00f3w IMGW-PIB oraz SSH SZ RP, kontroler\u00f3w [&hellip;]<\/p>\n","protected":false},"author":2,"featured_media":5572,"comment_status":"closed","ping_status":"closed","sticky":false,"template":"","format":"standard","meta":{"footnotes":""},"categories":[5,28],"tags":[],"class_list":["post-5565","post","type-post","status-publish","format-standard","has-post-thumbnail","hentry","category-aktualnosci","category-wydarzenia"],"_links":{"self":[{"href":"https:\/\/imgw.pl\/en\/wp-json\/wp\/v2\/posts\/5565","targetHints":{"allow":["GET"]}}],"collection":[{"href":"https:\/\/imgw.pl\/en\/wp-json\/wp\/v2\/posts"}],"about":[{"href":"https:\/\/imgw.pl\/en\/wp-json\/wp\/v2\/types\/post"}],"author":[{"embeddable":true,"href":"https:\/\/imgw.pl\/en\/wp-json\/wp\/v2\/users\/2"}],"replies":[{"embeddable":true,"href":"https:\/\/imgw.pl\/en\/wp-json\/wp\/v2\/comments?post=5565"}],"version-history":[{"count":2,"href":"https:\/\/imgw.pl\/en\/wp-json\/wp\/v2\/posts\/5565\/revisions"}],"predecessor-version":[{"id":5573,"href":"https:\/\/imgw.pl\/en\/wp-json\/wp\/v2\/posts\/5565\/revisions\/5573"}],"wp:featuredmedia":[{"embeddable":true,"href":"https:\/\/imgw.pl\/en\/wp-json\/wp\/v2\/media\/5572"}],"wp:attachment":[{"href":"https:\/\/imgw.pl\/en\/wp-json\/wp\/v2\/media?parent=5565"}],"wp:term":[{"taxonomy":"category","embeddable":true,"href":"https:\/\/imgw.pl\/en\/wp-json\/wp\/v2\/categories?post=5565"},{"taxonomy":"post_tag","embeddable":true,"href":"https:\/\/imgw.pl\/en\/wp-json\/wp\/v2\/tags?post=5565"}],"curies":[{"name":"wp","href":"https:\/\/api.w.org\/{rel}","templated":true}]}}