{"id":8719,"date":"2021-03-10T07:06:41","date_gmt":"2021-03-10T06:06:41","guid":{"rendered":"http:\/\/localhost:8000\/sztorm-i-nizowka-na-morzu-baltyckim-poludniowe-wiatry-odslonia-baltyckie-plaze\/"},"modified":"2025-08-25T12:36:23","modified_gmt":"2025-08-25T10:36:23","slug":"sztorm-i-nizowka-na-morzu-baltyckim-poludniowe-wiatry-odslonia-baltyckie-plaze","status":"publish","type":"post","link":"https:\/\/imgw.pl\/en\/sztorm-i-nizowka-na-morzu-baltyckim-poludniowe-wiatry-odslonia-baltyckie-plaze\/","title":{"rendered":"Sztorm i ni\u017c\u00f3wka na Morzu Ba\u0142tyckim. Po\u0142udniowe wiatry ods\u0142oni\u0105 ba\u0142tyckie pla\u017ce."},"content":{"rendered":"<h2 class=\"wp-block-heading\">W czwartek Polska znajdzie si\u0119 pod wp\u0142ywem rozleg\u0142ego ni\u017cu znad Morza Norweskiego i spodziewamy si\u0119 zdecydowanej zmiany pogody.<\/h2>\n<p>Z zachodu na wsch\u00f3d przemieszcza\u0107 si\u0119 b\u0119dzie zokludowany front atmosferyczny, przynosz\u0105cy du\u017ce <strong>zachmurzenie i opady<\/strong> \u2013 pocz\u0105tkowo \u015bniegu i deszczu ze \u015bniegiem (g\u0142ownie w g\u00f3rach oraz na p\u00f3\u0142nocy), a nast\u0119pnie samego deszczu. Opady na Pomorzu b\u0119d\u0105 intensywne, powy\u017cej 10 mm (czwartek). <strong>Jednym z efekt\u00f3w ni\u017cowej pogody b\u0119dzie du\u017cy gradient ci\u015bnienia, oko\u0142o 20 hPa na obszarze Polski, i silny wiatr <\/strong>\u2013 pocz\u0105tkowo po\u0142udniowy, a nast\u0119pnie zachodni. Prognozujemy \u017ce jego pr\u0119dko\u015b\u0107 wyniesienie \u015brednio 30-45 km\/h, w porywach do 70 km\/h, a na wybrze\u017cu nawet do 80-90 km\/h. <strong>Na Ba\u0142tyku uformuje si\u0119 sztorm.<\/strong><\/p>\r\n\r\n<p><strong>Warunki meteorologiczne b\u0119d\u0105 sprzyja\u0107 \u201ecofaniu\u201d si\u0119 w\u00f3d morskich ze strefy brzegowe<\/strong>j. Ju\u017c w \u015brod\u0119 wzd\u0142u\u017c Wybrze\u017ca poziom morza b\u0119dzie si\u0119 waha\u0107 i prognozujemy niewielkie wzrosty. Od czwartku sytuacja zacznie si\u0119 zmienia\u0107 \u2013 wieczorem na Wybrze\u017cu Wschodnim poziom wody obni\u017cy si\u0119 do ok. 460-470 cm, a na Wybrze\u017cu Zachodnim do ok. 440-450 cm. Efektem tego b\u0119dzie ods\u0142oni\u0119cie wi\u0119kszego obszaru pla\u017c na polskim wybrze\u017cu.<\/p>\r\n\r\n<p>Bardzo niski poziom wody w Morzu Ba\u0142tyckim jest zjawiskiem nieregularnym, powtarzaj\u0105cym&nbsp; si\u0119 co kilka lat \u2013 najcz\u0119\u015bciej w okresie sztormowych od listopada do lutego.<\/p>\r\n\r\n<p><strong>Jedn\u0105 z najg\u0142\u0119bszych ni\u017c\u00f3wek morskich na polskim Wybrze\u017cu odnotowano w listopadzie 2018 roku<\/strong>. W\u00f3wczas cz\u0119\u015b\u0107 stacji wodowskazowych Morza Ba\u0142tyckiego, Zalewu Szczeci\u0144skiego i niekt\u00f3rych rzek Przymorza zarejestrowa\u0142a rekordowo niski poziom wody: Trzebie\u017c (418 cm), Szczecin Most D\u0142ugi (424 cm), Wolin (424 cm), Dar\u0142owo (398 cm), Gdynia (409 cm), Gda\u0144sk Port P\u00f3\u0142nocny (406 cm).<\/p>\r\n\r\n<p>G\u0142\u00f3wn\u0105 przyczyn\u0105 tak dramatycznych spadk\u00f3w poziomu wody by\u0142a specyficzna sytuacja baryczna. Polska znajdowa\u0142a si\u0119 w\u00f3wczas pomi\u0119dzy g\u0142\u0119bokim i rozleg\u0142ym ni\u017cem znad p\u00f3\u0142nocno-zachodniego Atlantyku, a wy\u017cem z centrum nad wschodni\u0105 Bia\u0142orusi\u0105. R\u00f3\u017cnica ci\u015bnienia pomi\u0119dzy obiema strefami si\u0119ga\u0142a ponad 80 hPa, a na terenie Polski \u2013 22 hPa. W efekcie przez ponad dwie doby (29 i 30.11.2018 r.) wia\u0142 wiatr z sektor\u00f3w po\u0142udniowych, ze \u015bredni\u0105 pr\u0119dko\u015bci\u0105 do 60 km\/h, a w porywach do 80 km\/h (Hel).<\/p>\r\n\r\n<p>W obecnym stuleciu ni\u017c\u00f3wki morskie w polskiej strefie Ba\u0142tyku notowano r\u00f3wnie\u017c w styczniu 2010 i w listopadzie 2014 roku. Nie by\u0142y one jednak tak g\u0142\u0119bokie, jak ta z listopada 2018 roku. Ni\u017c\u00f3wka prognozowana na \u015brod\u0119 i czwartek b\u0119dzie mia\u0142a \u0142agodny przebieg, a spadki poziomu morza nie b\u0119d\u0105 a\u017c tak ekstremalne.<\/p>\r\n\r\n<p>Najni\u017csze w historii pomiar\u00f3w poziomy wody na morskich stacjach wodowskazowych i stacjach rzek Przymorza:<\/p>\r\n\r\n<p><img decoding=\"async\" alt=\"2BIURO PRASOWE IMGW-PIBNajni\u017csze w historii pomiar\u00f3w poziomy wody na morskich stacjach wodowskazowych i stacjach rzek Przymorza\" data-entity-type=\"file\" data-entity-uuid=\"50011a71-18f1-4e08-a428-023408606516\" src=\"https:\/\/imgw.pl\/wp-content\/uploads\/2025\/07\/tabela.jpg\" \/><\/p>\n\n\n<figure class=\"wp-block-gallery wp-block-gallery-1 is-layout-flex wp-block-gallery-is-layout-flex\">\n<div class=\"wp-block-image\">\n<img decoding=\"async\" src=\"https:\/\/imgw.pl\/wp-content\/uploads\/2021\/03\/imgw_komunikat_0309-sztorm-i-nizowka-na-baltyku-zal.-1.png\" alt=\"\" style=\"max-width: 100%; height: auto;\" \/>\n<\/div>\n<div class=\"wp-block-image\">\n<img decoding=\"async\" src=\"https:\/\/imgw.pl\/wp-content\/uploads\/2021\/03\/imgw_komunikat_0309-sztorm-i-nizowka-na-baltyku-zal.-5.jpg\" alt=\"\" style=\"max-width: 100%; height: auto;\" \/>\n<\/div>\n<div class=\"wp-block-image\">\n<img decoding=\"async\" src=\"https:\/\/imgw.pl\/wp-content\/uploads\/2021\/03\/imgw_komunikat_0309-sztorm-i-nizowka-na-baltyku-zal.-6.jpg\" alt=\"\" style=\"max-width: 100%; height: auto;\" \/>\n<\/div>\n<div class=\"wp-block-image\">\n<img decoding=\"async\" src=\"https:\/\/imgw.pl\/wp-content\/uploads\/2021\/03\/imgw_komunikat_0309-sztorm-i-nizowka-na-baltyku-zal.-7.jpg\" alt=\"\" style=\"max-width: 100%; height: auto;\" \/>\n<\/div>\n<div class=\"wp-block-image\">\n<img decoding=\"async\" src=\"https:\/\/imgw.pl\/wp-content\/uploads\/2021\/03\/tabela.jpg\" alt=\"\" style=\"max-width: 100%; height: auto;\" \/>\n<\/div>\n<\/figure>","protected":false},"excerpt":{"rendered":"<p>W czwartek Polska znajdzie si\u0119 pod wp\u0142ywem rozleg\u0142ego ni\u017cu znad Morza Norweskiego i spodziewamy si\u0119 zdecydowanej zmiany pogody. Z zachodu na wsch\u00f3d przemieszcza\u0107 si\u0119 b\u0119dzie zokludowany front atmosferyczny, przynosz\u0105cy du\u017ce zachmurzenie i opady \u2013 pocz\u0105tkowo \u015bniegu i deszczu ze \u015bniegiem (g\u0142ownie w g\u00f3rach oraz na p\u00f3\u0142nocy), a nast\u0119pnie samego deszczu. Opady na Pomorzu b\u0119d\u0105 intensywne, [&hellip;]<\/p>\n","protected":false},"author":1,"featured_media":8726,"comment_status":"closed","ping_status":"","sticky":false,"template":"","format":"standard","meta":{"footnotes":""},"categories":[5],"tags":[],"class_list":["post-8719","post","type-post","status-publish","format-standard","has-post-thumbnail","hentry","category-aktualnosci"],"_links":{"self":[{"href":"https:\/\/imgw.pl\/en\/wp-json\/wp\/v2\/posts\/8719","targetHints":{"allow":["GET"]}}],"collection":[{"href":"https:\/\/imgw.pl\/en\/wp-json\/wp\/v2\/posts"}],"about":[{"href":"https:\/\/imgw.pl\/en\/wp-json\/wp\/v2\/types\/post"}],"author":[{"embeddable":true,"href":"https:\/\/imgw.pl\/en\/wp-json\/wp\/v2\/users\/1"}],"replies":[{"embeddable":true,"href":"https:\/\/imgw.pl\/en\/wp-json\/wp\/v2\/comments?post=8719"}],"version-history":[{"count":1,"href":"https:\/\/imgw.pl\/en\/wp-json\/wp\/v2\/posts\/8719\/revisions"}],"predecessor-version":[{"id":8727,"href":"https:\/\/imgw.pl\/en\/wp-json\/wp\/v2\/posts\/8719\/revisions\/8727"}],"wp:featuredmedia":[{"embeddable":true,"href":"https:\/\/imgw.pl\/en\/wp-json\/wp\/v2\/media\/8726"}],"wp:attachment":[{"href":"https:\/\/imgw.pl\/en\/wp-json\/wp\/v2\/media?parent=8719"}],"wp:term":[{"taxonomy":"category","embeddable":true,"href":"https:\/\/imgw.pl\/en\/wp-json\/wp\/v2\/categories?post=8719"},{"taxonomy":"post_tag","embeddable":true,"href":"https:\/\/imgw.pl\/en\/wp-json\/wp\/v2\/tags?post=8719"}],"curies":[{"name":"wp","href":"https:\/\/api.w.org\/{rel}","templated":true}]}}