{"id":9453,"date":"2021-06-14T10:26:16","date_gmt":"2021-06-14T08:26:16","guid":{"rendered":"http:\/\/localhost:8000\/imgw-pib-prognoza-synoptyczna-dla-polski-24-tydzien-2021-r\/"},"modified":"2025-08-25T12:41:16","modified_gmt":"2025-08-25T10:41:16","slug":"imgw-pib-prognoza-synoptyczna-dla-polski-24-tydzien-2021-r","status":"publish","type":"post","link":"https:\/\/imgw.pl\/en\/imgw-pib-prognoza-synoptyczna-dla-polski-24-tydzien-2021-r\/","title":{"rendered":"IMGW-PIB: Prognoza synoptyczna dla Polski &#8211; 24 tydzie\u0144 2021 r."},"content":{"rendered":"<h2 class=\"wp-block-heading\">Ostatni tydzie\u0144 kalendarzowej wiosny b\u0119dzie ju\u017c zdecydowanie zwiastunem letniej pogody. W pierwszej po\u0142owie tygodnia s\u0142o\u0144ce b\u0119dzie przeplata\u0107 si\u0119 z chmurami, okresami pada\u0107 b\u0119dzie deszcz, a nawet zagrzmi. Druga po\u0142owa tygodnia b\u0119dzie sta\u0142a pod znakiem s\u0142o\u0144ca i upa\u0142\u00f3w, kt\u00f3re b\u0119d\u0105 zapowiedzi\u0105 tego, co mo\u017ce nas czeka\u0107 latem. W niedziel\u0119 od zachodu post\u0119powa\u0107 b\u0119dzie och\u0142odzenie, kt\u00f3re poprzedza\u0107 b\u0119d\u0105 opady deszczu i burze.<\/h2>\n<p><br \/>\r\nW poniedzia\u0142ek niemal w ca\u0142ym kraju na niebie dominowa\u0107 b\u0119dzie s\u0142o\u0144ce. Jedynie przed po\u0142udniem na po\u0142udniowym wschodzie b\u0119dzie jeszcze pochmurno i pada\u0107 b\u0119dzie przelotny deszcz. Niewielka szansa na przelotne opady deszczu wyst\u0105pi r\u00f3wnie\u017c w ci\u0105gu dnia w rejonie \u017bu\u0142aw. B\u0119dzie umiarkowanie ciep\u0142o, od 18\u00b0C na wschodzie do 25\u00b0C na p\u00f3\u0142nocnym zachodzie. Na wschodzie kraju odczucie termiczne b\u0119dzie dodatkowo zmniejsza\u0142 umiarkowany i porywisty wiatr.<\/p>\r\n\r\n<p>We wtorek naj\u0142adniejsza pogoda b\u0119dzie w po\u0142udniowo-wschodniej po\u0142owie kraju. Tam b\u0119dzie s\u0142onecznie. Na pozosta\u0142ym obszarze nasuwaj\u0105cy si\u0119 od p\u00f3\u0142nocnego zachodu ch\u0142odny front atmosferyczny przyniesie chmury, przelotny deszcz, a miejscami nawet burze. Temperatura maksymalna wynosi\u0107 b\u0119dzie od 18\u00b0C nad morzem do nawet 27\u00b0C na po\u0142udniowym zachodzie. Porywy wiatru w czasie burz mog\u0105 osi\u0105ga\u0107 do 65 km\/h.<br \/>\r\nW \u015brod\u0119 sytuacja si\u0119 odwr\u00f3ci. Naj\u0142adniejsza pogoda b\u0119dzie w p\u00f3\u0142nocnej po\u0142owie Polski. Tam b\u0119dzie zachmurzenie ma\u0142e. Na po\u0142udniu b\u0119dzie zdecydowanie wi\u0119cej chmur i pada\u0107 b\u0119dzie przelotny deszcz. Temperatura maksymalna prognozowana jest w przedziale pomi\u0119dzy 17\u00b0C a 26\u00b0C.&nbsp;<\/p>\r\n\r\n<p>Czwartek i pi\u0105tek przynios\u0105 i\u015bcie letni\u0105 pogod\u0119. W ca\u0142ym kraju b\u0119dzie s\u0142onecznie i bardzo ciep\u0142o,<br \/>\r\na w pi\u0105tek nawet upalnie. W czwartek temperatura maksymalna b\u0119dzie ju\u017c zdecydowanie wy\u017csza i wyniesie od 23\u00b0C do 29\u00b0C, jedynie nad samym morzem i w obszarach podg\u00f3rskich b\u0119dzie nieco ch\u0142odniej, od 20\u00b0C do 23\u00b0C. Pi\u0105tek to pierwsze czerwcowe upa\u0142y. Termometry pokazywa\u0107 b\u0119d\u0105 od 27\u00b0C do 33\u00b0C, a jedynie nad morzem i w obszarach podg\u00f3rskich od 22\u00b0C do 26\u00b0C. Wia\u0107 b\u0119dzie umiarkowany wiatr, co przy upalnej pogodzie dzia\u0142a\u0107 b\u0119dzie przyjemnie och\u0142adzaj\u0105co.<\/p>\r\n\r\n<p>W sobot\u0119 na niebie dominowa\u0107 b\u0119dzie s\u0142o\u0144ce, cho\u0107 na zachodzie i po\u0142udniu okresami pojawi si\u0119 wi\u0119cej chmur, z kt\u00f3rych pada\u0107 b\u0119dzie miejscami przelotny deszcz, a nawet zagrzmi. Wci\u0105\u017c b\u0119dzie gor\u0105co, od 26\u00b0C do 32\u00b0C, jedynie nad morzem i w g\u00f3rach od 23\u00b0C do 26\u00b0C. W czasie burz wia\u0107 b\u0119dzie porywisty wiatr i mo\u017cliwe s\u0105 opady gradu.<\/p>\r\n\r\n<p>Niedziela przyniesie zmian\u0119 pogody. Wszystko za spraw\u0105 ch\u0142odnego frontu atmosferycznego, kt\u00f3ry b\u0119dzie przemieszcza\u0142 si\u0119 z zachodu ku centrum Polski. Przechodzeniu frontu towarzyszy\u0107 b\u0119d\u0105 przelotne opady deszczu i burze, lokalnie z porywistym wiatrem i opadami gradu. Na zachodzie b\u0119dzie ju\u017c nieco ch\u0142odniej, od 24\u00b0C do 28\u00b0C, na wschodzie wci\u0105\u017c upalnie, do 31\u00b0C.<br \/>\r\nUmiarkowany i okresami porywisty wiatr b\u0119dzie dzia\u0142a\u0107 och\u0142adzaj\u0105co, co w przypadku upa\u0142u powinno nieco poprawia\u0107 samopoczucie.<br \/>\r\n&nbsp;<\/p>\n\n\n<figure class=\"wp-block-gallery wp-block-gallery-1 is-layout-flex wp-block-gallery-is-layout-flex\">\n<div class=\"wp-block-image\">\n<img decoding=\"async\" src=\"https:\/\/imgw.pl\/wp-content\/uploads\/2021\/06\/imgw_prog_meteo_0614-synoptyczna-prognoza-pogody-na-tydzien-14-20.06.2021-r.-zal.-2_0.jpg\" alt=\"\" style=\"max-width: 100%; height: auto;\" \/>\n<\/div>\n<\/figure>","protected":false},"excerpt":{"rendered":"<p>Ostatni tydzie\u0144 kalendarzowej wiosny b\u0119dzie ju\u017c zdecydowanie zwiastunem letniej pogody. W pierwszej po\u0142owie tygodnia s\u0142o\u0144ce b\u0119dzie przeplata\u0107 si\u0119 z chmurami, okresami pada\u0107 b\u0119dzie deszcz, a nawet zagrzmi. Druga po\u0142owa tygodnia b\u0119dzie sta\u0142a pod znakiem s\u0142o\u0144ca i upa\u0142\u00f3w, kt\u00f3re b\u0119d\u0105 zapowiedzi\u0105 tego, co mo\u017ce nas czeka\u0107 latem. W niedziel\u0119 od zachodu post\u0119powa\u0107 b\u0119dzie och\u0142odzenie, kt\u00f3re poprzedza\u0107 [&hellip;]<\/p>\n","protected":false},"author":1,"featured_media":9456,"comment_status":"closed","ping_status":"","sticky":false,"template":"","format":"standard","meta":{"footnotes":""},"categories":[5],"tags":[],"class_list":["post-9453","post","type-post","status-publish","format-standard","has-post-thumbnail","hentry","category-aktualnosci"],"_links":{"self":[{"href":"https:\/\/imgw.pl\/en\/wp-json\/wp\/v2\/posts\/9453","targetHints":{"allow":["GET"]}}],"collection":[{"href":"https:\/\/imgw.pl\/en\/wp-json\/wp\/v2\/posts"}],"about":[{"href":"https:\/\/imgw.pl\/en\/wp-json\/wp\/v2\/types\/post"}],"author":[{"embeddable":true,"href":"https:\/\/imgw.pl\/en\/wp-json\/wp\/v2\/users\/1"}],"replies":[{"embeddable":true,"href":"https:\/\/imgw.pl\/en\/wp-json\/wp\/v2\/comments?post=9453"}],"version-history":[{"count":1,"href":"https:\/\/imgw.pl\/en\/wp-json\/wp\/v2\/posts\/9453\/revisions"}],"predecessor-version":[{"id":9457,"href":"https:\/\/imgw.pl\/en\/wp-json\/wp\/v2\/posts\/9453\/revisions\/9457"}],"wp:featuredmedia":[{"embeddable":true,"href":"https:\/\/imgw.pl\/en\/wp-json\/wp\/v2\/media\/9456"}],"wp:attachment":[{"href":"https:\/\/imgw.pl\/en\/wp-json\/wp\/v2\/media?parent=9453"}],"wp:term":[{"taxonomy":"category","embeddable":true,"href":"https:\/\/imgw.pl\/en\/wp-json\/wp\/v2\/categories?post=9453"},{"taxonomy":"post_tag","embeddable":true,"href":"https:\/\/imgw.pl\/en\/wp-json\/wp\/v2\/tags?post=9453"}],"curies":[{"name":"wp","href":"https:\/\/api.w.org\/{rel}","templated":true}]}}