{"id":9481,"date":"2021-06-21T07:42:43","date_gmt":"2021-06-21T05:42:43","guid":{"rendered":"http:\/\/localhost:8000\/imgw-pib-prognoza-synoptyczna-dla-polski-25-tydzien-2021-r\/"},"modified":"2025-08-25T12:41:25","modified_gmt":"2025-08-25T10:41:25","slug":"imgw-pib-prognoza-synoptyczna-dla-polski-25-tydzien-2021-r","status":"publish","type":"post","link":"https:\/\/imgw.pl\/en\/imgw-pib-prognoza-synoptyczna-dla-polski-25-tydzien-2021-r\/","title":{"rendered":"IMGW-PIB: Prognoza synoptyczna dla Polski &#8211; 25 tydzie\u0144 2021 r."},"content":{"rendered":"<h2 class=\"wp-block-heading\">Pocz\u0105tek nowego tygodnia b\u0119dzie jednocze\u015bnie pocz\u0105tkiem zmian w pogodzie. Upa\u0142y zaczn\u0105 stopniowo ust\u0119powa\u0107, od pi\u0105tku w ca\u0142ym kraju w najcieplejszym momencie dnia temperatura powietrza nie przekroczy 30\u00b0C. Jednocze\u015bnie pojawi si\u0119 znacznie wi\u0119cej opad\u00f3w deszczu oraz burz, kt\u00f3re w pierwszej cz\u0119\u015bci tygodnia miejscami mog\u0105 by\u0107 silne, z opadami gradu, silnym wiatrem oraz intensywnym deszczem.<\/h2>\n<p>Po bardzo ciep\u0142ej nocy <strong>poniedzia\u0142ek<\/strong> rozpocznie si\u0119 <strong>s\u0142onecznie<\/strong>, lecz na zachodzie, po\u0142udniu oraz po\u0142udniowym wschodzie ju\u017c od godzin po\u0142udniowych rozwija\u0107 si\u0119 zacznie zachmurzenie k\u0142\u0119biaste i <strong>lokalnie<\/strong> pada\u0107 b\u0119dzie przelotny <strong>deszcz<\/strong>. Pojawi\u0105 si\u0119 <strong>burze<\/strong>. Najsilniejsze prognozowane s\u0105 na zachodzie kraju, w ich trakcie opady deszczu miejscami do 30 mm, porywy wiatru do 80 km\/h, mo\u017cliwy te\u017c grad. Nieco s\u0142absze burze wyst\u0105pi\u0105 te\u017c na po\u0142udniowym wschodzie, tam opady do 20 mm i porywy wiatru do 70 km\/h.&nbsp; Nadal upalnie, od 28\u00b0C na wschodzie do 34\u00b0C na zachodzie. Wiatr b\u0119dzie s\u0142aby i umiarkowany, z kierunk\u00f3w po\u0142udniowych<\/p>\r\n\r\n<p><strong>W nocy z poniedzia\u0142ku na wtorek<\/strong> aktywne burze na zachodzie kraju przemieszcz\u0105 si\u0119 nieco na wsch\u00f3d obejmuj\u0105c swym zasi\u0119giem m.in. Wielkopolsk\u0119, Opolszczyzn\u0119 i G\u00f3rny \u015al\u0105sk. W ich trakcie opady deszczu do 30 mm i porywy wiatru do 70 km\/h. Na pozosta\u0142ym obszarze noc pogodna, ale nadal bardzo ciep\u0142a \u2013 tu\u017c po wschodzie s\u0142o\u0144ca na termometrach od 16\u00b0C do 21\u00b0C.<\/p>\r\n\r\n<p><strong>Pierwszy dzie\u0144 kalendarzowego lata (wtorek)<\/strong> to <strong>kontynuacja upalnej i burzowej aury<\/strong>, tym razem we wschodniej po\u0142owie kraju. Burzom w tej cz\u0119\u015bci kraju towarzyszy\u0107 b\u0119d\u0105 opady deszczu do 30 mm, porywy wiatru do 70 km\/h oraz opady gradu. Najch\u0142odniej na Pomorzu, od 22\u00b0C do 24\u00b0C oraz na zachodzie, oko\u0142o, 27\u00b0C, najcieplej na Podkarpaciu, do 32\u00b0C. S\u0142aby i umiarkowany wiatr we wschodniej po\u0142owie kraju wia\u0142 b\u0119dzie z kierunk\u00f3w po\u0142udniowych, w zachodniej z p\u00f3\u0142nocnego zachodu.<\/p>\r\n\r\n<p>Na zachodzie kraju zdecydowanie ch\u0142odniej ju\u017c w<strong> \u015brod\u0119<\/strong>, tam na termometrach w najcieplejszym momencie dnia od 17\u00b0C do 25\u00b0C. Gor\u0105co jeszcze we wschodniej po\u0142owie kraju, temperatura maksymalna od 29\u00b0C do 32\u00b0C. W ca\u0142ym kraju przelotnie pada\u0142 b\u0119dzie <strong>deszcz<\/strong>, a we wschodniej po\u0142owie kraju prognozujemy <strong>burze z<\/strong> opadami deszczu do 20 mm, <strong>gradem<\/strong> oraz porywami wiatru do 70 km\/h. Z p\u00f3\u0142nocy i zachodu wia\u0142 b\u0119dzie s\u0142aby i umiarkowany wiatr, jedynie na wschodzie b\u0119dzie on jeszcze po\u0142udniowy.<\/p>\r\n\r\n<p><strong>Czwartek <\/strong>ponownie <strong>z przelotnym deszczem<\/strong>, a na wschodzie i po\u0142udniowym wschodzie r\u00f3wnie\u017c <strong>z burzami<\/strong>. Miejscami zjawiska towarzysz\u0105ce burzom mog\u0105 by\u0107 silniejsze, mo\u017cliwy jest ulewny deszcz oraz porywisty wiatr. Temperatura maksymalna powy\u017cej 30\u00b0C tylko na Podkarpaciu i Lubelszczy\u017anie, na pozosta\u0142ym obszarze w najcieplejszym momencie dnia na termometrach od 16\u00b0C do 18\u00b0C nad morzem i na zachodzie, do 29\u00b0C na p\u00f3\u0142nocnym zachodzie.<\/p>\r\n\r\n<p>W <strong>pi\u0105tek<\/strong> <strong>burze<\/strong> na po\u0142udniowym wschodzie, na pozosta\u0142ym obszarze zachmurzenie umiarkowane lub du\u017ce i miejscami <strong>przelotny deszcz<\/strong>. Najcieplej na wschodzie, od 25\u00b0C do 27\u00b0C, na pozosta\u0142ym obszarze od 18\u00b0C do 22\u00b0C. S\u0142aby wiatr wia\u0142 b\u0119dzie z p\u00f3\u0142nocnego zachodu.<\/p>\r\n\r\n<p><strong>Weekend<\/strong> znacznie <strong>ch\u0142odniejszy<\/strong> od minionego, ze zmiennym zachmurzeniem i przelotnymi opadami deszczu. Na termometrach w najcieplejszym momencie dnia od 18\u00b0C do 25\u00b0C, nocami te\u017c ch\u0142odniej, od 9\u00b0C do 17\u00b0C. Wiatr s\u0142aby i umiarkowany, tylko w niedziel\u0119 na Pomorzu do\u015b\u0107 silny i porywisty, wia\u0142 b\u0119dzie z zachodu i p\u00f3\u0142nocnego-zachodu.<\/p>\n\n\n<figure class=\"wp-block-gallery wp-block-gallery-1 is-layout-flex wp-block-gallery-is-layout-flex\">\n<div class=\"wp-block-image\">\n<img decoding=\"async\" src=\"https:\/\/imgw.pl\/wp-content\/uploads\/2021\/06\/imgw_prog_meteo_0621-synoptyczna-prognoza-pogody-na-tydzien-21-27.06.2021-r.-zal.-2-scaled.jpg\" alt=\"\" style=\"max-width: 100%; height: auto;\" \/>\n<\/div>\n<div class=\"wp-block-image\">\n<img decoding=\"async\" src=\"https:\/\/imgw.pl\/wp-content\/uploads\/2021\/06\/imgw_prog_meteo_0621-synoptyczna-prognoza-pogody-na-tydzien-21-27.06.2021-r.-zal.-1.jpg\" alt=\"\" style=\"max-width: 100%; height: auto;\" \/>\n<\/div>\n<\/figure>","protected":false},"excerpt":{"rendered":"<p>Pocz\u0105tek nowego tygodnia b\u0119dzie jednocze\u015bnie pocz\u0105tkiem zmian w pogodzie. Upa\u0142y zaczn\u0105 stopniowo ust\u0119powa\u0107, od pi\u0105tku w ca\u0142ym kraju w najcieplejszym momencie dnia temperatura powietrza nie przekroczy 30\u00b0C. Jednocze\u015bnie pojawi si\u0119 znacznie wi\u0119cej opad\u00f3w deszczu oraz burz, kt\u00f3re w pierwszej cz\u0119\u015bci tygodnia miejscami mog\u0105 by\u0107 silne, z opadami gradu, silnym wiatrem oraz intensywnym deszczem. Po bardzo [&hellip;]<\/p>\n","protected":false},"author":1,"featured_media":9485,"comment_status":"closed","ping_status":"","sticky":false,"template":"","format":"standard","meta":{"footnotes":""},"categories":[5],"tags":[],"class_list":["post-9481","post","type-post","status-publish","format-standard","has-post-thumbnail","hentry","category-aktualnosci"],"_links":{"self":[{"href":"https:\/\/imgw.pl\/en\/wp-json\/wp\/v2\/posts\/9481","targetHints":{"allow":["GET"]}}],"collection":[{"href":"https:\/\/imgw.pl\/en\/wp-json\/wp\/v2\/posts"}],"about":[{"href":"https:\/\/imgw.pl\/en\/wp-json\/wp\/v2\/types\/post"}],"author":[{"embeddable":true,"href":"https:\/\/imgw.pl\/en\/wp-json\/wp\/v2\/users\/1"}],"replies":[{"embeddable":true,"href":"https:\/\/imgw.pl\/en\/wp-json\/wp\/v2\/comments?post=9481"}],"version-history":[{"count":1,"href":"https:\/\/imgw.pl\/en\/wp-json\/wp\/v2\/posts\/9481\/revisions"}],"predecessor-version":[{"id":9486,"href":"https:\/\/imgw.pl\/en\/wp-json\/wp\/v2\/posts\/9481\/revisions\/9486"}],"wp:featuredmedia":[{"embeddable":true,"href":"https:\/\/imgw.pl\/en\/wp-json\/wp\/v2\/media\/9485"}],"wp:attachment":[{"href":"https:\/\/imgw.pl\/en\/wp-json\/wp\/v2\/media?parent=9481"}],"wp:term":[{"taxonomy":"category","embeddable":true,"href":"https:\/\/imgw.pl\/en\/wp-json\/wp\/v2\/categories?post=9481"},{"taxonomy":"post_tag","embeddable":true,"href":"https:\/\/imgw.pl\/en\/wp-json\/wp\/v2\/tags?post=9481"}],"curies":[{"name":"wp","href":"https:\/\/api.w.org\/{rel}","templated":true}]}}